{"id":34064,"date":"2025-01-18T09:07:02","date_gmt":"2025-01-18T08:07:02","guid":{"rendered":"https:\/\/www.diocesisciudadrodrigo.org\/blog4\/?p=34064"},"modified":"2025-01-18T09:17:41","modified_gmt":"2025-01-18T08:17:41","slug":"18-25-de-enero-semana-de-oracion-por-la-unidad-de-los-cristianos-crees-esto-jn-1126","status":"publish","type":"post","link":"https:\/\/www.diocesisciudadrodrigo.org\/blog4\/18-25-de-enero-semana-de-oracion-por-la-unidad-de-los-cristianos-crees-esto-jn-1126\/","title":{"rendered":"18-25 de enero, Semana de Oraci\u00f3n por la Unidad de los Cristianos: \u201c\u00bfCrees esto?\u201d (Jn 11,26)"},"content":{"rendered":"\t\t<div data-elementor-type=\"wp-post\" data-elementor-id=\"34064\" class=\"elementor elementor-34064\" data-elementor-settings=\"[]\">\n\t\t\t\t\t\t<div class=\"elementor-inner\">\n\t\t\t\t\t\t\t<div class=\"elementor-section-wrap\">\n\t\t\t\t\t\t\t<section class=\"elementor-section elementor-top-section elementor-element elementor-element-9ab4c1f elementor-section-boxed elementor-section-height-default elementor-section-height-default\" data-id=\"9ab4c1f\" data-element_type=\"section\">\n\t\t\t\t\t\t<div class=\"elementor-container elementor-column-gap-default\">\n\t\t\t\t\t\t\t<div class=\"elementor-row\">\n\t\t\t\t\t<div class=\"elementor-column elementor-col-100 elementor-top-column elementor-element elementor-element-d461d3a\" data-id=\"d461d3a\" data-element_type=\"column\">\n\t\t\t<div class=\"elementor-column-wrap elementor-element-populated\">\n\t\t\t\t\t\t\t<div class=\"elementor-widget-wrap\">\n\t\t\t\t\t\t<div class=\"elementor-element elementor-element-3e2e1f7 elementor-widget elementor-widget-text-editor\" data-id=\"3e2e1f7\" data-element_type=\"widget\" data-widget_type=\"text-editor.default\">\n\t\t\t\t<div class=\"elementor-widget-container\">\n\t\t\t\t\t\t\t\t<div class=\"elementor-text-editor elementor-clearfix\">\n\t\t\t\t<p>La Iglesia celebra del <b>18 al 25 de enero<\/b> la <b>Semana de Oraci\u00f3n por la Unidad de los Cristianos,<\/b> una iniciativa ecum\u00e9nica dedicada a rezar y reflexionar por la unidad entre las distintas confesiones cristianas. Este a\u00f1o, el lema escogido es \u00ab\u00bfCrees esto?\u00bb (Jn 11, 26), inspirado en las palabras de Jes\u00fas en el Evangelio de Juan.<\/p><p>El <b>Pontificio Consejo para la Promoci\u00f3n de la Unidad de los Cristianos<\/b> y la<b> Comisi\u00f3n Fe y Constituci\u00f3n del Consejo Ecum\u00e9nico de Iglesias<\/b> han preparado conjuntamente los materiales que guiar\u00e1n las celebraciones y la reflexi\u00f3n a nivel internacional durante el Octavario.<\/p><p>En Espa\u00f1a, la <b>Subcomisi\u00f3n Episcopal para las Relaciones Interconfesionales y el Di\u00e1logo Interreligioso<\/b> ha elaborado diversos recursos para facilitar su celebraci\u00f3n, disponibles en la p\u00e1gina web: <a href=\"https:\/\/www.conferenciaepiscopal.es\/semana-oracion-unidad-cristianos-2025\/\" target=\"_new\" rel=\"noopener\">https:\/\/www.conferenciaepiscopal.es\/semana-oracion-unidad-cristianos-2025\/<\/a>. Estos incluyen un mensaje firmado por los obispos de la Subcomisi\u00f3n, reflexiones b\u00edblicas y oraciones para cada d\u00eda de la semana, gu\u00edas lit\u00fargicas espec\u00edficas y materiales dise\u00f1ados para acercar esta jornada a ni\u00f1os y adolescentes.<\/p><p>Desde la Di\u00f3cesis de Ciudad Rodrigo <strong>s<\/strong><b>e invita a los fieles a conocer estos recursos y a unirse en oraci\u00f3n por la unidad de los cristianos<\/b>, fortaleciendo los lazos de fraternidad y caminando juntos hacia la plena unidad.<\/p>\t\t\t\t\t<\/div>\n\t\t\t\t\t\t<\/div>\n\t\t\t\t<\/div>\n\t\t\t\t\t\t<\/div>\n\t\t\t\t\t<\/div>\n\t\t<\/div>\n\t\t\t\t\t\t\t\t<\/div>\n\t\t\t\t\t<\/div>\n\t\t<\/section>\n\t\t\t\t<section class=\"elementor-section elementor-top-section elementor-element elementor-element-eadb8d9 elementor-section-boxed elementor-section-height-default elementor-section-height-default\" data-id=\"eadb8d9\" data-element_type=\"section\">\n\t\t\t\t\t\t<div class=\"elementor-container elementor-column-gap-default\">\n\t\t\t\t\t\t\t<div class=\"elementor-row\">\n\t\t\t\t\t<div class=\"elementor-column elementor-col-100 elementor-top-column elementor-element elementor-element-4340a53\" data-id=\"4340a53\" data-element_type=\"column\">\n\t\t\t<div class=\"elementor-column-wrap elementor-element-populated\">\n\t\t\t\t\t\t\t<div class=\"elementor-widget-wrap\">\n\t\t\t\t\t\t<div class=\"elementor-element elementor-element-9a6d992 elementor-widget elementor-widget-image\" data-id=\"9a6d992\" data-element_type=\"widget\" data-widget_type=\"image.default\">\n\t\t\t\t<div class=\"elementor-widget-container\">\n\t\t\t\t\t\t\t\t<div class=\"elementor-image\">\n\t\t\t\t\t\t\t\t\t\t\t\t<img loading=\"lazy\" decoding=\"async\" width=\"595\" height=\"842\" src=\"https:\/\/www.diocesisciudadrodrigo.org\/blog4\/wp-content\/uploads\/2025\/01\/pg-4.-semana-oracion-unidad.jpg\" class=\"attachment-large size-large\" alt=\"\" srcset=\"https:\/\/www.diocesisciudadrodrigo.org\/blog4\/wp-content\/uploads\/2025\/01\/pg-4.-semana-oracion-unidad.jpg 595w, https:\/\/www.diocesisciudadrodrigo.org\/blog4\/wp-content\/uploads\/2025\/01\/pg-4.-semana-oracion-unidad-212x300.jpg 212w, https:\/\/www.diocesisciudadrodrigo.org\/blog4\/wp-content\/uploads\/2025\/01\/pg-4.-semana-oracion-unidad-350x495.jpg 350w\" sizes=\"auto, (max-width: 595px) 100vw, 595px\" \/>\t\t\t\t\t\t\t\t\t\t\t\t\t\t<\/div>\n\t\t\t\t\t\t<\/div>\n\t\t\t\t<\/div>\n\t\t\t\t\t\t<\/div>\n\t\t\t\t\t<\/div>\n\t\t<\/div>\n\t\t\t\t\t\t\t\t<\/div>\n\t\t\t\t\t<\/div>\n\t\t<\/section>\n\t\t\t\t<section class=\"elementor-section elementor-top-section elementor-element elementor-element-8a0f4ad elementor-section-boxed elementor-section-height-default elementor-section-height-default\" data-id=\"8a0f4ad\" data-element_type=\"section\">\n\t\t\t\t\t\t<div class=\"elementor-container elementor-column-gap-default\">\n\t\t\t\t\t\t\t<div class=\"elementor-row\">\n\t\t\t\t\t<div class=\"elementor-column elementor-col-33 elementor-top-column elementor-element elementor-element-777308b\" data-id=\"777308b\" data-element_type=\"column\">\n\t\t\t<div class=\"elementor-column-wrap elementor-element-populated\">\n\t\t\t\t\t\t\t<div class=\"elementor-widget-wrap\">\n\t\t\t\t\t\t<div class=\"elementor-element elementor-element-569f00e elementor-widget elementor-widget-button\" data-id=\"569f00e\" data-element_type=\"widget\" data-widget_type=\"button.default\">\n\t\t\t\t<div class=\"elementor-widget-container\">\n\t\t\t\t\t<div class=\"elementor-button-wrapper\">\n\t\t\t<a href=\"https:\/\/www.diocesisciudadrodrigo.org\/blog4\/wp-content\/uploads\/2025\/01\/CUADERNO-DE-CADA-DIA-DEL-OCTAVARIO.pdf\" class=\"elementor-button-link elementor-button elementor-size-sm\" role=\"button\">\n\t\t\t\t\t\t<span class=\"elementor-button-content-wrapper\">\n\t\t\t\t\t\t<span class=\"elementor-button-text\">Materiales parar la Semana de Oraci\u00f3n por la Unidad de los Cristianos<\/span>\n\t\t<\/span>\n\t\t\t\t\t<\/a>\n\t\t<\/div>\n\t\t\t\t<\/div>\n\t\t\t\t<\/div>\n\t\t\t\t\t\t<\/div>\n\t\t\t\t\t<\/div>\n\t\t<\/div>\n\t\t\t\t<div class=\"elementor-column elementor-col-33 elementor-top-column elementor-element elementor-element-62615bc\" data-id=\"62615bc\" data-element_type=\"column\">\n\t\t\t<div class=\"elementor-column-wrap elementor-element-populated\">\n\t\t\t\t\t\t\t<div class=\"elementor-widget-wrap\">\n\t\t\t\t\t\t<div class=\"elementor-element elementor-element-7b13297 elementor-widget elementor-widget-button\" data-id=\"7b13297\" data-element_type=\"widget\" data-widget_type=\"button.default\">\n\t\t\t\t<div class=\"elementor-widget-container\">\n\t\t\t\t\t<div class=\"elementor-button-wrapper\">\n\t\t\t<a href=\"https:\/\/www.diocesisciudadrodrigo.org\/blog4\/wp-content\/uploads\/2025\/01\/GUIA-DEL-MATERIAL-INFANTIL-2025.pdf\" class=\"elementor-button-link elementor-button elementor-size-sm\" role=\"button\">\n\t\t\t\t\t\t<span class=\"elementor-button-content-wrapper\">\n\t\t\t\t\t\t<span class=\"elementor-button-text\">Gu\u00eda del material infantil<\/span>\n\t\t<\/span>\n\t\t\t\t\t<\/a>\n\t\t<\/div>\n\t\t\t\t<\/div>\n\t\t\t\t<\/div>\n\t\t\t\t\t\t<\/div>\n\t\t\t\t\t<\/div>\n\t\t<\/div>\n\t\t\t\t<div class=\"elementor-column elementor-col-33 elementor-top-column elementor-element elementor-element-47ba8fd\" data-id=\"47ba8fd\" data-element_type=\"column\">\n\t\t\t<div class=\"elementor-column-wrap elementor-element-populated\">\n\t\t\t\t\t\t\t<div class=\"elementor-widget-wrap\">\n\t\t\t\t\t\t<div class=\"elementor-element elementor-element-2cc0dfc elementor-widget elementor-widget-button\" data-id=\"2cc0dfc\" data-element_type=\"widget\" data-widget_type=\"button.default\">\n\t\t\t\t<div class=\"elementor-widget-container\">\n\t\t\t\t\t<div class=\"elementor-button-wrapper\">\n\t\t\t<a href=\"https:\/\/www.diocesisciudadrodrigo.org\/blog4\/wp-content\/uploads\/2025\/01\/MATERIAL-INFANTIL-ADOLESCENTES-2025.pdf\" class=\"elementor-button-link elementor-button elementor-size-sm\" role=\"button\">\n\t\t\t\t\t\t<span class=\"elementor-button-content-wrapper\">\n\t\t\t\t\t\t<span class=\"elementor-button-text\">Material para ni\u00f1os y adolescentes<\/span>\n\t\t<\/span>\n\t\t\t\t\t<\/a>\n\t\t<\/div>\n\t\t\t\t<\/div>\n\t\t\t\t<\/div>\n\t\t\t\t\t\t<\/div>\n\t\t\t\t\t<\/div>\n\t\t<\/div>\n\t\t\t\t\t\t\t\t<\/div>\n\t\t\t\t\t<\/div>\n\t\t<\/section>\n\t\t\t\t\t\t<\/div>\n\t\t\t\t\t\t<\/div>\n\t\t\t\t\t<\/div>\n\t\t","protected":false},"excerpt":{"rendered":"<p>La Iglesia celebra del 18 al 25 de enero la Semana de Oraci\u00f3n por la Unidad de los Cristianos, una iniciativa ecum\u00e9nica dedicada a rezar y reflexionar por la unidad &#8230; <\/p>\n<p class=\"read-more-container\"><a title=\"18-25 de enero, Semana de Oraci\u00f3n por la Unidad de los Cristianos: \u201c\u00bfCrees esto?\u201d (Jn 11,26)\" class=\"read-more button\" href=\"https:\/\/www.diocesisciudadrodrigo.org\/blog4\/18-25-de-enero-semana-de-oracion-por-la-unidad-de-los-cristianos-crees-esto-jn-1126\/#more-34064\" aria-label=\"M\u00e1s en 18-25 de enero, Semana de Oraci\u00f3n por la Unidad de los Cristianos: \u201c\u00bfCrees esto?\u201d (Jn 11,26)\">Leer m\u00e1s &#8230;<\/a><\/p>\n","protected":false},"author":1,"featured_media":33979,"comment_status":"closed","ping_status":"closed","sticky":false,"template":"","format":"standard","meta":{"footnotes":""},"categories":[6],"tags":[],"class_list":["post-34064","post","type-post","status-publish","format-standard","has-post-thumbnail","hentry","category-noticias","masonry-post","generate-columns","tablet-grid-50","mobile-grid-100","grid-parent","grid-50"],"yoast_head":"<!-- This site is optimized with the Yoast SEO plugin v27.3 - https:\/\/yoast.com\/product\/yoast-seo-wordpress\/ -->\n<title>18-25 de enero, Semana de Oraci\u00f3n por la Unidad de los Cristianos: \u201c\u00bfCrees esto?\u201d (Jn 11,26) - Di\u00f3cesis de Ciudad Rodrigo<\/title>\n<meta name=\"robots\" content=\"index, follow, max-snippet:-1, max-image-preview:large, max-video-preview:-1\" \/>\n<link rel=\"canonical\" href=\"https:\/\/www.diocesisciudadrodrigo.org\/blog4\/18-25-de-enero-semana-de-oracion-por-la-unidad-de-los-cristianos-crees-esto-jn-1126\/\" \/>\n<meta property=\"og:locale\" content=\"es_ES\" \/>\n<meta property=\"og:type\" content=\"article\" \/>\n<meta property=\"og:title\" content=\"18-25 de enero, Semana de Oraci\u00f3n por la Unidad de los Cristianos: \u201c\u00bfCrees esto?\u201d (Jn 11,26) - Di\u00f3cesis de Ciudad Rodrigo\" \/>\n<meta property=\"og:description\" content=\"La Iglesia celebra del 18 al 25 de enero la Semana de Oraci\u00f3n por la Unidad de los Cristianos, una iniciativa ecum\u00e9nica dedicada a rezar y reflexionar por la unidad ... Leer m\u00e1s ...\" \/>\n<meta property=\"og:url\" content=\"https:\/\/www.diocesisciudadrodrigo.org\/blog4\/18-25-de-enero-semana-de-oracion-por-la-unidad-de-los-cristianos-crees-esto-jn-1126\/\" \/>\n<meta property=\"og:site_name\" content=\"Di\u00f3cesis de Ciudad Rodrigo\" \/>\n<meta property=\"article:publisher\" content=\"https:\/\/www.facebook.com\/people\/Dicesis-Ciudad-Rodrigo-MCS\/100076471923419\/#\" \/>\n<meta property=\"article:published_time\" content=\"2025-01-18T08:07:02+00:00\" \/>\n<meta property=\"article:modified_time\" content=\"2025-01-18T08:17:41+00:00\" \/>\n<meta property=\"og:image\" content=\"https:\/\/www.diocesisciudadrodrigo.org\/blog4\/wp-content\/uploads\/2025\/01\/pg-4.-semana-oracion-unidad.jpg\" \/>\n\t<meta property=\"og:image:width\" content=\"595\" \/>\n\t<meta property=\"og:image:height\" content=\"842\" \/>\n\t<meta property=\"og:image:type\" content=\"image\/jpeg\" \/>\n<meta name=\"author\" content=\"medios CR\" \/>\n<meta name=\"twitter:card\" content=\"summary_large_image\" \/>\n<meta name=\"twitter:label1\" content=\"Escrito por\" \/>\n\t<meta name=\"twitter:data1\" content=\"medios CR\" \/>\n\t<meta name=\"twitter:label2\" content=\"Tiempo de lectura\" \/>\n\t<meta name=\"twitter:data2\" content=\"1 minuto\" \/>\n<script type=\"application\/ld+json\" class=\"yoast-schema-graph\">{\"@context\":\"https:\\\/\\\/schema.org\",\"@graph\":[{\"@type\":\"Article\",\"@id\":\"https:\\\/\\\/www.diocesisciudadrodrigo.org\\\/blog4\\\/18-25-de-enero-semana-de-oracion-por-la-unidad-de-los-cristianos-crees-esto-jn-1126\\\/#article\",\"isPartOf\":{\"@id\":\"https:\\\/\\\/www.diocesisciudadrodrigo.org\\\/blog4\\\/18-25-de-enero-semana-de-oracion-por-la-unidad-de-los-cristianos-crees-esto-jn-1126\\\/\"},\"author\":{\"name\":\"medios CR\",\"@id\":\"https:\\\/\\\/www.diocesisciudadrodrigo.org\\\/blog4\\\/#\\\/schema\\\/person\\\/5fcf0ca636a75766ff70e6417b6ed052\"},\"headline\":\"18-25 de enero, Semana de Oraci\u00f3n por la Unidad de los Cristianos: \u201c\u00bfCrees esto?\u201d (Jn 11,26)\",\"datePublished\":\"2025-01-18T08:07:02+00:00\",\"dateModified\":\"2025-01-18T08:17:41+00:00\",\"mainEntityOfPage\":{\"@id\":\"https:\\\/\\\/www.diocesisciudadrodrigo.org\\\/blog4\\\/18-25-de-enero-semana-de-oracion-por-la-unidad-de-los-cristianos-crees-esto-jn-1126\\\/\"},\"wordCount\":264,\"publisher\":{\"@id\":\"https:\\\/\\\/www.diocesisciudadrodrigo.org\\\/blog4\\\/#organization\"},\"image\":{\"@id\":\"https:\\\/\\\/www.diocesisciudadrodrigo.org\\\/blog4\\\/18-25-de-enero-semana-de-oracion-por-la-unidad-de-los-cristianos-crees-esto-jn-1126\\\/#primaryimage\"},\"thumbnailUrl\":\"https:\\\/\\\/www.diocesisciudadrodrigo.org\\\/blog4\\\/wp-content\\\/uploads\\\/2025\\\/01\\\/pg-4.-semana-oracion-unidad.jpg\",\"articleSection\":[\"Noticias\"],\"inLanguage\":\"es\"},{\"@type\":\"WebPage\",\"@id\":\"https:\\\/\\\/www.diocesisciudadrodrigo.org\\\/blog4\\\/18-25-de-enero-semana-de-oracion-por-la-unidad-de-los-cristianos-crees-esto-jn-1126\\\/\",\"url\":\"https:\\\/\\\/www.diocesisciudadrodrigo.org\\\/blog4\\\/18-25-de-enero-semana-de-oracion-por-la-unidad-de-los-cristianos-crees-esto-jn-1126\\\/\",\"name\":\"18-25 de enero, Semana de Oraci\u00f3n por la Unidad de los Cristianos: \u201c\u00bfCrees esto?\u201d (Jn 11,26) - Di\u00f3cesis de Ciudad Rodrigo\",\"isPartOf\":{\"@id\":\"https:\\\/\\\/www.diocesisciudadrodrigo.org\\\/blog4\\\/#website\"},\"primaryImageOfPage\":{\"@id\":\"https:\\\/\\\/www.diocesisciudadrodrigo.org\\\/blog4\\\/18-25-de-enero-semana-de-oracion-por-la-unidad-de-los-cristianos-crees-esto-jn-1126\\\/#primaryimage\"},\"image\":{\"@id\":\"https:\\\/\\\/www.diocesisciudadrodrigo.org\\\/blog4\\\/18-25-de-enero-semana-de-oracion-por-la-unidad-de-los-cristianos-crees-esto-jn-1126\\\/#primaryimage\"},\"thumbnailUrl\":\"https:\\\/\\\/www.diocesisciudadrodrigo.org\\\/blog4\\\/wp-content\\\/uploads\\\/2025\\\/01\\\/pg-4.-semana-oracion-unidad.jpg\",\"datePublished\":\"2025-01-18T08:07:02+00:00\",\"dateModified\":\"2025-01-18T08:17:41+00:00\",\"breadcrumb\":{\"@id\":\"https:\\\/\\\/www.diocesisciudadrodrigo.org\\\/blog4\\\/18-25-de-enero-semana-de-oracion-por-la-unidad-de-los-cristianos-crees-esto-jn-1126\\\/#breadcrumb\"},\"inLanguage\":\"es\",\"potentialAction\":[{\"@type\":\"ReadAction\",\"target\":[\"https:\\\/\\\/www.diocesisciudadrodrigo.org\\\/blog4\\\/18-25-de-enero-semana-de-oracion-por-la-unidad-de-los-cristianos-crees-esto-jn-1126\\\/\"]}]},{\"@type\":\"ImageObject\",\"inLanguage\":\"es\",\"@id\":\"https:\\\/\\\/www.diocesisciudadrodrigo.org\\\/blog4\\\/18-25-de-enero-semana-de-oracion-por-la-unidad-de-los-cristianos-crees-esto-jn-1126\\\/#primaryimage\",\"url\":\"https:\\\/\\\/www.diocesisciudadrodrigo.org\\\/blog4\\\/wp-content\\\/uploads\\\/2025\\\/01\\\/pg-4.-semana-oracion-unidad.jpg\",\"contentUrl\":\"https:\\\/\\\/www.diocesisciudadrodrigo.org\\\/blog4\\\/wp-content\\\/uploads\\\/2025\\\/01\\\/pg-4.-semana-oracion-unidad.jpg\",\"width\":595,\"height\":842},{\"@type\":\"BreadcrumbList\",\"@id\":\"https:\\\/\\\/www.diocesisciudadrodrigo.org\\\/blog4\\\/18-25-de-enero-semana-de-oracion-por-la-unidad-de-los-cristianos-crees-esto-jn-1126\\\/#breadcrumb\",\"itemListElement\":[{\"@type\":\"ListItem\",\"position\":1,\"name\":\"Portada\",\"item\":\"https:\\\/\\\/www.diocesisciudadrodrigo.org\\\/blog4\\\/\"},{\"@type\":\"ListItem\",\"position\":2,\"name\":\"18-25 de enero, Semana de Oraci\u00f3n por la Unidad de los Cristianos: \u201c\u00bfCrees esto?\u201d (Jn 11,26)\"}]},{\"@type\":\"WebSite\",\"@id\":\"https:\\\/\\\/www.diocesisciudadrodrigo.org\\\/blog4\\\/#website\",\"url\":\"https:\\\/\\\/www.diocesisciudadrodrigo.org\\\/blog4\\\/\",\"name\":\"Di\u00f3cesis de Ciudad Rodrigo\",\"description\":\"Sitio web oficial de la di\u00f3cesis civitatense\",\"publisher\":{\"@id\":\"https:\\\/\\\/www.diocesisciudadrodrigo.org\\\/blog4\\\/#organization\"},\"potentialAction\":[{\"@type\":\"SearchAction\",\"target\":{\"@type\":\"EntryPoint\",\"urlTemplate\":\"https:\\\/\\\/www.diocesisciudadrodrigo.org\\\/blog4\\\/?s={search_term_string}\"},\"query-input\":{\"@type\":\"PropertyValueSpecification\",\"valueRequired\":true,\"valueName\":\"search_term_string\"}}],\"inLanguage\":\"es\"},{\"@type\":\"Organization\",\"@id\":\"https:\\\/\\\/www.diocesisciudadrodrigo.org\\\/blog4\\\/#organization\",\"name\":\"Di\u00f3cesis de Ciudad Rodrigo\",\"url\":\"https:\\\/\\\/www.diocesisciudadrodrigo.org\\\/blog4\\\/\",\"logo\":{\"@type\":\"ImageObject\",\"inLanguage\":\"es\",\"@id\":\"https:\\\/\\\/www.diocesisciudadrodrigo.org\\\/blog4\\\/#\\\/schema\\\/logo\\\/image\\\/\",\"url\":\"https:\\\/\\\/www.diocesisciudadrodrigo.org\\\/blog4\\\/wp-content\\\/uploads\\\/2024\\\/12\\\/Diocesis.CMYK_-768x480-1.jpg\",\"contentUrl\":\"https:\\\/\\\/www.diocesisciudadrodrigo.org\\\/blog4\\\/wp-content\\\/uploads\\\/2024\\\/12\\\/Diocesis.CMYK_-768x480-1.jpg\",\"width\":768,\"height\":480,\"caption\":\"Di\u00f3cesis de Ciudad Rodrigo\"},\"image\":{\"@id\":\"https:\\\/\\\/www.diocesisciudadrodrigo.org\\\/blog4\\\/#\\\/schema\\\/logo\\\/image\\\/\"},\"sameAs\":[\"https:\\\/\\\/www.facebook.com\\\/people\\\/Dicesis-Ciudad-Rodrigo-MCS\\\/100076471923419\\\/#\"]},{\"@type\":\"Person\",\"@id\":\"https:\\\/\\\/www.diocesisciudadrodrigo.org\\\/blog4\\\/#\\\/schema\\\/person\\\/5fcf0ca636a75766ff70e6417b6ed052\",\"name\":\"medios CR\",\"image\":{\"@type\":\"ImageObject\",\"inLanguage\":\"es\",\"@id\":\"https:\\\/\\\/secure.gravatar.com\\\/avatar\\\/4a619fd0c7e36bd570f4e6e15eb09a2191185d0f63d8dbfdffe848af141ab87e?s=96&d=mm&r=g\",\"url\":\"https:\\\/\\\/secure.gravatar.com\\\/avatar\\\/4a619fd0c7e36bd570f4e6e15eb09a2191185d0f63d8dbfdffe848af141ab87e?s=96&d=mm&r=g\",\"contentUrl\":\"https:\\\/\\\/secure.gravatar.com\\\/avatar\\\/4a619fd0c7e36bd570f4e6e15eb09a2191185d0f63d8dbfdffe848af141ab87e?s=96&d=mm&r=g\",\"caption\":\"medios CR\"},\"url\":\"https:\\\/\\\/www.diocesisciudadrodrigo.org\\\/blog4\\\/author\\\/admin4\\\/\"}]}<\/script>\n<!-- \/ Yoast SEO plugin. -->","yoast_head_json":{"title":"18-25 de enero, Semana de Oraci\u00f3n por la Unidad de los Cristianos: \u201c\u00bfCrees esto?\u201d (Jn 11,26) - Di\u00f3cesis de Ciudad Rodrigo","robots":{"index":"index","follow":"follow","max-snippet":"max-snippet:-1","max-image-preview":"max-image-preview:large","max-video-preview":"max-video-preview:-1"},"canonical":"https:\/\/www.diocesisciudadrodrigo.org\/blog4\/18-25-de-enero-semana-de-oracion-por-la-unidad-de-los-cristianos-crees-esto-jn-1126\/","og_locale":"es_ES","og_type":"article","og_title":"18-25 de enero, Semana de Oraci\u00f3n por la Unidad de los Cristianos: \u201c\u00bfCrees esto?\u201d (Jn 11,26) - Di\u00f3cesis de Ciudad Rodrigo","og_description":"La Iglesia celebra del 18 al 25 de enero la Semana de Oraci\u00f3n por la Unidad de los Cristianos, una iniciativa ecum\u00e9nica dedicada a rezar y reflexionar por la unidad ... Leer m\u00e1s ...","og_url":"https:\/\/www.diocesisciudadrodrigo.org\/blog4\/18-25-de-enero-semana-de-oracion-por-la-unidad-de-los-cristianos-crees-esto-jn-1126\/","og_site_name":"Di\u00f3cesis de Ciudad Rodrigo","article_publisher":"https:\/\/www.facebook.com\/people\/Dicesis-Ciudad-Rodrigo-MCS\/100076471923419\/#","article_published_time":"2025-01-18T08:07:02+00:00","article_modified_time":"2025-01-18T08:17:41+00:00","og_image":[{"width":595,"height":842,"url":"https:\/\/www.diocesisciudadrodrigo.org\/blog4\/wp-content\/uploads\/2025\/01\/pg-4.-semana-oracion-unidad.jpg","type":"image\/jpeg"}],"author":"medios CR","twitter_card":"summary_large_image","twitter_misc":{"Escrito por":"medios CR","Tiempo de lectura":"1 minuto"},"schema":{"@context":"https:\/\/schema.org","@graph":[{"@type":"Article","@id":"https:\/\/www.diocesisciudadrodrigo.org\/blog4\/18-25-de-enero-semana-de-oracion-por-la-unidad-de-los-cristianos-crees-esto-jn-1126\/#article","isPartOf":{"@id":"https:\/\/www.diocesisciudadrodrigo.org\/blog4\/18-25-de-enero-semana-de-oracion-por-la-unidad-de-los-cristianos-crees-esto-jn-1126\/"},"author":{"name":"medios CR","@id":"https:\/\/www.diocesisciudadrodrigo.org\/blog4\/#\/schema\/person\/5fcf0ca636a75766ff70e6417b6ed052"},"headline":"18-25 de enero, Semana de Oraci\u00f3n por la Unidad de los Cristianos: \u201c\u00bfCrees esto?\u201d (Jn 11,26)","datePublished":"2025-01-18T08:07:02+00:00","dateModified":"2025-01-18T08:17:41+00:00","mainEntityOfPage":{"@id":"https:\/\/www.diocesisciudadrodrigo.org\/blog4\/18-25-de-enero-semana-de-oracion-por-la-unidad-de-los-cristianos-crees-esto-jn-1126\/"},"wordCount":264,"publisher":{"@id":"https:\/\/www.diocesisciudadrodrigo.org\/blog4\/#organization"},"image":{"@id":"https:\/\/www.diocesisciudadrodrigo.org\/blog4\/18-25-de-enero-semana-de-oracion-por-la-unidad-de-los-cristianos-crees-esto-jn-1126\/#primaryimage"},"thumbnailUrl":"https:\/\/www.diocesisciudadrodrigo.org\/blog4\/wp-content\/uploads\/2025\/01\/pg-4.-semana-oracion-unidad.jpg","articleSection":["Noticias"],"inLanguage":"es"},{"@type":"WebPage","@id":"https:\/\/www.diocesisciudadrodrigo.org\/blog4\/18-25-de-enero-semana-de-oracion-por-la-unidad-de-los-cristianos-crees-esto-jn-1126\/","url":"https:\/\/www.diocesisciudadrodrigo.org\/blog4\/18-25-de-enero-semana-de-oracion-por-la-unidad-de-los-cristianos-crees-esto-jn-1126\/","name":"18-25 de enero, Semana de Oraci\u00f3n por la Unidad de los Cristianos: \u201c\u00bfCrees esto?\u201d (Jn 11,26) - Di\u00f3cesis de Ciudad Rodrigo","isPartOf":{"@id":"https:\/\/www.diocesisciudadrodrigo.org\/blog4\/#website"},"primaryImageOfPage":{"@id":"https:\/\/www.diocesisciudadrodrigo.org\/blog4\/18-25-de-enero-semana-de-oracion-por-la-unidad-de-los-cristianos-crees-esto-jn-1126\/#primaryimage"},"image":{"@id":"https:\/\/www.diocesisciudadrodrigo.org\/blog4\/18-25-de-enero-semana-de-oracion-por-la-unidad-de-los-cristianos-crees-esto-jn-1126\/#primaryimage"},"thumbnailUrl":"https:\/\/www.diocesisciudadrodrigo.org\/blog4\/wp-content\/uploads\/2025\/01\/pg-4.-semana-oracion-unidad.jpg","datePublished":"2025-01-18T08:07:02+00:00","dateModified":"2025-01-18T08:17:41+00:00","breadcrumb":{"@id":"https:\/\/www.diocesisciudadrodrigo.org\/blog4\/18-25-de-enero-semana-de-oracion-por-la-unidad-de-los-cristianos-crees-esto-jn-1126\/#breadcrumb"},"inLanguage":"es","potentialAction":[{"@type":"ReadAction","target":["https:\/\/www.diocesisciudadrodrigo.org\/blog4\/18-25-de-enero-semana-de-oracion-por-la-unidad-de-los-cristianos-crees-esto-jn-1126\/"]}]},{"@type":"ImageObject","inLanguage":"es","@id":"https:\/\/www.diocesisciudadrodrigo.org\/blog4\/18-25-de-enero-semana-de-oracion-por-la-unidad-de-los-cristianos-crees-esto-jn-1126\/#primaryimage","url":"https:\/\/www.diocesisciudadrodrigo.org\/blog4\/wp-content\/uploads\/2025\/01\/pg-4.-semana-oracion-unidad.jpg","contentUrl":"https:\/\/www.diocesisciudadrodrigo.org\/blog4\/wp-content\/uploads\/2025\/01\/pg-4.-semana-oracion-unidad.jpg","width":595,"height":842},{"@type":"BreadcrumbList","@id":"https:\/\/www.diocesisciudadrodrigo.org\/blog4\/18-25-de-enero-semana-de-oracion-por-la-unidad-de-los-cristianos-crees-esto-jn-1126\/#breadcrumb","itemListElement":[{"@type":"ListItem","position":1,"name":"Portada","item":"https:\/\/www.diocesisciudadrodrigo.org\/blog4\/"},{"@type":"ListItem","position":2,"name":"18-25 de enero, Semana de Oraci\u00f3n por la Unidad de los Cristianos: \u201c\u00bfCrees esto?\u201d (Jn 11,26)"}]},{"@type":"WebSite","@id":"https:\/\/www.diocesisciudadrodrigo.org\/blog4\/#website","url":"https:\/\/www.diocesisciudadrodrigo.org\/blog4\/","name":"Di\u00f3cesis de Ciudad Rodrigo","description":"Sitio web oficial de la di\u00f3cesis civitatense","publisher":{"@id":"https:\/\/www.diocesisciudadrodrigo.org\/blog4\/#organization"},"potentialAction":[{"@type":"SearchAction","target":{"@type":"EntryPoint","urlTemplate":"https:\/\/www.diocesisciudadrodrigo.org\/blog4\/?s={search_term_string}"},"query-input":{"@type":"PropertyValueSpecification","valueRequired":true,"valueName":"search_term_string"}}],"inLanguage":"es"},{"@type":"Organization","@id":"https:\/\/www.diocesisciudadrodrigo.org\/blog4\/#organization","name":"Di\u00f3cesis de Ciudad Rodrigo","url":"https:\/\/www.diocesisciudadrodrigo.org\/blog4\/","logo":{"@type":"ImageObject","inLanguage":"es","@id":"https:\/\/www.diocesisciudadrodrigo.org\/blog4\/#\/schema\/logo\/image\/","url":"https:\/\/www.diocesisciudadrodrigo.org\/blog4\/wp-content\/uploads\/2024\/12\/Diocesis.CMYK_-768x480-1.jpg","contentUrl":"https:\/\/www.diocesisciudadrodrigo.org\/blog4\/wp-content\/uploads\/2024\/12\/Diocesis.CMYK_-768x480-1.jpg","width":768,"height":480,"caption":"Di\u00f3cesis de Ciudad Rodrigo"},"image":{"@id":"https:\/\/www.diocesisciudadrodrigo.org\/blog4\/#\/schema\/logo\/image\/"},"sameAs":["https:\/\/www.facebook.com\/people\/Dicesis-Ciudad-Rodrigo-MCS\/100076471923419\/#"]},{"@type":"Person","@id":"https:\/\/www.diocesisciudadrodrigo.org\/blog4\/#\/schema\/person\/5fcf0ca636a75766ff70e6417b6ed052","name":"medios CR","image":{"@type":"ImageObject","inLanguage":"es","@id":"https:\/\/secure.gravatar.com\/avatar\/4a619fd0c7e36bd570f4e6e15eb09a2191185d0f63d8dbfdffe848af141ab87e?s=96&d=mm&r=g","url":"https:\/\/secure.gravatar.com\/avatar\/4a619fd0c7e36bd570f4e6e15eb09a2191185d0f63d8dbfdffe848af141ab87e?s=96&d=mm&r=g","contentUrl":"https:\/\/secure.gravatar.com\/avatar\/4a619fd0c7e36bd570f4e6e15eb09a2191185d0f63d8dbfdffe848af141ab87e?s=96&d=mm&r=g","caption":"medios CR"},"url":"https:\/\/www.diocesisciudadrodrigo.org\/blog4\/author\/admin4\/"}]}},"_links":{"self":[{"href":"https:\/\/www.diocesisciudadrodrigo.org\/blog4\/wp-json\/wp\/v2\/posts\/34064","targetHints":{"allow":["GET"]}}],"collection":[{"href":"https:\/\/www.diocesisciudadrodrigo.org\/blog4\/wp-json\/wp\/v2\/posts"}],"about":[{"href":"https:\/\/www.diocesisciudadrodrigo.org\/blog4\/wp-json\/wp\/v2\/types\/post"}],"author":[{"embeddable":true,"href":"https:\/\/www.diocesisciudadrodrigo.org\/blog4\/wp-json\/wp\/v2\/users\/1"}],"replies":[{"embeddable":true,"href":"https:\/\/www.diocesisciudadrodrigo.org\/blog4\/wp-json\/wp\/v2\/comments?post=34064"}],"version-history":[{"count":25,"href":"https:\/\/www.diocesisciudadrodrigo.org\/blog4\/wp-json\/wp\/v2\/posts\/34064\/revisions"}],"predecessor-version":[{"id":34094,"href":"https:\/\/www.diocesisciudadrodrigo.org\/blog4\/wp-json\/wp\/v2\/posts\/34064\/revisions\/34094"}],"wp:featuredmedia":[{"embeddable":true,"href":"https:\/\/www.diocesisciudadrodrigo.org\/blog4\/wp-json\/wp\/v2\/media\/33979"}],"wp:attachment":[{"href":"https:\/\/www.diocesisciudadrodrigo.org\/blog4\/wp-json\/wp\/v2\/media?parent=34064"}],"wp:term":[{"taxonomy":"category","embeddable":true,"href":"https:\/\/www.diocesisciudadrodrigo.org\/blog4\/wp-json\/wp\/v2\/categories?post=34064"},{"taxonomy":"post_tag","embeddable":true,"href":"https:\/\/www.diocesisciudadrodrigo.org\/blog4\/wp-json\/wp\/v2\/tags?post=34064"}],"curies":[{"name":"wp","href":"https:\/\/api.w.org\/{rel}","templated":true}]}}