{"id":33888,"date":"2025-01-13T11:44:14","date_gmt":"2025-01-13T10:44:14","guid":{"rendered":"https:\/\/www.diocesisciudadrodrigo.org\/blog4\/?p=33888"},"modified":"2025-01-13T20:35:03","modified_gmt":"2025-01-13T19:35:03","slug":"apertura-del-jubileo-de-la-esperanza-en-mirobriga-nos-tiene-que-interpelar-no-puede-pasar-de-puntillas-como-un-evento-mas","status":"publish","type":"post","link":"https:\/\/www.diocesisciudadrodrigo.org\/blog4\/apertura-del-jubileo-de-la-esperanza-en-mirobriga-nos-tiene-que-interpelar-no-puede-pasar-de-puntillas-como-un-evento-mas\/","title":{"rendered":"Apertura del Jubileo de la Esperanza en Mir\u00f3briga: \u00abNos tiene que interpelar, no puede pasar de puntillas como un evento m\u00e1s\u00bb"},"content":{"rendered":"\t\t<div data-elementor-type=\"wp-post\" data-elementor-id=\"33888\" class=\"elementor elementor-33888\" data-elementor-settings=\"[]\">\n\t\t\t\t\t\t<div class=\"elementor-inner\">\n\t\t\t\t\t\t\t<div class=\"elementor-section-wrap\">\n\t\t\t\t\t\t\t<section class=\"elementor-section elementor-top-section elementor-element elementor-element-f0086e9 elementor-section-boxed elementor-section-height-default elementor-section-height-default\" data-id=\"f0086e9\" data-element_type=\"section\">\n\t\t\t\t\t\t<div class=\"elementor-container elementor-column-gap-default\">\n\t\t\t\t\t\t\t<div class=\"elementor-row\">\n\t\t\t\t\t<div class=\"elementor-column elementor-col-100 elementor-top-column elementor-element elementor-element-43d4639\" data-id=\"43d4639\" data-element_type=\"column\">\n\t\t\t<div class=\"elementor-column-wrap elementor-element-populated\">\n\t\t\t\t\t\t\t<div class=\"elementor-widget-wrap\">\n\t\t\t\t\t\t<div class=\"elementor-element elementor-element-49336ae elementor-widget elementor-widget-text-editor\" data-id=\"49336ae\" data-element_type=\"widget\" data-widget_type=\"text-editor.default\">\n\t\t\t\t<div class=\"elementor-widget-container\">\n\t\t\t\t\t\t\t\t<div class=\"elementor-text-editor elementor-clearfix\">\n\t\t\t\t<h4>Cientos de fieles de los arciprestazgos de la Di\u00f3cesis de Ciudad Rodrigo participaron en esta celebraci\u00f3n, que comenz\u00f3 con el rito inicial en la iglesia de El Sagrario, y despu\u00e9s, con una eucarist\u00eda en la Catedral de Santa Mar\u00eda<\/h4><p><strong><span style=\"color: #ff0000;\">Delegaci\u00f3n de Medios<\/span><\/strong><\/p><p>La <strong>iglesia de El Sagrario<\/strong> acogi\u00f3 este pasado s\u00e1bado, 11 de enero, la celebraci\u00f3n de apertura del <strong>Jubileo de la Esperanza<\/strong> en Mir\u00f3briga, presidida por el obispo, <strong>Mons. Jos\u00e9 Luis Retana<\/strong>. Este templo fue el elegido para el rito inicial, denominado \u00abcollectio\u00bb (reuni\u00f3n del Pueblo de Dios), que cont\u00f3 con una amplia presencia de feligreses de sus siete arciprestazgos, que fueron testigos de esta apertura solemne de Jubileo, que se celebra cada 25 a\u00f1os. Todos juntos escucharon y repitieron la alabanza inicial: <strong><em>\u00abBendito el Se\u00f1or nuestra esperanza\u00bb<\/em>.<\/strong><\/p><p>En la iglesia de El Sagrario tambi\u00e9n se leyeron dos n\u00fameros de la <strong>bula del papa Francisco<\/strong> para este A\u00f1o Jubilar, <em>\u00abSpes non confundit\u00bb<\/em>, y el obispo record\u00f3 que esta celebraci\u00f3n, \u00abes el preludio de una rica experiencia de gracia y misericordia\u201d. Despu\u00e9s, comenz\u00f3 la <strong>peregrinaci\u00f3n<\/strong> hacia la Catedral con la imagen del <strong>Cristo de la Expiraci\u00f3n<\/strong>, de la Cofrad\u00eda del Silencio, cantando letan\u00edas, y junto al obispo tambi\u00e9n caminaban los presb\u00edteros de la Iglesia de Ciudad Rodrigo y el Pueblo de Dios.<\/p><h3>Eucarist\u00eda en la Catedral<\/h3><p>Una vez en el interior del templo catedralicio, y tras ubicar la imagen del crucificado en el altar, el obispo realiz\u00f3 un primer gesto de <strong>bendici\u00f3n y aspersi\u00f3n con agua de la pila bautismal<\/strong> hacia los feligreses, como acto penitencial. En su homil\u00eda,<strong> Mons. Jos\u00e9 Luis Retana<\/strong> hizo referencia a la celebraci\u00f3n del <strong>Bautismo del Se\u00f1or<\/strong>, que este domingo, 12 de enero, cerraba el tiempo de Navidad, \u00abhaciendo memoria y renovando nuestro propio bautismo, momento en el que Cristo tom\u00f3 posesi\u00f3n de toda nuestra vida, haci\u00e9ndonos hermanos suyos\u00bb.<\/p><p><img loading=\"lazy\" decoding=\"async\" class=\"wp-image-33923 size-medium alignleft\" src=\"https:\/\/www.diocesisciudadrodrigo.org\/blog4\/wp-content\/uploads\/2025\/01\/472115090_619426390616420_4615295024175852291_n-300x200.jpg\" alt=\"\" width=\"300\" height=\"200\" srcset=\"https:\/\/www.diocesisciudadrodrigo.org\/blog4\/wp-content\/uploads\/2025\/01\/472115090_619426390616420_4615295024175852291_n-300x200.jpg 300w, https:\/\/www.diocesisciudadrodrigo.org\/blog4\/wp-content\/uploads\/2025\/01\/472115090_619426390616420_4615295024175852291_n-1024x683.jpg 1024w, https:\/\/www.diocesisciudadrodrigo.org\/blog4\/wp-content\/uploads\/2025\/01\/472115090_619426390616420_4615295024175852291_n-768x512.jpg 768w, https:\/\/www.diocesisciudadrodrigo.org\/blog4\/wp-content\/uploads\/2025\/01\/472115090_619426390616420_4615295024175852291_n-1536x1024.jpg 1536w, https:\/\/www.diocesisciudadrodrigo.org\/blog4\/wp-content\/uploads\/2025\/01\/472115090_619426390616420_4615295024175852291_n-350x233.jpg 350w, https:\/\/www.diocesisciudadrodrigo.org\/blog4\/wp-content\/uploads\/2025\/01\/472115090_619426390616420_4615295024175852291_n.jpg 2048w\" sizes=\"auto, (max-width: 300px) 100vw, 300px\" \/>En relaci\u00f3n al Jubileo, insisti\u00f3 en que era un tiempo especial de gracia, \u00abque nos invita a ser <strong>peregrinos de esperanza<\/strong>\u00ab. Y a su vez, se trata de una herramienta para que \u00abvivamos tiempos fuertes de gracia\u00bb. En esta ocasi\u00f3n, el papa Francisco ha elegido el tema de la esperanza, \u00abque hemos de descubrir para que pueda<strong> ser comunicada<\/strong> a nuestros contempor\u00e1neos, que pasa por un testimonio de fe, pero tambi\u00e9n de caridad\u00bb. Por eso, remarc\u00f3 el obispo, el Jubileo es un tiempo de gracia y conversi\u00f3n, \u00abpara reconciliarnos con Dios\u00bb. Asimismo, interpel\u00f3, \u00abtambi\u00e9n es un tiempo para salir al encuentro del hermano, para poner en pr\u00e1ctica las obras de misericordia\u00bb.<\/p><p>Mons. Jos\u00e9 Luis Retana enumer\u00f3 las acciones concretas que ha fijado el papa Francisco para ser \u00abverdaderos portadores de esperanza\u00bb. En concreto, \u00abla <strong>paz<\/strong>, impulsada con proyectos concretos; la apertura a la <strong>vida<\/strong>, cuidada desde su concepci\u00f3n hasta su \u00faltimo aliento natural; el acompa\u00f1amiento a los <strong>privados de libertad<\/strong>, respetando los derechos humanos y aboliendo la pena de muerte; el cuidado de <strong>los enfermos<\/strong> y de los que sufren; la cercan\u00eda a <strong>los j\u00f3venes<\/strong>; la acogida de los migrantes, exiliados, desplazados y refugiados; la atenci\u00f3n a los <strong>ancianos<\/strong>; y, de manera apremiante, el amor a los pobres y necesitados. Se trata, en realidad, de recordar que \u00ablas obras de misericordia son igualmente <strong>obras de esperanza<\/strong>, que despiertan en los corazones sentimientos de gratitud\u00bb.<\/p><h3>El principal reto<\/h3><p>Asimismo, record\u00f3 que el sue\u00f1o del Santo Padre es que el pr\u00f3ximo Jubileo de 2025, \u00abnos ayude a recuperar la <strong>confianza en la Iglesia,<\/strong> en la sociedad, en los v\u00ednculos interpersonales y en las relaciones internacionales, en la promoci\u00f3n de la dignidad de la persona y en el respeto a la creaci\u00f3n\u00bb.<\/p><p>Adem\u00e1s, el Jubileo de la Esperanza que iniciamos nos tiene que interpelar, \u00abno puede pasar de puntillas como un evento m\u00e1s\u00bb, \u00abdej\u00e9monos atraer desde ahora por la esperanza y permitamos que a trav\u00e9s de nosotros sea contagiosa para cuantos la desean\u00bb, y este ser\u00e1, \u00abnuestro <strong>principal reto<\/strong>\u00ab.\u00a0<\/p>\t\t\t\t\t<\/div>\n\t\t\t\t\t\t<\/div>\n\t\t\t\t<\/div>\n\t\t\t\t\t\t<\/div>\n\t\t\t\t\t<\/div>\n\t\t<\/div>\n\t\t\t\t\t\t\t\t<\/div>\n\t\t\t\t\t<\/div>\n\t\t<\/section>\n\t\t\t\t<section class=\"elementor-section elementor-top-section elementor-element elementor-element-a097d02 elementor-section-boxed elementor-section-height-default elementor-section-height-default\" data-id=\"a097d02\" data-element_type=\"section\">\n\t\t\t\t\t\t<div class=\"elementor-container elementor-column-gap-default\">\n\t\t\t\t\t\t\t<div class=\"elementor-row\">\n\t\t\t\t\t<div class=\"elementor-column elementor-col-25 elementor-top-column elementor-element elementor-element-3e8f99a\" data-id=\"3e8f99a\" data-element_type=\"column\">\n\t\t\t<div class=\"elementor-column-wrap elementor-element-populated\">\n\t\t\t\t\t\t\t<div class=\"elementor-widget-wrap\">\n\t\t\t\t\t\t<div class=\"elementor-element elementor-element-ec570ff elementor-widget elementor-widget-image\" data-id=\"ec570ff\" data-element_type=\"widget\" data-widget_type=\"image.default\">\n\t\t\t\t<div class=\"elementor-widget-container\">\n\t\t\t\t\t\t\t\t<div class=\"elementor-image\">\n\t\t\t\t\t\t\t\t\t\t\t\t<img loading=\"lazy\" decoding=\"async\" width=\"683\" height=\"1024\" src=\"https:\/\/www.diocesisciudadrodrigo.org\/blog4\/wp-content\/uploads\/2025\/01\/472836433_619420233950369_5311109666929656685_n-683x1024.jpg\" class=\"attachment-large size-large\" alt=\"\" srcset=\"https:\/\/www.diocesisciudadrodrigo.org\/blog4\/wp-content\/uploads\/2025\/01\/472836433_619420233950369_5311109666929656685_n-683x1024.jpg 683w, https:\/\/www.diocesisciudadrodrigo.org\/blog4\/wp-content\/uploads\/2025\/01\/472836433_619420233950369_5311109666929656685_n-200x300.jpg 200w, https:\/\/www.diocesisciudadrodrigo.org\/blog4\/wp-content\/uploads\/2025\/01\/472836433_619420233950369_5311109666929656685_n-768x1152.jpg 768w, https:\/\/www.diocesisciudadrodrigo.org\/blog4\/wp-content\/uploads\/2025\/01\/472836433_619420233950369_5311109666929656685_n-1024x1536.jpg 1024w, https:\/\/www.diocesisciudadrodrigo.org\/blog4\/wp-content\/uploads\/2025\/01\/472836433_619420233950369_5311109666929656685_n-350x525.jpg 350w, https:\/\/www.diocesisciudadrodrigo.org\/blog4\/wp-content\/uploads\/2025\/01\/472836433_619420233950369_5311109666929656685_n.jpg 1365w\" sizes=\"auto, (max-width: 683px) 100vw, 683px\" \/>\t\t\t\t\t\t\t\t\t\t\t\t\t\t<\/div>\n\t\t\t\t\t\t<\/div>\n\t\t\t\t<\/div>\n\t\t\t\t\t\t<\/div>\n\t\t\t\t\t<\/div>\n\t\t<\/div>\n\t\t\t\t<div class=\"elementor-column elementor-col-50 elementor-top-column elementor-element elementor-element-8808c25\" data-id=\"8808c25\" data-element_type=\"column\">\n\t\t\t<div class=\"elementor-column-wrap elementor-element-populated\">\n\t\t\t\t\t\t\t<div class=\"elementor-widget-wrap\">\n\t\t\t\t\t\t<div class=\"elementor-element elementor-element-a5ff164 elementor-widget elementor-widget-image\" data-id=\"a5ff164\" data-element_type=\"widget\" data-widget_type=\"image.default\">\n\t\t\t\t<div class=\"elementor-widget-container\">\n\t\t\t\t\t\t\t\t<div class=\"elementor-image\">\n\t\t\t\t\t\t\t\t\t\t\t\t<img loading=\"lazy\" decoding=\"async\" width=\"1024\" height=\"683\" src=\"https:\/\/www.diocesisciudadrodrigo.org\/blog4\/wp-content\/uploads\/2025\/01\/472342851_619432520615807_8563991943814132339_n-1024x683.jpg\" class=\"attachment-large size-large\" alt=\"\" srcset=\"https:\/\/www.diocesisciudadrodrigo.org\/blog4\/wp-content\/uploads\/2025\/01\/472342851_619432520615807_8563991943814132339_n-1024x683.jpg 1024w, https:\/\/www.diocesisciudadrodrigo.org\/blog4\/wp-content\/uploads\/2025\/01\/472342851_619432520615807_8563991943814132339_n-300x200.jpg 300w, https:\/\/www.diocesisciudadrodrigo.org\/blog4\/wp-content\/uploads\/2025\/01\/472342851_619432520615807_8563991943814132339_n-768x512.jpg 768w, https:\/\/www.diocesisciudadrodrigo.org\/blog4\/wp-content\/uploads\/2025\/01\/472342851_619432520615807_8563991943814132339_n-1536x1024.jpg 1536w, https:\/\/www.diocesisciudadrodrigo.org\/blog4\/wp-content\/uploads\/2025\/01\/472342851_619432520615807_8563991943814132339_n-350x233.jpg 350w, https:\/\/www.diocesisciudadrodrigo.org\/blog4\/wp-content\/uploads\/2025\/01\/472342851_619432520615807_8563991943814132339_n.jpg 2048w\" sizes=\"auto, (max-width: 1024px) 100vw, 1024px\" \/>\t\t\t\t\t\t\t\t\t\t\t\t\t\t<\/div>\n\t\t\t\t\t\t<\/div>\n\t\t\t\t<\/div>\n\t\t\t\t\t\t<\/div>\n\t\t\t\t\t<\/div>\n\t\t<\/div>\n\t\t\t\t<div class=\"elementor-column elementor-col-25 elementor-top-column elementor-element elementor-element-9a7149c\" data-id=\"9a7149c\" data-element_type=\"column\">\n\t\t\t<div class=\"elementor-column-wrap elementor-element-populated\">\n\t\t\t\t\t\t\t<div class=\"elementor-widget-wrap\">\n\t\t\t\t\t\t<div class=\"elementor-element elementor-element-7eaf0bb elementor-widget elementor-widget-image\" data-id=\"7eaf0bb\" data-element_type=\"widget\" data-widget_type=\"image.default\">\n\t\t\t\t<div class=\"elementor-widget-container\">\n\t\t\t\t\t\t\t\t<div class=\"elementor-image\">\n\t\t\t\t\t\t\t\t\t\t\t\t<img loading=\"lazy\" decoding=\"async\" width=\"683\" height=\"1024\" src=\"https:\/\/www.diocesisciudadrodrigo.org\/blog4\/wp-content\/uploads\/2025\/01\/472555503_619443210614738_185157104152601757_n-683x1024.jpg\" class=\"attachment-large size-large\" alt=\"\" srcset=\"https:\/\/www.diocesisciudadrodrigo.org\/blog4\/wp-content\/uploads\/2025\/01\/472555503_619443210614738_185157104152601757_n-683x1024.jpg 683w, https:\/\/www.diocesisciudadrodrigo.org\/blog4\/wp-content\/uploads\/2025\/01\/472555503_619443210614738_185157104152601757_n-200x300.jpg 200w, https:\/\/www.diocesisciudadrodrigo.org\/blog4\/wp-content\/uploads\/2025\/01\/472555503_619443210614738_185157104152601757_n-768x1152.jpg 768w, https:\/\/www.diocesisciudadrodrigo.org\/blog4\/wp-content\/uploads\/2025\/01\/472555503_619443210614738_185157104152601757_n-1024x1536.jpg 1024w, https:\/\/www.diocesisciudadrodrigo.org\/blog4\/wp-content\/uploads\/2025\/01\/472555503_619443210614738_185157104152601757_n-350x525.jpg 350w, https:\/\/www.diocesisciudadrodrigo.org\/blog4\/wp-content\/uploads\/2025\/01\/472555503_619443210614738_185157104152601757_n.jpg 1365w\" sizes=\"auto, (max-width: 683px) 100vw, 683px\" \/>\t\t\t\t\t\t\t\t\t\t\t\t\t\t<\/div>\n\t\t\t\t\t\t<\/div>\n\t\t\t\t<\/div>\n\t\t\t\t\t\t<\/div>\n\t\t\t\t\t<\/div>\n\t\t<\/div>\n\t\t\t\t\t\t\t\t<\/div>\n\t\t\t\t\t<\/div>\n\t\t<\/section>\n\t\t\t\t<section class=\"elementor-section elementor-top-section elementor-element elementor-element-4b53e3d elementor-section-boxed elementor-section-height-default elementor-section-height-default\" data-id=\"4b53e3d\" data-element_type=\"section\">\n\t\t\t\t\t\t<div class=\"elementor-container elementor-column-gap-default\">\n\t\t\t\t\t\t\t<div class=\"elementor-row\">\n\t\t\t\t\t<div class=\"elementor-column elementor-col-50 elementor-top-column elementor-element elementor-element-043b929\" data-id=\"043b929\" data-element_type=\"column\">\n\t\t\t<div class=\"elementor-column-wrap elementor-element-populated\">\n\t\t\t\t\t\t\t<div class=\"elementor-widget-wrap\">\n\t\t\t\t\t\t<div class=\"elementor-element elementor-element-378a3e6 elementor-widget elementor-widget-image\" data-id=\"378a3e6\" data-element_type=\"widget\" data-widget_type=\"image.default\">\n\t\t\t\t<div class=\"elementor-widget-container\">\n\t\t\t\t\t\t\t\t<div class=\"elementor-image\">\n\t\t\t\t\t\t\t\t\t\t\t\t<img loading=\"lazy\" decoding=\"async\" width=\"1024\" height=\"870\" src=\"https:\/\/www.diocesisciudadrodrigo.org\/blog4\/wp-content\/uploads\/2025\/01\/472790627_619424407283285_3922336130617804951_n-e1736763347577-1024x870.jpg\" class=\"attachment-large size-large\" alt=\"\" srcset=\"https:\/\/www.diocesisciudadrodrigo.org\/blog4\/wp-content\/uploads\/2025\/01\/472790627_619424407283285_3922336130617804951_n-e1736763347577-1024x870.jpg 1024w, https:\/\/www.diocesisciudadrodrigo.org\/blog4\/wp-content\/uploads\/2025\/01\/472790627_619424407283285_3922336130617804951_n-e1736763347577-300x255.jpg 300w, https:\/\/www.diocesisciudadrodrigo.org\/blog4\/wp-content\/uploads\/2025\/01\/472790627_619424407283285_3922336130617804951_n-e1736763347577-768x653.jpg 768w, https:\/\/www.diocesisciudadrodrigo.org\/blog4\/wp-content\/uploads\/2025\/01\/472790627_619424407283285_3922336130617804951_n-e1736763347577-1536x1305.jpg 1536w, https:\/\/www.diocesisciudadrodrigo.org\/blog4\/wp-content\/uploads\/2025\/01\/472790627_619424407283285_3922336130617804951_n-e1736763347577-350x297.jpg 350w, https:\/\/www.diocesisciudadrodrigo.org\/blog4\/wp-content\/uploads\/2025\/01\/472790627_619424407283285_3922336130617804951_n-e1736763347577.jpg 2048w\" sizes=\"auto, (max-width: 1024px) 100vw, 1024px\" \/>\t\t\t\t\t\t\t\t\t\t\t\t\t\t<\/div>\n\t\t\t\t\t\t<\/div>\n\t\t\t\t<\/div>\n\t\t\t\t\t\t<\/div>\n\t\t\t\t\t<\/div>\n\t\t<\/div>\n\t\t\t\t<div class=\"elementor-column elementor-col-50 elementor-top-column elementor-element elementor-element-aa44d5f\" data-id=\"aa44d5f\" data-element_type=\"column\">\n\t\t\t<div class=\"elementor-column-wrap elementor-element-populated\">\n\t\t\t\t\t\t\t<div class=\"elementor-widget-wrap\">\n\t\t\t\t\t\t<div class=\"elementor-element elementor-element-1e01c6d elementor-widget elementor-widget-image\" data-id=\"1e01c6d\" data-element_type=\"widget\" data-widget_type=\"image.default\">\n\t\t\t\t<div class=\"elementor-widget-container\">\n\t\t\t\t\t\t\t\t<div class=\"elementor-image\">\n\t\t\t\t\t\t\t\t\t\t\t\t<img loading=\"lazy\" decoding=\"async\" width=\"1024\" height=\"683\" src=\"https:\/\/www.diocesisciudadrodrigo.org\/blog4\/wp-content\/uploads\/2025\/01\/471646241_619420097283716_4534255578616998609_n-1024x683.jpg\" class=\"attachment-large size-large\" alt=\"\" srcset=\"https:\/\/www.diocesisciudadrodrigo.org\/blog4\/wp-content\/uploads\/2025\/01\/471646241_619420097283716_4534255578616998609_n-1024x683.jpg 1024w, https:\/\/www.diocesisciudadrodrigo.org\/blog4\/wp-content\/uploads\/2025\/01\/471646241_619420097283716_4534255578616998609_n-300x200.jpg 300w, https:\/\/www.diocesisciudadrodrigo.org\/blog4\/wp-content\/uploads\/2025\/01\/471646241_619420097283716_4534255578616998609_n-768x512.jpg 768w, https:\/\/www.diocesisciudadrodrigo.org\/blog4\/wp-content\/uploads\/2025\/01\/471646241_619420097283716_4534255578616998609_n-1536x1024.jpg 1536w, https:\/\/www.diocesisciudadrodrigo.org\/blog4\/wp-content\/uploads\/2025\/01\/471646241_619420097283716_4534255578616998609_n-350x233.jpg 350w, https:\/\/www.diocesisciudadrodrigo.org\/blog4\/wp-content\/uploads\/2025\/01\/471646241_619420097283716_4534255578616998609_n.jpg 2048w\" sizes=\"auto, (max-width: 1024px) 100vw, 1024px\" \/>\t\t\t\t\t\t\t\t\t\t\t\t\t\t<\/div>\n\t\t\t\t\t\t<\/div>\n\t\t\t\t<\/div>\n\t\t\t\t\t\t<\/div>\n\t\t\t\t\t<\/div>\n\t\t<\/div>\n\t\t\t\t\t\t\t\t<\/div>\n\t\t\t\t\t<\/div>\n\t\t<\/section>\n\t\t\t\t<section class=\"elementor-section elementor-top-section elementor-element elementor-element-ade7721 elementor-section-boxed elementor-section-height-default elementor-section-height-default\" data-id=\"ade7721\" data-element_type=\"section\">\n\t\t\t\t\t\t<div class=\"elementor-container elementor-column-gap-default\">\n\t\t\t\t\t\t\t<div class=\"elementor-row\">\n\t\t\t\t\t<div class=\"elementor-column elementor-col-33 elementor-top-column elementor-element elementor-element-481ee10\" data-id=\"481ee10\" data-element_type=\"column\">\n\t\t\t<div class=\"elementor-column-wrap elementor-element-populated\">\n\t\t\t\t\t\t\t<div class=\"elementor-widget-wrap\">\n\t\t\t\t\t\t<div class=\"elementor-element elementor-element-332b4af elementor-widget elementor-widget-image\" data-id=\"332b4af\" data-element_type=\"widget\" data-widget_type=\"image.default\">\n\t\t\t\t<div class=\"elementor-widget-container\">\n\t\t\t\t\t\t\t\t<div class=\"elementor-image\">\n\t\t\t\t\t\t\t\t\t\t\t\t<img loading=\"lazy\" decoding=\"async\" width=\"1024\" height=\"683\" src=\"https:\/\/www.diocesisciudadrodrigo.org\/blog4\/wp-content\/uploads\/2025\/01\/472177126_619424293949963_7587245608162935346_n-1024x683.jpg\" class=\"attachment-large size-large\" alt=\"\" srcset=\"https:\/\/www.diocesisciudadrodrigo.org\/blog4\/wp-content\/uploads\/2025\/01\/472177126_619424293949963_7587245608162935346_n-1024x683.jpg 1024w, https:\/\/www.diocesisciudadrodrigo.org\/blog4\/wp-content\/uploads\/2025\/01\/472177126_619424293949963_7587245608162935346_n-300x200.jpg 300w, https:\/\/www.diocesisciudadrodrigo.org\/blog4\/wp-content\/uploads\/2025\/01\/472177126_619424293949963_7587245608162935346_n-768x512.jpg 768w, https:\/\/www.diocesisciudadrodrigo.org\/blog4\/wp-content\/uploads\/2025\/01\/472177126_619424293949963_7587245608162935346_n-1536x1024.jpg 1536w, https:\/\/www.diocesisciudadrodrigo.org\/blog4\/wp-content\/uploads\/2025\/01\/472177126_619424293949963_7587245608162935346_n-350x233.jpg 350w, https:\/\/www.diocesisciudadrodrigo.org\/blog4\/wp-content\/uploads\/2025\/01\/472177126_619424293949963_7587245608162935346_n.jpg 2048w\" sizes=\"auto, (max-width: 1024px) 100vw, 1024px\" \/>\t\t\t\t\t\t\t\t\t\t\t\t\t\t<\/div>\n\t\t\t\t\t\t<\/div>\n\t\t\t\t<\/div>\n\t\t\t\t\t\t<\/div>\n\t\t\t\t\t<\/div>\n\t\t<\/div>\n\t\t\t\t<div class=\"elementor-column elementor-col-66 elementor-top-column elementor-element elementor-element-ac03a2c\" data-id=\"ac03a2c\" data-element_type=\"column\">\n\t\t\t<div class=\"elementor-column-wrap elementor-element-populated\">\n\t\t\t\t\t\t\t<div class=\"elementor-widget-wrap\">\n\t\t\t\t\t\t<div class=\"elementor-element elementor-element-a205468 elementor-widget elementor-widget-image\" data-id=\"a205468\" data-element_type=\"widget\" data-widget_type=\"image.default\">\n\t\t\t\t<div class=\"elementor-widget-container\">\n\t\t\t\t\t\t\t\t<div class=\"elementor-image\">\n\t\t\t\t\t\t\t\t\t\t\t\t<img loading=\"lazy\" decoding=\"async\" width=\"1024\" height=\"683\" src=\"https:\/\/www.diocesisciudadrodrigo.org\/blog4\/wp-content\/uploads\/2025\/01\/472926789_619423023950090_6781771073698237547_n-1024x683.jpg\" class=\"attachment-large size-large\" alt=\"\" srcset=\"https:\/\/www.diocesisciudadrodrigo.org\/blog4\/wp-content\/uploads\/2025\/01\/472926789_619423023950090_6781771073698237547_n-1024x683.jpg 1024w, https:\/\/www.diocesisciudadrodrigo.org\/blog4\/wp-content\/uploads\/2025\/01\/472926789_619423023950090_6781771073698237547_n-300x200.jpg 300w, https:\/\/www.diocesisciudadrodrigo.org\/blog4\/wp-content\/uploads\/2025\/01\/472926789_619423023950090_6781771073698237547_n-768x512.jpg 768w, https:\/\/www.diocesisciudadrodrigo.org\/blog4\/wp-content\/uploads\/2025\/01\/472926789_619423023950090_6781771073698237547_n-1536x1024.jpg 1536w, https:\/\/www.diocesisciudadrodrigo.org\/blog4\/wp-content\/uploads\/2025\/01\/472926789_619423023950090_6781771073698237547_n-350x233.jpg 350w, https:\/\/www.diocesisciudadrodrigo.org\/blog4\/wp-content\/uploads\/2025\/01\/472926789_619423023950090_6781771073698237547_n.jpg 2048w\" sizes=\"auto, (max-width: 1024px) 100vw, 1024px\" \/>\t\t\t\t\t\t\t\t\t\t\t\t\t\t<\/div>\n\t\t\t\t\t\t<\/div>\n\t\t\t\t<\/div>\n\t\t\t\t\t\t<\/div>\n\t\t\t\t\t<\/div>\n\t\t<\/div>\n\t\t\t\t\t\t\t\t<\/div>\n\t\t\t\t\t<\/div>\n\t\t<\/section>\n\t\t\t\t<section class=\"elementor-section elementor-top-section elementor-element elementor-element-bf94d6c elementor-section-boxed elementor-section-height-default elementor-section-height-default\" data-id=\"bf94d6c\" data-element_type=\"section\">\n\t\t\t\t\t\t<div class=\"elementor-container elementor-column-gap-default\">\n\t\t\t\t\t\t\t<div class=\"elementor-row\">\n\t\t\t\t\t<div class=\"elementor-column elementor-col-33 elementor-top-column elementor-element elementor-element-75a5154\" data-id=\"75a5154\" data-element_type=\"column\">\n\t\t\t<div class=\"elementor-column-wrap elementor-element-populated\">\n\t\t\t\t\t\t\t<div class=\"elementor-widget-wrap\">\n\t\t\t\t\t\t<div class=\"elementor-element elementor-element-0e669fc elementor-widget elementor-widget-image\" data-id=\"0e669fc\" data-element_type=\"widget\" data-widget_type=\"image.default\">\n\t\t\t\t<div class=\"elementor-widget-container\">\n\t\t\t\t\t\t\t\t<div class=\"elementor-image\">\n\t\t\t\t\t\t\t\t\t\t\t\t<img loading=\"lazy\" decoding=\"async\" width=\"1024\" height=\"683\" src=\"https:\/\/www.diocesisciudadrodrigo.org\/blog4\/wp-content\/uploads\/2025\/01\/472501059_619422813950111_8145142018670088111_n-1024x683.jpg\" class=\"attachment-large size-large\" alt=\"\" srcset=\"https:\/\/www.diocesisciudadrodrigo.org\/blog4\/wp-content\/uploads\/2025\/01\/472501059_619422813950111_8145142018670088111_n-1024x683.jpg 1024w, https:\/\/www.diocesisciudadrodrigo.org\/blog4\/wp-content\/uploads\/2025\/01\/472501059_619422813950111_8145142018670088111_n-300x200.jpg 300w, https:\/\/www.diocesisciudadrodrigo.org\/blog4\/wp-content\/uploads\/2025\/01\/472501059_619422813950111_8145142018670088111_n-768x512.jpg 768w, https:\/\/www.diocesisciudadrodrigo.org\/blog4\/wp-content\/uploads\/2025\/01\/472501059_619422813950111_8145142018670088111_n-1536x1024.jpg 1536w, https:\/\/www.diocesisciudadrodrigo.org\/blog4\/wp-content\/uploads\/2025\/01\/472501059_619422813950111_8145142018670088111_n-350x233.jpg 350w, https:\/\/www.diocesisciudadrodrigo.org\/blog4\/wp-content\/uploads\/2025\/01\/472501059_619422813950111_8145142018670088111_n.jpg 2048w\" sizes=\"auto, (max-width: 1024px) 100vw, 1024px\" \/>\t\t\t\t\t\t\t\t\t\t\t\t\t\t<\/div>\n\t\t\t\t\t\t<\/div>\n\t\t\t\t<\/div>\n\t\t\t\t\t\t<\/div>\n\t\t\t\t\t<\/div>\n\t\t<\/div>\n\t\t\t\t<div class=\"elementor-column elementor-col-33 elementor-top-column elementor-element elementor-element-10dd7a9\" data-id=\"10dd7a9\" data-element_type=\"column\">\n\t\t\t<div class=\"elementor-column-wrap elementor-element-populated\">\n\t\t\t\t\t\t\t<div class=\"elementor-widget-wrap\">\n\t\t\t\t\t\t<div class=\"elementor-element elementor-element-f101a9a elementor-widget elementor-widget-image\" data-id=\"f101a9a\" data-element_type=\"widget\" data-widget_type=\"image.default\">\n\t\t\t\t<div class=\"elementor-widget-container\">\n\t\t\t\t\t\t\t\t<div class=\"elementor-image\">\n\t\t\t\t\t\t\t\t\t\t\t\t<img loading=\"lazy\" decoding=\"async\" width=\"1024\" height=\"683\" src=\"https:\/\/www.diocesisciudadrodrigo.org\/blog4\/wp-content\/uploads\/2025\/01\/473167822_619428817282844_7095560595766064071_n-1024x683.jpg\" class=\"attachment-large size-large\" alt=\"\" srcset=\"https:\/\/www.diocesisciudadrodrigo.org\/blog4\/wp-content\/uploads\/2025\/01\/473167822_619428817282844_7095560595766064071_n-1024x683.jpg 1024w, https:\/\/www.diocesisciudadrodrigo.org\/blog4\/wp-content\/uploads\/2025\/01\/473167822_619428817282844_7095560595766064071_n-300x200.jpg 300w, https:\/\/www.diocesisciudadrodrigo.org\/blog4\/wp-content\/uploads\/2025\/01\/473167822_619428817282844_7095560595766064071_n-768x512.jpg 768w, https:\/\/www.diocesisciudadrodrigo.org\/blog4\/wp-content\/uploads\/2025\/01\/473167822_619428817282844_7095560595766064071_n-1536x1024.jpg 1536w, https:\/\/www.diocesisciudadrodrigo.org\/blog4\/wp-content\/uploads\/2025\/01\/473167822_619428817282844_7095560595766064071_n-350x233.jpg 350w, https:\/\/www.diocesisciudadrodrigo.org\/blog4\/wp-content\/uploads\/2025\/01\/473167822_619428817282844_7095560595766064071_n.jpg 2048w\" sizes=\"auto, (max-width: 1024px) 100vw, 1024px\" \/>\t\t\t\t\t\t\t\t\t\t\t\t\t\t<\/div>\n\t\t\t\t\t\t<\/div>\n\t\t\t\t<\/div>\n\t\t\t\t\t\t<\/div>\n\t\t\t\t\t<\/div>\n\t\t<\/div>\n\t\t\t\t<div class=\"elementor-column elementor-col-33 elementor-top-column elementor-element elementor-element-feb026d\" data-id=\"feb026d\" data-element_type=\"column\">\n\t\t\t<div class=\"elementor-column-wrap elementor-element-populated\">\n\t\t\t\t\t\t\t<div class=\"elementor-widget-wrap\">\n\t\t\t\t\t\t<div class=\"elementor-element elementor-element-02d58f3 elementor-widget elementor-widget-image\" data-id=\"02d58f3\" data-element_type=\"widget\" data-widget_type=\"image.default\">\n\t\t\t\t<div class=\"elementor-widget-container\">\n\t\t\t\t\t\t\t\t<div class=\"elementor-image\">\n\t\t\t\t\t\t\t\t\t\t\t\t<img loading=\"lazy\" decoding=\"async\" width=\"1024\" height=\"683\" src=\"https:\/\/www.diocesisciudadrodrigo.org\/blog4\/wp-content\/uploads\/2025\/01\/472953358_619428477282878_177572744054931714_n-1024x683.jpg\" class=\"attachment-large size-large\" alt=\"\" srcset=\"https:\/\/www.diocesisciudadrodrigo.org\/blog4\/wp-content\/uploads\/2025\/01\/472953358_619428477282878_177572744054931714_n-1024x683.jpg 1024w, https:\/\/www.diocesisciudadrodrigo.org\/blog4\/wp-content\/uploads\/2025\/01\/472953358_619428477282878_177572744054931714_n-300x200.jpg 300w, https:\/\/www.diocesisciudadrodrigo.org\/blog4\/wp-content\/uploads\/2025\/01\/472953358_619428477282878_177572744054931714_n-768x512.jpg 768w, https:\/\/www.diocesisciudadrodrigo.org\/blog4\/wp-content\/uploads\/2025\/01\/472953358_619428477282878_177572744054931714_n-1536x1024.jpg 1536w, https:\/\/www.diocesisciudadrodrigo.org\/blog4\/wp-content\/uploads\/2025\/01\/472953358_619428477282878_177572744054931714_n-350x233.jpg 350w, https:\/\/www.diocesisciudadrodrigo.org\/blog4\/wp-content\/uploads\/2025\/01\/472953358_619428477282878_177572744054931714_n.jpg 2048w\" sizes=\"auto, (max-width: 1024px) 100vw, 1024px\" \/>\t\t\t\t\t\t\t\t\t\t\t\t\t\t<\/div>\n\t\t\t\t\t\t<\/div>\n\t\t\t\t<\/div>\n\t\t\t\t\t\t<\/div>\n\t\t\t\t\t<\/div>\n\t\t<\/div>\n\t\t\t\t\t\t\t\t<\/div>\n\t\t\t\t\t<\/div>\n\t\t<\/section>\n\t\t\t\t\t\t<\/div>\n\t\t\t\t\t\t<\/div>\n\t\t\t\t\t<\/div>\n\t\t","protected":false},"excerpt":{"rendered":"<p>Cientos de fieles de los arciprestazgos de la Di\u00f3cesis de Ciudad Rodrigo participaron en esta celebraci\u00f3n, que comenz\u00f3 con el rito inicial en la iglesia de El Sagrario, y despu\u00e9s, &#8230; <\/p>\n<p class=\"read-more-container\"><a title=\"Apertura del Jubileo de la Esperanza en Mir\u00f3briga: \u00abNos tiene que interpelar, no puede pasar de puntillas como un evento m\u00e1s\u00bb\" class=\"read-more button\" href=\"https:\/\/www.diocesisciudadrodrigo.org\/blog4\/apertura-del-jubileo-de-la-esperanza-en-mirobriga-nos-tiene-que-interpelar-no-puede-pasar-de-puntillas-como-un-evento-mas\/#more-33888\" aria-label=\"M\u00e1s en Apertura del Jubileo de la Esperanza en Mir\u00f3briga: \u00abNos tiene que interpelar, no puede pasar de puntillas como un evento m\u00e1s\u00bb\">Leer m\u00e1s &#8230;<\/a><\/p>\n","protected":false},"author":1,"featured_media":33936,"comment_status":"closed","ping_status":"closed","sticky":false,"template":"","format":"standard","meta":{"footnotes":""},"categories":[6],"tags":[],"class_list":["post-33888","post","type-post","status-publish","format-standard","has-post-thumbnail","hentry","category-noticias","masonry-post","generate-columns","tablet-grid-50","mobile-grid-100","grid-parent","grid-50"],"yoast_head":"<!-- This site is optimized with the Yoast SEO plugin v27.3 - https:\/\/yoast.com\/product\/yoast-seo-wordpress\/ -->\n<title>Apertura del Jubileo de la Esperanza en Mir\u00f3briga: &quot;Nos tiene que interpelar, no puede pasar de puntillas como un evento m\u00e1s&quot; - Di\u00f3cesis de Ciudad Rodrigo<\/title>\n<meta name=\"robots\" content=\"index, follow, max-snippet:-1, max-image-preview:large, max-video-preview:-1\" \/>\n<link rel=\"canonical\" href=\"https:\/\/www.diocesisciudadrodrigo.org\/blog4\/apertura-del-jubileo-de-la-esperanza-en-mirobriga-nos-tiene-que-interpelar-no-puede-pasar-de-puntillas-como-un-evento-mas\/\" \/>\n<meta property=\"og:locale\" content=\"es_ES\" \/>\n<meta property=\"og:type\" content=\"article\" \/>\n<meta property=\"og:title\" content=\"Apertura del Jubileo de la Esperanza en Mir\u00f3briga: &quot;Nos tiene que interpelar, no puede pasar de puntillas como un evento m\u00e1s&quot; - Di\u00f3cesis de Ciudad Rodrigo\" \/>\n<meta property=\"og:description\" content=\"Cientos de fieles de los arciprestazgos de la Di\u00f3cesis de Ciudad Rodrigo participaron en esta celebraci\u00f3n, que comenz\u00f3 con el rito inicial en la iglesia de El Sagrario, y despu\u00e9s, ... Leer m\u00e1s ...\" \/>\n<meta property=\"og:url\" content=\"https:\/\/www.diocesisciudadrodrigo.org\/blog4\/apertura-del-jubileo-de-la-esperanza-en-mirobriga-nos-tiene-que-interpelar-no-puede-pasar-de-puntillas-como-un-evento-mas\/\" \/>\n<meta property=\"og:site_name\" content=\"Di\u00f3cesis de Ciudad Rodrigo\" \/>\n<meta property=\"article:publisher\" content=\"https:\/\/www.facebook.com\/people\/Dicesis-Ciudad-Rodrigo-MCS\/100076471923419\/#\" \/>\n<meta property=\"article:published_time\" content=\"2025-01-13T10:44:14+00:00\" \/>\n<meta property=\"article:modified_time\" content=\"2025-01-13T19:35:03+00:00\" \/>\n<meta property=\"og:image\" content=\"https:\/\/www.diocesisciudadrodrigo.org\/blog4\/wp-content\/uploads\/2025\/01\/472926789_619423023950090_6781771073698237547_n.jpg\" \/>\n\t<meta property=\"og:image:width\" content=\"2048\" \/>\n\t<meta property=\"og:image:height\" content=\"1365\" \/>\n\t<meta property=\"og:image:type\" content=\"image\/jpeg\" \/>\n<meta name=\"author\" content=\"medios CR\" \/>\n<meta name=\"twitter:card\" content=\"summary_large_image\" \/>\n<meta name=\"twitter:label1\" content=\"Escrito por\" \/>\n\t<meta name=\"twitter:data1\" content=\"medios CR\" \/>\n\t<meta name=\"twitter:label2\" content=\"Tiempo de lectura\" \/>\n\t<meta name=\"twitter:data2\" content=\"3 minutos\" \/>\n<script type=\"application\/ld+json\" class=\"yoast-schema-graph\">{\"@context\":\"https:\\\/\\\/schema.org\",\"@graph\":[{\"@type\":\"Article\",\"@id\":\"https:\\\/\\\/www.diocesisciudadrodrigo.org\\\/blog4\\\/apertura-del-jubileo-de-la-esperanza-en-mirobriga-nos-tiene-que-interpelar-no-puede-pasar-de-puntillas-como-un-evento-mas\\\/#article\",\"isPartOf\":{\"@id\":\"https:\\\/\\\/www.diocesisciudadrodrigo.org\\\/blog4\\\/apertura-del-jubileo-de-la-esperanza-en-mirobriga-nos-tiene-que-interpelar-no-puede-pasar-de-puntillas-como-un-evento-mas\\\/\"},\"author\":{\"name\":\"medios CR\",\"@id\":\"https:\\\/\\\/www.diocesisciudadrodrigo.org\\\/blog4\\\/#\\\/schema\\\/person\\\/5fcf0ca636a75766ff70e6417b6ed052\"},\"headline\":\"Apertura del Jubileo de la Esperanza en Mir\u00f3briga: \u00abNos tiene que interpelar, no puede pasar de puntillas como un evento m\u00e1s\u00bb\",\"datePublished\":\"2025-01-13T10:44:14+00:00\",\"dateModified\":\"2025-01-13T19:35:03+00:00\",\"mainEntityOfPage\":{\"@id\":\"https:\\\/\\\/www.diocesisciudadrodrigo.org\\\/blog4\\\/apertura-del-jubileo-de-la-esperanza-en-mirobriga-nos-tiene-que-interpelar-no-puede-pasar-de-puntillas-como-un-evento-mas\\\/\"},\"wordCount\":711,\"publisher\":{\"@id\":\"https:\\\/\\\/www.diocesisciudadrodrigo.org\\\/blog4\\\/#organization\"},\"image\":{\"@id\":\"https:\\\/\\\/www.diocesisciudadrodrigo.org\\\/blog4\\\/apertura-del-jubileo-de-la-esperanza-en-mirobriga-nos-tiene-que-interpelar-no-puede-pasar-de-puntillas-como-un-evento-mas\\\/#primaryimage\"},\"thumbnailUrl\":\"https:\\\/\\\/www.diocesisciudadrodrigo.org\\\/blog4\\\/wp-content\\\/uploads\\\/2025\\\/01\\\/472926789_619423023950090_6781771073698237547_n.jpg\",\"articleSection\":[\"Noticias\"],\"inLanguage\":\"es\"},{\"@type\":\"WebPage\",\"@id\":\"https:\\\/\\\/www.diocesisciudadrodrigo.org\\\/blog4\\\/apertura-del-jubileo-de-la-esperanza-en-mirobriga-nos-tiene-que-interpelar-no-puede-pasar-de-puntillas-como-un-evento-mas\\\/\",\"url\":\"https:\\\/\\\/www.diocesisciudadrodrigo.org\\\/blog4\\\/apertura-del-jubileo-de-la-esperanza-en-mirobriga-nos-tiene-que-interpelar-no-puede-pasar-de-puntillas-como-un-evento-mas\\\/\",\"name\":\"Apertura del Jubileo de la Esperanza en Mir\u00f3briga: \\\"Nos tiene que interpelar, no puede pasar de puntillas como un evento m\u00e1s\\\" - Di\u00f3cesis de Ciudad Rodrigo\",\"isPartOf\":{\"@id\":\"https:\\\/\\\/www.diocesisciudadrodrigo.org\\\/blog4\\\/#website\"},\"primaryImageOfPage\":{\"@id\":\"https:\\\/\\\/www.diocesisciudadrodrigo.org\\\/blog4\\\/apertura-del-jubileo-de-la-esperanza-en-mirobriga-nos-tiene-que-interpelar-no-puede-pasar-de-puntillas-como-un-evento-mas\\\/#primaryimage\"},\"image\":{\"@id\":\"https:\\\/\\\/www.diocesisciudadrodrigo.org\\\/blog4\\\/apertura-del-jubileo-de-la-esperanza-en-mirobriga-nos-tiene-que-interpelar-no-puede-pasar-de-puntillas-como-un-evento-mas\\\/#primaryimage\"},\"thumbnailUrl\":\"https:\\\/\\\/www.diocesisciudadrodrigo.org\\\/blog4\\\/wp-content\\\/uploads\\\/2025\\\/01\\\/472926789_619423023950090_6781771073698237547_n.jpg\",\"datePublished\":\"2025-01-13T10:44:14+00:00\",\"dateModified\":\"2025-01-13T19:35:03+00:00\",\"breadcrumb\":{\"@id\":\"https:\\\/\\\/www.diocesisciudadrodrigo.org\\\/blog4\\\/apertura-del-jubileo-de-la-esperanza-en-mirobriga-nos-tiene-que-interpelar-no-puede-pasar-de-puntillas-como-un-evento-mas\\\/#breadcrumb\"},\"inLanguage\":\"es\",\"potentialAction\":[{\"@type\":\"ReadAction\",\"target\":[\"https:\\\/\\\/www.diocesisciudadrodrigo.org\\\/blog4\\\/apertura-del-jubileo-de-la-esperanza-en-mirobriga-nos-tiene-que-interpelar-no-puede-pasar-de-puntillas-como-un-evento-mas\\\/\"]}]},{\"@type\":\"ImageObject\",\"inLanguage\":\"es\",\"@id\":\"https:\\\/\\\/www.diocesisciudadrodrigo.org\\\/blog4\\\/apertura-del-jubileo-de-la-esperanza-en-mirobriga-nos-tiene-que-interpelar-no-puede-pasar-de-puntillas-como-un-evento-mas\\\/#primaryimage\",\"url\":\"https:\\\/\\\/www.diocesisciudadrodrigo.org\\\/blog4\\\/wp-content\\\/uploads\\\/2025\\\/01\\\/472926789_619423023950090_6781771073698237547_n.jpg\",\"contentUrl\":\"https:\\\/\\\/www.diocesisciudadrodrigo.org\\\/blog4\\\/wp-content\\\/uploads\\\/2025\\\/01\\\/472926789_619423023950090_6781771073698237547_n.jpg\",\"width\":2048,\"height\":1365},{\"@type\":\"BreadcrumbList\",\"@id\":\"https:\\\/\\\/www.diocesisciudadrodrigo.org\\\/blog4\\\/apertura-del-jubileo-de-la-esperanza-en-mirobriga-nos-tiene-que-interpelar-no-puede-pasar-de-puntillas-como-un-evento-mas\\\/#breadcrumb\",\"itemListElement\":[{\"@type\":\"ListItem\",\"position\":1,\"name\":\"Portada\",\"item\":\"https:\\\/\\\/www.diocesisciudadrodrigo.org\\\/blog4\\\/\"},{\"@type\":\"ListItem\",\"position\":2,\"name\":\"Apertura del Jubileo de la Esperanza en Mir\u00f3briga: \u00abNos tiene que interpelar, no puede pasar de puntillas como un evento m\u00e1s\u00bb\"}]},{\"@type\":\"WebSite\",\"@id\":\"https:\\\/\\\/www.diocesisciudadrodrigo.org\\\/blog4\\\/#website\",\"url\":\"https:\\\/\\\/www.diocesisciudadrodrigo.org\\\/blog4\\\/\",\"name\":\"Di\u00f3cesis de Ciudad Rodrigo\",\"description\":\"Sitio web oficial de la di\u00f3cesis civitatense\",\"publisher\":{\"@id\":\"https:\\\/\\\/www.diocesisciudadrodrigo.org\\\/blog4\\\/#organization\"},\"potentialAction\":[{\"@type\":\"SearchAction\",\"target\":{\"@type\":\"EntryPoint\",\"urlTemplate\":\"https:\\\/\\\/www.diocesisciudadrodrigo.org\\\/blog4\\\/?s={search_term_string}\"},\"query-input\":{\"@type\":\"PropertyValueSpecification\",\"valueRequired\":true,\"valueName\":\"search_term_string\"}}],\"inLanguage\":\"es\"},{\"@type\":\"Organization\",\"@id\":\"https:\\\/\\\/www.diocesisciudadrodrigo.org\\\/blog4\\\/#organization\",\"name\":\"Di\u00f3cesis de Ciudad Rodrigo\",\"url\":\"https:\\\/\\\/www.diocesisciudadrodrigo.org\\\/blog4\\\/\",\"logo\":{\"@type\":\"ImageObject\",\"inLanguage\":\"es\",\"@id\":\"https:\\\/\\\/www.diocesisciudadrodrigo.org\\\/blog4\\\/#\\\/schema\\\/logo\\\/image\\\/\",\"url\":\"https:\\\/\\\/www.diocesisciudadrodrigo.org\\\/blog4\\\/wp-content\\\/uploads\\\/2024\\\/12\\\/Diocesis.CMYK_-768x480-1.jpg\",\"contentUrl\":\"https:\\\/\\\/www.diocesisciudadrodrigo.org\\\/blog4\\\/wp-content\\\/uploads\\\/2024\\\/12\\\/Diocesis.CMYK_-768x480-1.jpg\",\"width\":768,\"height\":480,\"caption\":\"Di\u00f3cesis de Ciudad Rodrigo\"},\"image\":{\"@id\":\"https:\\\/\\\/www.diocesisciudadrodrigo.org\\\/blog4\\\/#\\\/schema\\\/logo\\\/image\\\/\"},\"sameAs\":[\"https:\\\/\\\/www.facebook.com\\\/people\\\/Dicesis-Ciudad-Rodrigo-MCS\\\/100076471923419\\\/#\"]},{\"@type\":\"Person\",\"@id\":\"https:\\\/\\\/www.diocesisciudadrodrigo.org\\\/blog4\\\/#\\\/schema\\\/person\\\/5fcf0ca636a75766ff70e6417b6ed052\",\"name\":\"medios CR\",\"image\":{\"@type\":\"ImageObject\",\"inLanguage\":\"es\",\"@id\":\"https:\\\/\\\/secure.gravatar.com\\\/avatar\\\/4a619fd0c7e36bd570f4e6e15eb09a2191185d0f63d8dbfdffe848af141ab87e?s=96&d=mm&r=g\",\"url\":\"https:\\\/\\\/secure.gravatar.com\\\/avatar\\\/4a619fd0c7e36bd570f4e6e15eb09a2191185d0f63d8dbfdffe848af141ab87e?s=96&d=mm&r=g\",\"contentUrl\":\"https:\\\/\\\/secure.gravatar.com\\\/avatar\\\/4a619fd0c7e36bd570f4e6e15eb09a2191185d0f63d8dbfdffe848af141ab87e?s=96&d=mm&r=g\",\"caption\":\"medios CR\"},\"url\":\"https:\\\/\\\/www.diocesisciudadrodrigo.org\\\/blog4\\\/author\\\/admin4\\\/\"}]}<\/script>\n<!-- \/ Yoast SEO plugin. -->","yoast_head_json":{"title":"Apertura del Jubileo de la Esperanza en Mir\u00f3briga: \"Nos tiene que interpelar, no puede pasar de puntillas como un evento m\u00e1s\" - Di\u00f3cesis de Ciudad Rodrigo","robots":{"index":"index","follow":"follow","max-snippet":"max-snippet:-1","max-image-preview":"max-image-preview:large","max-video-preview":"max-video-preview:-1"},"canonical":"https:\/\/www.diocesisciudadrodrigo.org\/blog4\/apertura-del-jubileo-de-la-esperanza-en-mirobriga-nos-tiene-que-interpelar-no-puede-pasar-de-puntillas-como-un-evento-mas\/","og_locale":"es_ES","og_type":"article","og_title":"Apertura del Jubileo de la Esperanza en Mir\u00f3briga: \"Nos tiene que interpelar, no puede pasar de puntillas como un evento m\u00e1s\" - Di\u00f3cesis de Ciudad Rodrigo","og_description":"Cientos de fieles de los arciprestazgos de la Di\u00f3cesis de Ciudad Rodrigo participaron en esta celebraci\u00f3n, que comenz\u00f3 con el rito inicial en la iglesia de El Sagrario, y despu\u00e9s, ... Leer m\u00e1s ...","og_url":"https:\/\/www.diocesisciudadrodrigo.org\/blog4\/apertura-del-jubileo-de-la-esperanza-en-mirobriga-nos-tiene-que-interpelar-no-puede-pasar-de-puntillas-como-un-evento-mas\/","og_site_name":"Di\u00f3cesis de Ciudad Rodrigo","article_publisher":"https:\/\/www.facebook.com\/people\/Dicesis-Ciudad-Rodrigo-MCS\/100076471923419\/#","article_published_time":"2025-01-13T10:44:14+00:00","article_modified_time":"2025-01-13T19:35:03+00:00","og_image":[{"width":2048,"height":1365,"url":"https:\/\/www.diocesisciudadrodrigo.org\/blog4\/wp-content\/uploads\/2025\/01\/472926789_619423023950090_6781771073698237547_n.jpg","type":"image\/jpeg"}],"author":"medios CR","twitter_card":"summary_large_image","twitter_misc":{"Escrito por":"medios CR","Tiempo de lectura":"3 minutos"},"schema":{"@context":"https:\/\/schema.org","@graph":[{"@type":"Article","@id":"https:\/\/www.diocesisciudadrodrigo.org\/blog4\/apertura-del-jubileo-de-la-esperanza-en-mirobriga-nos-tiene-que-interpelar-no-puede-pasar-de-puntillas-como-un-evento-mas\/#article","isPartOf":{"@id":"https:\/\/www.diocesisciudadrodrigo.org\/blog4\/apertura-del-jubileo-de-la-esperanza-en-mirobriga-nos-tiene-que-interpelar-no-puede-pasar-de-puntillas-como-un-evento-mas\/"},"author":{"name":"medios CR","@id":"https:\/\/www.diocesisciudadrodrigo.org\/blog4\/#\/schema\/person\/5fcf0ca636a75766ff70e6417b6ed052"},"headline":"Apertura del Jubileo de la Esperanza en Mir\u00f3briga: \u00abNos tiene que interpelar, no puede pasar de puntillas como un evento m\u00e1s\u00bb","datePublished":"2025-01-13T10:44:14+00:00","dateModified":"2025-01-13T19:35:03+00:00","mainEntityOfPage":{"@id":"https:\/\/www.diocesisciudadrodrigo.org\/blog4\/apertura-del-jubileo-de-la-esperanza-en-mirobriga-nos-tiene-que-interpelar-no-puede-pasar-de-puntillas-como-un-evento-mas\/"},"wordCount":711,"publisher":{"@id":"https:\/\/www.diocesisciudadrodrigo.org\/blog4\/#organization"},"image":{"@id":"https:\/\/www.diocesisciudadrodrigo.org\/blog4\/apertura-del-jubileo-de-la-esperanza-en-mirobriga-nos-tiene-que-interpelar-no-puede-pasar-de-puntillas-como-un-evento-mas\/#primaryimage"},"thumbnailUrl":"https:\/\/www.diocesisciudadrodrigo.org\/blog4\/wp-content\/uploads\/2025\/01\/472926789_619423023950090_6781771073698237547_n.jpg","articleSection":["Noticias"],"inLanguage":"es"},{"@type":"WebPage","@id":"https:\/\/www.diocesisciudadrodrigo.org\/blog4\/apertura-del-jubileo-de-la-esperanza-en-mirobriga-nos-tiene-que-interpelar-no-puede-pasar-de-puntillas-como-un-evento-mas\/","url":"https:\/\/www.diocesisciudadrodrigo.org\/blog4\/apertura-del-jubileo-de-la-esperanza-en-mirobriga-nos-tiene-que-interpelar-no-puede-pasar-de-puntillas-como-un-evento-mas\/","name":"Apertura del Jubileo de la Esperanza en Mir\u00f3briga: \"Nos tiene que interpelar, no puede pasar de puntillas como un evento m\u00e1s\" - Di\u00f3cesis de Ciudad Rodrigo","isPartOf":{"@id":"https:\/\/www.diocesisciudadrodrigo.org\/blog4\/#website"},"primaryImageOfPage":{"@id":"https:\/\/www.diocesisciudadrodrigo.org\/blog4\/apertura-del-jubileo-de-la-esperanza-en-mirobriga-nos-tiene-que-interpelar-no-puede-pasar-de-puntillas-como-un-evento-mas\/#primaryimage"},"image":{"@id":"https:\/\/www.diocesisciudadrodrigo.org\/blog4\/apertura-del-jubileo-de-la-esperanza-en-mirobriga-nos-tiene-que-interpelar-no-puede-pasar-de-puntillas-como-un-evento-mas\/#primaryimage"},"thumbnailUrl":"https:\/\/www.diocesisciudadrodrigo.org\/blog4\/wp-content\/uploads\/2025\/01\/472926789_619423023950090_6781771073698237547_n.jpg","datePublished":"2025-01-13T10:44:14+00:00","dateModified":"2025-01-13T19:35:03+00:00","breadcrumb":{"@id":"https:\/\/www.diocesisciudadrodrigo.org\/blog4\/apertura-del-jubileo-de-la-esperanza-en-mirobriga-nos-tiene-que-interpelar-no-puede-pasar-de-puntillas-como-un-evento-mas\/#breadcrumb"},"inLanguage":"es","potentialAction":[{"@type":"ReadAction","target":["https:\/\/www.diocesisciudadrodrigo.org\/blog4\/apertura-del-jubileo-de-la-esperanza-en-mirobriga-nos-tiene-que-interpelar-no-puede-pasar-de-puntillas-como-un-evento-mas\/"]}]},{"@type":"ImageObject","inLanguage":"es","@id":"https:\/\/www.diocesisciudadrodrigo.org\/blog4\/apertura-del-jubileo-de-la-esperanza-en-mirobriga-nos-tiene-que-interpelar-no-puede-pasar-de-puntillas-como-un-evento-mas\/#primaryimage","url":"https:\/\/www.diocesisciudadrodrigo.org\/blog4\/wp-content\/uploads\/2025\/01\/472926789_619423023950090_6781771073698237547_n.jpg","contentUrl":"https:\/\/www.diocesisciudadrodrigo.org\/blog4\/wp-content\/uploads\/2025\/01\/472926789_619423023950090_6781771073698237547_n.jpg","width":2048,"height":1365},{"@type":"BreadcrumbList","@id":"https:\/\/www.diocesisciudadrodrigo.org\/blog4\/apertura-del-jubileo-de-la-esperanza-en-mirobriga-nos-tiene-que-interpelar-no-puede-pasar-de-puntillas-como-un-evento-mas\/#breadcrumb","itemListElement":[{"@type":"ListItem","position":1,"name":"Portada","item":"https:\/\/www.diocesisciudadrodrigo.org\/blog4\/"},{"@type":"ListItem","position":2,"name":"Apertura del Jubileo de la Esperanza en Mir\u00f3briga: \u00abNos tiene que interpelar, no puede pasar de puntillas como un evento m\u00e1s\u00bb"}]},{"@type":"WebSite","@id":"https:\/\/www.diocesisciudadrodrigo.org\/blog4\/#website","url":"https:\/\/www.diocesisciudadrodrigo.org\/blog4\/","name":"Di\u00f3cesis de Ciudad Rodrigo","description":"Sitio web oficial de la di\u00f3cesis civitatense","publisher":{"@id":"https:\/\/www.diocesisciudadrodrigo.org\/blog4\/#organization"},"potentialAction":[{"@type":"SearchAction","target":{"@type":"EntryPoint","urlTemplate":"https:\/\/www.diocesisciudadrodrigo.org\/blog4\/?s={search_term_string}"},"query-input":{"@type":"PropertyValueSpecification","valueRequired":true,"valueName":"search_term_string"}}],"inLanguage":"es"},{"@type":"Organization","@id":"https:\/\/www.diocesisciudadrodrigo.org\/blog4\/#organization","name":"Di\u00f3cesis de Ciudad Rodrigo","url":"https:\/\/www.diocesisciudadrodrigo.org\/blog4\/","logo":{"@type":"ImageObject","inLanguage":"es","@id":"https:\/\/www.diocesisciudadrodrigo.org\/blog4\/#\/schema\/logo\/image\/","url":"https:\/\/www.diocesisciudadrodrigo.org\/blog4\/wp-content\/uploads\/2024\/12\/Diocesis.CMYK_-768x480-1.jpg","contentUrl":"https:\/\/www.diocesisciudadrodrigo.org\/blog4\/wp-content\/uploads\/2024\/12\/Diocesis.CMYK_-768x480-1.jpg","width":768,"height":480,"caption":"Di\u00f3cesis de Ciudad Rodrigo"},"image":{"@id":"https:\/\/www.diocesisciudadrodrigo.org\/blog4\/#\/schema\/logo\/image\/"},"sameAs":["https:\/\/www.facebook.com\/people\/Dicesis-Ciudad-Rodrigo-MCS\/100076471923419\/#"]},{"@type":"Person","@id":"https:\/\/www.diocesisciudadrodrigo.org\/blog4\/#\/schema\/person\/5fcf0ca636a75766ff70e6417b6ed052","name":"medios CR","image":{"@type":"ImageObject","inLanguage":"es","@id":"https:\/\/secure.gravatar.com\/avatar\/4a619fd0c7e36bd570f4e6e15eb09a2191185d0f63d8dbfdffe848af141ab87e?s=96&d=mm&r=g","url":"https:\/\/secure.gravatar.com\/avatar\/4a619fd0c7e36bd570f4e6e15eb09a2191185d0f63d8dbfdffe848af141ab87e?s=96&d=mm&r=g","contentUrl":"https:\/\/secure.gravatar.com\/avatar\/4a619fd0c7e36bd570f4e6e15eb09a2191185d0f63d8dbfdffe848af141ab87e?s=96&d=mm&r=g","caption":"medios CR"},"url":"https:\/\/www.diocesisciudadrodrigo.org\/blog4\/author\/admin4\/"}]}},"_links":{"self":[{"href":"https:\/\/www.diocesisciudadrodrigo.org\/blog4\/wp-json\/wp\/v2\/posts\/33888","targetHints":{"allow":["GET"]}}],"collection":[{"href":"https:\/\/www.diocesisciudadrodrigo.org\/blog4\/wp-json\/wp\/v2\/posts"}],"about":[{"href":"https:\/\/www.diocesisciudadrodrigo.org\/blog4\/wp-json\/wp\/v2\/types\/post"}],"author":[{"embeddable":true,"href":"https:\/\/www.diocesisciudadrodrigo.org\/blog4\/wp-json\/wp\/v2\/users\/1"}],"replies":[{"embeddable":true,"href":"https:\/\/www.diocesisciudadrodrigo.org\/blog4\/wp-json\/wp\/v2\/comments?post=33888"}],"version-history":[{"count":70,"href":"https:\/\/www.diocesisciudadrodrigo.org\/blog4\/wp-json\/wp\/v2\/posts\/33888\/revisions"}],"predecessor-version":[{"id":34011,"href":"https:\/\/www.diocesisciudadrodrigo.org\/blog4\/wp-json\/wp\/v2\/posts\/33888\/revisions\/34011"}],"wp:featuredmedia":[{"embeddable":true,"href":"https:\/\/www.diocesisciudadrodrigo.org\/blog4\/wp-json\/wp\/v2\/media\/33936"}],"wp:attachment":[{"href":"https:\/\/www.diocesisciudadrodrigo.org\/blog4\/wp-json\/wp\/v2\/media?parent=33888"}],"wp:term":[{"taxonomy":"category","embeddable":true,"href":"https:\/\/www.diocesisciudadrodrigo.org\/blog4\/wp-json\/wp\/v2\/categories?post=33888"},{"taxonomy":"post_tag","embeddable":true,"href":"https:\/\/www.diocesisciudadrodrigo.org\/blog4\/wp-json\/wp\/v2\/tags?post=33888"}],"curies":[{"name":"wp","href":"https:\/\/api.w.org\/{rel}","templated":true}]}}