{"id":33869,"date":"2025-01-10T14:20:28","date_gmt":"2025-01-10T13:20:28","guid":{"rendered":"https:\/\/www.diocesisciudadrodrigo.org\/blog4\/?p=33869"},"modified":"2025-01-10T15:15:04","modified_gmt":"2025-01-10T14:15:04","slug":"la-tradicional-subida-de-san-sebastian-a-la-catedral-tendra-lugar-este-domingo","status":"publish","type":"post","link":"https:\/\/www.diocesisciudadrodrigo.org\/blog4\/la-tradicional-subida-de-san-sebastian-a-la-catedral-tendra-lugar-este-domingo\/","title":{"rendered":"La tradicional subida de San Sebasti\u00e1n a la Catedral tendr\u00e1 lugar este domingo"},"content":{"rendered":"\t\t<div data-elementor-type=\"wp-post\" data-elementor-id=\"33869\" class=\"elementor elementor-33869\" data-elementor-settings=\"[]\">\n\t\t\t\t\t\t<div class=\"elementor-inner\">\n\t\t\t\t\t\t\t<div class=\"elementor-section-wrap\">\n\t\t\t\t\t\t\t<section class=\"elementor-section elementor-top-section elementor-element elementor-element-86d27d4 elementor-section-boxed elementor-section-height-default elementor-section-height-default\" data-id=\"86d27d4\" data-element_type=\"section\">\n\t\t\t\t\t\t<div class=\"elementor-container elementor-column-gap-default\">\n\t\t\t\t\t\t\t<div class=\"elementor-row\">\n\t\t\t\t\t<div class=\"elementor-column elementor-col-100 elementor-top-column elementor-element elementor-element-2177a60\" data-id=\"2177a60\" data-element_type=\"column\">\n\t\t\t<div class=\"elementor-column-wrap elementor-element-populated\">\n\t\t\t\t\t\t\t<div class=\"elementor-widget-wrap\">\n\t\t\t\t\t\t<div class=\"elementor-element elementor-element-0838998 elementor-widget elementor-widget-text-editor\" data-id=\"0838998\" data-element_type=\"widget\" data-widget_type=\"text-editor.default\">\n\t\t\t\t<div class=\"elementor-widget-container\">\n\t\t\t\t\t\t\t\t<div class=\"elementor-text-editor elementor-clearfix\">\n\t\t\t\t<h3>La novena, que comienza el 12 de enero, se celebrar\u00e1 a las 11:00 horas del 13 al 18 de enero, y el d\u00eda 19, a las 19:30 horas<\/h3><p>\u00a0<\/p><p><span style=\"color: #ff0000;\"><strong>DELEGACI\u00d3N DE MEDIOS<\/strong><\/span><\/p><p>Mir\u00f3briga se prepara en esto d\u00edas para la celebraci\u00f3n de su patr\u00f3n, <strong>San Sebasti\u00e1n<\/strong> el pr\u00f3ximo <strong>20 de enero<\/strong>. Este domingo, <strong>12 de enero<\/strong>, tendr\u00e1 lugar la tradicional subida desde la parroquia de San Crist\u00f3bal a la Catedral para iniciar su <strong>novena<\/strong>, que se desarrollar\u00e1 del<strong> 13 al 18 de enero<\/strong>, a las <strong>11:00 horas<\/strong>, y el <strong>d\u00eda 19<\/strong>, a las <strong>19:30 horas<\/strong>.<\/p><p>Los mayordomos de este a\u00f1o, que son <strong>Antonio S\u00e1nchez-Vasconcellos<\/strong>, <strong>Leopoldo G\u00f3mez<\/strong>, <strong>Jaime Francisco Sanmart\u00edn<\/strong> y<strong> Jaime Risue\u00f1o<\/strong>, a los que la cofrad\u00eda recoge en algunas de sus casas. Despu\u00e9s, las autoridades locales tambi\u00e9n se unir\u00e1n a la comitiva para el traslado desde su parroquia. Despu\u00e9s, se dirigir\u00e1n hacia la <strong>Catedral de Santa Mar\u00eda<\/strong> llevando en hombros al patr\u00f3n de Ciudad Rodrigo, junto a un acompa\u00f1amiento musical. All\u00ed les esperar\u00e1 el Cabildo Catedralicio y se celebrar\u00e1 la primera de las misas en honor a San Sebasti\u00e1n, y por lo tanto, el inicio de su novena.<\/p><h4>Misa por los cofrades difuntos<\/h4><p>El <strong>19 de enero<\/strong>, la v\u00edspera de la festividad, tendr\u00e1 lugar la <strong>hoguera <\/strong>a las<strong> 20:15<\/strong> <strong>horas<\/strong> en la puerta de la Catedral. Y durante ese d\u00eda dedicar\u00e1n una misa por los cofrades difuntos, y el homenaje a los ca\u00eddos en la Guerra de la Independencia se celebrar\u00e1 en la plaza de Rasti, detr\u00e1s de la Catedral.<\/p><p>En su festividad, el <strong>20 de enero<\/strong>, la misa solemne, presidida por el obispo, <strong>Mons. Jos\u00e9 Luis Retana<\/strong>, comenzar\u00e1 en la Catedral a las <strong>11:00 horas<\/strong>, con el acompa\u00f1amiento musical de la Coral D\u00e1maso Ledesma. Al finalizar se iniciar\u00e1 la <strong>procesi\u00f3n con la imagen<\/strong> de San Sebasti\u00e1n hacia la parroquia de San Crist\u00f3bal.<\/p>\t\t\t\t\t<\/div>\n\t\t\t\t\t\t<\/div>\n\t\t\t\t<\/div>\n\t\t\t\t\t\t<\/div>\n\t\t\t\t\t<\/div>\n\t\t<\/div>\n\t\t\t\t\t\t\t\t<\/div>\n\t\t\t\t\t<\/div>\n\t\t<\/section>\n\t\t\t\t<section class=\"elementor-section elementor-top-section elementor-element elementor-element-dee15fc elementor-section-boxed elementor-section-height-default elementor-section-height-default\" data-id=\"dee15fc\" data-element_type=\"section\">\n\t\t\t\t\t\t<div class=\"elementor-container elementor-column-gap-default\">\n\t\t\t\t\t\t\t<div class=\"elementor-row\">\n\t\t\t\t\t<div class=\"elementor-column elementor-col-100 elementor-top-column elementor-element elementor-element-7ded764\" data-id=\"7ded764\" data-element_type=\"column\">\n\t\t\t<div class=\"elementor-column-wrap elementor-element-populated\">\n\t\t\t\t\t\t\t<div class=\"elementor-widget-wrap\">\n\t\t\t\t\t\t<div class=\"elementor-element elementor-element-a793447 elementor-widget elementor-widget-image\" data-id=\"a793447\" data-element_type=\"widget\" data-widget_type=\"image.default\">\n\t\t\t\t<div class=\"elementor-widget-container\">\n\t\t\t\t\t\t\t\t<div class=\"elementor-image\">\n\t\t\t\t\t\t\t\t\t\t\t\t<img loading=\"lazy\" decoding=\"async\" width=\"721\" height=\"1024\" src=\"https:\/\/www.diocesisciudadrodrigo.org\/blog4\/wp-content\/uploads\/2025\/01\/cartel-san-sebastian-2025-721x1024.jpeg\" class=\"attachment-large size-large\" alt=\"\" srcset=\"https:\/\/www.diocesisciudadrodrigo.org\/blog4\/wp-content\/uploads\/2025\/01\/cartel-san-sebastian-2025-721x1024.jpeg 721w, https:\/\/www.diocesisciudadrodrigo.org\/blog4\/wp-content\/uploads\/2025\/01\/cartel-san-sebastian-2025-211x300.jpeg 211w, https:\/\/www.diocesisciudadrodrigo.org\/blog4\/wp-content\/uploads\/2025\/01\/cartel-san-sebastian-2025-768x1091.jpeg 768w, https:\/\/www.diocesisciudadrodrigo.org\/blog4\/wp-content\/uploads\/2025\/01\/cartel-san-sebastian-2025-350x497.jpeg 350w, https:\/\/www.diocesisciudadrodrigo.org\/blog4\/wp-content\/uploads\/2025\/01\/cartel-san-sebastian-2025.jpeg 856w\" sizes=\"auto, (max-width: 721px) 100vw, 721px\" \/>\t\t\t\t\t\t\t\t\t\t\t\t\t\t<\/div>\n\t\t\t\t\t\t<\/div>\n\t\t\t\t<\/div>\n\t\t\t\t\t\t<\/div>\n\t\t\t\t\t<\/div>\n\t\t<\/div>\n\t\t\t\t\t\t\t\t<\/div>\n\t\t\t\t\t<\/div>\n\t\t<\/section>\n\t\t\t\t\t\t<\/div>\n\t\t\t\t\t\t<\/div>\n\t\t\t\t\t<\/div>\n\t\t","protected":false},"excerpt":{"rendered":"<p>La novena, que comienza el 12 de enero, se celebrar\u00e1 a las 11:00 horas del 13 al 18 de enero, y el d\u00eda 19, a las 19:30 horas DELEGACI\u00d3N DE &#8230; <\/p>\n<p class=\"read-more-container\"><a title=\"La tradicional subida de San Sebasti\u00e1n a la Catedral tendr\u00e1 lugar este domingo\" class=\"read-more button\" href=\"https:\/\/www.diocesisciudadrodrigo.org\/blog4\/la-tradicional-subida-de-san-sebastian-a-la-catedral-tendra-lugar-este-domingo\/#more-33869\" aria-label=\"M\u00e1s en La tradicional subida de San Sebasti\u00e1n a la Catedral tendr\u00e1 lugar este domingo\">Leer m\u00e1s &#8230;<\/a><\/p>\n","protected":false},"author":1,"featured_media":33884,"comment_status":"closed","ping_status":"closed","sticky":false,"template":"","format":"standard","meta":{"footnotes":""},"categories":[6],"tags":[],"class_list":["post-33869","post","type-post","status-publish","format-standard","has-post-thumbnail","hentry","category-noticias","masonry-post","generate-columns","tablet-grid-50","mobile-grid-100","grid-parent","grid-50"],"yoast_head":"<!-- This site is optimized with the Yoast SEO plugin v27.3 - https:\/\/yoast.com\/product\/yoast-seo-wordpress\/ -->\n<title>La tradicional subida de San Sebasti\u00e1n a la Catedral tendr\u00e1 lugar este domingo - Di\u00f3cesis de Ciudad Rodrigo<\/title>\n<meta name=\"robots\" content=\"index, follow, max-snippet:-1, max-image-preview:large, max-video-preview:-1\" \/>\n<link rel=\"canonical\" href=\"https:\/\/www.diocesisciudadrodrigo.org\/blog4\/la-tradicional-subida-de-san-sebastian-a-la-catedral-tendra-lugar-este-domingo\/\" \/>\n<meta property=\"og:locale\" content=\"es_ES\" \/>\n<meta property=\"og:type\" content=\"article\" \/>\n<meta property=\"og:title\" content=\"La tradicional subida de San Sebasti\u00e1n a la Catedral tendr\u00e1 lugar este domingo - Di\u00f3cesis de Ciudad Rodrigo\" \/>\n<meta property=\"og:description\" content=\"La novena, que comienza el 12 de enero, se celebrar\u00e1 a las 11:00 horas del 13 al 18 de enero, y el d\u00eda 19, a las 19:30 horas DELEGACI\u00d3N DE ... Leer m\u00e1s ...\" \/>\n<meta property=\"og:url\" content=\"https:\/\/www.diocesisciudadrodrigo.org\/blog4\/la-tradicional-subida-de-san-sebastian-a-la-catedral-tendra-lugar-este-domingo\/\" \/>\n<meta property=\"og:site_name\" content=\"Di\u00f3cesis de Ciudad Rodrigo\" \/>\n<meta property=\"article:publisher\" content=\"https:\/\/www.facebook.com\/people\/Dicesis-Ciudad-Rodrigo-MCS\/100076471923419\/#\" \/>\n<meta property=\"article:published_time\" content=\"2025-01-10T13:20:28+00:00\" \/>\n<meta property=\"article:modified_time\" content=\"2025-01-10T14:15:04+00:00\" \/>\n<meta property=\"og:image\" content=\"https:\/\/www.diocesisciudadrodrigo.org\/blog4\/wp-content\/uploads\/2025\/01\/Captura-de-Pantalla-2025-01-10-a-las-14.27.57-1024x716.png\" \/>\n\t<meta property=\"og:image:width\" content=\"1024\" \/>\n\t<meta property=\"og:image:height\" content=\"716\" \/>\n\t<meta property=\"og:image:type\" content=\"image\/png\" \/>\n<meta name=\"author\" content=\"medios CR\" \/>\n<meta name=\"twitter:card\" content=\"summary_large_image\" \/>\n<meta name=\"twitter:label1\" content=\"Escrito por\" \/>\n\t<meta name=\"twitter:data1\" content=\"medios CR\" \/>\n\t<meta name=\"twitter:label2\" content=\"Tiempo de lectura\" \/>\n\t<meta name=\"twitter:data2\" content=\"2 minutos\" \/>\n<script type=\"application\/ld+json\" class=\"yoast-schema-graph\">{\"@context\":\"https:\\\/\\\/schema.org\",\"@graph\":[{\"@type\":\"Article\",\"@id\":\"https:\\\/\\\/www.diocesisciudadrodrigo.org\\\/blog4\\\/la-tradicional-subida-de-san-sebastian-a-la-catedral-tendra-lugar-este-domingo\\\/#article\",\"isPartOf\":{\"@id\":\"https:\\\/\\\/www.diocesisciudadrodrigo.org\\\/blog4\\\/la-tradicional-subida-de-san-sebastian-a-la-catedral-tendra-lugar-este-domingo\\\/\"},\"author\":{\"name\":\"medios CR\",\"@id\":\"https:\\\/\\\/www.diocesisciudadrodrigo.org\\\/blog4\\\/#\\\/schema\\\/person\\\/5fcf0ca636a75766ff70e6417b6ed052\"},\"headline\":\"La tradicional subida de San Sebasti\u00e1n a la Catedral tendr\u00e1 lugar este domingo\",\"datePublished\":\"2025-01-10T13:20:28+00:00\",\"dateModified\":\"2025-01-10T14:15:04+00:00\",\"mainEntityOfPage\":{\"@id\":\"https:\\\/\\\/www.diocesisciudadrodrigo.org\\\/blog4\\\/la-tradicional-subida-de-san-sebastian-a-la-catedral-tendra-lugar-este-domingo\\\/\"},\"wordCount\":335,\"publisher\":{\"@id\":\"https:\\\/\\\/www.diocesisciudadrodrigo.org\\\/blog4\\\/#organization\"},\"image\":{\"@id\":\"https:\\\/\\\/www.diocesisciudadrodrigo.org\\\/blog4\\\/la-tradicional-subida-de-san-sebastian-a-la-catedral-tendra-lugar-este-domingo\\\/#primaryimage\"},\"thumbnailUrl\":\"https:\\\/\\\/www.diocesisciudadrodrigo.org\\\/blog4\\\/wp-content\\\/uploads\\\/2025\\\/01\\\/Captura-de-Pantalla-2025-01-10-a-las-14.27.57.png\",\"articleSection\":[\"Noticias\"],\"inLanguage\":\"es\"},{\"@type\":\"WebPage\",\"@id\":\"https:\\\/\\\/www.diocesisciudadrodrigo.org\\\/blog4\\\/la-tradicional-subida-de-san-sebastian-a-la-catedral-tendra-lugar-este-domingo\\\/\",\"url\":\"https:\\\/\\\/www.diocesisciudadrodrigo.org\\\/blog4\\\/la-tradicional-subida-de-san-sebastian-a-la-catedral-tendra-lugar-este-domingo\\\/\",\"name\":\"La tradicional subida de San Sebasti\u00e1n a la Catedral tendr\u00e1 lugar este domingo - Di\u00f3cesis de Ciudad Rodrigo\",\"isPartOf\":{\"@id\":\"https:\\\/\\\/www.diocesisciudadrodrigo.org\\\/blog4\\\/#website\"},\"primaryImageOfPage\":{\"@id\":\"https:\\\/\\\/www.diocesisciudadrodrigo.org\\\/blog4\\\/la-tradicional-subida-de-san-sebastian-a-la-catedral-tendra-lugar-este-domingo\\\/#primaryimage\"},\"image\":{\"@id\":\"https:\\\/\\\/www.diocesisciudadrodrigo.org\\\/blog4\\\/la-tradicional-subida-de-san-sebastian-a-la-catedral-tendra-lugar-este-domingo\\\/#primaryimage\"},\"thumbnailUrl\":\"https:\\\/\\\/www.diocesisciudadrodrigo.org\\\/blog4\\\/wp-content\\\/uploads\\\/2025\\\/01\\\/Captura-de-Pantalla-2025-01-10-a-las-14.27.57.png\",\"datePublished\":\"2025-01-10T13:20:28+00:00\",\"dateModified\":\"2025-01-10T14:15:04+00:00\",\"breadcrumb\":{\"@id\":\"https:\\\/\\\/www.diocesisciudadrodrigo.org\\\/blog4\\\/la-tradicional-subida-de-san-sebastian-a-la-catedral-tendra-lugar-este-domingo\\\/#breadcrumb\"},\"inLanguage\":\"es\",\"potentialAction\":[{\"@type\":\"ReadAction\",\"target\":[\"https:\\\/\\\/www.diocesisciudadrodrigo.org\\\/blog4\\\/la-tradicional-subida-de-san-sebastian-a-la-catedral-tendra-lugar-este-domingo\\\/\"]}]},{\"@type\":\"ImageObject\",\"inLanguage\":\"es\",\"@id\":\"https:\\\/\\\/www.diocesisciudadrodrigo.org\\\/blog4\\\/la-tradicional-subida-de-san-sebastian-a-la-catedral-tendra-lugar-este-domingo\\\/#primaryimage\",\"url\":\"https:\\\/\\\/www.diocesisciudadrodrigo.org\\\/blog4\\\/wp-content\\\/uploads\\\/2025\\\/01\\\/Captura-de-Pantalla-2025-01-10-a-las-14.27.57.png\",\"contentUrl\":\"https:\\\/\\\/www.diocesisciudadrodrigo.org\\\/blog4\\\/wp-content\\\/uploads\\\/2025\\\/01\\\/Captura-de-Pantalla-2025-01-10-a-las-14.27.57.png\",\"width\":2766,\"height\":1934},{\"@type\":\"BreadcrumbList\",\"@id\":\"https:\\\/\\\/www.diocesisciudadrodrigo.org\\\/blog4\\\/la-tradicional-subida-de-san-sebastian-a-la-catedral-tendra-lugar-este-domingo\\\/#breadcrumb\",\"itemListElement\":[{\"@type\":\"ListItem\",\"position\":1,\"name\":\"Portada\",\"item\":\"https:\\\/\\\/www.diocesisciudadrodrigo.org\\\/blog4\\\/\"},{\"@type\":\"ListItem\",\"position\":2,\"name\":\"La tradicional subida de San Sebasti\u00e1n a la Catedral tendr\u00e1 lugar este domingo\"}]},{\"@type\":\"WebSite\",\"@id\":\"https:\\\/\\\/www.diocesisciudadrodrigo.org\\\/blog4\\\/#website\",\"url\":\"https:\\\/\\\/www.diocesisciudadrodrigo.org\\\/blog4\\\/\",\"name\":\"Di\u00f3cesis de Ciudad Rodrigo\",\"description\":\"Sitio web oficial de la di\u00f3cesis civitatense\",\"publisher\":{\"@id\":\"https:\\\/\\\/www.diocesisciudadrodrigo.org\\\/blog4\\\/#organization\"},\"potentialAction\":[{\"@type\":\"SearchAction\",\"target\":{\"@type\":\"EntryPoint\",\"urlTemplate\":\"https:\\\/\\\/www.diocesisciudadrodrigo.org\\\/blog4\\\/?s={search_term_string}\"},\"query-input\":{\"@type\":\"PropertyValueSpecification\",\"valueRequired\":true,\"valueName\":\"search_term_string\"}}],\"inLanguage\":\"es\"},{\"@type\":\"Organization\",\"@id\":\"https:\\\/\\\/www.diocesisciudadrodrigo.org\\\/blog4\\\/#organization\",\"name\":\"Di\u00f3cesis de Ciudad Rodrigo\",\"url\":\"https:\\\/\\\/www.diocesisciudadrodrigo.org\\\/blog4\\\/\",\"logo\":{\"@type\":\"ImageObject\",\"inLanguage\":\"es\",\"@id\":\"https:\\\/\\\/www.diocesisciudadrodrigo.org\\\/blog4\\\/#\\\/schema\\\/logo\\\/image\\\/\",\"url\":\"https:\\\/\\\/www.diocesisciudadrodrigo.org\\\/blog4\\\/wp-content\\\/uploads\\\/2024\\\/12\\\/Diocesis.CMYK_-768x480-1.jpg\",\"contentUrl\":\"https:\\\/\\\/www.diocesisciudadrodrigo.org\\\/blog4\\\/wp-content\\\/uploads\\\/2024\\\/12\\\/Diocesis.CMYK_-768x480-1.jpg\",\"width\":768,\"height\":480,\"caption\":\"Di\u00f3cesis de Ciudad Rodrigo\"},\"image\":{\"@id\":\"https:\\\/\\\/www.diocesisciudadrodrigo.org\\\/blog4\\\/#\\\/schema\\\/logo\\\/image\\\/\"},\"sameAs\":[\"https:\\\/\\\/www.facebook.com\\\/people\\\/Dicesis-Ciudad-Rodrigo-MCS\\\/100076471923419\\\/#\"]},{\"@type\":\"Person\",\"@id\":\"https:\\\/\\\/www.diocesisciudadrodrigo.org\\\/blog4\\\/#\\\/schema\\\/person\\\/5fcf0ca636a75766ff70e6417b6ed052\",\"name\":\"medios CR\",\"image\":{\"@type\":\"ImageObject\",\"inLanguage\":\"es\",\"@id\":\"https:\\\/\\\/secure.gravatar.com\\\/avatar\\\/4a619fd0c7e36bd570f4e6e15eb09a2191185d0f63d8dbfdffe848af141ab87e?s=96&d=mm&r=g\",\"url\":\"https:\\\/\\\/secure.gravatar.com\\\/avatar\\\/4a619fd0c7e36bd570f4e6e15eb09a2191185d0f63d8dbfdffe848af141ab87e?s=96&d=mm&r=g\",\"contentUrl\":\"https:\\\/\\\/secure.gravatar.com\\\/avatar\\\/4a619fd0c7e36bd570f4e6e15eb09a2191185d0f63d8dbfdffe848af141ab87e?s=96&d=mm&r=g\",\"caption\":\"medios CR\"},\"url\":\"https:\\\/\\\/www.diocesisciudadrodrigo.org\\\/blog4\\\/author\\\/admin4\\\/\"}]}<\/script>\n<!-- \/ Yoast SEO plugin. -->","yoast_head_json":{"title":"La tradicional subida de San Sebasti\u00e1n a la Catedral tendr\u00e1 lugar este domingo - Di\u00f3cesis de Ciudad Rodrigo","robots":{"index":"index","follow":"follow","max-snippet":"max-snippet:-1","max-image-preview":"max-image-preview:large","max-video-preview":"max-video-preview:-1"},"canonical":"https:\/\/www.diocesisciudadrodrigo.org\/blog4\/la-tradicional-subida-de-san-sebastian-a-la-catedral-tendra-lugar-este-domingo\/","og_locale":"es_ES","og_type":"article","og_title":"La tradicional subida de San Sebasti\u00e1n a la Catedral tendr\u00e1 lugar este domingo - Di\u00f3cesis de Ciudad Rodrigo","og_description":"La novena, que comienza el 12 de enero, se celebrar\u00e1 a las 11:00 horas del 13 al 18 de enero, y el d\u00eda 19, a las 19:30 horas DELEGACI\u00d3N DE ... Leer m\u00e1s ...","og_url":"https:\/\/www.diocesisciudadrodrigo.org\/blog4\/la-tradicional-subida-de-san-sebastian-a-la-catedral-tendra-lugar-este-domingo\/","og_site_name":"Di\u00f3cesis de Ciudad Rodrigo","article_publisher":"https:\/\/www.facebook.com\/people\/Dicesis-Ciudad-Rodrigo-MCS\/100076471923419\/#","article_published_time":"2025-01-10T13:20:28+00:00","article_modified_time":"2025-01-10T14:15:04+00:00","og_image":[{"width":1024,"height":716,"url":"https:\/\/www.diocesisciudadrodrigo.org\/blog4\/wp-content\/uploads\/2025\/01\/Captura-de-Pantalla-2025-01-10-a-las-14.27.57-1024x716.png","type":"image\/png"}],"author":"medios CR","twitter_card":"summary_large_image","twitter_misc":{"Escrito por":"medios CR","Tiempo de lectura":"2 minutos"},"schema":{"@context":"https:\/\/schema.org","@graph":[{"@type":"Article","@id":"https:\/\/www.diocesisciudadrodrigo.org\/blog4\/la-tradicional-subida-de-san-sebastian-a-la-catedral-tendra-lugar-este-domingo\/#article","isPartOf":{"@id":"https:\/\/www.diocesisciudadrodrigo.org\/blog4\/la-tradicional-subida-de-san-sebastian-a-la-catedral-tendra-lugar-este-domingo\/"},"author":{"name":"medios CR","@id":"https:\/\/www.diocesisciudadrodrigo.org\/blog4\/#\/schema\/person\/5fcf0ca636a75766ff70e6417b6ed052"},"headline":"La tradicional subida de San Sebasti\u00e1n a la Catedral tendr\u00e1 lugar este domingo","datePublished":"2025-01-10T13:20:28+00:00","dateModified":"2025-01-10T14:15:04+00:00","mainEntityOfPage":{"@id":"https:\/\/www.diocesisciudadrodrigo.org\/blog4\/la-tradicional-subida-de-san-sebastian-a-la-catedral-tendra-lugar-este-domingo\/"},"wordCount":335,"publisher":{"@id":"https:\/\/www.diocesisciudadrodrigo.org\/blog4\/#organization"},"image":{"@id":"https:\/\/www.diocesisciudadrodrigo.org\/blog4\/la-tradicional-subida-de-san-sebastian-a-la-catedral-tendra-lugar-este-domingo\/#primaryimage"},"thumbnailUrl":"https:\/\/www.diocesisciudadrodrigo.org\/blog4\/wp-content\/uploads\/2025\/01\/Captura-de-Pantalla-2025-01-10-a-las-14.27.57.png","articleSection":["Noticias"],"inLanguage":"es"},{"@type":"WebPage","@id":"https:\/\/www.diocesisciudadrodrigo.org\/blog4\/la-tradicional-subida-de-san-sebastian-a-la-catedral-tendra-lugar-este-domingo\/","url":"https:\/\/www.diocesisciudadrodrigo.org\/blog4\/la-tradicional-subida-de-san-sebastian-a-la-catedral-tendra-lugar-este-domingo\/","name":"La tradicional subida de San Sebasti\u00e1n a la Catedral tendr\u00e1 lugar este domingo - Di\u00f3cesis de Ciudad Rodrigo","isPartOf":{"@id":"https:\/\/www.diocesisciudadrodrigo.org\/blog4\/#website"},"primaryImageOfPage":{"@id":"https:\/\/www.diocesisciudadrodrigo.org\/blog4\/la-tradicional-subida-de-san-sebastian-a-la-catedral-tendra-lugar-este-domingo\/#primaryimage"},"image":{"@id":"https:\/\/www.diocesisciudadrodrigo.org\/blog4\/la-tradicional-subida-de-san-sebastian-a-la-catedral-tendra-lugar-este-domingo\/#primaryimage"},"thumbnailUrl":"https:\/\/www.diocesisciudadrodrigo.org\/blog4\/wp-content\/uploads\/2025\/01\/Captura-de-Pantalla-2025-01-10-a-las-14.27.57.png","datePublished":"2025-01-10T13:20:28+00:00","dateModified":"2025-01-10T14:15:04+00:00","breadcrumb":{"@id":"https:\/\/www.diocesisciudadrodrigo.org\/blog4\/la-tradicional-subida-de-san-sebastian-a-la-catedral-tendra-lugar-este-domingo\/#breadcrumb"},"inLanguage":"es","potentialAction":[{"@type":"ReadAction","target":["https:\/\/www.diocesisciudadrodrigo.org\/blog4\/la-tradicional-subida-de-san-sebastian-a-la-catedral-tendra-lugar-este-domingo\/"]}]},{"@type":"ImageObject","inLanguage":"es","@id":"https:\/\/www.diocesisciudadrodrigo.org\/blog4\/la-tradicional-subida-de-san-sebastian-a-la-catedral-tendra-lugar-este-domingo\/#primaryimage","url":"https:\/\/www.diocesisciudadrodrigo.org\/blog4\/wp-content\/uploads\/2025\/01\/Captura-de-Pantalla-2025-01-10-a-las-14.27.57.png","contentUrl":"https:\/\/www.diocesisciudadrodrigo.org\/blog4\/wp-content\/uploads\/2025\/01\/Captura-de-Pantalla-2025-01-10-a-las-14.27.57.png","width":2766,"height":1934},{"@type":"BreadcrumbList","@id":"https:\/\/www.diocesisciudadrodrigo.org\/blog4\/la-tradicional-subida-de-san-sebastian-a-la-catedral-tendra-lugar-este-domingo\/#breadcrumb","itemListElement":[{"@type":"ListItem","position":1,"name":"Portada","item":"https:\/\/www.diocesisciudadrodrigo.org\/blog4\/"},{"@type":"ListItem","position":2,"name":"La tradicional subida de San Sebasti\u00e1n a la Catedral tendr\u00e1 lugar este domingo"}]},{"@type":"WebSite","@id":"https:\/\/www.diocesisciudadrodrigo.org\/blog4\/#website","url":"https:\/\/www.diocesisciudadrodrigo.org\/blog4\/","name":"Di\u00f3cesis de Ciudad Rodrigo","description":"Sitio web oficial de la di\u00f3cesis civitatense","publisher":{"@id":"https:\/\/www.diocesisciudadrodrigo.org\/blog4\/#organization"},"potentialAction":[{"@type":"SearchAction","target":{"@type":"EntryPoint","urlTemplate":"https:\/\/www.diocesisciudadrodrigo.org\/blog4\/?s={search_term_string}"},"query-input":{"@type":"PropertyValueSpecification","valueRequired":true,"valueName":"search_term_string"}}],"inLanguage":"es"},{"@type":"Organization","@id":"https:\/\/www.diocesisciudadrodrigo.org\/blog4\/#organization","name":"Di\u00f3cesis de Ciudad Rodrigo","url":"https:\/\/www.diocesisciudadrodrigo.org\/blog4\/","logo":{"@type":"ImageObject","inLanguage":"es","@id":"https:\/\/www.diocesisciudadrodrigo.org\/blog4\/#\/schema\/logo\/image\/","url":"https:\/\/www.diocesisciudadrodrigo.org\/blog4\/wp-content\/uploads\/2024\/12\/Diocesis.CMYK_-768x480-1.jpg","contentUrl":"https:\/\/www.diocesisciudadrodrigo.org\/blog4\/wp-content\/uploads\/2024\/12\/Diocesis.CMYK_-768x480-1.jpg","width":768,"height":480,"caption":"Di\u00f3cesis de Ciudad Rodrigo"},"image":{"@id":"https:\/\/www.diocesisciudadrodrigo.org\/blog4\/#\/schema\/logo\/image\/"},"sameAs":["https:\/\/www.facebook.com\/people\/Dicesis-Ciudad-Rodrigo-MCS\/100076471923419\/#"]},{"@type":"Person","@id":"https:\/\/www.diocesisciudadrodrigo.org\/blog4\/#\/schema\/person\/5fcf0ca636a75766ff70e6417b6ed052","name":"medios CR","image":{"@type":"ImageObject","inLanguage":"es","@id":"https:\/\/secure.gravatar.com\/avatar\/4a619fd0c7e36bd570f4e6e15eb09a2191185d0f63d8dbfdffe848af141ab87e?s=96&d=mm&r=g","url":"https:\/\/secure.gravatar.com\/avatar\/4a619fd0c7e36bd570f4e6e15eb09a2191185d0f63d8dbfdffe848af141ab87e?s=96&d=mm&r=g","contentUrl":"https:\/\/secure.gravatar.com\/avatar\/4a619fd0c7e36bd570f4e6e15eb09a2191185d0f63d8dbfdffe848af141ab87e?s=96&d=mm&r=g","caption":"medios CR"},"url":"https:\/\/www.diocesisciudadrodrigo.org\/blog4\/author\/admin4\/"}]}},"_links":{"self":[{"href":"https:\/\/www.diocesisciudadrodrigo.org\/blog4\/wp-json\/wp\/v2\/posts\/33869","targetHints":{"allow":["GET"]}}],"collection":[{"href":"https:\/\/www.diocesisciudadrodrigo.org\/blog4\/wp-json\/wp\/v2\/posts"}],"about":[{"href":"https:\/\/www.diocesisciudadrodrigo.org\/blog4\/wp-json\/wp\/v2\/types\/post"}],"author":[{"embeddable":true,"href":"https:\/\/www.diocesisciudadrodrigo.org\/blog4\/wp-json\/wp\/v2\/users\/1"}],"replies":[{"embeddable":true,"href":"https:\/\/www.diocesisciudadrodrigo.org\/blog4\/wp-json\/wp\/v2\/comments?post=33869"}],"version-history":[{"count":15,"href":"https:\/\/www.diocesisciudadrodrigo.org\/blog4\/wp-json\/wp\/v2\/posts\/33869\/revisions"}],"predecessor-version":[{"id":33886,"href":"https:\/\/www.diocesisciudadrodrigo.org\/blog4\/wp-json\/wp\/v2\/posts\/33869\/revisions\/33886"}],"wp:featuredmedia":[{"embeddable":true,"href":"https:\/\/www.diocesisciudadrodrigo.org\/blog4\/wp-json\/wp\/v2\/media\/33884"}],"wp:attachment":[{"href":"https:\/\/www.diocesisciudadrodrigo.org\/blog4\/wp-json\/wp\/v2\/media?parent=33869"}],"wp:term":[{"taxonomy":"category","embeddable":true,"href":"https:\/\/www.diocesisciudadrodrigo.org\/blog4\/wp-json\/wp\/v2\/categories?post=33869"},{"taxonomy":"post_tag","embeddable":true,"href":"https:\/\/www.diocesisciudadrodrigo.org\/blog4\/wp-json\/wp\/v2\/tags?post=33869"}],"curies":[{"name":"wp","href":"https:\/\/api.w.org\/{rel}","templated":true}]}}