{"id":33740,"date":"2025-01-08T09:37:44","date_gmt":"2025-01-08T08:37:44","guid":{"rendered":"https:\/\/www.diocesisciudadrodrigo.org\/blog4\/?p=33740"},"modified":"2025-01-08T13:26:08","modified_gmt":"2025-01-08T12:26:08","slug":"el-cristo-de-la-expiracion-peregrinara-hasta-la-catedral-en-la-apertura-del-ano-jubilar","status":"publish","type":"post","link":"https:\/\/www.diocesisciudadrodrigo.org\/blog4\/el-cristo-de-la-expiracion-peregrinara-hasta-la-catedral-en-la-apertura-del-ano-jubilar\/","title":{"rendered":"El Cristo de la Expiraci\u00f3n peregrinar\u00e1 hasta la Catedral en la apertura del A\u00f1o Jubilar"},"content":{"rendered":"<h4>El papa Francisco ha pedido que una imagen representativa de cada di\u00f3cesis del mundo para presidir este Jubileo de la Esperanza<\/h4>\n<p><strong>Delegaci\u00f3n de Medios<\/strong><\/p>\n<p>El <strong>Cristo de la Expiraci\u00f3n<\/strong>, de la Cofrad\u00eda del Silencio, ser\u00e1 la imagen que presida la eucarist\u00eda de apertura del <strong>A\u00f1o Jubilar<\/strong> en Ciudad Rodrigo. Este crucificado, del siglo XVI-XVII, abrir\u00e1 la peregrinaci\u00f3n previa a la misa en la Catedral a las 10:45 horas, desde la iglesia del Sagrario. All\u00ed se realizar\u00e1 el rito de<strong> inicio del Jubileo de la Esperanza<\/strong>, y al finalizar, la peregrinaci\u00f3n partir\u00e1 hacia la Catedral por la calle Cardenal Pacheco, plaza San Salvador y Santa Iglesia Catedral.<\/p>\n<p>En el templo tendr\u00e1 lugar la<strong> eucarist\u00eda de este A\u00f1o Santo<\/strong>, que se celebra cada 25 a\u00f1os de forma ordinaria, convocado por el papa Francisco. El obispo de Ciudad Rodrigo, <strong>Mons. Jos\u00e9 Luis Retana<\/strong>, presidir\u00e1 la celebraci\u00f3n. La imagen del Cristo de la Expiraci\u00f3n permanecer\u00e1 <strong>expuesta en la Catedral hasta que finalice el A\u00f1o Jubilar<\/strong>, salvo en Semana Santa, que volver\u00e1 a su sede para la su salida en procesi\u00f3n el Jueves Santo y sus cultos anuales.<\/p>\n<figure><img loading=\"lazy\" decoding=\"async\" src=\"https:\/\/www.diocesisciudadrodrigo.org\/blog4\/wp-content\/uploads\/2025\/01\/2022-JuevesSanto-0003-2048x1365-1-1024x683.jpg\" sizes=\"auto, (max-width: 1024px) 100vw, 1024px\" srcset=\"https:\/\/www.diocesisciudadrodrigo.org\/blog4\/wp-content\/uploads\/2025\/01\/2022-JuevesSanto-0003-2048x1365-1-1024x683.jpg 1024w, https:\/\/www.diocesisciudadrodrigo.org\/blog4\/wp-content\/uploads\/2025\/01\/2022-JuevesSanto-0003-2048x1365-1-300x200.jpg 300w, https:\/\/www.diocesisciudadrodrigo.org\/blog4\/wp-content\/uploads\/2025\/01\/2022-JuevesSanto-0003-2048x1365-1-768x512.jpg 768w, https:\/\/www.diocesisciudadrodrigo.org\/blog4\/wp-content\/uploads\/2025\/01\/2022-JuevesSanto-0003-2048x1365-1-1536x1024.jpg 1536w, https:\/\/www.diocesisciudadrodrigo.org\/blog4\/wp-content\/uploads\/2025\/01\/2022-JuevesSanto-0003-2048x1365-1-350x233.jpg 350w, https:\/\/www.diocesisciudadrodrigo.org\/blog4\/wp-content\/uploads\/2025\/01\/2022-JuevesSanto-0003-2048x1365-1.jpg 2048w\" alt=\"\" width=\"1024\" height=\"683\" \/><figcaption>Web Cofrad\u00eda del Silencio<\/figcaption><\/figure>\n","protected":false},"excerpt":{"rendered":"<p>El papa Francisco ha pedido que una imagen representativa de cada di\u00f3cesis del mundo para presidir este Jubileo de la Esperanza Delegaci\u00f3n de Medios El Cristo de la Expiraci\u00f3n, de &#8230; <\/p>\n<p class=\"read-more-container\"><a title=\"El Cristo de la Expiraci\u00f3n peregrinar\u00e1 hasta la Catedral en la apertura del A\u00f1o Jubilar\" class=\"read-more button\" href=\"https:\/\/www.diocesisciudadrodrigo.org\/blog4\/el-cristo-de-la-expiracion-peregrinara-hasta-la-catedral-en-la-apertura-del-ano-jubilar\/#more-33740\" aria-label=\"M\u00e1s en El Cristo de la Expiraci\u00f3n peregrinar\u00e1 hasta la Catedral en la apertura del A\u00f1o Jubilar\">Leer m\u00e1s &#8230;<\/a><\/p>\n","protected":false},"author":1,"featured_media":33745,"comment_status":"closed","ping_status":"closed","sticky":false,"template":"","format":"standard","meta":{"footnotes":""},"categories":[6],"tags":[],"class_list":["post-33740","post","type-post","status-publish","format-standard","has-post-thumbnail","hentry","category-noticias","masonry-post","generate-columns","tablet-grid-50","mobile-grid-100","grid-parent","grid-50"],"yoast_head":"<!-- This site is optimized with the Yoast SEO plugin v27.3 - https:\/\/yoast.com\/product\/yoast-seo-wordpress\/ -->\n<title>El Cristo de la Expiraci\u00f3n peregrinar\u00e1 hasta la Catedral en la apertura del A\u00f1o Jubilar - Di\u00f3cesis de Ciudad Rodrigo<\/title>\n<meta name=\"robots\" content=\"index, follow, max-snippet:-1, max-image-preview:large, max-video-preview:-1\" \/>\n<link rel=\"canonical\" href=\"https:\/\/www.diocesisciudadrodrigo.org\/blog4\/el-cristo-de-la-expiracion-peregrinara-hasta-la-catedral-en-la-apertura-del-ano-jubilar\/\" \/>\n<meta property=\"og:locale\" content=\"es_ES\" \/>\n<meta property=\"og:type\" content=\"article\" \/>\n<meta property=\"og:title\" content=\"El Cristo de la Expiraci\u00f3n peregrinar\u00e1 hasta la Catedral en la apertura del A\u00f1o Jubilar - Di\u00f3cesis de Ciudad Rodrigo\" \/>\n<meta property=\"og:description\" content=\"El papa Francisco ha pedido que una imagen representativa de cada di\u00f3cesis del mundo para presidir este Jubileo de la Esperanza Delegaci\u00f3n de Medios El Cristo de la Expiraci\u00f3n, de ... Leer m\u00e1s ...\" \/>\n<meta property=\"og:url\" content=\"https:\/\/www.diocesisciudadrodrigo.org\/blog4\/el-cristo-de-la-expiracion-peregrinara-hasta-la-catedral-en-la-apertura-del-ano-jubilar\/\" \/>\n<meta property=\"og:site_name\" content=\"Di\u00f3cesis de Ciudad Rodrigo\" \/>\n<meta property=\"article:publisher\" content=\"https:\/\/www.facebook.com\/people\/Dicesis-Ciudad-Rodrigo-MCS\/100076471923419\/#\" \/>\n<meta property=\"article:published_time\" content=\"2025-01-08T08:37:44+00:00\" \/>\n<meta property=\"article:modified_time\" content=\"2025-01-08T12:26:08+00:00\" \/>\n<meta property=\"og:image\" content=\"https:\/\/www.diocesisciudadrodrigo.org\/blog4\/wp-content\/uploads\/2025\/01\/2022-JuevesSanto-0003-2048x1365-1.jpg\" \/>\n\t<meta property=\"og:image:width\" content=\"2048\" \/>\n\t<meta property=\"og:image:height\" content=\"1365\" \/>\n\t<meta property=\"og:image:type\" content=\"image\/jpeg\" \/>\n<meta name=\"author\" content=\"medios CR\" \/>\n<meta name=\"twitter:card\" content=\"summary_large_image\" \/>\n<meta name=\"twitter:label1\" content=\"Escrito por\" \/>\n\t<meta name=\"twitter:data1\" content=\"medios CR\" \/>\n\t<meta name=\"twitter:label2\" content=\"Tiempo de lectura\" \/>\n\t<meta name=\"twitter:data2\" content=\"1 minuto\" \/>\n<script type=\"application\/ld+json\" class=\"yoast-schema-graph\">{\"@context\":\"https:\\\/\\\/schema.org\",\"@graph\":[{\"@type\":\"Article\",\"@id\":\"https:\\\/\\\/www.diocesisciudadrodrigo.org\\\/blog4\\\/el-cristo-de-la-expiracion-peregrinara-hasta-la-catedral-en-la-apertura-del-ano-jubilar\\\/#article\",\"isPartOf\":{\"@id\":\"https:\\\/\\\/www.diocesisciudadrodrigo.org\\\/blog4\\\/el-cristo-de-la-expiracion-peregrinara-hasta-la-catedral-en-la-apertura-del-ano-jubilar\\\/\"},\"author\":{\"name\":\"medios CR\",\"@id\":\"https:\\\/\\\/www.diocesisciudadrodrigo.org\\\/blog4\\\/#\\\/schema\\\/person\\\/5fcf0ca636a75766ff70e6417b6ed052\"},\"headline\":\"El Cristo de la Expiraci\u00f3n peregrinar\u00e1 hasta la Catedral en la apertura del A\u00f1o Jubilar\",\"datePublished\":\"2025-01-08T08:37:44+00:00\",\"dateModified\":\"2025-01-08T12:26:08+00:00\",\"mainEntityOfPage\":{\"@id\":\"https:\\\/\\\/www.diocesisciudadrodrigo.org\\\/blog4\\\/el-cristo-de-la-expiracion-peregrinara-hasta-la-catedral-en-la-apertura-del-ano-jubilar\\\/\"},\"wordCount\":218,\"publisher\":{\"@id\":\"https:\\\/\\\/www.diocesisciudadrodrigo.org\\\/blog4\\\/#organization\"},\"image\":{\"@id\":\"https:\\\/\\\/www.diocesisciudadrodrigo.org\\\/blog4\\\/el-cristo-de-la-expiracion-peregrinara-hasta-la-catedral-en-la-apertura-del-ano-jubilar\\\/#primaryimage\"},\"thumbnailUrl\":\"https:\\\/\\\/www.diocesisciudadrodrigo.org\\\/blog4\\\/wp-content\\\/uploads\\\/2025\\\/01\\\/2022-JuevesSanto-0003-2048x1365-1.jpg\",\"articleSection\":[\"Noticias\"],\"inLanguage\":\"es\"},{\"@type\":\"WebPage\",\"@id\":\"https:\\\/\\\/www.diocesisciudadrodrigo.org\\\/blog4\\\/el-cristo-de-la-expiracion-peregrinara-hasta-la-catedral-en-la-apertura-del-ano-jubilar\\\/\",\"url\":\"https:\\\/\\\/www.diocesisciudadrodrigo.org\\\/blog4\\\/el-cristo-de-la-expiracion-peregrinara-hasta-la-catedral-en-la-apertura-del-ano-jubilar\\\/\",\"name\":\"El Cristo de la Expiraci\u00f3n peregrinar\u00e1 hasta la Catedral en la apertura del A\u00f1o Jubilar - Di\u00f3cesis de Ciudad Rodrigo\",\"isPartOf\":{\"@id\":\"https:\\\/\\\/www.diocesisciudadrodrigo.org\\\/blog4\\\/#website\"},\"primaryImageOfPage\":{\"@id\":\"https:\\\/\\\/www.diocesisciudadrodrigo.org\\\/blog4\\\/el-cristo-de-la-expiracion-peregrinara-hasta-la-catedral-en-la-apertura-del-ano-jubilar\\\/#primaryimage\"},\"image\":{\"@id\":\"https:\\\/\\\/www.diocesisciudadrodrigo.org\\\/blog4\\\/el-cristo-de-la-expiracion-peregrinara-hasta-la-catedral-en-la-apertura-del-ano-jubilar\\\/#primaryimage\"},\"thumbnailUrl\":\"https:\\\/\\\/www.diocesisciudadrodrigo.org\\\/blog4\\\/wp-content\\\/uploads\\\/2025\\\/01\\\/2022-JuevesSanto-0003-2048x1365-1.jpg\",\"datePublished\":\"2025-01-08T08:37:44+00:00\",\"dateModified\":\"2025-01-08T12:26:08+00:00\",\"breadcrumb\":{\"@id\":\"https:\\\/\\\/www.diocesisciudadrodrigo.org\\\/blog4\\\/el-cristo-de-la-expiracion-peregrinara-hasta-la-catedral-en-la-apertura-del-ano-jubilar\\\/#breadcrumb\"},\"inLanguage\":\"es\",\"potentialAction\":[{\"@type\":\"ReadAction\",\"target\":[\"https:\\\/\\\/www.diocesisciudadrodrigo.org\\\/blog4\\\/el-cristo-de-la-expiracion-peregrinara-hasta-la-catedral-en-la-apertura-del-ano-jubilar\\\/\"]}]},{\"@type\":\"ImageObject\",\"inLanguage\":\"es\",\"@id\":\"https:\\\/\\\/www.diocesisciudadrodrigo.org\\\/blog4\\\/el-cristo-de-la-expiracion-peregrinara-hasta-la-catedral-en-la-apertura-del-ano-jubilar\\\/#primaryimage\",\"url\":\"https:\\\/\\\/www.diocesisciudadrodrigo.org\\\/blog4\\\/wp-content\\\/uploads\\\/2025\\\/01\\\/2022-JuevesSanto-0003-2048x1365-1.jpg\",\"contentUrl\":\"https:\\\/\\\/www.diocesisciudadrodrigo.org\\\/blog4\\\/wp-content\\\/uploads\\\/2025\\\/01\\\/2022-JuevesSanto-0003-2048x1365-1.jpg\",\"width\":2048,\"height\":1365},{\"@type\":\"BreadcrumbList\",\"@id\":\"https:\\\/\\\/www.diocesisciudadrodrigo.org\\\/blog4\\\/el-cristo-de-la-expiracion-peregrinara-hasta-la-catedral-en-la-apertura-del-ano-jubilar\\\/#breadcrumb\",\"itemListElement\":[{\"@type\":\"ListItem\",\"position\":1,\"name\":\"Portada\",\"item\":\"https:\\\/\\\/www.diocesisciudadrodrigo.org\\\/blog4\\\/\"},{\"@type\":\"ListItem\",\"position\":2,\"name\":\"El Cristo de la Expiraci\u00f3n peregrinar\u00e1 hasta la Catedral en la apertura del A\u00f1o Jubilar\"}]},{\"@type\":\"WebSite\",\"@id\":\"https:\\\/\\\/www.diocesisciudadrodrigo.org\\\/blog4\\\/#website\",\"url\":\"https:\\\/\\\/www.diocesisciudadrodrigo.org\\\/blog4\\\/\",\"name\":\"Di\u00f3cesis de Ciudad Rodrigo\",\"description\":\"Sitio web oficial de la di\u00f3cesis civitatense\",\"publisher\":{\"@id\":\"https:\\\/\\\/www.diocesisciudadrodrigo.org\\\/blog4\\\/#organization\"},\"potentialAction\":[{\"@type\":\"SearchAction\",\"target\":{\"@type\":\"EntryPoint\",\"urlTemplate\":\"https:\\\/\\\/www.diocesisciudadrodrigo.org\\\/blog4\\\/?s={search_term_string}\"},\"query-input\":{\"@type\":\"PropertyValueSpecification\",\"valueRequired\":true,\"valueName\":\"search_term_string\"}}],\"inLanguage\":\"es\"},{\"@type\":\"Organization\",\"@id\":\"https:\\\/\\\/www.diocesisciudadrodrigo.org\\\/blog4\\\/#organization\",\"name\":\"Di\u00f3cesis de Ciudad Rodrigo\",\"url\":\"https:\\\/\\\/www.diocesisciudadrodrigo.org\\\/blog4\\\/\",\"logo\":{\"@type\":\"ImageObject\",\"inLanguage\":\"es\",\"@id\":\"https:\\\/\\\/www.diocesisciudadrodrigo.org\\\/blog4\\\/#\\\/schema\\\/logo\\\/image\\\/\",\"url\":\"https:\\\/\\\/www.diocesisciudadrodrigo.org\\\/blog4\\\/wp-content\\\/uploads\\\/2024\\\/12\\\/Diocesis.CMYK_-768x480-1.jpg\",\"contentUrl\":\"https:\\\/\\\/www.diocesisciudadrodrigo.org\\\/blog4\\\/wp-content\\\/uploads\\\/2024\\\/12\\\/Diocesis.CMYK_-768x480-1.jpg\",\"width\":768,\"height\":480,\"caption\":\"Di\u00f3cesis de Ciudad Rodrigo\"},\"image\":{\"@id\":\"https:\\\/\\\/www.diocesisciudadrodrigo.org\\\/blog4\\\/#\\\/schema\\\/logo\\\/image\\\/\"},\"sameAs\":[\"https:\\\/\\\/www.facebook.com\\\/people\\\/Dicesis-Ciudad-Rodrigo-MCS\\\/100076471923419\\\/#\"]},{\"@type\":\"Person\",\"@id\":\"https:\\\/\\\/www.diocesisciudadrodrigo.org\\\/blog4\\\/#\\\/schema\\\/person\\\/5fcf0ca636a75766ff70e6417b6ed052\",\"name\":\"medios CR\",\"image\":{\"@type\":\"ImageObject\",\"inLanguage\":\"es\",\"@id\":\"https:\\\/\\\/secure.gravatar.com\\\/avatar\\\/4a619fd0c7e36bd570f4e6e15eb09a2191185d0f63d8dbfdffe848af141ab87e?s=96&d=mm&r=g\",\"url\":\"https:\\\/\\\/secure.gravatar.com\\\/avatar\\\/4a619fd0c7e36bd570f4e6e15eb09a2191185d0f63d8dbfdffe848af141ab87e?s=96&d=mm&r=g\",\"contentUrl\":\"https:\\\/\\\/secure.gravatar.com\\\/avatar\\\/4a619fd0c7e36bd570f4e6e15eb09a2191185d0f63d8dbfdffe848af141ab87e?s=96&d=mm&r=g\",\"caption\":\"medios CR\"},\"url\":\"https:\\\/\\\/www.diocesisciudadrodrigo.org\\\/blog4\\\/author\\\/admin4\\\/\"}]}<\/script>\n<!-- \/ Yoast SEO plugin. -->","yoast_head_json":{"title":"El Cristo de la Expiraci\u00f3n peregrinar\u00e1 hasta la Catedral en la apertura del A\u00f1o Jubilar - Di\u00f3cesis de Ciudad Rodrigo","robots":{"index":"index","follow":"follow","max-snippet":"max-snippet:-1","max-image-preview":"max-image-preview:large","max-video-preview":"max-video-preview:-1"},"canonical":"https:\/\/www.diocesisciudadrodrigo.org\/blog4\/el-cristo-de-la-expiracion-peregrinara-hasta-la-catedral-en-la-apertura-del-ano-jubilar\/","og_locale":"es_ES","og_type":"article","og_title":"El Cristo de la Expiraci\u00f3n peregrinar\u00e1 hasta la Catedral en la apertura del A\u00f1o Jubilar - Di\u00f3cesis de Ciudad Rodrigo","og_description":"El papa Francisco ha pedido que una imagen representativa de cada di\u00f3cesis del mundo para presidir este Jubileo de la Esperanza Delegaci\u00f3n de Medios El Cristo de la Expiraci\u00f3n, de ... Leer m\u00e1s ...","og_url":"https:\/\/www.diocesisciudadrodrigo.org\/blog4\/el-cristo-de-la-expiracion-peregrinara-hasta-la-catedral-en-la-apertura-del-ano-jubilar\/","og_site_name":"Di\u00f3cesis de Ciudad Rodrigo","article_publisher":"https:\/\/www.facebook.com\/people\/Dicesis-Ciudad-Rodrigo-MCS\/100076471923419\/#","article_published_time":"2025-01-08T08:37:44+00:00","article_modified_time":"2025-01-08T12:26:08+00:00","og_image":[{"width":2048,"height":1365,"url":"https:\/\/www.diocesisciudadrodrigo.org\/blog4\/wp-content\/uploads\/2025\/01\/2022-JuevesSanto-0003-2048x1365-1.jpg","type":"image\/jpeg"}],"author":"medios CR","twitter_card":"summary_large_image","twitter_misc":{"Escrito por":"medios CR","Tiempo de lectura":"1 minuto"},"schema":{"@context":"https:\/\/schema.org","@graph":[{"@type":"Article","@id":"https:\/\/www.diocesisciudadrodrigo.org\/blog4\/el-cristo-de-la-expiracion-peregrinara-hasta-la-catedral-en-la-apertura-del-ano-jubilar\/#article","isPartOf":{"@id":"https:\/\/www.diocesisciudadrodrigo.org\/blog4\/el-cristo-de-la-expiracion-peregrinara-hasta-la-catedral-en-la-apertura-del-ano-jubilar\/"},"author":{"name":"medios CR","@id":"https:\/\/www.diocesisciudadrodrigo.org\/blog4\/#\/schema\/person\/5fcf0ca636a75766ff70e6417b6ed052"},"headline":"El Cristo de la Expiraci\u00f3n peregrinar\u00e1 hasta la Catedral en la apertura del A\u00f1o Jubilar","datePublished":"2025-01-08T08:37:44+00:00","dateModified":"2025-01-08T12:26:08+00:00","mainEntityOfPage":{"@id":"https:\/\/www.diocesisciudadrodrigo.org\/blog4\/el-cristo-de-la-expiracion-peregrinara-hasta-la-catedral-en-la-apertura-del-ano-jubilar\/"},"wordCount":218,"publisher":{"@id":"https:\/\/www.diocesisciudadrodrigo.org\/blog4\/#organization"},"image":{"@id":"https:\/\/www.diocesisciudadrodrigo.org\/blog4\/el-cristo-de-la-expiracion-peregrinara-hasta-la-catedral-en-la-apertura-del-ano-jubilar\/#primaryimage"},"thumbnailUrl":"https:\/\/www.diocesisciudadrodrigo.org\/blog4\/wp-content\/uploads\/2025\/01\/2022-JuevesSanto-0003-2048x1365-1.jpg","articleSection":["Noticias"],"inLanguage":"es"},{"@type":"WebPage","@id":"https:\/\/www.diocesisciudadrodrigo.org\/blog4\/el-cristo-de-la-expiracion-peregrinara-hasta-la-catedral-en-la-apertura-del-ano-jubilar\/","url":"https:\/\/www.diocesisciudadrodrigo.org\/blog4\/el-cristo-de-la-expiracion-peregrinara-hasta-la-catedral-en-la-apertura-del-ano-jubilar\/","name":"El Cristo de la Expiraci\u00f3n peregrinar\u00e1 hasta la Catedral en la apertura del A\u00f1o Jubilar - Di\u00f3cesis de Ciudad Rodrigo","isPartOf":{"@id":"https:\/\/www.diocesisciudadrodrigo.org\/blog4\/#website"},"primaryImageOfPage":{"@id":"https:\/\/www.diocesisciudadrodrigo.org\/blog4\/el-cristo-de-la-expiracion-peregrinara-hasta-la-catedral-en-la-apertura-del-ano-jubilar\/#primaryimage"},"image":{"@id":"https:\/\/www.diocesisciudadrodrigo.org\/blog4\/el-cristo-de-la-expiracion-peregrinara-hasta-la-catedral-en-la-apertura-del-ano-jubilar\/#primaryimage"},"thumbnailUrl":"https:\/\/www.diocesisciudadrodrigo.org\/blog4\/wp-content\/uploads\/2025\/01\/2022-JuevesSanto-0003-2048x1365-1.jpg","datePublished":"2025-01-08T08:37:44+00:00","dateModified":"2025-01-08T12:26:08+00:00","breadcrumb":{"@id":"https:\/\/www.diocesisciudadrodrigo.org\/blog4\/el-cristo-de-la-expiracion-peregrinara-hasta-la-catedral-en-la-apertura-del-ano-jubilar\/#breadcrumb"},"inLanguage":"es","potentialAction":[{"@type":"ReadAction","target":["https:\/\/www.diocesisciudadrodrigo.org\/blog4\/el-cristo-de-la-expiracion-peregrinara-hasta-la-catedral-en-la-apertura-del-ano-jubilar\/"]}]},{"@type":"ImageObject","inLanguage":"es","@id":"https:\/\/www.diocesisciudadrodrigo.org\/blog4\/el-cristo-de-la-expiracion-peregrinara-hasta-la-catedral-en-la-apertura-del-ano-jubilar\/#primaryimage","url":"https:\/\/www.diocesisciudadrodrigo.org\/blog4\/wp-content\/uploads\/2025\/01\/2022-JuevesSanto-0003-2048x1365-1.jpg","contentUrl":"https:\/\/www.diocesisciudadrodrigo.org\/blog4\/wp-content\/uploads\/2025\/01\/2022-JuevesSanto-0003-2048x1365-1.jpg","width":2048,"height":1365},{"@type":"BreadcrumbList","@id":"https:\/\/www.diocesisciudadrodrigo.org\/blog4\/el-cristo-de-la-expiracion-peregrinara-hasta-la-catedral-en-la-apertura-del-ano-jubilar\/#breadcrumb","itemListElement":[{"@type":"ListItem","position":1,"name":"Portada","item":"https:\/\/www.diocesisciudadrodrigo.org\/blog4\/"},{"@type":"ListItem","position":2,"name":"El Cristo de la Expiraci\u00f3n peregrinar\u00e1 hasta la Catedral en la apertura del A\u00f1o Jubilar"}]},{"@type":"WebSite","@id":"https:\/\/www.diocesisciudadrodrigo.org\/blog4\/#website","url":"https:\/\/www.diocesisciudadrodrigo.org\/blog4\/","name":"Di\u00f3cesis de Ciudad Rodrigo","description":"Sitio web oficial de la di\u00f3cesis civitatense","publisher":{"@id":"https:\/\/www.diocesisciudadrodrigo.org\/blog4\/#organization"},"potentialAction":[{"@type":"SearchAction","target":{"@type":"EntryPoint","urlTemplate":"https:\/\/www.diocesisciudadrodrigo.org\/blog4\/?s={search_term_string}"},"query-input":{"@type":"PropertyValueSpecification","valueRequired":true,"valueName":"search_term_string"}}],"inLanguage":"es"},{"@type":"Organization","@id":"https:\/\/www.diocesisciudadrodrigo.org\/blog4\/#organization","name":"Di\u00f3cesis de Ciudad Rodrigo","url":"https:\/\/www.diocesisciudadrodrigo.org\/blog4\/","logo":{"@type":"ImageObject","inLanguage":"es","@id":"https:\/\/www.diocesisciudadrodrigo.org\/blog4\/#\/schema\/logo\/image\/","url":"https:\/\/www.diocesisciudadrodrigo.org\/blog4\/wp-content\/uploads\/2024\/12\/Diocesis.CMYK_-768x480-1.jpg","contentUrl":"https:\/\/www.diocesisciudadrodrigo.org\/blog4\/wp-content\/uploads\/2024\/12\/Diocesis.CMYK_-768x480-1.jpg","width":768,"height":480,"caption":"Di\u00f3cesis de Ciudad Rodrigo"},"image":{"@id":"https:\/\/www.diocesisciudadrodrigo.org\/blog4\/#\/schema\/logo\/image\/"},"sameAs":["https:\/\/www.facebook.com\/people\/Dicesis-Ciudad-Rodrigo-MCS\/100076471923419\/#"]},{"@type":"Person","@id":"https:\/\/www.diocesisciudadrodrigo.org\/blog4\/#\/schema\/person\/5fcf0ca636a75766ff70e6417b6ed052","name":"medios CR","image":{"@type":"ImageObject","inLanguage":"es","@id":"https:\/\/secure.gravatar.com\/avatar\/4a619fd0c7e36bd570f4e6e15eb09a2191185d0f63d8dbfdffe848af141ab87e?s=96&d=mm&r=g","url":"https:\/\/secure.gravatar.com\/avatar\/4a619fd0c7e36bd570f4e6e15eb09a2191185d0f63d8dbfdffe848af141ab87e?s=96&d=mm&r=g","contentUrl":"https:\/\/secure.gravatar.com\/avatar\/4a619fd0c7e36bd570f4e6e15eb09a2191185d0f63d8dbfdffe848af141ab87e?s=96&d=mm&r=g","caption":"medios CR"},"url":"https:\/\/www.diocesisciudadrodrigo.org\/blog4\/author\/admin4\/"}]}},"_links":{"self":[{"href":"https:\/\/www.diocesisciudadrodrigo.org\/blog4\/wp-json\/wp\/v2\/posts\/33740","targetHints":{"allow":["GET"]}}],"collection":[{"href":"https:\/\/www.diocesisciudadrodrigo.org\/blog4\/wp-json\/wp\/v2\/posts"}],"about":[{"href":"https:\/\/www.diocesisciudadrodrigo.org\/blog4\/wp-json\/wp\/v2\/types\/post"}],"author":[{"embeddable":true,"href":"https:\/\/www.diocesisciudadrodrigo.org\/blog4\/wp-json\/wp\/v2\/users\/1"}],"replies":[{"embeddable":true,"href":"https:\/\/www.diocesisciudadrodrigo.org\/blog4\/wp-json\/wp\/v2\/comments?post=33740"}],"version-history":[{"count":16,"href":"https:\/\/www.diocesisciudadrodrigo.org\/blog4\/wp-json\/wp\/v2\/posts\/33740\/revisions"}],"predecessor-version":[{"id":33821,"href":"https:\/\/www.diocesisciudadrodrigo.org\/blog4\/wp-json\/wp\/v2\/posts\/33740\/revisions\/33821"}],"wp:featuredmedia":[{"embeddable":true,"href":"https:\/\/www.diocesisciudadrodrigo.org\/blog4\/wp-json\/wp\/v2\/media\/33745"}],"wp:attachment":[{"href":"https:\/\/www.diocesisciudadrodrigo.org\/blog4\/wp-json\/wp\/v2\/media?parent=33740"}],"wp:term":[{"taxonomy":"category","embeddable":true,"href":"https:\/\/www.diocesisciudadrodrigo.org\/blog4\/wp-json\/wp\/v2\/categories?post=33740"},{"taxonomy":"post_tag","embeddable":true,"href":"https:\/\/www.diocesisciudadrodrigo.org\/blog4\/wp-json\/wp\/v2\/tags?post=33740"}],"curies":[{"name":"wp","href":"https:\/\/api.w.org\/{rel}","templated":true}]}}