{"id":32893,"date":"2024-09-28T15:00:55","date_gmt":"2024-09-28T13:00:55","guid":{"rendered":"https:\/\/www.diocesisciudadrodrigo.org\/blog4\/?p=32893"},"modified":"2024-09-28T15:03:31","modified_gmt":"2024-09-28T13:03:31","slug":"el-profesor-carvajal-anima-a-ponerse-al-servicio-del-espiritu-santo-para-descubrir-la-evangelizacion-con-alegria-serenidad-y-responsabilidad","status":"publish","type":"post","link":"https:\/\/www.diocesisciudadrodrigo.org\/blog4\/el-profesor-carvajal-anima-a-ponerse-al-servicio-del-espiritu-santo-para-descubrir-la-evangelizacion-con-alegria-serenidad-y-responsabilidad\/","title":{"rendered":"El profesor Carvajal anima a ponerse \u00abal servicio del Esp\u00edritu Santo\u00bb para descubrir la evangelizaci\u00f3n \u00abcon alegr\u00eda, serenidad y responsabilidad\u00bb"},"content":{"rendered":"\t\t<div data-elementor-type=\"wp-post\" data-elementor-id=\"32893\" class=\"elementor elementor-32893\" data-elementor-settings=\"[]\">\n\t\t\t\t\t\t<div class=\"elementor-inner\">\n\t\t\t\t\t\t\t<div class=\"elementor-section-wrap\">\n\t\t\t\t\t\t\t<section class=\"elementor-section elementor-top-section elementor-element elementor-element-f74b05f elementor-section-boxed elementor-section-height-default elementor-section-height-default\" data-id=\"f74b05f\" data-element_type=\"section\">\n\t\t\t\t\t\t<div class=\"elementor-container elementor-column-gap-default\">\n\t\t\t\t\t\t\t<div class=\"elementor-row\">\n\t\t\t\t\t<div class=\"elementor-column elementor-col-100 elementor-top-column elementor-element elementor-element-46cee39\" data-id=\"46cee39\" data-element_type=\"column\">\n\t\t\t<div class=\"elementor-column-wrap elementor-element-populated\">\n\t\t\t\t\t\t\t<div class=\"elementor-widget-wrap\">\n\t\t\t\t\t\t<div class=\"elementor-element elementor-element-2270a10 elementor-widget elementor-widget-text-editor\" data-id=\"2270a10\" data-element_type=\"widget\" data-widget_type=\"text-editor.default\">\n\t\t\t\t<div class=\"elementor-widget-container\">\n\t\t\t\t\t\t\t\t<div class=\"elementor-text-editor elementor-clearfix\">\n\t\t\t\t<p>La Capilla Mayor del Seminario ha acogido este s\u00e1bado, la primera parte de la sesi\u00f3n inaugural del Curso Pastoral 2024-2025, que se desarrolla bajo el lema &#8216;Caminamos con alegr\u00eda\u00bb.<\/p><p>El Obispo de la di\u00f3cesis, Mons. Jos\u00e9 Luis Retana, ha dirigido unas palabras a todos los asistentes y se ha mostrado convencido de que \u00abser\u00e1 un curso provechoso para todos\u00bb.<\/p><p>Representantes de los siete arciprestazgos han colocado una vela delante del mapa de la di\u00f3cesis y el di\u00e1cono permanente, D. Daniel Mielgo, ha sido el encargado de leer el Evangelio.<\/p><p>El Vicario de Pastoral, D. Antonio Risue\u00f1o, ha dado paso al ponente, el profesor D. Juan Carlos Carvajal, sacerdote de la Di\u00f3cesis de Madrid.<\/p><p>Al hilo del lema del Curso Pastoral y la palabra \u00abalegr\u00eda\u00bb, Carvajal ha dejado claro, como punto de partida, que \u00absi dejamos que el Esp\u00edritu sea protagonista, no puede faltar la alegr\u00eda pues donde est\u00e1 el Esp\u00edritu, est\u00e1 la alegr\u00eda\u00bb.<\/p><p>A trav\u00e9s de varios textos, ha explicado las condiciones que se deben dar \u00abpara que seamos una Iglesia sinodal\u00bb, teniendo en cuenta que \u00abS\u00ednodo es un concepto f\u00e1cil, pero ponerlo en pr\u00e1ctica es m\u00e1s complejo\u00bb. En cualquier caso, en este tercer milenio, a la Iglesia se le pide \u00abavanzar en una din\u00e1mica sinodal\u00bb y siempre aceptando que \u00absi hacemos del S\u00ednodo una moda, dentro de un a\u00f1o ser\u00e1 antiguo\u00bb.<\/p><p>De igual modo, se ha referido a una sociedad \u00abhiperindividualista\u00bb en la que debemos vivir la fe en comuni\u00f3n eclesial. \u00abNosotros, desde el mismo alumbramiento en la fe estamos situados en la comuni\u00f3n eclesial, no podemos entenderlo individualmente\u00bb. En este sentido, les dijo a los asistentes que su presencia \u00abme est\u00e1 fortaleciendo, vengo a hacer un testimonio de fe, igual que ustedes con su presencia me est\u00e1n dando un testimonio\u00bb.<\/p><p>Record\u00f3 que \u00abtodos estamos capacitados para escuchar al Esp\u00edritu Santo, cada uno en una sinton\u00eda, pero la escucha siempre es parcial por eso necesitamos escuchar qu\u00e9 dice a la iglesias, la escucha mutua es el instrumento para escuchar al Esp\u00edritu\u00bb.<\/p><p>Tambi\u00e9n anim\u00f3 a \u00abromper la falsa mentalidad\u00bb que nos hace creer que \u00abDios est\u00e1 en la iglesia, entre cuatro paredes, y cuando salimos nos vamos a un mundo sin Dios\u00bb.<\/p><p>\u00abSomos cristianos de &#8216;la secreta'\u00bb, brome\u00f3, \u00aby nos da miedo salir fuera, no sea que nos cause problemas, pero poco ser\u00eda nuestro Dios si estuviera entre cuatro paredes\u00bb.<\/p><p>En su charla apareci\u00f3, como no pod\u00eda ser de otra manera, el Bautismo, \u00abel com\u00fan denominador que nos une a todos los bautizados\u00bb. Por eso insisti\u00f3 en que \u00aben cada uno de nosotros est\u00e1 el Esp\u00edritu actuando, es dar cr\u00e9dito a un don recibido, creer en el don que te han dado en el bautismo\u00bb.<\/p><p>A modo de resumen o de \u00faltima frase, invit\u00f3 a situar al Esp\u00edritu en el centro y a \u00abponerse al servicio del Esp\u00edritu Santo\u00bb y de este modo, \u00abla evangelizaci\u00f3n se descubrir\u00e1 con alegr\u00eda, serenidad y responsabilidad\u00bb.<\/p><p>Tras un descanso y un di\u00e1logo con el ponente, los asistentes se trasladaron a la Catedral donde Mons. Jos\u00e9 Luis Retana ha presidido la Eucarist\u00eda.<\/p>\t\t\t\t\t<\/div>\n\t\t\t\t\t\t<\/div>\n\t\t\t\t<\/div>\n\t\t\t\t\t\t<\/div>\n\t\t\t\t\t<\/div>\n\t\t<\/div>\n\t\t\t\t\t\t\t\t<\/div>\n\t\t\t\t\t<\/div>\n\t\t<\/section>\n\t\t\t\t<section class=\"elementor-section elementor-top-section elementor-element elementor-element-5cbdce9 elementor-section-boxed elementor-section-height-default elementor-section-height-default\" data-id=\"5cbdce9\" data-element_type=\"section\">\n\t\t\t\t\t\t<div class=\"elementor-container elementor-column-gap-default\">\n\t\t\t\t\t\t\t<div class=\"elementor-row\">\n\t\t\t\t\t<div class=\"elementor-column elementor-col-100 elementor-top-column elementor-element elementor-element-624dae5\" data-id=\"624dae5\" data-element_type=\"column\">\n\t\t\t<div class=\"elementor-column-wrap elementor-element-populated\">\n\t\t\t\t\t\t\t<div class=\"elementor-widget-wrap\">\n\t\t\t\t\t\t<div class=\"elementor-element elementor-element-c6bdee0 elementor-widget elementor-widget-image-gallery\" data-id=\"c6bdee0\" data-element_type=\"widget\" data-widget_type=\"image-gallery.default\">\n\t\t\t\t<div class=\"elementor-widget-container\">\n\t\t\t\t\t<div class=\"elementor-image-gallery\">\n\t\t\t<div id='gallery-1' class='gallery galleryid-32893 gallery-columns-4 gallery-size-medium'><figure class='gallery-item'>\n\t\t\t<div class='gallery-icon landscape'>\n\t\t\t\t<a  href='https:\/\/www.diocesisciudadrodrigo.org\/blog4\/wp-content\/uploads\/2024\/09\/IMG_7747.jpg'><img loading=\"lazy\" decoding=\"async\" width=\"300\" height=\"225\" src=\"https:\/\/www.diocesisciudadrodrigo.org\/blog4\/wp-content\/uploads\/2024\/09\/IMG_7747-300x225.jpg\" class=\"attachment-medium size-medium\" alt=\"\" srcset=\"https:\/\/www.diocesisciudadrodrigo.org\/blog4\/wp-content\/uploads\/2024\/09\/IMG_7747-300x225.jpg 300w, https:\/\/www.diocesisciudadrodrigo.org\/blog4\/wp-content\/uploads\/2024\/09\/IMG_7747-1024x768.jpg 1024w, https:\/\/www.diocesisciudadrodrigo.org\/blog4\/wp-content\/uploads\/2024\/09\/IMG_7747-768x576.jpg 768w, https:\/\/www.diocesisciudadrodrigo.org\/blog4\/wp-content\/uploads\/2024\/09\/IMG_7747-1536x1152.jpg 1536w, https:\/\/www.diocesisciudadrodrigo.org\/blog4\/wp-content\/uploads\/2024\/09\/IMG_7747-350x263.jpg 350w, https:\/\/www.diocesisciudadrodrigo.org\/blog4\/wp-content\/uploads\/2024\/09\/IMG_7747.jpg 2016w\" sizes=\"auto, (max-width: 300px) 100vw, 300px\" \/><\/a>\n\t\t\t<\/div><\/figure><figure class='gallery-item'>\n\t\t\t<div class='gallery-icon landscape'>\n\t\t\t\t<a  href='https:\/\/www.diocesisciudadrodrigo.org\/blog4\/wp-content\/uploads\/2024\/09\/IMG_7749.jpg'><img loading=\"lazy\" decoding=\"async\" width=\"300\" height=\"225\" src=\"https:\/\/www.diocesisciudadrodrigo.org\/blog4\/wp-content\/uploads\/2024\/09\/IMG_7749-300x225.jpg\" class=\"attachment-medium size-medium\" alt=\"\" srcset=\"https:\/\/www.diocesisciudadrodrigo.org\/blog4\/wp-content\/uploads\/2024\/09\/IMG_7749-300x225.jpg 300w, https:\/\/www.diocesisciudadrodrigo.org\/blog4\/wp-content\/uploads\/2024\/09\/IMG_7749-1024x768.jpg 1024w, https:\/\/www.diocesisciudadrodrigo.org\/blog4\/wp-content\/uploads\/2024\/09\/IMG_7749-768x576.jpg 768w, https:\/\/www.diocesisciudadrodrigo.org\/blog4\/wp-content\/uploads\/2024\/09\/IMG_7749-1536x1152.jpg 1536w, https:\/\/www.diocesisciudadrodrigo.org\/blog4\/wp-content\/uploads\/2024\/09\/IMG_7749-350x263.jpg 350w, https:\/\/www.diocesisciudadrodrigo.org\/blog4\/wp-content\/uploads\/2024\/09\/IMG_7749.jpg 2016w\" sizes=\"auto, (max-width: 300px) 100vw, 300px\" \/><\/a>\n\t\t\t<\/div><\/figure><figure class='gallery-item'>\n\t\t\t<div class='gallery-icon landscape'>\n\t\t\t\t<a  href='https:\/\/www.diocesisciudadrodrigo.org\/blog4\/wp-content\/uploads\/2024\/09\/IMG_7752.jpg'><img loading=\"lazy\" decoding=\"async\" width=\"300\" height=\"225\" src=\"https:\/\/www.diocesisciudadrodrigo.org\/blog4\/wp-content\/uploads\/2024\/09\/IMG_7752-300x225.jpg\" class=\"attachment-medium size-medium\" alt=\"\" srcset=\"https:\/\/www.diocesisciudadrodrigo.org\/blog4\/wp-content\/uploads\/2024\/09\/IMG_7752-300x225.jpg 300w, https:\/\/www.diocesisciudadrodrigo.org\/blog4\/wp-content\/uploads\/2024\/09\/IMG_7752-1024x768.jpg 1024w, https:\/\/www.diocesisciudadrodrigo.org\/blog4\/wp-content\/uploads\/2024\/09\/IMG_7752-768x576.jpg 768w, https:\/\/www.diocesisciudadrodrigo.org\/blog4\/wp-content\/uploads\/2024\/09\/IMG_7752-1536x1152.jpg 1536w, https:\/\/www.diocesisciudadrodrigo.org\/blog4\/wp-content\/uploads\/2024\/09\/IMG_7752-350x263.jpg 350w, https:\/\/www.diocesisciudadrodrigo.org\/blog4\/wp-content\/uploads\/2024\/09\/IMG_7752.jpg 2016w\" sizes=\"auto, (max-width: 300px) 100vw, 300px\" \/><\/a>\n\t\t\t<\/div><\/figure><figure class='gallery-item'>\n\t\t\t<div class='gallery-icon landscape'>\n\t\t\t\t<a  href='https:\/\/www.diocesisciudadrodrigo.org\/blog4\/wp-content\/uploads\/2024\/09\/IMG_7758.jpg'><img loading=\"lazy\" decoding=\"async\" width=\"300\" height=\"225\" src=\"https:\/\/www.diocesisciudadrodrigo.org\/blog4\/wp-content\/uploads\/2024\/09\/IMG_7758-300x225.jpg\" class=\"attachment-medium size-medium\" alt=\"\" srcset=\"https:\/\/www.diocesisciudadrodrigo.org\/blog4\/wp-content\/uploads\/2024\/09\/IMG_7758-300x225.jpg 300w, https:\/\/www.diocesisciudadrodrigo.org\/blog4\/wp-content\/uploads\/2024\/09\/IMG_7758-1024x768.jpg 1024w, https:\/\/www.diocesisciudadrodrigo.org\/blog4\/wp-content\/uploads\/2024\/09\/IMG_7758-768x576.jpg 768w, https:\/\/www.diocesisciudadrodrigo.org\/blog4\/wp-content\/uploads\/2024\/09\/IMG_7758-1536x1152.jpg 1536w, https:\/\/www.diocesisciudadrodrigo.org\/blog4\/wp-content\/uploads\/2024\/09\/IMG_7758-350x263.jpg 350w, https:\/\/www.diocesisciudadrodrigo.org\/blog4\/wp-content\/uploads\/2024\/09\/IMG_7758.jpg 2016w\" sizes=\"auto, (max-width: 300px) 100vw, 300px\" \/><\/a>\n\t\t\t<\/div><\/figure>\n\t\t<\/div>\n\t\t<\/div>\n\t\t\t\t<\/div>\n\t\t\t\t<\/div>\n\t\t\t\t\t\t<\/div>\n\t\t\t\t\t<\/div>\n\t\t<\/div>\n\t\t\t\t\t\t\t\t<\/div>\n\t\t\t\t\t<\/div>\n\t\t<\/section>\n\t\t\t\t\t\t<\/div>\n\t\t\t\t\t\t<\/div>\n\t\t\t\t\t<\/div>\n\t\t","protected":false},"excerpt":{"rendered":"<p>La Capilla Mayor del Seminario ha acogido este s\u00e1bado, la primera parte de la sesi\u00f3n inaugural del Curso Pastoral 2024-2025, que se desarrolla bajo el lema &#8216;Caminamos con alegr\u00eda\u00bb. El &#8230; <\/p>\n<p class=\"read-more-container\"><a title=\"El profesor Carvajal anima a ponerse \u00abal servicio del Esp\u00edritu Santo\u00bb para descubrir la evangelizaci\u00f3n \u00abcon alegr\u00eda, serenidad y responsabilidad\u00bb\" class=\"read-more button\" href=\"https:\/\/www.diocesisciudadrodrigo.org\/blog4\/el-profesor-carvajal-anima-a-ponerse-al-servicio-del-espiritu-santo-para-descubrir-la-evangelizacion-con-alegria-serenidad-y-responsabilidad\/#more-32893\" aria-label=\"M\u00e1s en El profesor Carvajal anima a ponerse \u00abal servicio del Esp\u00edritu Santo\u00bb para descubrir la evangelizaci\u00f3n \u00abcon alegr\u00eda, serenidad y responsabilidad\u00bb\">Leer m\u00e1s &#8230;<\/a><\/p>\n","protected":false},"author":1,"featured_media":32896,"comment_status":"closed","ping_status":"closed","sticky":false,"template":"","format":"standard","meta":{"footnotes":""},"categories":[6],"tags":[],"class_list":["post-32893","post","type-post","status-publish","format-standard","has-post-thumbnail","hentry","category-noticias","masonry-post","generate-columns","tablet-grid-50","mobile-grid-100","grid-parent","grid-50"],"yoast_head":"<!-- This site is optimized with the Yoast SEO plugin v27.3 - https:\/\/yoast.com\/product\/yoast-seo-wordpress\/ -->\n<title>El profesor Carvajal anima a ponerse &quot;al servicio del Esp\u00edritu Santo&quot; para descubrir la evangelizaci\u00f3n &quot;con alegr\u00eda, serenidad y responsabilidad&quot; - Di\u00f3cesis de Ciudad Rodrigo<\/title>\n<meta name=\"robots\" content=\"index, follow, max-snippet:-1, max-image-preview:large, max-video-preview:-1\" \/>\n<link rel=\"canonical\" href=\"https:\/\/www.diocesisciudadrodrigo.org\/blog4\/el-profesor-carvajal-anima-a-ponerse-al-servicio-del-espiritu-santo-para-descubrir-la-evangelizacion-con-alegria-serenidad-y-responsabilidad\/\" \/>\n<meta property=\"og:locale\" content=\"es_ES\" \/>\n<meta property=\"og:type\" content=\"article\" \/>\n<meta property=\"og:title\" content=\"El profesor Carvajal anima a ponerse &quot;al servicio del Esp\u00edritu Santo&quot; para descubrir la evangelizaci\u00f3n &quot;con alegr\u00eda, serenidad y responsabilidad&quot; - Di\u00f3cesis de Ciudad Rodrigo\" \/>\n<meta property=\"og:description\" content=\"La Capilla Mayor del Seminario ha acogido este s\u00e1bado, la primera parte de la sesi\u00f3n inaugural del Curso Pastoral 2024-2025, que se desarrolla bajo el lema &#8216;Caminamos con alegr\u00eda\u00bb. El ... Leer m\u00e1s ...\" \/>\n<meta property=\"og:url\" content=\"https:\/\/www.diocesisciudadrodrigo.org\/blog4\/el-profesor-carvajal-anima-a-ponerse-al-servicio-del-espiritu-santo-para-descubrir-la-evangelizacion-con-alegria-serenidad-y-responsabilidad\/\" \/>\n<meta property=\"og:site_name\" content=\"Di\u00f3cesis de Ciudad Rodrigo\" \/>\n<meta property=\"article:publisher\" content=\"https:\/\/www.facebook.com\/people\/Dicesis-Ciudad-Rodrigo-MCS\/100076471923419\/#\" \/>\n<meta property=\"article:published_time\" content=\"2024-09-28T13:00:55+00:00\" \/>\n<meta property=\"article:modified_time\" content=\"2024-09-28T13:03:31+00:00\" \/>\n<meta property=\"og:image\" content=\"https:\/\/www.diocesisciudadrodrigo.org\/blog4\/wp-content\/uploads\/2024\/09\/IMG_7752.jpg\" \/>\n\t<meta property=\"og:image:width\" content=\"2016\" \/>\n\t<meta property=\"og:image:height\" content=\"1512\" \/>\n\t<meta property=\"og:image:type\" content=\"image\/jpeg\" \/>\n<meta name=\"author\" content=\"medios CR\" \/>\n<meta name=\"twitter:card\" content=\"summary_large_image\" \/>\n<meta name=\"twitter:label1\" content=\"Escrito por\" \/>\n\t<meta name=\"twitter:data1\" content=\"medios CR\" \/>\n\t<meta name=\"twitter:label2\" content=\"Tiempo de lectura\" \/>\n\t<meta name=\"twitter:data2\" content=\"3 minutos\" \/>\n<script type=\"application\/ld+json\" class=\"yoast-schema-graph\">{\"@context\":\"https:\\\/\\\/schema.org\",\"@graph\":[{\"@type\":\"Article\",\"@id\":\"https:\\\/\\\/www.diocesisciudadrodrigo.org\\\/blog4\\\/el-profesor-carvajal-anima-a-ponerse-al-servicio-del-espiritu-santo-para-descubrir-la-evangelizacion-con-alegria-serenidad-y-responsabilidad\\\/#article\",\"isPartOf\":{\"@id\":\"https:\\\/\\\/www.diocesisciudadrodrigo.org\\\/blog4\\\/el-profesor-carvajal-anima-a-ponerse-al-servicio-del-espiritu-santo-para-descubrir-la-evangelizacion-con-alegria-serenidad-y-responsabilidad\\\/\"},\"author\":{\"name\":\"medios CR\",\"@id\":\"https:\\\/\\\/www.diocesisciudadrodrigo.org\\\/blog4\\\/#\\\/schema\\\/person\\\/5fcf0ca636a75766ff70e6417b6ed052\"},\"headline\":\"El profesor Carvajal anima a ponerse \u00abal servicio del Esp\u00edritu Santo\u00bb para descubrir la evangelizaci\u00f3n \u00abcon alegr\u00eda, serenidad y responsabilidad\u00bb\",\"datePublished\":\"2024-09-28T13:00:55+00:00\",\"dateModified\":\"2024-09-28T13:03:31+00:00\",\"mainEntityOfPage\":{\"@id\":\"https:\\\/\\\/www.diocesisciudadrodrigo.org\\\/blog4\\\/el-profesor-carvajal-anima-a-ponerse-al-servicio-del-espiritu-santo-para-descubrir-la-evangelizacion-con-alegria-serenidad-y-responsabilidad\\\/\"},\"wordCount\":569,\"publisher\":{\"@id\":\"https:\\\/\\\/www.diocesisciudadrodrigo.org\\\/blog4\\\/#organization\"},\"image\":{\"@id\":\"https:\\\/\\\/www.diocesisciudadrodrigo.org\\\/blog4\\\/el-profesor-carvajal-anima-a-ponerse-al-servicio-del-espiritu-santo-para-descubrir-la-evangelizacion-con-alegria-serenidad-y-responsabilidad\\\/#primaryimage\"},\"thumbnailUrl\":\"https:\\\/\\\/www.diocesisciudadrodrigo.org\\\/blog4\\\/wp-content\\\/uploads\\\/2024\\\/09\\\/IMG_7752.jpg\",\"articleSection\":[\"Noticias\"],\"inLanguage\":\"es\"},{\"@type\":\"WebPage\",\"@id\":\"https:\\\/\\\/www.diocesisciudadrodrigo.org\\\/blog4\\\/el-profesor-carvajal-anima-a-ponerse-al-servicio-del-espiritu-santo-para-descubrir-la-evangelizacion-con-alegria-serenidad-y-responsabilidad\\\/\",\"url\":\"https:\\\/\\\/www.diocesisciudadrodrigo.org\\\/blog4\\\/el-profesor-carvajal-anima-a-ponerse-al-servicio-del-espiritu-santo-para-descubrir-la-evangelizacion-con-alegria-serenidad-y-responsabilidad\\\/\",\"name\":\"El profesor Carvajal anima a ponerse \\\"al servicio del Esp\u00edritu Santo\\\" para descubrir la evangelizaci\u00f3n \\\"con alegr\u00eda, serenidad y responsabilidad\\\" - Di\u00f3cesis de Ciudad Rodrigo\",\"isPartOf\":{\"@id\":\"https:\\\/\\\/www.diocesisciudadrodrigo.org\\\/blog4\\\/#website\"},\"primaryImageOfPage\":{\"@id\":\"https:\\\/\\\/www.diocesisciudadrodrigo.org\\\/blog4\\\/el-profesor-carvajal-anima-a-ponerse-al-servicio-del-espiritu-santo-para-descubrir-la-evangelizacion-con-alegria-serenidad-y-responsabilidad\\\/#primaryimage\"},\"image\":{\"@id\":\"https:\\\/\\\/www.diocesisciudadrodrigo.org\\\/blog4\\\/el-profesor-carvajal-anima-a-ponerse-al-servicio-del-espiritu-santo-para-descubrir-la-evangelizacion-con-alegria-serenidad-y-responsabilidad\\\/#primaryimage\"},\"thumbnailUrl\":\"https:\\\/\\\/www.diocesisciudadrodrigo.org\\\/blog4\\\/wp-content\\\/uploads\\\/2024\\\/09\\\/IMG_7752.jpg\",\"datePublished\":\"2024-09-28T13:00:55+00:00\",\"dateModified\":\"2024-09-28T13:03:31+00:00\",\"breadcrumb\":{\"@id\":\"https:\\\/\\\/www.diocesisciudadrodrigo.org\\\/blog4\\\/el-profesor-carvajal-anima-a-ponerse-al-servicio-del-espiritu-santo-para-descubrir-la-evangelizacion-con-alegria-serenidad-y-responsabilidad\\\/#breadcrumb\"},\"inLanguage\":\"es\",\"potentialAction\":[{\"@type\":\"ReadAction\",\"target\":[\"https:\\\/\\\/www.diocesisciudadrodrigo.org\\\/blog4\\\/el-profesor-carvajal-anima-a-ponerse-al-servicio-del-espiritu-santo-para-descubrir-la-evangelizacion-con-alegria-serenidad-y-responsabilidad\\\/\"]}]},{\"@type\":\"ImageObject\",\"inLanguage\":\"es\",\"@id\":\"https:\\\/\\\/www.diocesisciudadrodrigo.org\\\/blog4\\\/el-profesor-carvajal-anima-a-ponerse-al-servicio-del-espiritu-santo-para-descubrir-la-evangelizacion-con-alegria-serenidad-y-responsabilidad\\\/#primaryimage\",\"url\":\"https:\\\/\\\/www.diocesisciudadrodrigo.org\\\/blog4\\\/wp-content\\\/uploads\\\/2024\\\/09\\\/IMG_7752.jpg\",\"contentUrl\":\"https:\\\/\\\/www.diocesisciudadrodrigo.org\\\/blog4\\\/wp-content\\\/uploads\\\/2024\\\/09\\\/IMG_7752.jpg\",\"width\":2016,\"height\":1512},{\"@type\":\"BreadcrumbList\",\"@id\":\"https:\\\/\\\/www.diocesisciudadrodrigo.org\\\/blog4\\\/el-profesor-carvajal-anima-a-ponerse-al-servicio-del-espiritu-santo-para-descubrir-la-evangelizacion-con-alegria-serenidad-y-responsabilidad\\\/#breadcrumb\",\"itemListElement\":[{\"@type\":\"ListItem\",\"position\":1,\"name\":\"Portada\",\"item\":\"https:\\\/\\\/www.diocesisciudadrodrigo.org\\\/blog4\\\/\"},{\"@type\":\"ListItem\",\"position\":2,\"name\":\"El profesor Carvajal anima a ponerse \u00abal servicio del Esp\u00edritu Santo\u00bb para descubrir la evangelizaci\u00f3n \u00abcon alegr\u00eda, serenidad y responsabilidad\u00bb\"}]},{\"@type\":\"WebSite\",\"@id\":\"https:\\\/\\\/www.diocesisciudadrodrigo.org\\\/blog4\\\/#website\",\"url\":\"https:\\\/\\\/www.diocesisciudadrodrigo.org\\\/blog4\\\/\",\"name\":\"Di\u00f3cesis de Ciudad Rodrigo\",\"description\":\"Sitio web oficial de la di\u00f3cesis civitatense\",\"publisher\":{\"@id\":\"https:\\\/\\\/www.diocesisciudadrodrigo.org\\\/blog4\\\/#organization\"},\"potentialAction\":[{\"@type\":\"SearchAction\",\"target\":{\"@type\":\"EntryPoint\",\"urlTemplate\":\"https:\\\/\\\/www.diocesisciudadrodrigo.org\\\/blog4\\\/?s={search_term_string}\"},\"query-input\":{\"@type\":\"PropertyValueSpecification\",\"valueRequired\":true,\"valueName\":\"search_term_string\"}}],\"inLanguage\":\"es\"},{\"@type\":\"Organization\",\"@id\":\"https:\\\/\\\/www.diocesisciudadrodrigo.org\\\/blog4\\\/#organization\",\"name\":\"Di\u00f3cesis de Ciudad Rodrigo\",\"url\":\"https:\\\/\\\/www.diocesisciudadrodrigo.org\\\/blog4\\\/\",\"logo\":{\"@type\":\"ImageObject\",\"inLanguage\":\"es\",\"@id\":\"https:\\\/\\\/www.diocesisciudadrodrigo.org\\\/blog4\\\/#\\\/schema\\\/logo\\\/image\\\/\",\"url\":\"https:\\\/\\\/www.diocesisciudadrodrigo.org\\\/blog4\\\/wp-content\\\/uploads\\\/2024\\\/12\\\/Diocesis.CMYK_-768x480-1.jpg\",\"contentUrl\":\"https:\\\/\\\/www.diocesisciudadrodrigo.org\\\/blog4\\\/wp-content\\\/uploads\\\/2024\\\/12\\\/Diocesis.CMYK_-768x480-1.jpg\",\"width\":768,\"height\":480,\"caption\":\"Di\u00f3cesis de Ciudad Rodrigo\"},\"image\":{\"@id\":\"https:\\\/\\\/www.diocesisciudadrodrigo.org\\\/blog4\\\/#\\\/schema\\\/logo\\\/image\\\/\"},\"sameAs\":[\"https:\\\/\\\/www.facebook.com\\\/people\\\/Dicesis-Ciudad-Rodrigo-MCS\\\/100076471923419\\\/#\"]},{\"@type\":\"Person\",\"@id\":\"https:\\\/\\\/www.diocesisciudadrodrigo.org\\\/blog4\\\/#\\\/schema\\\/person\\\/5fcf0ca636a75766ff70e6417b6ed052\",\"name\":\"medios CR\",\"image\":{\"@type\":\"ImageObject\",\"inLanguage\":\"es\",\"@id\":\"https:\\\/\\\/secure.gravatar.com\\\/avatar\\\/4a619fd0c7e36bd570f4e6e15eb09a2191185d0f63d8dbfdffe848af141ab87e?s=96&d=mm&r=g\",\"url\":\"https:\\\/\\\/secure.gravatar.com\\\/avatar\\\/4a619fd0c7e36bd570f4e6e15eb09a2191185d0f63d8dbfdffe848af141ab87e?s=96&d=mm&r=g\",\"contentUrl\":\"https:\\\/\\\/secure.gravatar.com\\\/avatar\\\/4a619fd0c7e36bd570f4e6e15eb09a2191185d0f63d8dbfdffe848af141ab87e?s=96&d=mm&r=g\",\"caption\":\"medios CR\"},\"url\":\"https:\\\/\\\/www.diocesisciudadrodrigo.org\\\/blog4\\\/author\\\/admin4\\\/\"}]}<\/script>\n<!-- \/ Yoast SEO plugin. -->","yoast_head_json":{"title":"El profesor Carvajal anima a ponerse \"al servicio del Esp\u00edritu Santo\" para descubrir la evangelizaci\u00f3n \"con alegr\u00eda, serenidad y responsabilidad\" - Di\u00f3cesis de Ciudad Rodrigo","robots":{"index":"index","follow":"follow","max-snippet":"max-snippet:-1","max-image-preview":"max-image-preview:large","max-video-preview":"max-video-preview:-1"},"canonical":"https:\/\/www.diocesisciudadrodrigo.org\/blog4\/el-profesor-carvajal-anima-a-ponerse-al-servicio-del-espiritu-santo-para-descubrir-la-evangelizacion-con-alegria-serenidad-y-responsabilidad\/","og_locale":"es_ES","og_type":"article","og_title":"El profesor Carvajal anima a ponerse \"al servicio del Esp\u00edritu Santo\" para descubrir la evangelizaci\u00f3n \"con alegr\u00eda, serenidad y responsabilidad\" - Di\u00f3cesis de Ciudad Rodrigo","og_description":"La Capilla Mayor del Seminario ha acogido este s\u00e1bado, la primera parte de la sesi\u00f3n inaugural del Curso Pastoral 2024-2025, que se desarrolla bajo el lema &#8216;Caminamos con alegr\u00eda\u00bb. El ... Leer m\u00e1s ...","og_url":"https:\/\/www.diocesisciudadrodrigo.org\/blog4\/el-profesor-carvajal-anima-a-ponerse-al-servicio-del-espiritu-santo-para-descubrir-la-evangelizacion-con-alegria-serenidad-y-responsabilidad\/","og_site_name":"Di\u00f3cesis de Ciudad Rodrigo","article_publisher":"https:\/\/www.facebook.com\/people\/Dicesis-Ciudad-Rodrigo-MCS\/100076471923419\/#","article_published_time":"2024-09-28T13:00:55+00:00","article_modified_time":"2024-09-28T13:03:31+00:00","og_image":[{"width":2016,"height":1512,"url":"https:\/\/www.diocesisciudadrodrigo.org\/blog4\/wp-content\/uploads\/2024\/09\/IMG_7752.jpg","type":"image\/jpeg"}],"author":"medios CR","twitter_card":"summary_large_image","twitter_misc":{"Escrito por":"medios CR","Tiempo de lectura":"3 minutos"},"schema":{"@context":"https:\/\/schema.org","@graph":[{"@type":"Article","@id":"https:\/\/www.diocesisciudadrodrigo.org\/blog4\/el-profesor-carvajal-anima-a-ponerse-al-servicio-del-espiritu-santo-para-descubrir-la-evangelizacion-con-alegria-serenidad-y-responsabilidad\/#article","isPartOf":{"@id":"https:\/\/www.diocesisciudadrodrigo.org\/blog4\/el-profesor-carvajal-anima-a-ponerse-al-servicio-del-espiritu-santo-para-descubrir-la-evangelizacion-con-alegria-serenidad-y-responsabilidad\/"},"author":{"name":"medios CR","@id":"https:\/\/www.diocesisciudadrodrigo.org\/blog4\/#\/schema\/person\/5fcf0ca636a75766ff70e6417b6ed052"},"headline":"El profesor Carvajal anima a ponerse \u00abal servicio del Esp\u00edritu Santo\u00bb para descubrir la evangelizaci\u00f3n \u00abcon alegr\u00eda, serenidad y responsabilidad\u00bb","datePublished":"2024-09-28T13:00:55+00:00","dateModified":"2024-09-28T13:03:31+00:00","mainEntityOfPage":{"@id":"https:\/\/www.diocesisciudadrodrigo.org\/blog4\/el-profesor-carvajal-anima-a-ponerse-al-servicio-del-espiritu-santo-para-descubrir-la-evangelizacion-con-alegria-serenidad-y-responsabilidad\/"},"wordCount":569,"publisher":{"@id":"https:\/\/www.diocesisciudadrodrigo.org\/blog4\/#organization"},"image":{"@id":"https:\/\/www.diocesisciudadrodrigo.org\/blog4\/el-profesor-carvajal-anima-a-ponerse-al-servicio-del-espiritu-santo-para-descubrir-la-evangelizacion-con-alegria-serenidad-y-responsabilidad\/#primaryimage"},"thumbnailUrl":"https:\/\/www.diocesisciudadrodrigo.org\/blog4\/wp-content\/uploads\/2024\/09\/IMG_7752.jpg","articleSection":["Noticias"],"inLanguage":"es"},{"@type":"WebPage","@id":"https:\/\/www.diocesisciudadrodrigo.org\/blog4\/el-profesor-carvajal-anima-a-ponerse-al-servicio-del-espiritu-santo-para-descubrir-la-evangelizacion-con-alegria-serenidad-y-responsabilidad\/","url":"https:\/\/www.diocesisciudadrodrigo.org\/blog4\/el-profesor-carvajal-anima-a-ponerse-al-servicio-del-espiritu-santo-para-descubrir-la-evangelizacion-con-alegria-serenidad-y-responsabilidad\/","name":"El profesor Carvajal anima a ponerse \"al servicio del Esp\u00edritu Santo\" para descubrir la evangelizaci\u00f3n \"con alegr\u00eda, serenidad y responsabilidad\" - Di\u00f3cesis de Ciudad Rodrigo","isPartOf":{"@id":"https:\/\/www.diocesisciudadrodrigo.org\/blog4\/#website"},"primaryImageOfPage":{"@id":"https:\/\/www.diocesisciudadrodrigo.org\/blog4\/el-profesor-carvajal-anima-a-ponerse-al-servicio-del-espiritu-santo-para-descubrir-la-evangelizacion-con-alegria-serenidad-y-responsabilidad\/#primaryimage"},"image":{"@id":"https:\/\/www.diocesisciudadrodrigo.org\/blog4\/el-profesor-carvajal-anima-a-ponerse-al-servicio-del-espiritu-santo-para-descubrir-la-evangelizacion-con-alegria-serenidad-y-responsabilidad\/#primaryimage"},"thumbnailUrl":"https:\/\/www.diocesisciudadrodrigo.org\/blog4\/wp-content\/uploads\/2024\/09\/IMG_7752.jpg","datePublished":"2024-09-28T13:00:55+00:00","dateModified":"2024-09-28T13:03:31+00:00","breadcrumb":{"@id":"https:\/\/www.diocesisciudadrodrigo.org\/blog4\/el-profesor-carvajal-anima-a-ponerse-al-servicio-del-espiritu-santo-para-descubrir-la-evangelizacion-con-alegria-serenidad-y-responsabilidad\/#breadcrumb"},"inLanguage":"es","potentialAction":[{"@type":"ReadAction","target":["https:\/\/www.diocesisciudadrodrigo.org\/blog4\/el-profesor-carvajal-anima-a-ponerse-al-servicio-del-espiritu-santo-para-descubrir-la-evangelizacion-con-alegria-serenidad-y-responsabilidad\/"]}]},{"@type":"ImageObject","inLanguage":"es","@id":"https:\/\/www.diocesisciudadrodrigo.org\/blog4\/el-profesor-carvajal-anima-a-ponerse-al-servicio-del-espiritu-santo-para-descubrir-la-evangelizacion-con-alegria-serenidad-y-responsabilidad\/#primaryimage","url":"https:\/\/www.diocesisciudadrodrigo.org\/blog4\/wp-content\/uploads\/2024\/09\/IMG_7752.jpg","contentUrl":"https:\/\/www.diocesisciudadrodrigo.org\/blog4\/wp-content\/uploads\/2024\/09\/IMG_7752.jpg","width":2016,"height":1512},{"@type":"BreadcrumbList","@id":"https:\/\/www.diocesisciudadrodrigo.org\/blog4\/el-profesor-carvajal-anima-a-ponerse-al-servicio-del-espiritu-santo-para-descubrir-la-evangelizacion-con-alegria-serenidad-y-responsabilidad\/#breadcrumb","itemListElement":[{"@type":"ListItem","position":1,"name":"Portada","item":"https:\/\/www.diocesisciudadrodrigo.org\/blog4\/"},{"@type":"ListItem","position":2,"name":"El profesor Carvajal anima a ponerse \u00abal servicio del Esp\u00edritu Santo\u00bb para descubrir la evangelizaci\u00f3n \u00abcon alegr\u00eda, serenidad y responsabilidad\u00bb"}]},{"@type":"WebSite","@id":"https:\/\/www.diocesisciudadrodrigo.org\/blog4\/#website","url":"https:\/\/www.diocesisciudadrodrigo.org\/blog4\/","name":"Di\u00f3cesis de Ciudad Rodrigo","description":"Sitio web oficial de la di\u00f3cesis civitatense","publisher":{"@id":"https:\/\/www.diocesisciudadrodrigo.org\/blog4\/#organization"},"potentialAction":[{"@type":"SearchAction","target":{"@type":"EntryPoint","urlTemplate":"https:\/\/www.diocesisciudadrodrigo.org\/blog4\/?s={search_term_string}"},"query-input":{"@type":"PropertyValueSpecification","valueRequired":true,"valueName":"search_term_string"}}],"inLanguage":"es"},{"@type":"Organization","@id":"https:\/\/www.diocesisciudadrodrigo.org\/blog4\/#organization","name":"Di\u00f3cesis de Ciudad Rodrigo","url":"https:\/\/www.diocesisciudadrodrigo.org\/blog4\/","logo":{"@type":"ImageObject","inLanguage":"es","@id":"https:\/\/www.diocesisciudadrodrigo.org\/blog4\/#\/schema\/logo\/image\/","url":"https:\/\/www.diocesisciudadrodrigo.org\/blog4\/wp-content\/uploads\/2024\/12\/Diocesis.CMYK_-768x480-1.jpg","contentUrl":"https:\/\/www.diocesisciudadrodrigo.org\/blog4\/wp-content\/uploads\/2024\/12\/Diocesis.CMYK_-768x480-1.jpg","width":768,"height":480,"caption":"Di\u00f3cesis de Ciudad Rodrigo"},"image":{"@id":"https:\/\/www.diocesisciudadrodrigo.org\/blog4\/#\/schema\/logo\/image\/"},"sameAs":["https:\/\/www.facebook.com\/people\/Dicesis-Ciudad-Rodrigo-MCS\/100076471923419\/#"]},{"@type":"Person","@id":"https:\/\/www.diocesisciudadrodrigo.org\/blog4\/#\/schema\/person\/5fcf0ca636a75766ff70e6417b6ed052","name":"medios CR","image":{"@type":"ImageObject","inLanguage":"es","@id":"https:\/\/secure.gravatar.com\/avatar\/4a619fd0c7e36bd570f4e6e15eb09a2191185d0f63d8dbfdffe848af141ab87e?s=96&d=mm&r=g","url":"https:\/\/secure.gravatar.com\/avatar\/4a619fd0c7e36bd570f4e6e15eb09a2191185d0f63d8dbfdffe848af141ab87e?s=96&d=mm&r=g","contentUrl":"https:\/\/secure.gravatar.com\/avatar\/4a619fd0c7e36bd570f4e6e15eb09a2191185d0f63d8dbfdffe848af141ab87e?s=96&d=mm&r=g","caption":"medios CR"},"url":"https:\/\/www.diocesisciudadrodrigo.org\/blog4\/author\/admin4\/"}]}},"_links":{"self":[{"href":"https:\/\/www.diocesisciudadrodrigo.org\/blog4\/wp-json\/wp\/v2\/posts\/32893","targetHints":{"allow":["GET"]}}],"collection":[{"href":"https:\/\/www.diocesisciudadrodrigo.org\/blog4\/wp-json\/wp\/v2\/posts"}],"about":[{"href":"https:\/\/www.diocesisciudadrodrigo.org\/blog4\/wp-json\/wp\/v2\/types\/post"}],"author":[{"embeddable":true,"href":"https:\/\/www.diocesisciudadrodrigo.org\/blog4\/wp-json\/wp\/v2\/users\/1"}],"replies":[{"embeddable":true,"href":"https:\/\/www.diocesisciudadrodrigo.org\/blog4\/wp-json\/wp\/v2\/comments?post=32893"}],"version-history":[{"count":5,"href":"https:\/\/www.diocesisciudadrodrigo.org\/blog4\/wp-json\/wp\/v2\/posts\/32893\/revisions"}],"predecessor-version":[{"id":32902,"href":"https:\/\/www.diocesisciudadrodrigo.org\/blog4\/wp-json\/wp\/v2\/posts\/32893\/revisions\/32902"}],"wp:featuredmedia":[{"embeddable":true,"href":"https:\/\/www.diocesisciudadrodrigo.org\/blog4\/wp-json\/wp\/v2\/media\/32896"}],"wp:attachment":[{"href":"https:\/\/www.diocesisciudadrodrigo.org\/blog4\/wp-json\/wp\/v2\/media?parent=32893"}],"wp:term":[{"taxonomy":"category","embeddable":true,"href":"https:\/\/www.diocesisciudadrodrigo.org\/blog4\/wp-json\/wp\/v2\/categories?post=32893"},{"taxonomy":"post_tag","embeddable":true,"href":"https:\/\/www.diocesisciudadrodrigo.org\/blog4\/wp-json\/wp\/v2\/tags?post=32893"}],"curies":[{"name":"wp","href":"https:\/\/api.w.org\/{rel}","templated":true}]}}