{"id":32802,"date":"2024-09-16T13:03:50","date_gmt":"2024-09-16T11:03:50","guid":{"rendered":"https:\/\/www.diocesisciudadrodrigo.org\/blog4\/?p=32802"},"modified":"2024-09-16T13:04:41","modified_gmt":"2024-09-16T11:04:41","slug":"la-visita-a-la-parte-noble-del-palacio-episcopal-despierta-el-interes-de-los-vecinos-de-ciudad-rodrigo","status":"publish","type":"post","link":"https:\/\/www.diocesisciudadrodrigo.org\/blog4\/la-visita-a-la-parte-noble-del-palacio-episcopal-despierta-el-interes-de-los-vecinos-de-ciudad-rodrigo\/","title":{"rendered":"La visita a la &#8216;parte noble&#8217; del Palacio Episcopal despierta el inter\u00e9s de los vecinos de Ciudad Rodrigo"},"content":{"rendered":"\t\t<div data-elementor-type=\"wp-post\" data-elementor-id=\"32802\" class=\"elementor elementor-32802\" data-elementor-settings=\"[]\">\n\t\t\t\t\t\t<div class=\"elementor-inner\">\n\t\t\t\t\t\t\t<div class=\"elementor-section-wrap\">\n\t\t\t\t\t\t\t<section class=\"elementor-section elementor-top-section elementor-element elementor-element-2511a96 elementor-section-boxed elementor-section-height-default elementor-section-height-default\" data-id=\"2511a96\" data-element_type=\"section\">\n\t\t\t\t\t\t<div class=\"elementor-container elementor-column-gap-default\">\n\t\t\t\t\t\t\t<div class=\"elementor-row\">\n\t\t\t\t\t<div class=\"elementor-column elementor-col-100 elementor-top-column elementor-element elementor-element-481ba78\" data-id=\"481ba78\" data-element_type=\"column\">\n\t\t\t<div class=\"elementor-column-wrap elementor-element-populated\">\n\t\t\t\t\t\t\t<div class=\"elementor-widget-wrap\">\n\t\t\t\t\t\t<div class=\"elementor-element elementor-element-df086ae elementor-widget elementor-widget-text-editor\" data-id=\"df086ae\" data-element_type=\"widget\" data-widget_type=\"text-editor.default\">\n\t\t\t\t<div class=\"elementor-widget-container\">\n\t\t\t\t\t\t\t\t<div class=\"elementor-text-editor elementor-clearfix\">\n\t\t\t\t<p>La visita del mes de septiembre a la denominada &#8216;parte noble&#8217; del Palacio Episcopal celebrada este lunes, ha despertado el inter\u00e9s de varios vecinos de Ciudad Rodrigo que a pesar de la cercan\u00eda, aseguraban que nunca hab\u00edan recorrido esas dependencias. Adem\u00e1s, a la visita guiada por D\u00f1a. Ana Lucas, se han sumado otras personas de Madrid y Barcelona.<\/p><p>En esta ocasi\u00f3n, la visita coincide pr\u00e1cticamente en el tiempo con la Jornada Mundial del Turismo, que se celebr\u00f3 el domingo, 15 de septiembre.<\/p><p>La Jornada Mundial del Turismo conmemora el aniversario de la aprobaci\u00f3n de los Estatutos de la Organizaci\u00f3n Mundial del Turismo (OMT), con sede en nuestro pa\u00eds. La Iglesia se suma a esta Jornada que, con car\u00e1cter mundial, se celebra el 27 de septiembre. En Espa\u00f1a, la Comisi\u00f3n Ejecutiva, por iniciativa del departamento de Pastoral del Turismo, aprob\u00f3 adelantarla al tercer domingo de septiembre. El objetivo, darle mayor visibilidad al distanciarla de la Jornada Mundial de Migraciones, que se celebra el \u00faltimo domingo de septiembre.<\/p><p>\u201cTurismo y Paz\u201d (Tourism and Peace): es con este binomio con el que la Organizaci\u00f3n Mundial del Turismo de las Naciones Unidas pretende celebrar su tradicional Jornada Mundial el pr\u00f3ximo 27 de septiembre. En una \u00e9poca tan convulsa como la nuestra, no se podr\u00eda pensar en una mejor elecci\u00f3n para ofrecer, a quienes vayan a viajar, un momento de reflexi\u00f3n y de compromiso personal. El intercambio cultural entre los pueblos, que encuentra en el turismo su forma privilegiada, puede transformarse tambi\u00e9n en un compromiso concreto por la paz.<\/p><p>Donde hay focos de guerra, es evidente que el turismo padece, porque faltan todas las formas necesarias de seguridad. La falta de turistas, sin embargo, crea una expresi\u00f3n m\u00e1s de pobreza entre la poblaci\u00f3n, que ve desaparecer una forma de sustento necesaria para vivir con la debida dignidad. La guerra trae consigo una serie de consecuencias de las que a menudo la gente no es plenamente consciente y que, sin embargo, afectan directamente a la vida de las personas. All\u00ed donde existe la violencia de la guerra, todos est\u00e1n afectados, nadie queda excluido.<\/p>\t\t\t\t\t<\/div>\n\t\t\t\t\t\t<\/div>\n\t\t\t\t<\/div>\n\t\t\t\t\t\t<\/div>\n\t\t\t\t\t<\/div>\n\t\t<\/div>\n\t\t\t\t\t\t\t\t<\/div>\n\t\t\t\t\t<\/div>\n\t\t<\/section>\n\t\t\t\t<section class=\"elementor-section elementor-top-section elementor-element elementor-element-81f1f91 elementor-section-boxed elementor-section-height-default elementor-section-height-default\" data-id=\"81f1f91\" data-element_type=\"section\">\n\t\t\t\t\t\t<div class=\"elementor-container elementor-column-gap-default\">\n\t\t\t\t\t\t\t<div class=\"elementor-row\">\n\t\t\t\t\t<div class=\"elementor-column elementor-col-100 elementor-top-column elementor-element elementor-element-0cc3303\" data-id=\"0cc3303\" data-element_type=\"column\">\n\t\t\t<div class=\"elementor-column-wrap elementor-element-populated\">\n\t\t\t\t\t\t\t<div class=\"elementor-widget-wrap\">\n\t\t\t\t\t\t<div class=\"elementor-element elementor-element-c2c8319 elementor-widget elementor-widget-image-gallery\" data-id=\"c2c8319\" data-element_type=\"widget\" data-widget_type=\"image-gallery.default\">\n\t\t\t\t<div class=\"elementor-widget-container\">\n\t\t\t\t\t<div class=\"elementor-image-gallery\">\n\t\t\t<div id='gallery-1' class='gallery galleryid-32802 gallery-columns-2 gallery-size-medium'><figure class='gallery-item'>\n\t\t\t<div class='gallery-icon landscape'>\n\t\t\t\t<a  href='https:\/\/www.diocesisciudadrodrigo.org\/blog4\/wp-content\/uploads\/2024\/09\/IMG_7316.jpg'><img loading=\"lazy\" decoding=\"async\" width=\"300\" height=\"225\" src=\"https:\/\/www.diocesisciudadrodrigo.org\/blog4\/wp-content\/uploads\/2024\/09\/IMG_7316-300x225.jpg\" class=\"attachment-medium size-medium\" alt=\"\" srcset=\"https:\/\/www.diocesisciudadrodrigo.org\/blog4\/wp-content\/uploads\/2024\/09\/IMG_7316-300x225.jpg 300w, https:\/\/www.diocesisciudadrodrigo.org\/blog4\/wp-content\/uploads\/2024\/09\/IMG_7316-1024x768.jpg 1024w, https:\/\/www.diocesisciudadrodrigo.org\/blog4\/wp-content\/uploads\/2024\/09\/IMG_7316-768x576.jpg 768w, https:\/\/www.diocesisciudadrodrigo.org\/blog4\/wp-content\/uploads\/2024\/09\/IMG_7316-1536x1152.jpg 1536w, https:\/\/www.diocesisciudadrodrigo.org\/blog4\/wp-content\/uploads\/2024\/09\/IMG_7316-350x263.jpg 350w, https:\/\/www.diocesisciudadrodrigo.org\/blog4\/wp-content\/uploads\/2024\/09\/IMG_7316.jpg 2016w\" sizes=\"auto, (max-width: 300px) 100vw, 300px\" \/><\/a>\n\t\t\t<\/div><\/figure><figure class='gallery-item'>\n\t\t\t<div class='gallery-icon landscape'>\n\t\t\t\t<a  href='https:\/\/www.diocesisciudadrodrigo.org\/blog4\/wp-content\/uploads\/2024\/09\/IMG_7320.jpg'><img loading=\"lazy\" decoding=\"async\" width=\"300\" height=\"225\" src=\"https:\/\/www.diocesisciudadrodrigo.org\/blog4\/wp-content\/uploads\/2024\/09\/IMG_7320-300x225.jpg\" class=\"attachment-medium size-medium\" alt=\"\" srcset=\"https:\/\/www.diocesisciudadrodrigo.org\/blog4\/wp-content\/uploads\/2024\/09\/IMG_7320-300x225.jpg 300w, https:\/\/www.diocesisciudadrodrigo.org\/blog4\/wp-content\/uploads\/2024\/09\/IMG_7320-1024x768.jpg 1024w, https:\/\/www.diocesisciudadrodrigo.org\/blog4\/wp-content\/uploads\/2024\/09\/IMG_7320-768x576.jpg 768w, https:\/\/www.diocesisciudadrodrigo.org\/blog4\/wp-content\/uploads\/2024\/09\/IMG_7320-1536x1152.jpg 1536w, https:\/\/www.diocesisciudadrodrigo.org\/blog4\/wp-content\/uploads\/2024\/09\/IMG_7320-350x263.jpg 350w, https:\/\/www.diocesisciudadrodrigo.org\/blog4\/wp-content\/uploads\/2024\/09\/IMG_7320.jpg 2016w\" sizes=\"auto, (max-width: 300px) 100vw, 300px\" \/><\/a>\n\t\t\t<\/div><\/figure>\n\t\t<\/div>\n\t\t<\/div>\n\t\t\t\t<\/div>\n\t\t\t\t<\/div>\n\t\t\t\t\t\t<\/div>\n\t\t\t\t\t<\/div>\n\t\t<\/div>\n\t\t\t\t\t\t\t\t<\/div>\n\t\t\t\t\t<\/div>\n\t\t<\/section>\n\t\t\t\t\t\t<\/div>\n\t\t\t\t\t\t<\/div>\n\t\t\t\t\t<\/div>\n\t\t","protected":false},"excerpt":{"rendered":"<p>La visita del mes de septiembre a la denominada &#8216;parte noble&#8217; del Palacio Episcopal celebrada este lunes, ha despertado el inter\u00e9s de varios vecinos de Ciudad Rodrigo que a pesar &#8230; <\/p>\n<p class=\"read-more-container\"><a title=\"La visita a la &#8216;parte noble&#8217; del Palacio Episcopal despierta el inter\u00e9s de los vecinos de Ciudad Rodrigo\" class=\"read-more button\" href=\"https:\/\/www.diocesisciudadrodrigo.org\/blog4\/la-visita-a-la-parte-noble-del-palacio-episcopal-despierta-el-interes-de-los-vecinos-de-ciudad-rodrigo\/#more-32802\" aria-label=\"M\u00e1s en La visita a la &#8216;parte noble&#8217; del Palacio Episcopal despierta el inter\u00e9s de los vecinos de Ciudad Rodrigo\">Leer m\u00e1s &#8230;<\/a><\/p>\n","protected":false},"author":1,"featured_media":32803,"comment_status":"closed","ping_status":"closed","sticky":false,"template":"","format":"standard","meta":{"footnotes":""},"categories":[6],"tags":[],"class_list":["post-32802","post","type-post","status-publish","format-standard","has-post-thumbnail","hentry","category-noticias","masonry-post","generate-columns","tablet-grid-50","mobile-grid-100","grid-parent","grid-50"],"yoast_head":"<!-- This site is optimized with the Yoast SEO plugin v27.3 - https:\/\/yoast.com\/product\/yoast-seo-wordpress\/ -->\n<title>La visita a la &#039;parte noble&#039; del Palacio Episcopal despierta el inter\u00e9s de los vecinos de Ciudad Rodrigo - Di\u00f3cesis de Ciudad Rodrigo<\/title>\n<meta name=\"robots\" content=\"index, follow, max-snippet:-1, max-image-preview:large, max-video-preview:-1\" \/>\n<link rel=\"canonical\" href=\"https:\/\/www.diocesisciudadrodrigo.org\/blog4\/la-visita-a-la-parte-noble-del-palacio-episcopal-despierta-el-interes-de-los-vecinos-de-ciudad-rodrigo\/\" \/>\n<meta property=\"og:locale\" content=\"es_ES\" \/>\n<meta property=\"og:type\" content=\"article\" \/>\n<meta property=\"og:title\" content=\"La visita a la &#039;parte noble&#039; del Palacio Episcopal despierta el inter\u00e9s de los vecinos de Ciudad Rodrigo - Di\u00f3cesis de Ciudad Rodrigo\" \/>\n<meta property=\"og:description\" content=\"La visita del mes de septiembre a la denominada &#8216;parte noble&#8217; del Palacio Episcopal celebrada este lunes, ha despertado el inter\u00e9s de varios vecinos de Ciudad Rodrigo que a pesar ... Leer m\u00e1s ...\" \/>\n<meta property=\"og:url\" content=\"https:\/\/www.diocesisciudadrodrigo.org\/blog4\/la-visita-a-la-parte-noble-del-palacio-episcopal-despierta-el-interes-de-los-vecinos-de-ciudad-rodrigo\/\" \/>\n<meta property=\"og:site_name\" content=\"Di\u00f3cesis de Ciudad Rodrigo\" \/>\n<meta property=\"article:publisher\" content=\"https:\/\/www.facebook.com\/people\/Dicesis-Ciudad-Rodrigo-MCS\/100076471923419\/#\" \/>\n<meta property=\"article:published_time\" content=\"2024-09-16T11:03:50+00:00\" \/>\n<meta property=\"article:modified_time\" content=\"2024-09-16T11:04:41+00:00\" \/>\n<meta property=\"og:image\" content=\"https:\/\/www.diocesisciudadrodrigo.org\/blog4\/wp-content\/uploads\/2024\/09\/IMG_7316.jpg\" \/>\n\t<meta property=\"og:image:width\" content=\"2016\" \/>\n\t<meta property=\"og:image:height\" content=\"1512\" \/>\n\t<meta property=\"og:image:type\" content=\"image\/jpeg\" \/>\n<meta name=\"author\" content=\"medios CR\" \/>\n<meta name=\"twitter:card\" content=\"summary_large_image\" \/>\n<meta name=\"twitter:label1\" content=\"Escrito por\" \/>\n\t<meta name=\"twitter:data1\" content=\"medios CR\" \/>\n\t<meta name=\"twitter:label2\" content=\"Tiempo de lectura\" \/>\n\t<meta name=\"twitter:data2\" content=\"2 minutos\" \/>\n<script type=\"application\/ld+json\" class=\"yoast-schema-graph\">{\"@context\":\"https:\\\/\\\/schema.org\",\"@graph\":[{\"@type\":\"Article\",\"@id\":\"https:\\\/\\\/www.diocesisciudadrodrigo.org\\\/blog4\\\/la-visita-a-la-parte-noble-del-palacio-episcopal-despierta-el-interes-de-los-vecinos-de-ciudad-rodrigo\\\/#article\",\"isPartOf\":{\"@id\":\"https:\\\/\\\/www.diocesisciudadrodrigo.org\\\/blog4\\\/la-visita-a-la-parte-noble-del-palacio-episcopal-despierta-el-interes-de-los-vecinos-de-ciudad-rodrigo\\\/\"},\"author\":{\"name\":\"medios CR\",\"@id\":\"https:\\\/\\\/www.diocesisciudadrodrigo.org\\\/blog4\\\/#\\\/schema\\\/person\\\/5fcf0ca636a75766ff70e6417b6ed052\"},\"headline\":\"La visita a la &#8216;parte noble&#8217; del Palacio Episcopal despierta el inter\u00e9s de los vecinos de Ciudad Rodrigo\",\"datePublished\":\"2024-09-16T11:03:50+00:00\",\"dateModified\":\"2024-09-16T11:04:41+00:00\",\"mainEntityOfPage\":{\"@id\":\"https:\\\/\\\/www.diocesisciudadrodrigo.org\\\/blog4\\\/la-visita-a-la-parte-noble-del-palacio-episcopal-despierta-el-interes-de-los-vecinos-de-ciudad-rodrigo\\\/\"},\"wordCount\":386,\"publisher\":{\"@id\":\"https:\\\/\\\/www.diocesisciudadrodrigo.org\\\/blog4\\\/#organization\"},\"image\":{\"@id\":\"https:\\\/\\\/www.diocesisciudadrodrigo.org\\\/blog4\\\/la-visita-a-la-parte-noble-del-palacio-episcopal-despierta-el-interes-de-los-vecinos-de-ciudad-rodrigo\\\/#primaryimage\"},\"thumbnailUrl\":\"https:\\\/\\\/www.diocesisciudadrodrigo.org\\\/blog4\\\/wp-content\\\/uploads\\\/2024\\\/09\\\/IMG_7316.jpg\",\"articleSection\":[\"Noticias\"],\"inLanguage\":\"es\"},{\"@type\":\"WebPage\",\"@id\":\"https:\\\/\\\/www.diocesisciudadrodrigo.org\\\/blog4\\\/la-visita-a-la-parte-noble-del-palacio-episcopal-despierta-el-interes-de-los-vecinos-de-ciudad-rodrigo\\\/\",\"url\":\"https:\\\/\\\/www.diocesisciudadrodrigo.org\\\/blog4\\\/la-visita-a-la-parte-noble-del-palacio-episcopal-despierta-el-interes-de-los-vecinos-de-ciudad-rodrigo\\\/\",\"name\":\"La visita a la 'parte noble' del Palacio Episcopal despierta el inter\u00e9s de los vecinos de Ciudad Rodrigo - Di\u00f3cesis de Ciudad Rodrigo\",\"isPartOf\":{\"@id\":\"https:\\\/\\\/www.diocesisciudadrodrigo.org\\\/blog4\\\/#website\"},\"primaryImageOfPage\":{\"@id\":\"https:\\\/\\\/www.diocesisciudadrodrigo.org\\\/blog4\\\/la-visita-a-la-parte-noble-del-palacio-episcopal-despierta-el-interes-de-los-vecinos-de-ciudad-rodrigo\\\/#primaryimage\"},\"image\":{\"@id\":\"https:\\\/\\\/www.diocesisciudadrodrigo.org\\\/blog4\\\/la-visita-a-la-parte-noble-del-palacio-episcopal-despierta-el-interes-de-los-vecinos-de-ciudad-rodrigo\\\/#primaryimage\"},\"thumbnailUrl\":\"https:\\\/\\\/www.diocesisciudadrodrigo.org\\\/blog4\\\/wp-content\\\/uploads\\\/2024\\\/09\\\/IMG_7316.jpg\",\"datePublished\":\"2024-09-16T11:03:50+00:00\",\"dateModified\":\"2024-09-16T11:04:41+00:00\",\"breadcrumb\":{\"@id\":\"https:\\\/\\\/www.diocesisciudadrodrigo.org\\\/blog4\\\/la-visita-a-la-parte-noble-del-palacio-episcopal-despierta-el-interes-de-los-vecinos-de-ciudad-rodrigo\\\/#breadcrumb\"},\"inLanguage\":\"es\",\"potentialAction\":[{\"@type\":\"ReadAction\",\"target\":[\"https:\\\/\\\/www.diocesisciudadrodrigo.org\\\/blog4\\\/la-visita-a-la-parte-noble-del-palacio-episcopal-despierta-el-interes-de-los-vecinos-de-ciudad-rodrigo\\\/\"]}]},{\"@type\":\"ImageObject\",\"inLanguage\":\"es\",\"@id\":\"https:\\\/\\\/www.diocesisciudadrodrigo.org\\\/blog4\\\/la-visita-a-la-parte-noble-del-palacio-episcopal-despierta-el-interes-de-los-vecinos-de-ciudad-rodrigo\\\/#primaryimage\",\"url\":\"https:\\\/\\\/www.diocesisciudadrodrigo.org\\\/blog4\\\/wp-content\\\/uploads\\\/2024\\\/09\\\/IMG_7316.jpg\",\"contentUrl\":\"https:\\\/\\\/www.diocesisciudadrodrigo.org\\\/blog4\\\/wp-content\\\/uploads\\\/2024\\\/09\\\/IMG_7316.jpg\",\"width\":2016,\"height\":1512},{\"@type\":\"BreadcrumbList\",\"@id\":\"https:\\\/\\\/www.diocesisciudadrodrigo.org\\\/blog4\\\/la-visita-a-la-parte-noble-del-palacio-episcopal-despierta-el-interes-de-los-vecinos-de-ciudad-rodrigo\\\/#breadcrumb\",\"itemListElement\":[{\"@type\":\"ListItem\",\"position\":1,\"name\":\"Portada\",\"item\":\"https:\\\/\\\/www.diocesisciudadrodrigo.org\\\/blog4\\\/\"},{\"@type\":\"ListItem\",\"position\":2,\"name\":\"La visita a la &#8216;parte noble&#8217; del Palacio Episcopal despierta el inter\u00e9s de los vecinos de Ciudad Rodrigo\"}]},{\"@type\":\"WebSite\",\"@id\":\"https:\\\/\\\/www.diocesisciudadrodrigo.org\\\/blog4\\\/#website\",\"url\":\"https:\\\/\\\/www.diocesisciudadrodrigo.org\\\/blog4\\\/\",\"name\":\"Di\u00f3cesis de Ciudad Rodrigo\",\"description\":\"Sitio web oficial de la di\u00f3cesis civitatense\",\"publisher\":{\"@id\":\"https:\\\/\\\/www.diocesisciudadrodrigo.org\\\/blog4\\\/#organization\"},\"potentialAction\":[{\"@type\":\"SearchAction\",\"target\":{\"@type\":\"EntryPoint\",\"urlTemplate\":\"https:\\\/\\\/www.diocesisciudadrodrigo.org\\\/blog4\\\/?s={search_term_string}\"},\"query-input\":{\"@type\":\"PropertyValueSpecification\",\"valueRequired\":true,\"valueName\":\"search_term_string\"}}],\"inLanguage\":\"es\"},{\"@type\":\"Organization\",\"@id\":\"https:\\\/\\\/www.diocesisciudadrodrigo.org\\\/blog4\\\/#organization\",\"name\":\"Di\u00f3cesis de Ciudad Rodrigo\",\"url\":\"https:\\\/\\\/www.diocesisciudadrodrigo.org\\\/blog4\\\/\",\"logo\":{\"@type\":\"ImageObject\",\"inLanguage\":\"es\",\"@id\":\"https:\\\/\\\/www.diocesisciudadrodrigo.org\\\/blog4\\\/#\\\/schema\\\/logo\\\/image\\\/\",\"url\":\"https:\\\/\\\/www.diocesisciudadrodrigo.org\\\/blog4\\\/wp-content\\\/uploads\\\/2024\\\/12\\\/Diocesis.CMYK_-768x480-1.jpg\",\"contentUrl\":\"https:\\\/\\\/www.diocesisciudadrodrigo.org\\\/blog4\\\/wp-content\\\/uploads\\\/2024\\\/12\\\/Diocesis.CMYK_-768x480-1.jpg\",\"width\":768,\"height\":480,\"caption\":\"Di\u00f3cesis de Ciudad Rodrigo\"},\"image\":{\"@id\":\"https:\\\/\\\/www.diocesisciudadrodrigo.org\\\/blog4\\\/#\\\/schema\\\/logo\\\/image\\\/\"},\"sameAs\":[\"https:\\\/\\\/www.facebook.com\\\/people\\\/Dicesis-Ciudad-Rodrigo-MCS\\\/100076471923419\\\/#\"]},{\"@type\":\"Person\",\"@id\":\"https:\\\/\\\/www.diocesisciudadrodrigo.org\\\/blog4\\\/#\\\/schema\\\/person\\\/5fcf0ca636a75766ff70e6417b6ed052\",\"name\":\"medios CR\",\"image\":{\"@type\":\"ImageObject\",\"inLanguage\":\"es\",\"@id\":\"https:\\\/\\\/secure.gravatar.com\\\/avatar\\\/4a619fd0c7e36bd570f4e6e15eb09a2191185d0f63d8dbfdffe848af141ab87e?s=96&d=mm&r=g\",\"url\":\"https:\\\/\\\/secure.gravatar.com\\\/avatar\\\/4a619fd0c7e36bd570f4e6e15eb09a2191185d0f63d8dbfdffe848af141ab87e?s=96&d=mm&r=g\",\"contentUrl\":\"https:\\\/\\\/secure.gravatar.com\\\/avatar\\\/4a619fd0c7e36bd570f4e6e15eb09a2191185d0f63d8dbfdffe848af141ab87e?s=96&d=mm&r=g\",\"caption\":\"medios CR\"},\"url\":\"https:\\\/\\\/www.diocesisciudadrodrigo.org\\\/blog4\\\/author\\\/admin4\\\/\"}]}<\/script>\n<!-- \/ Yoast SEO plugin. -->","yoast_head_json":{"title":"La visita a la 'parte noble' del Palacio Episcopal despierta el inter\u00e9s de los vecinos de Ciudad Rodrigo - Di\u00f3cesis de Ciudad Rodrigo","robots":{"index":"index","follow":"follow","max-snippet":"max-snippet:-1","max-image-preview":"max-image-preview:large","max-video-preview":"max-video-preview:-1"},"canonical":"https:\/\/www.diocesisciudadrodrigo.org\/blog4\/la-visita-a-la-parte-noble-del-palacio-episcopal-despierta-el-interes-de-los-vecinos-de-ciudad-rodrigo\/","og_locale":"es_ES","og_type":"article","og_title":"La visita a la 'parte noble' del Palacio Episcopal despierta el inter\u00e9s de los vecinos de Ciudad Rodrigo - Di\u00f3cesis de Ciudad Rodrigo","og_description":"La visita del mes de septiembre a la denominada &#8216;parte noble&#8217; del Palacio Episcopal celebrada este lunes, ha despertado el inter\u00e9s de varios vecinos de Ciudad Rodrigo que a pesar ... Leer m\u00e1s ...","og_url":"https:\/\/www.diocesisciudadrodrigo.org\/blog4\/la-visita-a-la-parte-noble-del-palacio-episcopal-despierta-el-interes-de-los-vecinos-de-ciudad-rodrigo\/","og_site_name":"Di\u00f3cesis de Ciudad Rodrigo","article_publisher":"https:\/\/www.facebook.com\/people\/Dicesis-Ciudad-Rodrigo-MCS\/100076471923419\/#","article_published_time":"2024-09-16T11:03:50+00:00","article_modified_time":"2024-09-16T11:04:41+00:00","og_image":[{"width":2016,"height":1512,"url":"https:\/\/www.diocesisciudadrodrigo.org\/blog4\/wp-content\/uploads\/2024\/09\/IMG_7316.jpg","type":"image\/jpeg"}],"author":"medios CR","twitter_card":"summary_large_image","twitter_misc":{"Escrito por":"medios CR","Tiempo de lectura":"2 minutos"},"schema":{"@context":"https:\/\/schema.org","@graph":[{"@type":"Article","@id":"https:\/\/www.diocesisciudadrodrigo.org\/blog4\/la-visita-a-la-parte-noble-del-palacio-episcopal-despierta-el-interes-de-los-vecinos-de-ciudad-rodrigo\/#article","isPartOf":{"@id":"https:\/\/www.diocesisciudadrodrigo.org\/blog4\/la-visita-a-la-parte-noble-del-palacio-episcopal-despierta-el-interes-de-los-vecinos-de-ciudad-rodrigo\/"},"author":{"name":"medios CR","@id":"https:\/\/www.diocesisciudadrodrigo.org\/blog4\/#\/schema\/person\/5fcf0ca636a75766ff70e6417b6ed052"},"headline":"La visita a la &#8216;parte noble&#8217; del Palacio Episcopal despierta el inter\u00e9s de los vecinos de Ciudad Rodrigo","datePublished":"2024-09-16T11:03:50+00:00","dateModified":"2024-09-16T11:04:41+00:00","mainEntityOfPage":{"@id":"https:\/\/www.diocesisciudadrodrigo.org\/blog4\/la-visita-a-la-parte-noble-del-palacio-episcopal-despierta-el-interes-de-los-vecinos-de-ciudad-rodrigo\/"},"wordCount":386,"publisher":{"@id":"https:\/\/www.diocesisciudadrodrigo.org\/blog4\/#organization"},"image":{"@id":"https:\/\/www.diocesisciudadrodrigo.org\/blog4\/la-visita-a-la-parte-noble-del-palacio-episcopal-despierta-el-interes-de-los-vecinos-de-ciudad-rodrigo\/#primaryimage"},"thumbnailUrl":"https:\/\/www.diocesisciudadrodrigo.org\/blog4\/wp-content\/uploads\/2024\/09\/IMG_7316.jpg","articleSection":["Noticias"],"inLanguage":"es"},{"@type":"WebPage","@id":"https:\/\/www.diocesisciudadrodrigo.org\/blog4\/la-visita-a-la-parte-noble-del-palacio-episcopal-despierta-el-interes-de-los-vecinos-de-ciudad-rodrigo\/","url":"https:\/\/www.diocesisciudadrodrigo.org\/blog4\/la-visita-a-la-parte-noble-del-palacio-episcopal-despierta-el-interes-de-los-vecinos-de-ciudad-rodrigo\/","name":"La visita a la 'parte noble' del Palacio Episcopal despierta el inter\u00e9s de los vecinos de Ciudad Rodrigo - Di\u00f3cesis de Ciudad Rodrigo","isPartOf":{"@id":"https:\/\/www.diocesisciudadrodrigo.org\/blog4\/#website"},"primaryImageOfPage":{"@id":"https:\/\/www.diocesisciudadrodrigo.org\/blog4\/la-visita-a-la-parte-noble-del-palacio-episcopal-despierta-el-interes-de-los-vecinos-de-ciudad-rodrigo\/#primaryimage"},"image":{"@id":"https:\/\/www.diocesisciudadrodrigo.org\/blog4\/la-visita-a-la-parte-noble-del-palacio-episcopal-despierta-el-interes-de-los-vecinos-de-ciudad-rodrigo\/#primaryimage"},"thumbnailUrl":"https:\/\/www.diocesisciudadrodrigo.org\/blog4\/wp-content\/uploads\/2024\/09\/IMG_7316.jpg","datePublished":"2024-09-16T11:03:50+00:00","dateModified":"2024-09-16T11:04:41+00:00","breadcrumb":{"@id":"https:\/\/www.diocesisciudadrodrigo.org\/blog4\/la-visita-a-la-parte-noble-del-palacio-episcopal-despierta-el-interes-de-los-vecinos-de-ciudad-rodrigo\/#breadcrumb"},"inLanguage":"es","potentialAction":[{"@type":"ReadAction","target":["https:\/\/www.diocesisciudadrodrigo.org\/blog4\/la-visita-a-la-parte-noble-del-palacio-episcopal-despierta-el-interes-de-los-vecinos-de-ciudad-rodrigo\/"]}]},{"@type":"ImageObject","inLanguage":"es","@id":"https:\/\/www.diocesisciudadrodrigo.org\/blog4\/la-visita-a-la-parte-noble-del-palacio-episcopal-despierta-el-interes-de-los-vecinos-de-ciudad-rodrigo\/#primaryimage","url":"https:\/\/www.diocesisciudadrodrigo.org\/blog4\/wp-content\/uploads\/2024\/09\/IMG_7316.jpg","contentUrl":"https:\/\/www.diocesisciudadrodrigo.org\/blog4\/wp-content\/uploads\/2024\/09\/IMG_7316.jpg","width":2016,"height":1512},{"@type":"BreadcrumbList","@id":"https:\/\/www.diocesisciudadrodrigo.org\/blog4\/la-visita-a-la-parte-noble-del-palacio-episcopal-despierta-el-interes-de-los-vecinos-de-ciudad-rodrigo\/#breadcrumb","itemListElement":[{"@type":"ListItem","position":1,"name":"Portada","item":"https:\/\/www.diocesisciudadrodrigo.org\/blog4\/"},{"@type":"ListItem","position":2,"name":"La visita a la &#8216;parte noble&#8217; del Palacio Episcopal despierta el inter\u00e9s de los vecinos de Ciudad Rodrigo"}]},{"@type":"WebSite","@id":"https:\/\/www.diocesisciudadrodrigo.org\/blog4\/#website","url":"https:\/\/www.diocesisciudadrodrigo.org\/blog4\/","name":"Di\u00f3cesis de Ciudad Rodrigo","description":"Sitio web oficial de la di\u00f3cesis civitatense","publisher":{"@id":"https:\/\/www.diocesisciudadrodrigo.org\/blog4\/#organization"},"potentialAction":[{"@type":"SearchAction","target":{"@type":"EntryPoint","urlTemplate":"https:\/\/www.diocesisciudadrodrigo.org\/blog4\/?s={search_term_string}"},"query-input":{"@type":"PropertyValueSpecification","valueRequired":true,"valueName":"search_term_string"}}],"inLanguage":"es"},{"@type":"Organization","@id":"https:\/\/www.diocesisciudadrodrigo.org\/blog4\/#organization","name":"Di\u00f3cesis de Ciudad Rodrigo","url":"https:\/\/www.diocesisciudadrodrigo.org\/blog4\/","logo":{"@type":"ImageObject","inLanguage":"es","@id":"https:\/\/www.diocesisciudadrodrigo.org\/blog4\/#\/schema\/logo\/image\/","url":"https:\/\/www.diocesisciudadrodrigo.org\/blog4\/wp-content\/uploads\/2024\/12\/Diocesis.CMYK_-768x480-1.jpg","contentUrl":"https:\/\/www.diocesisciudadrodrigo.org\/blog4\/wp-content\/uploads\/2024\/12\/Diocesis.CMYK_-768x480-1.jpg","width":768,"height":480,"caption":"Di\u00f3cesis de Ciudad Rodrigo"},"image":{"@id":"https:\/\/www.diocesisciudadrodrigo.org\/blog4\/#\/schema\/logo\/image\/"},"sameAs":["https:\/\/www.facebook.com\/people\/Dicesis-Ciudad-Rodrigo-MCS\/100076471923419\/#"]},{"@type":"Person","@id":"https:\/\/www.diocesisciudadrodrigo.org\/blog4\/#\/schema\/person\/5fcf0ca636a75766ff70e6417b6ed052","name":"medios CR","image":{"@type":"ImageObject","inLanguage":"es","@id":"https:\/\/secure.gravatar.com\/avatar\/4a619fd0c7e36bd570f4e6e15eb09a2191185d0f63d8dbfdffe848af141ab87e?s=96&d=mm&r=g","url":"https:\/\/secure.gravatar.com\/avatar\/4a619fd0c7e36bd570f4e6e15eb09a2191185d0f63d8dbfdffe848af141ab87e?s=96&d=mm&r=g","contentUrl":"https:\/\/secure.gravatar.com\/avatar\/4a619fd0c7e36bd570f4e6e15eb09a2191185d0f63d8dbfdffe848af141ab87e?s=96&d=mm&r=g","caption":"medios CR"},"url":"https:\/\/www.diocesisciudadrodrigo.org\/blog4\/author\/admin4\/"}]}},"_links":{"self":[{"href":"https:\/\/www.diocesisciudadrodrigo.org\/blog4\/wp-json\/wp\/v2\/posts\/32802","targetHints":{"allow":["GET"]}}],"collection":[{"href":"https:\/\/www.diocesisciudadrodrigo.org\/blog4\/wp-json\/wp\/v2\/posts"}],"about":[{"href":"https:\/\/www.diocesisciudadrodrigo.org\/blog4\/wp-json\/wp\/v2\/types\/post"}],"author":[{"embeddable":true,"href":"https:\/\/www.diocesisciudadrodrigo.org\/blog4\/wp-json\/wp\/v2\/users\/1"}],"replies":[{"embeddable":true,"href":"https:\/\/www.diocesisciudadrodrigo.org\/blog4\/wp-json\/wp\/v2\/comments?post=32802"}],"version-history":[{"count":4,"href":"https:\/\/www.diocesisciudadrodrigo.org\/blog4\/wp-json\/wp\/v2\/posts\/32802\/revisions"}],"predecessor-version":[{"id":32808,"href":"https:\/\/www.diocesisciudadrodrigo.org\/blog4\/wp-json\/wp\/v2\/posts\/32802\/revisions\/32808"}],"wp:featuredmedia":[{"embeddable":true,"href":"https:\/\/www.diocesisciudadrodrigo.org\/blog4\/wp-json\/wp\/v2\/media\/32803"}],"wp:attachment":[{"href":"https:\/\/www.diocesisciudadrodrigo.org\/blog4\/wp-json\/wp\/v2\/media?parent=32802"}],"wp:term":[{"taxonomy":"category","embeddable":true,"href":"https:\/\/www.diocesisciudadrodrigo.org\/blog4\/wp-json\/wp\/v2\/categories?post=32802"},{"taxonomy":"post_tag","embeddable":true,"href":"https:\/\/www.diocesisciudadrodrigo.org\/blog4\/wp-json\/wp\/v2\/tags?post=32802"}],"curies":[{"name":"wp","href":"https:\/\/api.w.org\/{rel}","templated":true}]}}