{"id":31888,"date":"2024-05-29T00:56:44","date_gmt":"2024-05-28T22:56:44","guid":{"rendered":"https:\/\/www.diocesisciudadrodrigo.org\/blog4\/?p=31888"},"modified":"2024-05-29T01:00:28","modified_gmt":"2024-05-28T23:00:28","slug":"la-diocesis-participa-en-las-jornadas-sobre-economia-sostenimiento-y-transparencia-que-se-celebran-en-madrid","status":"publish","type":"post","link":"https:\/\/www.diocesisciudadrodrigo.org\/blog4\/la-diocesis-participa-en-las-jornadas-sobre-economia-sostenimiento-y-transparencia-que-se-celebran-en-madrid\/","title":{"rendered":"La Di\u00f3cesis participa en las Jornadas sobre econom\u00eda, sostenimiento y transparencia que se celebran en Madrid"},"content":{"rendered":"\t\t<div data-elementor-type=\"wp-post\" data-elementor-id=\"31888\" class=\"elementor elementor-31888\" data-elementor-settings=\"[]\">\n\t\t\t\t\t\t<div class=\"elementor-inner\">\n\t\t\t\t\t\t\t<div class=\"elementor-section-wrap\">\n\t\t\t\t\t\t\t<section class=\"elementor-section elementor-top-section elementor-element elementor-element-d2ffd73 elementor-section-boxed elementor-section-height-default elementor-section-height-default\" data-id=\"d2ffd73\" data-element_type=\"section\">\n\t\t\t\t\t\t<div class=\"elementor-container elementor-column-gap-default\">\n\t\t\t\t\t\t\t<div class=\"elementor-row\">\n\t\t\t\t\t<div class=\"elementor-column elementor-col-100 elementor-top-column elementor-element elementor-element-cf6974c\" data-id=\"cf6974c\" data-element_type=\"column\">\n\t\t\t<div class=\"elementor-column-wrap elementor-element-populated\">\n\t\t\t\t\t\t\t<div class=\"elementor-widget-wrap\">\n\t\t\t\t\t\t<div class=\"elementor-element elementor-element-966a40d elementor-widget elementor-widget-text-editor\" data-id=\"966a40d\" data-element_type=\"widget\" data-widget_type=\"text-editor.default\">\n\t\t\t\t<div class=\"elementor-widget-container\">\n\t\t\t\t\t\t\t\t<div class=\"elementor-text-editor elementor-clearfix\">\n\t\t\t\t<p>La Vicesecretar\u00eda para Asuntos Econ\u00f3micos, el Secretariado para el Sostenimiento de la Iglesia y la Oficina de Transparencia de la Conferencia Episcopal Espa\u00f1ola (CEE) han organizado del 27 al 29 de mayo las Jornadas de econom\u00eda, sostenimiento y transparencia en Madrid. Por parte de la Di\u00f3cesis de Ciudad Rodrigo est\u00e1n participando el Ec\u00f3nomo, D. Manuel Dom\u00ednguez, y la delegada de Comunicaci\u00f3n, D\u00f1a. Silvia Garc\u00eda.<\/p><p>El obispo de Tarazona, Mons. Vicente Rebollo, responsable del Secretariado para el Sostenimiento de la Iglesia de la CEE, fue el encargado del saludo de bienvenida a los participantes. La primera ponencia bajo el t\u00edtulo \u00abCorresponsabilidad y autofinanciaci\u00f3n en la Iglesia en Espa\u00f1a: estado de la situaci\u00f3n y perspectivas\u00bb corri\u00f3 a cargo de D. Fernando Gim\u00e9nez Barriocanal, Vicesecretario para Asuntos Econ\u00f3micos de la CEE y Jos\u00e9 Mar\u00eda Albalad, Director del Secretariado para el Sostenimiento de la Iglesia de la CEE. Seguidamente, se compartieron experiencias de las comisiones diocesanas para el Sostenimiento de la Iglesia.<\/p><p><strong>Proyectos de gesti\u00f3n para el sostenimiento de la Iglesia<\/strong><\/p><p>La segunda ponencia llevaba por t\u00edtulo \u00abCiberseguridad y prevenci\u00f3n de fraudes en entidades eclesiales\u00bb, abordada por D. Jos\u00e9 Carlos Moreno, inspector jefe de la Polic\u00eda Nacional en excedencia junto con D. Jos\u00e9 Antonio Lozano, comandante de la Guardia Civil de la UCO.<\/p><p>Ese primer d\u00eda por la tarde, los participantes tuvieron talleres simult\u00e1neos sobre diferentes temas como: \u00abPortal de donativos al servicio de las di\u00f3cesis: www.donoamiiglesia.es\u00bb ; \u00abManuales de buenas pr\u00e1cticas en gesti\u00f3n de obras y gasto\u00bb o el \u00abProyecto Done para la recogida de donativos: huchas, lampadarios y atriles\u00bb, adem\u00e1s de otros dedicados a herramientas contables y de gesti\u00f3n v\u00e1lidas para parroquias o di\u00f3cesis.<\/p><p>El martes 28 de mayo, D. Jes\u00fas Lizcano, catedr\u00e1tico de la Universidad Aut\u00f3noma de Madrid y expresidente de Transparencia Internacional, habl\u00f3 de \u00abLa transparencia en entidades de inter\u00e9s social\u00bb y, por su parte, D\u00f1a. Ester Mart\u00edn, directora de la Oficina de Transparencia de la CEE, expuso la \u00abAplicaci\u00f3n de la transparencia en las di\u00f3cesis\u00bb. Adem\u00e1s, D\u00f1a. Marta Corcoy y D. Justo Casenove, miembros de Infoparticipa, ofrecieron una charla sobre eficacia comunicativa.<\/p><p>La tarde del 28, al igual que el d\u00eda anterior, se dedic\u00f3 a otros seis talleres, a elegir uno por participante, con aspectos a tratar como \u00abEvoluci\u00f3n y desarrollo del Fondo Com\u00fan Interdiocesano\u00bb; gesti\u00f3n del patrimonio inmueble o gesti\u00f3n del patrimonio financiero; adem\u00e1s de experiencias diocesanas de las oficinas y portales de transparencia, as\u00ed como el intercambio de ideas para la elaboraci\u00f3n de una memoria en di\u00f3cesis y parroquias.<\/p><p>Hoy, mi\u00e9rcoles, tendr\u00e1 lugar la \u00faltima de los jornadas en la que el vicesecretario para Asuntos Econ\u00f3micos de la CEE, D. Fernando G. Barriocanal, dar\u00e1 a conocer la \u00abPropuesta de modelo de rendici\u00f3n de cuentas para entidades can\u00f3nicas y obispados\u00bb. Finalmente, la directora general de Libertad Religiosa, Mercedes Murillo, disertar\u00e1 acerca del \u00abRegistro de Entidades Religiosas\u00bb.<\/p><p>Por su parte, el secretario general de la CEE, Mons. Francisco C\u00e9sar Garc\u00eda Mag\u00e1n, ser\u00e1 el encargado de la clausura de estas jornadas.<\/p>\t\t\t\t\t<\/div>\n\t\t\t\t\t\t<\/div>\n\t\t\t\t<\/div>\n\t\t\t\t\t\t<\/div>\n\t\t\t\t\t<\/div>\n\t\t<\/div>\n\t\t\t\t\t\t\t\t<\/div>\n\t\t\t\t\t<\/div>\n\t\t<\/section>\n\t\t\t\t<section class=\"elementor-section elementor-top-section elementor-element elementor-element-b84f6a4 elementor-section-boxed elementor-section-height-default elementor-section-height-default\" data-id=\"b84f6a4\" data-element_type=\"section\">\n\t\t\t\t\t\t<div class=\"elementor-container elementor-column-gap-default\">\n\t\t\t\t\t\t\t<div class=\"elementor-row\">\n\t\t\t\t\t<div class=\"elementor-column elementor-col-100 elementor-top-column elementor-element elementor-element-762eb57\" data-id=\"762eb57\" data-element_type=\"column\">\n\t\t\t<div class=\"elementor-column-wrap elementor-element-populated\">\n\t\t\t\t\t\t\t<div class=\"elementor-widget-wrap\">\n\t\t\t\t\t\t<div class=\"elementor-element elementor-element-1f60872 elementor-widget elementor-widget-image\" data-id=\"1f60872\" data-element_type=\"widget\" data-widget_type=\"image.default\">\n\t\t\t\t<div class=\"elementor-widget-container\">\n\t\t\t\t\t\t\t\t<div class=\"elementor-image\">\n\t\t\t\t\t\t\t\t\t\t\t\t<img loading=\"lazy\" decoding=\"async\" width=\"1024\" height=\"768\" src=\"https:\/\/www.diocesisciudadrodrigo.org\/blog4\/wp-content\/uploads\/2024\/05\/IMG_1246-1024x768.jpg\" class=\"attachment-large size-large\" alt=\"\" srcset=\"https:\/\/www.diocesisciudadrodrigo.org\/blog4\/wp-content\/uploads\/2024\/05\/IMG_1246-1024x768.jpg 1024w, https:\/\/www.diocesisciudadrodrigo.org\/blog4\/wp-content\/uploads\/2024\/05\/IMG_1246-300x225.jpg 300w, https:\/\/www.diocesisciudadrodrigo.org\/blog4\/wp-content\/uploads\/2024\/05\/IMG_1246-768x576.jpg 768w, https:\/\/www.diocesisciudadrodrigo.org\/blog4\/wp-content\/uploads\/2024\/05\/IMG_1246-1536x1152.jpg 1536w, https:\/\/www.diocesisciudadrodrigo.org\/blog4\/wp-content\/uploads\/2024\/05\/IMG_1246-350x263.jpg 350w, https:\/\/www.diocesisciudadrodrigo.org\/blog4\/wp-content\/uploads\/2024\/05\/IMG_1246.jpg 2016w\" sizes=\"auto, (max-width: 1024px) 100vw, 1024px\" \/>\t\t\t\t\t\t\t\t\t\t\t\t\t\t<\/div>\n\t\t\t\t\t\t<\/div>\n\t\t\t\t<\/div>\n\t\t\t\t\t\t<\/div>\n\t\t\t\t\t<\/div>\n\t\t<\/div>\n\t\t\t\t\t\t\t\t<\/div>\n\t\t\t\t\t<\/div>\n\t\t<\/section>\n\t\t\t\t\t\t<\/div>\n\t\t\t\t\t\t<\/div>\n\t\t\t\t\t<\/div>\n\t\t","protected":false},"excerpt":{"rendered":"<p>La Vicesecretar\u00eda para Asuntos Econ\u00f3micos, el Secretariado para el Sostenimiento de la Iglesia y la Oficina de Transparencia de la Conferencia Episcopal Espa\u00f1ola (CEE) han organizado del 27 al 29 &#8230; <\/p>\n<p class=\"read-more-container\"><a title=\"La Di\u00f3cesis participa en las Jornadas sobre econom\u00eda, sostenimiento y transparencia que se celebran en Madrid\" class=\"read-more button\" href=\"https:\/\/www.diocesisciudadrodrigo.org\/blog4\/la-diocesis-participa-en-las-jornadas-sobre-economia-sostenimiento-y-transparencia-que-se-celebran-en-madrid\/#more-31888\" aria-label=\"M\u00e1s en La Di\u00f3cesis participa en las Jornadas sobre econom\u00eda, sostenimiento y transparencia que se celebran en Madrid\">Leer m\u00e1s &#8230;<\/a><\/p>\n","protected":false},"author":1,"featured_media":31889,"comment_status":"closed","ping_status":"closed","sticky":false,"template":"","format":"standard","meta":{"footnotes":""},"categories":[6],"tags":[],"class_list":["post-31888","post","type-post","status-publish","format-standard","has-post-thumbnail","hentry","category-noticias","masonry-post","generate-columns","tablet-grid-50","mobile-grid-100","grid-parent","grid-50"],"yoast_head":"<!-- This site is optimized with the Yoast SEO plugin v27.3 - https:\/\/yoast.com\/product\/yoast-seo-wordpress\/ -->\n<title>La Di\u00f3cesis participa en las Jornadas sobre econom\u00eda, sostenimiento y transparencia que se celebran en Madrid - Di\u00f3cesis de Ciudad Rodrigo<\/title>\n<meta name=\"robots\" content=\"index, follow, max-snippet:-1, max-image-preview:large, max-video-preview:-1\" \/>\n<link rel=\"canonical\" href=\"https:\/\/www.diocesisciudadrodrigo.org\/blog4\/la-diocesis-participa-en-las-jornadas-sobre-economia-sostenimiento-y-transparencia-que-se-celebran-en-madrid\/\" \/>\n<meta property=\"og:locale\" content=\"es_ES\" \/>\n<meta property=\"og:type\" content=\"article\" \/>\n<meta property=\"og:title\" content=\"La Di\u00f3cesis participa en las Jornadas sobre econom\u00eda, sostenimiento y transparencia que se celebran en Madrid - Di\u00f3cesis de Ciudad Rodrigo\" \/>\n<meta property=\"og:description\" content=\"La Vicesecretar\u00eda para Asuntos Econ\u00f3micos, el Secretariado para el Sostenimiento de la Iglesia y la Oficina de Transparencia de la Conferencia Episcopal Espa\u00f1ola (CEE) han organizado del 27 al 29 ... Leer m\u00e1s ...\" \/>\n<meta property=\"og:url\" content=\"https:\/\/www.diocesisciudadrodrigo.org\/blog4\/la-diocesis-participa-en-las-jornadas-sobre-economia-sostenimiento-y-transparencia-que-se-celebran-en-madrid\/\" \/>\n<meta property=\"og:site_name\" content=\"Di\u00f3cesis de Ciudad Rodrigo\" \/>\n<meta property=\"article:publisher\" content=\"https:\/\/www.facebook.com\/people\/Dicesis-Ciudad-Rodrigo-MCS\/100076471923419\/#\" \/>\n<meta property=\"article:published_time\" content=\"2024-05-28T22:56:44+00:00\" \/>\n<meta property=\"article:modified_time\" content=\"2024-05-28T23:00:28+00:00\" \/>\n<meta property=\"og:image\" content=\"https:\/\/www.diocesisciudadrodrigo.org\/blog4\/wp-content\/uploads\/2024\/05\/IMG_1246.jpg\" \/>\n\t<meta property=\"og:image:width\" content=\"2016\" \/>\n\t<meta property=\"og:image:height\" content=\"1512\" \/>\n\t<meta property=\"og:image:type\" content=\"image\/jpeg\" \/>\n<meta name=\"author\" content=\"medios CR\" \/>\n<meta name=\"twitter:card\" content=\"summary_large_image\" \/>\n<meta name=\"twitter:label1\" content=\"Escrito por\" \/>\n\t<meta name=\"twitter:data1\" content=\"medios CR\" \/>\n\t<meta name=\"twitter:label2\" content=\"Tiempo de lectura\" \/>\n\t<meta name=\"twitter:data2\" content=\"3 minutos\" \/>\n<script type=\"application\/ld+json\" class=\"yoast-schema-graph\">{\"@context\":\"https:\\\/\\\/schema.org\",\"@graph\":[{\"@type\":\"Article\",\"@id\":\"https:\\\/\\\/www.diocesisciudadrodrigo.org\\\/blog4\\\/la-diocesis-participa-en-las-jornadas-sobre-economia-sostenimiento-y-transparencia-que-se-celebran-en-madrid\\\/#article\",\"isPartOf\":{\"@id\":\"https:\\\/\\\/www.diocesisciudadrodrigo.org\\\/blog4\\\/la-diocesis-participa-en-las-jornadas-sobre-economia-sostenimiento-y-transparencia-que-se-celebran-en-madrid\\\/\"},\"author\":{\"name\":\"medios CR\",\"@id\":\"https:\\\/\\\/www.diocesisciudadrodrigo.org\\\/blog4\\\/#\\\/schema\\\/person\\\/5fcf0ca636a75766ff70e6417b6ed052\"},\"headline\":\"La Di\u00f3cesis participa en las Jornadas sobre econom\u00eda, sostenimiento y transparencia que se celebran en Madrid\",\"datePublished\":\"2024-05-28T22:56:44+00:00\",\"dateModified\":\"2024-05-28T23:00:28+00:00\",\"mainEntityOfPage\":{\"@id\":\"https:\\\/\\\/www.diocesisciudadrodrigo.org\\\/blog4\\\/la-diocesis-participa-en-las-jornadas-sobre-economia-sostenimiento-y-transparencia-que-se-celebran-en-madrid\\\/\"},\"wordCount\":562,\"publisher\":{\"@id\":\"https:\\\/\\\/www.diocesisciudadrodrigo.org\\\/blog4\\\/#organization\"},\"image\":{\"@id\":\"https:\\\/\\\/www.diocesisciudadrodrigo.org\\\/blog4\\\/la-diocesis-participa-en-las-jornadas-sobre-economia-sostenimiento-y-transparencia-que-se-celebran-en-madrid\\\/#primaryimage\"},\"thumbnailUrl\":\"https:\\\/\\\/www.diocesisciudadrodrigo.org\\\/blog4\\\/wp-content\\\/uploads\\\/2024\\\/05\\\/IMG_1246.jpg\",\"articleSection\":[\"Noticias\"],\"inLanguage\":\"es\"},{\"@type\":\"WebPage\",\"@id\":\"https:\\\/\\\/www.diocesisciudadrodrigo.org\\\/blog4\\\/la-diocesis-participa-en-las-jornadas-sobre-economia-sostenimiento-y-transparencia-que-se-celebran-en-madrid\\\/\",\"url\":\"https:\\\/\\\/www.diocesisciudadrodrigo.org\\\/blog4\\\/la-diocesis-participa-en-las-jornadas-sobre-economia-sostenimiento-y-transparencia-que-se-celebran-en-madrid\\\/\",\"name\":\"La Di\u00f3cesis participa en las Jornadas sobre econom\u00eda, sostenimiento y transparencia que se celebran en Madrid - Di\u00f3cesis de Ciudad Rodrigo\",\"isPartOf\":{\"@id\":\"https:\\\/\\\/www.diocesisciudadrodrigo.org\\\/blog4\\\/#website\"},\"primaryImageOfPage\":{\"@id\":\"https:\\\/\\\/www.diocesisciudadrodrigo.org\\\/blog4\\\/la-diocesis-participa-en-las-jornadas-sobre-economia-sostenimiento-y-transparencia-que-se-celebran-en-madrid\\\/#primaryimage\"},\"image\":{\"@id\":\"https:\\\/\\\/www.diocesisciudadrodrigo.org\\\/blog4\\\/la-diocesis-participa-en-las-jornadas-sobre-economia-sostenimiento-y-transparencia-que-se-celebran-en-madrid\\\/#primaryimage\"},\"thumbnailUrl\":\"https:\\\/\\\/www.diocesisciudadrodrigo.org\\\/blog4\\\/wp-content\\\/uploads\\\/2024\\\/05\\\/IMG_1246.jpg\",\"datePublished\":\"2024-05-28T22:56:44+00:00\",\"dateModified\":\"2024-05-28T23:00:28+00:00\",\"breadcrumb\":{\"@id\":\"https:\\\/\\\/www.diocesisciudadrodrigo.org\\\/blog4\\\/la-diocesis-participa-en-las-jornadas-sobre-economia-sostenimiento-y-transparencia-que-se-celebran-en-madrid\\\/#breadcrumb\"},\"inLanguage\":\"es\",\"potentialAction\":[{\"@type\":\"ReadAction\",\"target\":[\"https:\\\/\\\/www.diocesisciudadrodrigo.org\\\/blog4\\\/la-diocesis-participa-en-las-jornadas-sobre-economia-sostenimiento-y-transparencia-que-se-celebran-en-madrid\\\/\"]}]},{\"@type\":\"ImageObject\",\"inLanguage\":\"es\",\"@id\":\"https:\\\/\\\/www.diocesisciudadrodrigo.org\\\/blog4\\\/la-diocesis-participa-en-las-jornadas-sobre-economia-sostenimiento-y-transparencia-que-se-celebran-en-madrid\\\/#primaryimage\",\"url\":\"https:\\\/\\\/www.diocesisciudadrodrigo.org\\\/blog4\\\/wp-content\\\/uploads\\\/2024\\\/05\\\/IMG_1246.jpg\",\"contentUrl\":\"https:\\\/\\\/www.diocesisciudadrodrigo.org\\\/blog4\\\/wp-content\\\/uploads\\\/2024\\\/05\\\/IMG_1246.jpg\",\"width\":2016,\"height\":1512},{\"@type\":\"BreadcrumbList\",\"@id\":\"https:\\\/\\\/www.diocesisciudadrodrigo.org\\\/blog4\\\/la-diocesis-participa-en-las-jornadas-sobre-economia-sostenimiento-y-transparencia-que-se-celebran-en-madrid\\\/#breadcrumb\",\"itemListElement\":[{\"@type\":\"ListItem\",\"position\":1,\"name\":\"Portada\",\"item\":\"https:\\\/\\\/www.diocesisciudadrodrigo.org\\\/blog4\\\/\"},{\"@type\":\"ListItem\",\"position\":2,\"name\":\"La Di\u00f3cesis participa en las Jornadas sobre econom\u00eda, sostenimiento y transparencia que se celebran en Madrid\"}]},{\"@type\":\"WebSite\",\"@id\":\"https:\\\/\\\/www.diocesisciudadrodrigo.org\\\/blog4\\\/#website\",\"url\":\"https:\\\/\\\/www.diocesisciudadrodrigo.org\\\/blog4\\\/\",\"name\":\"Di\u00f3cesis de Ciudad Rodrigo\",\"description\":\"Sitio web oficial de la di\u00f3cesis civitatense\",\"publisher\":{\"@id\":\"https:\\\/\\\/www.diocesisciudadrodrigo.org\\\/blog4\\\/#organization\"},\"potentialAction\":[{\"@type\":\"SearchAction\",\"target\":{\"@type\":\"EntryPoint\",\"urlTemplate\":\"https:\\\/\\\/www.diocesisciudadrodrigo.org\\\/blog4\\\/?s={search_term_string}\"},\"query-input\":{\"@type\":\"PropertyValueSpecification\",\"valueRequired\":true,\"valueName\":\"search_term_string\"}}],\"inLanguage\":\"es\"},{\"@type\":\"Organization\",\"@id\":\"https:\\\/\\\/www.diocesisciudadrodrigo.org\\\/blog4\\\/#organization\",\"name\":\"Di\u00f3cesis de Ciudad Rodrigo\",\"url\":\"https:\\\/\\\/www.diocesisciudadrodrigo.org\\\/blog4\\\/\",\"logo\":{\"@type\":\"ImageObject\",\"inLanguage\":\"es\",\"@id\":\"https:\\\/\\\/www.diocesisciudadrodrigo.org\\\/blog4\\\/#\\\/schema\\\/logo\\\/image\\\/\",\"url\":\"https:\\\/\\\/www.diocesisciudadrodrigo.org\\\/blog4\\\/wp-content\\\/uploads\\\/2024\\\/12\\\/Diocesis.CMYK_-768x480-1.jpg\",\"contentUrl\":\"https:\\\/\\\/www.diocesisciudadrodrigo.org\\\/blog4\\\/wp-content\\\/uploads\\\/2024\\\/12\\\/Diocesis.CMYK_-768x480-1.jpg\",\"width\":768,\"height\":480,\"caption\":\"Di\u00f3cesis de Ciudad Rodrigo\"},\"image\":{\"@id\":\"https:\\\/\\\/www.diocesisciudadrodrigo.org\\\/blog4\\\/#\\\/schema\\\/logo\\\/image\\\/\"},\"sameAs\":[\"https:\\\/\\\/www.facebook.com\\\/people\\\/Dicesis-Ciudad-Rodrigo-MCS\\\/100076471923419\\\/#\"]},{\"@type\":\"Person\",\"@id\":\"https:\\\/\\\/www.diocesisciudadrodrigo.org\\\/blog4\\\/#\\\/schema\\\/person\\\/5fcf0ca636a75766ff70e6417b6ed052\",\"name\":\"medios CR\",\"image\":{\"@type\":\"ImageObject\",\"inLanguage\":\"es\",\"@id\":\"https:\\\/\\\/secure.gravatar.com\\\/avatar\\\/4a619fd0c7e36bd570f4e6e15eb09a2191185d0f63d8dbfdffe848af141ab87e?s=96&d=mm&r=g\",\"url\":\"https:\\\/\\\/secure.gravatar.com\\\/avatar\\\/4a619fd0c7e36bd570f4e6e15eb09a2191185d0f63d8dbfdffe848af141ab87e?s=96&d=mm&r=g\",\"contentUrl\":\"https:\\\/\\\/secure.gravatar.com\\\/avatar\\\/4a619fd0c7e36bd570f4e6e15eb09a2191185d0f63d8dbfdffe848af141ab87e?s=96&d=mm&r=g\",\"caption\":\"medios CR\"},\"url\":\"https:\\\/\\\/www.diocesisciudadrodrigo.org\\\/blog4\\\/author\\\/admin4\\\/\"}]}<\/script>\n<!-- \/ Yoast SEO plugin. -->","yoast_head_json":{"title":"La Di\u00f3cesis participa en las Jornadas sobre econom\u00eda, sostenimiento y transparencia que se celebran en Madrid - Di\u00f3cesis de Ciudad Rodrigo","robots":{"index":"index","follow":"follow","max-snippet":"max-snippet:-1","max-image-preview":"max-image-preview:large","max-video-preview":"max-video-preview:-1"},"canonical":"https:\/\/www.diocesisciudadrodrigo.org\/blog4\/la-diocesis-participa-en-las-jornadas-sobre-economia-sostenimiento-y-transparencia-que-se-celebran-en-madrid\/","og_locale":"es_ES","og_type":"article","og_title":"La Di\u00f3cesis participa en las Jornadas sobre econom\u00eda, sostenimiento y transparencia que se celebran en Madrid - Di\u00f3cesis de Ciudad Rodrigo","og_description":"La Vicesecretar\u00eda para Asuntos Econ\u00f3micos, el Secretariado para el Sostenimiento de la Iglesia y la Oficina de Transparencia de la Conferencia Episcopal Espa\u00f1ola (CEE) han organizado del 27 al 29 ... Leer m\u00e1s ...","og_url":"https:\/\/www.diocesisciudadrodrigo.org\/blog4\/la-diocesis-participa-en-las-jornadas-sobre-economia-sostenimiento-y-transparencia-que-se-celebran-en-madrid\/","og_site_name":"Di\u00f3cesis de Ciudad Rodrigo","article_publisher":"https:\/\/www.facebook.com\/people\/Dicesis-Ciudad-Rodrigo-MCS\/100076471923419\/#","article_published_time":"2024-05-28T22:56:44+00:00","article_modified_time":"2024-05-28T23:00:28+00:00","og_image":[{"width":2016,"height":1512,"url":"https:\/\/www.diocesisciudadrodrigo.org\/blog4\/wp-content\/uploads\/2024\/05\/IMG_1246.jpg","type":"image\/jpeg"}],"author":"medios CR","twitter_card":"summary_large_image","twitter_misc":{"Escrito por":"medios CR","Tiempo de lectura":"3 minutos"},"schema":{"@context":"https:\/\/schema.org","@graph":[{"@type":"Article","@id":"https:\/\/www.diocesisciudadrodrigo.org\/blog4\/la-diocesis-participa-en-las-jornadas-sobre-economia-sostenimiento-y-transparencia-que-se-celebran-en-madrid\/#article","isPartOf":{"@id":"https:\/\/www.diocesisciudadrodrigo.org\/blog4\/la-diocesis-participa-en-las-jornadas-sobre-economia-sostenimiento-y-transparencia-que-se-celebran-en-madrid\/"},"author":{"name":"medios CR","@id":"https:\/\/www.diocesisciudadrodrigo.org\/blog4\/#\/schema\/person\/5fcf0ca636a75766ff70e6417b6ed052"},"headline":"La Di\u00f3cesis participa en las Jornadas sobre econom\u00eda, sostenimiento y transparencia que se celebran en Madrid","datePublished":"2024-05-28T22:56:44+00:00","dateModified":"2024-05-28T23:00:28+00:00","mainEntityOfPage":{"@id":"https:\/\/www.diocesisciudadrodrigo.org\/blog4\/la-diocesis-participa-en-las-jornadas-sobre-economia-sostenimiento-y-transparencia-que-se-celebran-en-madrid\/"},"wordCount":562,"publisher":{"@id":"https:\/\/www.diocesisciudadrodrigo.org\/blog4\/#organization"},"image":{"@id":"https:\/\/www.diocesisciudadrodrigo.org\/blog4\/la-diocesis-participa-en-las-jornadas-sobre-economia-sostenimiento-y-transparencia-que-se-celebran-en-madrid\/#primaryimage"},"thumbnailUrl":"https:\/\/www.diocesisciudadrodrigo.org\/blog4\/wp-content\/uploads\/2024\/05\/IMG_1246.jpg","articleSection":["Noticias"],"inLanguage":"es"},{"@type":"WebPage","@id":"https:\/\/www.diocesisciudadrodrigo.org\/blog4\/la-diocesis-participa-en-las-jornadas-sobre-economia-sostenimiento-y-transparencia-que-se-celebran-en-madrid\/","url":"https:\/\/www.diocesisciudadrodrigo.org\/blog4\/la-diocesis-participa-en-las-jornadas-sobre-economia-sostenimiento-y-transparencia-que-se-celebran-en-madrid\/","name":"La Di\u00f3cesis participa en las Jornadas sobre econom\u00eda, sostenimiento y transparencia que se celebran en Madrid - Di\u00f3cesis de Ciudad Rodrigo","isPartOf":{"@id":"https:\/\/www.diocesisciudadrodrigo.org\/blog4\/#website"},"primaryImageOfPage":{"@id":"https:\/\/www.diocesisciudadrodrigo.org\/blog4\/la-diocesis-participa-en-las-jornadas-sobre-economia-sostenimiento-y-transparencia-que-se-celebran-en-madrid\/#primaryimage"},"image":{"@id":"https:\/\/www.diocesisciudadrodrigo.org\/blog4\/la-diocesis-participa-en-las-jornadas-sobre-economia-sostenimiento-y-transparencia-que-se-celebran-en-madrid\/#primaryimage"},"thumbnailUrl":"https:\/\/www.diocesisciudadrodrigo.org\/blog4\/wp-content\/uploads\/2024\/05\/IMG_1246.jpg","datePublished":"2024-05-28T22:56:44+00:00","dateModified":"2024-05-28T23:00:28+00:00","breadcrumb":{"@id":"https:\/\/www.diocesisciudadrodrigo.org\/blog4\/la-diocesis-participa-en-las-jornadas-sobre-economia-sostenimiento-y-transparencia-que-se-celebran-en-madrid\/#breadcrumb"},"inLanguage":"es","potentialAction":[{"@type":"ReadAction","target":["https:\/\/www.diocesisciudadrodrigo.org\/blog4\/la-diocesis-participa-en-las-jornadas-sobre-economia-sostenimiento-y-transparencia-que-se-celebran-en-madrid\/"]}]},{"@type":"ImageObject","inLanguage":"es","@id":"https:\/\/www.diocesisciudadrodrigo.org\/blog4\/la-diocesis-participa-en-las-jornadas-sobre-economia-sostenimiento-y-transparencia-que-se-celebran-en-madrid\/#primaryimage","url":"https:\/\/www.diocesisciudadrodrigo.org\/blog4\/wp-content\/uploads\/2024\/05\/IMG_1246.jpg","contentUrl":"https:\/\/www.diocesisciudadrodrigo.org\/blog4\/wp-content\/uploads\/2024\/05\/IMG_1246.jpg","width":2016,"height":1512},{"@type":"BreadcrumbList","@id":"https:\/\/www.diocesisciudadrodrigo.org\/blog4\/la-diocesis-participa-en-las-jornadas-sobre-economia-sostenimiento-y-transparencia-que-se-celebran-en-madrid\/#breadcrumb","itemListElement":[{"@type":"ListItem","position":1,"name":"Portada","item":"https:\/\/www.diocesisciudadrodrigo.org\/blog4\/"},{"@type":"ListItem","position":2,"name":"La Di\u00f3cesis participa en las Jornadas sobre econom\u00eda, sostenimiento y transparencia que se celebran en Madrid"}]},{"@type":"WebSite","@id":"https:\/\/www.diocesisciudadrodrigo.org\/blog4\/#website","url":"https:\/\/www.diocesisciudadrodrigo.org\/blog4\/","name":"Di\u00f3cesis de Ciudad Rodrigo","description":"Sitio web oficial de la di\u00f3cesis civitatense","publisher":{"@id":"https:\/\/www.diocesisciudadrodrigo.org\/blog4\/#organization"},"potentialAction":[{"@type":"SearchAction","target":{"@type":"EntryPoint","urlTemplate":"https:\/\/www.diocesisciudadrodrigo.org\/blog4\/?s={search_term_string}"},"query-input":{"@type":"PropertyValueSpecification","valueRequired":true,"valueName":"search_term_string"}}],"inLanguage":"es"},{"@type":"Organization","@id":"https:\/\/www.diocesisciudadrodrigo.org\/blog4\/#organization","name":"Di\u00f3cesis de Ciudad Rodrigo","url":"https:\/\/www.diocesisciudadrodrigo.org\/blog4\/","logo":{"@type":"ImageObject","inLanguage":"es","@id":"https:\/\/www.diocesisciudadrodrigo.org\/blog4\/#\/schema\/logo\/image\/","url":"https:\/\/www.diocesisciudadrodrigo.org\/blog4\/wp-content\/uploads\/2024\/12\/Diocesis.CMYK_-768x480-1.jpg","contentUrl":"https:\/\/www.diocesisciudadrodrigo.org\/blog4\/wp-content\/uploads\/2024\/12\/Diocesis.CMYK_-768x480-1.jpg","width":768,"height":480,"caption":"Di\u00f3cesis de Ciudad Rodrigo"},"image":{"@id":"https:\/\/www.diocesisciudadrodrigo.org\/blog4\/#\/schema\/logo\/image\/"},"sameAs":["https:\/\/www.facebook.com\/people\/Dicesis-Ciudad-Rodrigo-MCS\/100076471923419\/#"]},{"@type":"Person","@id":"https:\/\/www.diocesisciudadrodrigo.org\/blog4\/#\/schema\/person\/5fcf0ca636a75766ff70e6417b6ed052","name":"medios CR","image":{"@type":"ImageObject","inLanguage":"es","@id":"https:\/\/secure.gravatar.com\/avatar\/4a619fd0c7e36bd570f4e6e15eb09a2191185d0f63d8dbfdffe848af141ab87e?s=96&d=mm&r=g","url":"https:\/\/secure.gravatar.com\/avatar\/4a619fd0c7e36bd570f4e6e15eb09a2191185d0f63d8dbfdffe848af141ab87e?s=96&d=mm&r=g","contentUrl":"https:\/\/secure.gravatar.com\/avatar\/4a619fd0c7e36bd570f4e6e15eb09a2191185d0f63d8dbfdffe848af141ab87e?s=96&d=mm&r=g","caption":"medios CR"},"url":"https:\/\/www.diocesisciudadrodrigo.org\/blog4\/author\/admin4\/"}]}},"_links":{"self":[{"href":"https:\/\/www.diocesisciudadrodrigo.org\/blog4\/wp-json\/wp\/v2\/posts\/31888","targetHints":{"allow":["GET"]}}],"collection":[{"href":"https:\/\/www.diocesisciudadrodrigo.org\/blog4\/wp-json\/wp\/v2\/posts"}],"about":[{"href":"https:\/\/www.diocesisciudadrodrigo.org\/blog4\/wp-json\/wp\/v2\/types\/post"}],"author":[{"embeddable":true,"href":"https:\/\/www.diocesisciudadrodrigo.org\/blog4\/wp-json\/wp\/v2\/users\/1"}],"replies":[{"embeddable":true,"href":"https:\/\/www.diocesisciudadrodrigo.org\/blog4\/wp-json\/wp\/v2\/comments?post=31888"}],"version-history":[{"count":4,"href":"https:\/\/www.diocesisciudadrodrigo.org\/blog4\/wp-json\/wp\/v2\/posts\/31888\/revisions"}],"predecessor-version":[{"id":31893,"href":"https:\/\/www.diocesisciudadrodrigo.org\/blog4\/wp-json\/wp\/v2\/posts\/31888\/revisions\/31893"}],"wp:featuredmedia":[{"embeddable":true,"href":"https:\/\/www.diocesisciudadrodrigo.org\/blog4\/wp-json\/wp\/v2\/media\/31889"}],"wp:attachment":[{"href":"https:\/\/www.diocesisciudadrodrigo.org\/blog4\/wp-json\/wp\/v2\/media?parent=31888"}],"wp:term":[{"taxonomy":"category","embeddable":true,"href":"https:\/\/www.diocesisciudadrodrigo.org\/blog4\/wp-json\/wp\/v2\/categories?post=31888"},{"taxonomy":"post_tag","embeddable":true,"href":"https:\/\/www.diocesisciudadrodrigo.org\/blog4\/wp-json\/wp\/v2\/tags?post=31888"}],"curies":[{"name":"wp","href":"https:\/\/api.w.org\/{rel}","templated":true}]}}