{"id":31836,"date":"2024-05-23T13:00:47","date_gmt":"2024-05-23T11:00:47","guid":{"rendered":"https:\/\/www.diocesisciudadrodrigo.org\/blog4\/?p=31836"},"modified":"2024-05-23T11:42:50","modified_gmt":"2024-05-23T09:42:50","slug":"mons-retana-os-invito-a-dar-gracias-a-dios-por-el-don-del-sacerdocio-y-por-habernos-otorgado-la-gracia-de-la-fidelidad","status":"publish","type":"post","link":"https:\/\/www.diocesisciudadrodrigo.org\/blog4\/mons-retana-os-invito-a-dar-gracias-a-dios-por-el-don-del-sacerdocio-y-por-habernos-otorgado-la-gracia-de-la-fidelidad\/","title":{"rendered":"Mons. Retana: \u00abOs invito a dar gracias a Dios por el don del sacerdocio y por habernos otorgado la gracia de la fidelidad\u00bb"},"content":{"rendered":"\t\t<div data-elementor-type=\"wp-post\" data-elementor-id=\"31836\" class=\"elementor elementor-31836\" data-elementor-settings=\"[]\">\n\t\t\t\t\t\t<div class=\"elementor-inner\">\n\t\t\t\t\t\t\t<div class=\"elementor-section-wrap\">\n\t\t\t\t\t\t\t<section class=\"elementor-section elementor-top-section elementor-element elementor-element-8191530 elementor-section-boxed elementor-section-height-default elementor-section-height-default\" data-id=\"8191530\" data-element_type=\"section\">\n\t\t\t\t\t\t<div class=\"elementor-container elementor-column-gap-default\">\n\t\t\t\t\t\t\t<div class=\"elementor-row\">\n\t\t\t\t\t<div class=\"elementor-column elementor-col-100 elementor-top-column elementor-element elementor-element-d78b8c4\" data-id=\"d78b8c4\" data-element_type=\"column\">\n\t\t\t<div class=\"elementor-column-wrap elementor-element-populated\">\n\t\t\t\t\t\t\t<div class=\"elementor-widget-wrap\">\n\t\t\t\t\t\t<div class=\"elementor-element elementor-element-216c2de elementor-widget elementor-widget-text-editor\" data-id=\"216c2de\" data-element_type=\"widget\" data-widget_type=\"text-editor.default\">\n\t\t\t\t<div class=\"elementor-widget-container\">\n\t\t\t\t\t\t\t\t<div class=\"elementor-text-editor elementor-clearfix\">\n\t\t\t\t<p>Los presb\u00edteros de la Di\u00f3cesis de Ciudad Rodrigo junto a su Obispo, Mons. Jos\u00e9 Luis Retana, han celebrado con una Eucarist\u00eda en el Seminario, la fiesta de Jesucristo Sumo y Eterno Sacerdote, una cita tradicional en la que todos han renovado su s\u00ed sacerdotal, que es fruto del Esp\u00edritu Santo. Desde ese punto de partida, don Jos\u00e9 Luis ha invitado a todos los presentes \u00aba dar gracias a Dios por el don del sacerdocio y por habernos otorgado la gracia de la fidelidad\u00bb.<\/p><p>La esencia de la fiesta lit\u00fargica de hoy consiste en conmemorar a Cristo como Sacerdote. Es un t\u00edtulo que presenta el autor de la carta a los Hebreos. \u00abJesucristo es Sacerdote porque Su sacrificio, realizado en la cruz, supera todos los posibles sacrificios: <em>Aqu\u00ed estoy, Se\u00f1or, para hacer tu voluntad\u00bb.<\/em><\/p><p>De igual modo, ha recordado a los sacerdotes que \u00abla clave de nuestro ministerio est\u00e1 en nuestra relaci\u00f3n afectiva con Jes\u00fas. As\u00ed como su palabra y sus milagros nac\u00edan de su oraci\u00f3n y de su intimidad con el Padre, as\u00ed tambi\u00e9n en nosotros, el anuncio del Evangelio, la administraci\u00f3n de los sacramentos y el cuidado personal de los m\u00e1s vulnerables, brotan de nuestra relaci\u00f3n amorosa con Cristo. Este n\u00facleo de relaci\u00f3n e intimidad, hermanos sacerdotes, hemos de cultivarlo como el tesoro m\u00e1s grande que sostiene nuestra vida de presb\u00edteros\u00bb.<\/p><p>En otro momento de su homil\u00eda ha animado a echar la vista atr\u00e1s, \u00abquedan en el rinc\u00f3n de todo este tramo un sinf\u00edn de rostros, de nombres, de personas, de parroquias y quehaceres\u00bb, al tiempo que ha pedido al Se\u00f1or \u00absaber hacer una memoria agradecida de todo este largo periplo\u00bb.<\/p><p>Adem\u00e1s de agradecer a todos los sacerdotes de la Di\u00f3cesis su entrega \u00abgenerosa\u00bb, ha concluido apuntando que la de hoy \u00abes una fiesta de toda nuestra fraternidad sacerdotal en el presbiterio diocesano. Juntos damos gracias y juntos pedimos Gracia. Que el Buen Pastor de nuestras vidas, que nos llam\u00f3 a continuar su misi\u00f3n, siga bendici\u00e9ndonos y bendiciendo cada ma\u00f1ana nuestra tarea\u00bb. <\/p><p>Despu\u00e9s de la Eucarist\u00eda, ha tenido lugar en el Sal\u00f3n Obispo Mazarrasa una charla del profesor D. Eloy Bueno, titulada &#8216;El ejercicio de la misi\u00f3n en la nueva revoluci\u00f3n antropol\u00f3gica\u00bb. Con esta tercera charla de don Eloy, se ha cerrado la formaci\u00f3n permanente del clero en este Curso Pastoral 2023-2024.\u00a0<\/p><p>Por \u00faltimo, tiene lugar una comida de hermandad.<\/p>\t\t\t\t\t<\/div>\n\t\t\t\t\t\t<\/div>\n\t\t\t\t<\/div>\n\t\t\t\t\t\t<\/div>\n\t\t\t\t\t<\/div>\n\t\t<\/div>\n\t\t\t\t\t\t\t\t<\/div>\n\t\t\t\t\t<\/div>\n\t\t<\/section>\n\t\t\t\t<section class=\"elementor-section elementor-top-section elementor-element elementor-element-b9b4d0a elementor-section-boxed elementor-section-height-default elementor-section-height-default\" data-id=\"b9b4d0a\" data-element_type=\"section\">\n\t\t\t\t\t\t<div class=\"elementor-container elementor-column-gap-default\">\n\t\t\t\t\t\t\t<div class=\"elementor-row\">\n\t\t\t\t\t<div class=\"elementor-column elementor-col-100 elementor-top-column elementor-element elementor-element-19bc659\" data-id=\"19bc659\" data-element_type=\"column\">\n\t\t\t<div class=\"elementor-column-wrap elementor-element-populated\">\n\t\t\t\t\t\t\t<div class=\"elementor-widget-wrap\">\n\t\t\t\t\t\t<div class=\"elementor-element elementor-element-ec9965c elementor-widget elementor-widget-image-gallery\" data-id=\"ec9965c\" data-element_type=\"widget\" data-widget_type=\"image-gallery.default\">\n\t\t\t\t<div class=\"elementor-widget-container\">\n\t\t\t\t\t<div class=\"elementor-image-gallery\">\n\t\t\t<div id='gallery-1' class='gallery galleryid-31836 gallery-columns-4 gallery-size-medium'><figure class='gallery-item'>\n\t\t\t<div class='gallery-icon landscape'>\n\t\t\t\t<a  href='https:\/\/www.diocesisciudadrodrigo.org\/blog4\/wp-content\/uploads\/2024\/05\/IMG_1101.jpg'><img loading=\"lazy\" decoding=\"async\" width=\"300\" height=\"225\" src=\"https:\/\/www.diocesisciudadrodrigo.org\/blog4\/wp-content\/uploads\/2024\/05\/IMG_1101-300x225.jpg\" class=\"attachment-medium size-medium\" alt=\"\" srcset=\"https:\/\/www.diocesisciudadrodrigo.org\/blog4\/wp-content\/uploads\/2024\/05\/IMG_1101-300x225.jpg 300w, https:\/\/www.diocesisciudadrodrigo.org\/blog4\/wp-content\/uploads\/2024\/05\/IMG_1101-1024x768.jpg 1024w, https:\/\/www.diocesisciudadrodrigo.org\/blog4\/wp-content\/uploads\/2024\/05\/IMG_1101-768x576.jpg 768w, https:\/\/www.diocesisciudadrodrigo.org\/blog4\/wp-content\/uploads\/2024\/05\/IMG_1101-1536x1152.jpg 1536w, https:\/\/www.diocesisciudadrodrigo.org\/blog4\/wp-content\/uploads\/2024\/05\/IMG_1101-350x263.jpg 350w, https:\/\/www.diocesisciudadrodrigo.org\/blog4\/wp-content\/uploads\/2024\/05\/IMG_1101.jpg 2016w\" sizes=\"auto, (max-width: 300px) 100vw, 300px\" \/><\/a>\n\t\t\t<\/div><\/figure><figure class='gallery-item'>\n\t\t\t<div class='gallery-icon landscape'>\n\t\t\t\t<a  href='https:\/\/www.diocesisciudadrodrigo.org\/blog4\/wp-content\/uploads\/2024\/05\/IMG_1105.jpg'><img loading=\"lazy\" decoding=\"async\" width=\"300\" height=\"225\" src=\"https:\/\/www.diocesisciudadrodrigo.org\/blog4\/wp-content\/uploads\/2024\/05\/IMG_1105-300x225.jpg\" class=\"attachment-medium size-medium\" alt=\"\" srcset=\"https:\/\/www.diocesisciudadrodrigo.org\/blog4\/wp-content\/uploads\/2024\/05\/IMG_1105-300x225.jpg 300w, https:\/\/www.diocesisciudadrodrigo.org\/blog4\/wp-content\/uploads\/2024\/05\/IMG_1105-1024x768.jpg 1024w, https:\/\/www.diocesisciudadrodrigo.org\/blog4\/wp-content\/uploads\/2024\/05\/IMG_1105-768x576.jpg 768w, https:\/\/www.diocesisciudadrodrigo.org\/blog4\/wp-content\/uploads\/2024\/05\/IMG_1105-1536x1152.jpg 1536w, https:\/\/www.diocesisciudadrodrigo.org\/blog4\/wp-content\/uploads\/2024\/05\/IMG_1105-350x263.jpg 350w, https:\/\/www.diocesisciudadrodrigo.org\/blog4\/wp-content\/uploads\/2024\/05\/IMG_1105.jpg 2016w\" sizes=\"auto, (max-width: 300px) 100vw, 300px\" \/><\/a>\n\t\t\t<\/div><\/figure><figure class='gallery-item'>\n\t\t\t<div class='gallery-icon landscape'>\n\t\t\t\t<a  href='https:\/\/www.diocesisciudadrodrigo.org\/blog4\/wp-content\/uploads\/2024\/05\/IMG_1112.jpg'><img loading=\"lazy\" decoding=\"async\" width=\"300\" height=\"225\" src=\"https:\/\/www.diocesisciudadrodrigo.org\/blog4\/wp-content\/uploads\/2024\/05\/IMG_1112-300x225.jpg\" class=\"attachment-medium size-medium\" alt=\"\" srcset=\"https:\/\/www.diocesisciudadrodrigo.org\/blog4\/wp-content\/uploads\/2024\/05\/IMG_1112-300x225.jpg 300w, https:\/\/www.diocesisciudadrodrigo.org\/blog4\/wp-content\/uploads\/2024\/05\/IMG_1112-1024x768.jpg 1024w, https:\/\/www.diocesisciudadrodrigo.org\/blog4\/wp-content\/uploads\/2024\/05\/IMG_1112-768x576.jpg 768w, https:\/\/www.diocesisciudadrodrigo.org\/blog4\/wp-content\/uploads\/2024\/05\/IMG_1112-1536x1152.jpg 1536w, https:\/\/www.diocesisciudadrodrigo.org\/blog4\/wp-content\/uploads\/2024\/05\/IMG_1112-350x263.jpg 350w, https:\/\/www.diocesisciudadrodrigo.org\/blog4\/wp-content\/uploads\/2024\/05\/IMG_1112.jpg 2016w\" sizes=\"auto, (max-width: 300px) 100vw, 300px\" \/><\/a>\n\t\t\t<\/div><\/figure><figure class='gallery-item'>\n\t\t\t<div class='gallery-icon landscape'>\n\t\t\t\t<a  href='https:\/\/www.diocesisciudadrodrigo.org\/blog4\/wp-content\/uploads\/2024\/05\/IMG_1117.jpg'><img loading=\"lazy\" decoding=\"async\" width=\"300\" height=\"225\" src=\"https:\/\/www.diocesisciudadrodrigo.org\/blog4\/wp-content\/uploads\/2024\/05\/IMG_1117-300x225.jpg\" class=\"attachment-medium size-medium\" alt=\"\" srcset=\"https:\/\/www.diocesisciudadrodrigo.org\/blog4\/wp-content\/uploads\/2024\/05\/IMG_1117-300x225.jpg 300w, https:\/\/www.diocesisciudadrodrigo.org\/blog4\/wp-content\/uploads\/2024\/05\/IMG_1117-1024x768.jpg 1024w, https:\/\/www.diocesisciudadrodrigo.org\/blog4\/wp-content\/uploads\/2024\/05\/IMG_1117-768x576.jpg 768w, https:\/\/www.diocesisciudadrodrigo.org\/blog4\/wp-content\/uploads\/2024\/05\/IMG_1117-1536x1152.jpg 1536w, https:\/\/www.diocesisciudadrodrigo.org\/blog4\/wp-content\/uploads\/2024\/05\/IMG_1117-350x263.jpg 350w, https:\/\/www.diocesisciudadrodrigo.org\/blog4\/wp-content\/uploads\/2024\/05\/IMG_1117.jpg 2016w\" sizes=\"auto, (max-width: 300px) 100vw, 300px\" \/><\/a>\n\t\t\t<\/div><\/figure>\n\t\t<\/div>\n\t\t<\/div>\n\t\t\t\t<\/div>\n\t\t\t\t<\/div>\n\t\t\t\t\t\t<\/div>\n\t\t\t\t\t<\/div>\n\t\t<\/div>\n\t\t\t\t\t\t\t\t<\/div>\n\t\t\t\t\t<\/div>\n\t\t<\/section>\n\t\t\t\t\t\t<\/div>\n\t\t\t\t\t\t<\/div>\n\t\t\t\t\t<\/div>\n\t\t","protected":false},"excerpt":{"rendered":"<p>Los presb\u00edteros de la Di\u00f3cesis de Ciudad Rodrigo junto a su Obispo, Mons. Jos\u00e9 Luis Retana, han celebrado con una Eucarist\u00eda en el Seminario, la fiesta de Jesucristo Sumo y &#8230; <\/p>\n<p class=\"read-more-container\"><a title=\"Mons. Retana: \u00abOs invito a dar gracias a Dios por el don del sacerdocio y por habernos otorgado la gracia de la fidelidad\u00bb\" class=\"read-more button\" href=\"https:\/\/www.diocesisciudadrodrigo.org\/blog4\/mons-retana-os-invito-a-dar-gracias-a-dios-por-el-don-del-sacerdocio-y-por-habernos-otorgado-la-gracia-de-la-fidelidad\/#more-31836\" aria-label=\"M\u00e1s en Mons. Retana: \u00abOs invito a dar gracias a Dios por el don del sacerdocio y por habernos otorgado la gracia de la fidelidad\u00bb\">Leer m\u00e1s &#8230;<\/a><\/p>\n","protected":false},"author":1,"featured_media":31853,"comment_status":"closed","ping_status":"closed","sticky":false,"template":"","format":"standard","meta":{"footnotes":""},"categories":[6],"tags":[],"class_list":["post-31836","post","type-post","status-publish","format-standard","has-post-thumbnail","hentry","category-noticias","masonry-post","generate-columns","tablet-grid-50","mobile-grid-100","grid-parent","grid-50"],"yoast_head":"<!-- This site is optimized with the Yoast SEO plugin v27.3 - https:\/\/yoast.com\/product\/yoast-seo-wordpress\/ -->\n<title>Mons. Retana: &quot;Os invito a dar gracias a Dios por el don del sacerdocio y por habernos otorgado la gracia de la fidelidad&quot; - Di\u00f3cesis de Ciudad Rodrigo<\/title>\n<meta name=\"robots\" content=\"index, follow, max-snippet:-1, max-image-preview:large, max-video-preview:-1\" \/>\n<link rel=\"canonical\" href=\"https:\/\/www.diocesisciudadrodrigo.org\/blog4\/mons-retana-os-invito-a-dar-gracias-a-dios-por-el-don-del-sacerdocio-y-por-habernos-otorgado-la-gracia-de-la-fidelidad\/\" \/>\n<meta property=\"og:locale\" content=\"es_ES\" \/>\n<meta property=\"og:type\" content=\"article\" \/>\n<meta property=\"og:title\" content=\"Mons. Retana: &quot;Os invito a dar gracias a Dios por el don del sacerdocio y por habernos otorgado la gracia de la fidelidad&quot; - Di\u00f3cesis de Ciudad Rodrigo\" \/>\n<meta property=\"og:description\" content=\"Los presb\u00edteros de la Di\u00f3cesis de Ciudad Rodrigo junto a su Obispo, Mons. Jos\u00e9 Luis Retana, han celebrado con una Eucarist\u00eda en el Seminario, la fiesta de Jesucristo Sumo y ... Leer m\u00e1s ...\" \/>\n<meta property=\"og:url\" content=\"https:\/\/www.diocesisciudadrodrigo.org\/blog4\/mons-retana-os-invito-a-dar-gracias-a-dios-por-el-don-del-sacerdocio-y-por-habernos-otorgado-la-gracia-de-la-fidelidad\/\" \/>\n<meta property=\"og:site_name\" content=\"Di\u00f3cesis de Ciudad Rodrigo\" \/>\n<meta property=\"article:publisher\" content=\"https:\/\/www.facebook.com\/people\/Dicesis-Ciudad-Rodrigo-MCS\/100076471923419\/#\" \/>\n<meta property=\"article:published_time\" content=\"2024-05-23T11:00:47+00:00\" \/>\n<meta property=\"og:image\" content=\"https:\/\/www.diocesisciudadrodrigo.org\/blog4\/wp-content\/uploads\/2024\/05\/IMG_1112.jpg\" \/>\n\t<meta property=\"og:image:width\" content=\"2016\" \/>\n\t<meta property=\"og:image:height\" content=\"1512\" \/>\n\t<meta property=\"og:image:type\" content=\"image\/jpeg\" \/>\n<meta name=\"author\" content=\"medios CR\" \/>\n<meta name=\"twitter:card\" content=\"summary_large_image\" \/>\n<meta name=\"twitter:label1\" content=\"Escrito por\" \/>\n\t<meta name=\"twitter:data1\" content=\"medios CR\" \/>\n\t<meta name=\"twitter:label2\" content=\"Tiempo de lectura\" \/>\n\t<meta name=\"twitter:data2\" content=\"2 minutos\" \/>\n<script type=\"application\/ld+json\" class=\"yoast-schema-graph\">{\"@context\":\"https:\\\/\\\/schema.org\",\"@graph\":[{\"@type\":\"Article\",\"@id\":\"https:\\\/\\\/www.diocesisciudadrodrigo.org\\\/blog4\\\/mons-retana-os-invito-a-dar-gracias-a-dios-por-el-don-del-sacerdocio-y-por-habernos-otorgado-la-gracia-de-la-fidelidad\\\/#article\",\"isPartOf\":{\"@id\":\"https:\\\/\\\/www.diocesisciudadrodrigo.org\\\/blog4\\\/mons-retana-os-invito-a-dar-gracias-a-dios-por-el-don-del-sacerdocio-y-por-habernos-otorgado-la-gracia-de-la-fidelidad\\\/\"},\"author\":{\"name\":\"medios CR\",\"@id\":\"https:\\\/\\\/www.diocesisciudadrodrigo.org\\\/blog4\\\/#\\\/schema\\\/person\\\/5fcf0ca636a75766ff70e6417b6ed052\"},\"headline\":\"Mons. Retana: \u00abOs invito a dar gracias a Dios por el don del sacerdocio y por habernos otorgado la gracia de la fidelidad\u00bb\",\"datePublished\":\"2024-05-23T11:00:47+00:00\",\"mainEntityOfPage\":{\"@id\":\"https:\\\/\\\/www.diocesisciudadrodrigo.org\\\/blog4\\\/mons-retana-os-invito-a-dar-gracias-a-dios-por-el-don-del-sacerdocio-y-por-habernos-otorgado-la-gracia-de-la-fidelidad\\\/\"},\"wordCount\":450,\"publisher\":{\"@id\":\"https:\\\/\\\/www.diocesisciudadrodrigo.org\\\/blog4\\\/#organization\"},\"image\":{\"@id\":\"https:\\\/\\\/www.diocesisciudadrodrigo.org\\\/blog4\\\/mons-retana-os-invito-a-dar-gracias-a-dios-por-el-don-del-sacerdocio-y-por-habernos-otorgado-la-gracia-de-la-fidelidad\\\/#primaryimage\"},\"thumbnailUrl\":\"https:\\\/\\\/www.diocesisciudadrodrigo.org\\\/blog4\\\/wp-content\\\/uploads\\\/2024\\\/05\\\/IMG_1112.jpg\",\"articleSection\":[\"Noticias\"],\"inLanguage\":\"es\"},{\"@type\":\"WebPage\",\"@id\":\"https:\\\/\\\/www.diocesisciudadrodrigo.org\\\/blog4\\\/mons-retana-os-invito-a-dar-gracias-a-dios-por-el-don-del-sacerdocio-y-por-habernos-otorgado-la-gracia-de-la-fidelidad\\\/\",\"url\":\"https:\\\/\\\/www.diocesisciudadrodrigo.org\\\/blog4\\\/mons-retana-os-invito-a-dar-gracias-a-dios-por-el-don-del-sacerdocio-y-por-habernos-otorgado-la-gracia-de-la-fidelidad\\\/\",\"name\":\"Mons. Retana: \\\"Os invito a dar gracias a Dios por el don del sacerdocio y por habernos otorgado la gracia de la fidelidad\\\" - Di\u00f3cesis de Ciudad Rodrigo\",\"isPartOf\":{\"@id\":\"https:\\\/\\\/www.diocesisciudadrodrigo.org\\\/blog4\\\/#website\"},\"primaryImageOfPage\":{\"@id\":\"https:\\\/\\\/www.diocesisciudadrodrigo.org\\\/blog4\\\/mons-retana-os-invito-a-dar-gracias-a-dios-por-el-don-del-sacerdocio-y-por-habernos-otorgado-la-gracia-de-la-fidelidad\\\/#primaryimage\"},\"image\":{\"@id\":\"https:\\\/\\\/www.diocesisciudadrodrigo.org\\\/blog4\\\/mons-retana-os-invito-a-dar-gracias-a-dios-por-el-don-del-sacerdocio-y-por-habernos-otorgado-la-gracia-de-la-fidelidad\\\/#primaryimage\"},\"thumbnailUrl\":\"https:\\\/\\\/www.diocesisciudadrodrigo.org\\\/blog4\\\/wp-content\\\/uploads\\\/2024\\\/05\\\/IMG_1112.jpg\",\"datePublished\":\"2024-05-23T11:00:47+00:00\",\"breadcrumb\":{\"@id\":\"https:\\\/\\\/www.diocesisciudadrodrigo.org\\\/blog4\\\/mons-retana-os-invito-a-dar-gracias-a-dios-por-el-don-del-sacerdocio-y-por-habernos-otorgado-la-gracia-de-la-fidelidad\\\/#breadcrumb\"},\"inLanguage\":\"es\",\"potentialAction\":[{\"@type\":\"ReadAction\",\"target\":[\"https:\\\/\\\/www.diocesisciudadrodrigo.org\\\/blog4\\\/mons-retana-os-invito-a-dar-gracias-a-dios-por-el-don-del-sacerdocio-y-por-habernos-otorgado-la-gracia-de-la-fidelidad\\\/\"]}]},{\"@type\":\"ImageObject\",\"inLanguage\":\"es\",\"@id\":\"https:\\\/\\\/www.diocesisciudadrodrigo.org\\\/blog4\\\/mons-retana-os-invito-a-dar-gracias-a-dios-por-el-don-del-sacerdocio-y-por-habernos-otorgado-la-gracia-de-la-fidelidad\\\/#primaryimage\",\"url\":\"https:\\\/\\\/www.diocesisciudadrodrigo.org\\\/blog4\\\/wp-content\\\/uploads\\\/2024\\\/05\\\/IMG_1112.jpg\",\"contentUrl\":\"https:\\\/\\\/www.diocesisciudadrodrigo.org\\\/blog4\\\/wp-content\\\/uploads\\\/2024\\\/05\\\/IMG_1112.jpg\",\"width\":2016,\"height\":1512},{\"@type\":\"BreadcrumbList\",\"@id\":\"https:\\\/\\\/www.diocesisciudadrodrigo.org\\\/blog4\\\/mons-retana-os-invito-a-dar-gracias-a-dios-por-el-don-del-sacerdocio-y-por-habernos-otorgado-la-gracia-de-la-fidelidad\\\/#breadcrumb\",\"itemListElement\":[{\"@type\":\"ListItem\",\"position\":1,\"name\":\"Portada\",\"item\":\"https:\\\/\\\/www.diocesisciudadrodrigo.org\\\/blog4\\\/\"},{\"@type\":\"ListItem\",\"position\":2,\"name\":\"Mons. Retana: \u00abOs invito a dar gracias a Dios por el don del sacerdocio y por habernos otorgado la gracia de la fidelidad\u00bb\"}]},{\"@type\":\"WebSite\",\"@id\":\"https:\\\/\\\/www.diocesisciudadrodrigo.org\\\/blog4\\\/#website\",\"url\":\"https:\\\/\\\/www.diocesisciudadrodrigo.org\\\/blog4\\\/\",\"name\":\"Di\u00f3cesis de Ciudad Rodrigo\",\"description\":\"Sitio web oficial de la di\u00f3cesis civitatense\",\"publisher\":{\"@id\":\"https:\\\/\\\/www.diocesisciudadrodrigo.org\\\/blog4\\\/#organization\"},\"potentialAction\":[{\"@type\":\"SearchAction\",\"target\":{\"@type\":\"EntryPoint\",\"urlTemplate\":\"https:\\\/\\\/www.diocesisciudadrodrigo.org\\\/blog4\\\/?s={search_term_string}\"},\"query-input\":{\"@type\":\"PropertyValueSpecification\",\"valueRequired\":true,\"valueName\":\"search_term_string\"}}],\"inLanguage\":\"es\"},{\"@type\":\"Organization\",\"@id\":\"https:\\\/\\\/www.diocesisciudadrodrigo.org\\\/blog4\\\/#organization\",\"name\":\"Di\u00f3cesis de Ciudad Rodrigo\",\"url\":\"https:\\\/\\\/www.diocesisciudadrodrigo.org\\\/blog4\\\/\",\"logo\":{\"@type\":\"ImageObject\",\"inLanguage\":\"es\",\"@id\":\"https:\\\/\\\/www.diocesisciudadrodrigo.org\\\/blog4\\\/#\\\/schema\\\/logo\\\/image\\\/\",\"url\":\"https:\\\/\\\/www.diocesisciudadrodrigo.org\\\/blog4\\\/wp-content\\\/uploads\\\/2024\\\/12\\\/Diocesis.CMYK_-768x480-1.jpg\",\"contentUrl\":\"https:\\\/\\\/www.diocesisciudadrodrigo.org\\\/blog4\\\/wp-content\\\/uploads\\\/2024\\\/12\\\/Diocesis.CMYK_-768x480-1.jpg\",\"width\":768,\"height\":480,\"caption\":\"Di\u00f3cesis de Ciudad Rodrigo\"},\"image\":{\"@id\":\"https:\\\/\\\/www.diocesisciudadrodrigo.org\\\/blog4\\\/#\\\/schema\\\/logo\\\/image\\\/\"},\"sameAs\":[\"https:\\\/\\\/www.facebook.com\\\/people\\\/Dicesis-Ciudad-Rodrigo-MCS\\\/100076471923419\\\/#\"]},{\"@type\":\"Person\",\"@id\":\"https:\\\/\\\/www.diocesisciudadrodrigo.org\\\/blog4\\\/#\\\/schema\\\/person\\\/5fcf0ca636a75766ff70e6417b6ed052\",\"name\":\"medios CR\",\"image\":{\"@type\":\"ImageObject\",\"inLanguage\":\"es\",\"@id\":\"https:\\\/\\\/secure.gravatar.com\\\/avatar\\\/4a619fd0c7e36bd570f4e6e15eb09a2191185d0f63d8dbfdffe848af141ab87e?s=96&d=mm&r=g\",\"url\":\"https:\\\/\\\/secure.gravatar.com\\\/avatar\\\/4a619fd0c7e36bd570f4e6e15eb09a2191185d0f63d8dbfdffe848af141ab87e?s=96&d=mm&r=g\",\"contentUrl\":\"https:\\\/\\\/secure.gravatar.com\\\/avatar\\\/4a619fd0c7e36bd570f4e6e15eb09a2191185d0f63d8dbfdffe848af141ab87e?s=96&d=mm&r=g\",\"caption\":\"medios CR\"},\"url\":\"https:\\\/\\\/www.diocesisciudadrodrigo.org\\\/blog4\\\/author\\\/admin4\\\/\"}]}<\/script>\n<!-- \/ Yoast SEO plugin. -->","yoast_head_json":{"title":"Mons. Retana: \"Os invito a dar gracias a Dios por el don del sacerdocio y por habernos otorgado la gracia de la fidelidad\" - Di\u00f3cesis de Ciudad Rodrigo","robots":{"index":"index","follow":"follow","max-snippet":"max-snippet:-1","max-image-preview":"max-image-preview:large","max-video-preview":"max-video-preview:-1"},"canonical":"https:\/\/www.diocesisciudadrodrigo.org\/blog4\/mons-retana-os-invito-a-dar-gracias-a-dios-por-el-don-del-sacerdocio-y-por-habernos-otorgado-la-gracia-de-la-fidelidad\/","og_locale":"es_ES","og_type":"article","og_title":"Mons. Retana: \"Os invito a dar gracias a Dios por el don del sacerdocio y por habernos otorgado la gracia de la fidelidad\" - Di\u00f3cesis de Ciudad Rodrigo","og_description":"Los presb\u00edteros de la Di\u00f3cesis de Ciudad Rodrigo junto a su Obispo, Mons. Jos\u00e9 Luis Retana, han celebrado con una Eucarist\u00eda en el Seminario, la fiesta de Jesucristo Sumo y ... Leer m\u00e1s ...","og_url":"https:\/\/www.diocesisciudadrodrigo.org\/blog4\/mons-retana-os-invito-a-dar-gracias-a-dios-por-el-don-del-sacerdocio-y-por-habernos-otorgado-la-gracia-de-la-fidelidad\/","og_site_name":"Di\u00f3cesis de Ciudad Rodrigo","article_publisher":"https:\/\/www.facebook.com\/people\/Dicesis-Ciudad-Rodrigo-MCS\/100076471923419\/#","article_published_time":"2024-05-23T11:00:47+00:00","og_image":[{"width":2016,"height":1512,"url":"https:\/\/www.diocesisciudadrodrigo.org\/blog4\/wp-content\/uploads\/2024\/05\/IMG_1112.jpg","type":"image\/jpeg"}],"author":"medios CR","twitter_card":"summary_large_image","twitter_misc":{"Escrito por":"medios CR","Tiempo de lectura":"2 minutos"},"schema":{"@context":"https:\/\/schema.org","@graph":[{"@type":"Article","@id":"https:\/\/www.diocesisciudadrodrigo.org\/blog4\/mons-retana-os-invito-a-dar-gracias-a-dios-por-el-don-del-sacerdocio-y-por-habernos-otorgado-la-gracia-de-la-fidelidad\/#article","isPartOf":{"@id":"https:\/\/www.diocesisciudadrodrigo.org\/blog4\/mons-retana-os-invito-a-dar-gracias-a-dios-por-el-don-del-sacerdocio-y-por-habernos-otorgado-la-gracia-de-la-fidelidad\/"},"author":{"name":"medios CR","@id":"https:\/\/www.diocesisciudadrodrigo.org\/blog4\/#\/schema\/person\/5fcf0ca636a75766ff70e6417b6ed052"},"headline":"Mons. Retana: \u00abOs invito a dar gracias a Dios por el don del sacerdocio y por habernos otorgado la gracia de la fidelidad\u00bb","datePublished":"2024-05-23T11:00:47+00:00","mainEntityOfPage":{"@id":"https:\/\/www.diocesisciudadrodrigo.org\/blog4\/mons-retana-os-invito-a-dar-gracias-a-dios-por-el-don-del-sacerdocio-y-por-habernos-otorgado-la-gracia-de-la-fidelidad\/"},"wordCount":450,"publisher":{"@id":"https:\/\/www.diocesisciudadrodrigo.org\/blog4\/#organization"},"image":{"@id":"https:\/\/www.diocesisciudadrodrigo.org\/blog4\/mons-retana-os-invito-a-dar-gracias-a-dios-por-el-don-del-sacerdocio-y-por-habernos-otorgado-la-gracia-de-la-fidelidad\/#primaryimage"},"thumbnailUrl":"https:\/\/www.diocesisciudadrodrigo.org\/blog4\/wp-content\/uploads\/2024\/05\/IMG_1112.jpg","articleSection":["Noticias"],"inLanguage":"es"},{"@type":"WebPage","@id":"https:\/\/www.diocesisciudadrodrigo.org\/blog4\/mons-retana-os-invito-a-dar-gracias-a-dios-por-el-don-del-sacerdocio-y-por-habernos-otorgado-la-gracia-de-la-fidelidad\/","url":"https:\/\/www.diocesisciudadrodrigo.org\/blog4\/mons-retana-os-invito-a-dar-gracias-a-dios-por-el-don-del-sacerdocio-y-por-habernos-otorgado-la-gracia-de-la-fidelidad\/","name":"Mons. Retana: \"Os invito a dar gracias a Dios por el don del sacerdocio y por habernos otorgado la gracia de la fidelidad\" - Di\u00f3cesis de Ciudad Rodrigo","isPartOf":{"@id":"https:\/\/www.diocesisciudadrodrigo.org\/blog4\/#website"},"primaryImageOfPage":{"@id":"https:\/\/www.diocesisciudadrodrigo.org\/blog4\/mons-retana-os-invito-a-dar-gracias-a-dios-por-el-don-del-sacerdocio-y-por-habernos-otorgado-la-gracia-de-la-fidelidad\/#primaryimage"},"image":{"@id":"https:\/\/www.diocesisciudadrodrigo.org\/blog4\/mons-retana-os-invito-a-dar-gracias-a-dios-por-el-don-del-sacerdocio-y-por-habernos-otorgado-la-gracia-de-la-fidelidad\/#primaryimage"},"thumbnailUrl":"https:\/\/www.diocesisciudadrodrigo.org\/blog4\/wp-content\/uploads\/2024\/05\/IMG_1112.jpg","datePublished":"2024-05-23T11:00:47+00:00","breadcrumb":{"@id":"https:\/\/www.diocesisciudadrodrigo.org\/blog4\/mons-retana-os-invito-a-dar-gracias-a-dios-por-el-don-del-sacerdocio-y-por-habernos-otorgado-la-gracia-de-la-fidelidad\/#breadcrumb"},"inLanguage":"es","potentialAction":[{"@type":"ReadAction","target":["https:\/\/www.diocesisciudadrodrigo.org\/blog4\/mons-retana-os-invito-a-dar-gracias-a-dios-por-el-don-del-sacerdocio-y-por-habernos-otorgado-la-gracia-de-la-fidelidad\/"]}]},{"@type":"ImageObject","inLanguage":"es","@id":"https:\/\/www.diocesisciudadrodrigo.org\/blog4\/mons-retana-os-invito-a-dar-gracias-a-dios-por-el-don-del-sacerdocio-y-por-habernos-otorgado-la-gracia-de-la-fidelidad\/#primaryimage","url":"https:\/\/www.diocesisciudadrodrigo.org\/blog4\/wp-content\/uploads\/2024\/05\/IMG_1112.jpg","contentUrl":"https:\/\/www.diocesisciudadrodrigo.org\/blog4\/wp-content\/uploads\/2024\/05\/IMG_1112.jpg","width":2016,"height":1512},{"@type":"BreadcrumbList","@id":"https:\/\/www.diocesisciudadrodrigo.org\/blog4\/mons-retana-os-invito-a-dar-gracias-a-dios-por-el-don-del-sacerdocio-y-por-habernos-otorgado-la-gracia-de-la-fidelidad\/#breadcrumb","itemListElement":[{"@type":"ListItem","position":1,"name":"Portada","item":"https:\/\/www.diocesisciudadrodrigo.org\/blog4\/"},{"@type":"ListItem","position":2,"name":"Mons. Retana: \u00abOs invito a dar gracias a Dios por el don del sacerdocio y por habernos otorgado la gracia de la fidelidad\u00bb"}]},{"@type":"WebSite","@id":"https:\/\/www.diocesisciudadrodrigo.org\/blog4\/#website","url":"https:\/\/www.diocesisciudadrodrigo.org\/blog4\/","name":"Di\u00f3cesis de Ciudad Rodrigo","description":"Sitio web oficial de la di\u00f3cesis civitatense","publisher":{"@id":"https:\/\/www.diocesisciudadrodrigo.org\/blog4\/#organization"},"potentialAction":[{"@type":"SearchAction","target":{"@type":"EntryPoint","urlTemplate":"https:\/\/www.diocesisciudadrodrigo.org\/blog4\/?s={search_term_string}"},"query-input":{"@type":"PropertyValueSpecification","valueRequired":true,"valueName":"search_term_string"}}],"inLanguage":"es"},{"@type":"Organization","@id":"https:\/\/www.diocesisciudadrodrigo.org\/blog4\/#organization","name":"Di\u00f3cesis de Ciudad Rodrigo","url":"https:\/\/www.diocesisciudadrodrigo.org\/blog4\/","logo":{"@type":"ImageObject","inLanguage":"es","@id":"https:\/\/www.diocesisciudadrodrigo.org\/blog4\/#\/schema\/logo\/image\/","url":"https:\/\/www.diocesisciudadrodrigo.org\/blog4\/wp-content\/uploads\/2024\/12\/Diocesis.CMYK_-768x480-1.jpg","contentUrl":"https:\/\/www.diocesisciudadrodrigo.org\/blog4\/wp-content\/uploads\/2024\/12\/Diocesis.CMYK_-768x480-1.jpg","width":768,"height":480,"caption":"Di\u00f3cesis de Ciudad Rodrigo"},"image":{"@id":"https:\/\/www.diocesisciudadrodrigo.org\/blog4\/#\/schema\/logo\/image\/"},"sameAs":["https:\/\/www.facebook.com\/people\/Dicesis-Ciudad-Rodrigo-MCS\/100076471923419\/#"]},{"@type":"Person","@id":"https:\/\/www.diocesisciudadrodrigo.org\/blog4\/#\/schema\/person\/5fcf0ca636a75766ff70e6417b6ed052","name":"medios CR","image":{"@type":"ImageObject","inLanguage":"es","@id":"https:\/\/secure.gravatar.com\/avatar\/4a619fd0c7e36bd570f4e6e15eb09a2191185d0f63d8dbfdffe848af141ab87e?s=96&d=mm&r=g","url":"https:\/\/secure.gravatar.com\/avatar\/4a619fd0c7e36bd570f4e6e15eb09a2191185d0f63d8dbfdffe848af141ab87e?s=96&d=mm&r=g","contentUrl":"https:\/\/secure.gravatar.com\/avatar\/4a619fd0c7e36bd570f4e6e15eb09a2191185d0f63d8dbfdffe848af141ab87e?s=96&d=mm&r=g","caption":"medios CR"},"url":"https:\/\/www.diocesisciudadrodrigo.org\/blog4\/author\/admin4\/"}]}},"_links":{"self":[{"href":"https:\/\/www.diocesisciudadrodrigo.org\/blog4\/wp-json\/wp\/v2\/posts\/31836","targetHints":{"allow":["GET"]}}],"collection":[{"href":"https:\/\/www.diocesisciudadrodrigo.org\/blog4\/wp-json\/wp\/v2\/posts"}],"about":[{"href":"https:\/\/www.diocesisciudadrodrigo.org\/blog4\/wp-json\/wp\/v2\/types\/post"}],"author":[{"embeddable":true,"href":"https:\/\/www.diocesisciudadrodrigo.org\/blog4\/wp-json\/wp\/v2\/users\/1"}],"replies":[{"embeddable":true,"href":"https:\/\/www.diocesisciudadrodrigo.org\/blog4\/wp-json\/wp\/v2\/comments?post=31836"}],"version-history":[{"count":11,"href":"https:\/\/www.diocesisciudadrodrigo.org\/blog4\/wp-json\/wp\/v2\/posts\/31836\/revisions"}],"predecessor-version":[{"id":31858,"href":"https:\/\/www.diocesisciudadrodrigo.org\/blog4\/wp-json\/wp\/v2\/posts\/31836\/revisions\/31858"}],"wp:featuredmedia":[{"embeddable":true,"href":"https:\/\/www.diocesisciudadrodrigo.org\/blog4\/wp-json\/wp\/v2\/media\/31853"}],"wp:attachment":[{"href":"https:\/\/www.diocesisciudadrodrigo.org\/blog4\/wp-json\/wp\/v2\/media?parent=31836"}],"wp:term":[{"taxonomy":"category","embeddable":true,"href":"https:\/\/www.diocesisciudadrodrigo.org\/blog4\/wp-json\/wp\/v2\/categories?post=31836"},{"taxonomy":"post_tag","embeddable":true,"href":"https:\/\/www.diocesisciudadrodrigo.org\/blog4\/wp-json\/wp\/v2\/tags?post=31836"}],"curies":[{"name":"wp","href":"https:\/\/api.w.org\/{rel}","templated":true}]}}