{"id":31773,"date":"2024-05-18T21:27:39","date_gmt":"2024-05-18T19:27:39","guid":{"rendered":"https:\/\/www.diocesisciudadrodrigo.org\/blog4\/?p=31773"},"modified":"2024-05-18T21:28:31","modified_gmt":"2024-05-18T19:28:31","slug":"mons-retana-los-laicos-teneis-que-prestar-a-la-iglesia-el-servicio-de-hacer-presente-el-evangelio-de-jesus-en-vuestros-ambientes","status":"publish","type":"post","link":"https:\/\/www.diocesisciudadrodrigo.org\/blog4\/mons-retana-los-laicos-teneis-que-prestar-a-la-iglesia-el-servicio-de-hacer-presente-el-evangelio-de-jesus-en-vuestros-ambientes\/","title":{"rendered":"Mons. Retana: \u00abLos laicos ten\u00e9is que prestar a la Iglesia el servicio de hacer presente el Evangelio de Jes\u00fas en vuestros ambientes\u00bb"},"content":{"rendered":"\t\t<div data-elementor-type=\"wp-post\" data-elementor-id=\"31773\" class=\"elementor elementor-31773\" data-elementor-settings=\"[]\">\n\t\t\t\t\t\t<div class=\"elementor-inner\">\n\t\t\t\t\t\t\t<div class=\"elementor-section-wrap\">\n\t\t\t\t\t\t\t<section class=\"elementor-section elementor-top-section elementor-element elementor-element-3648883 elementor-section-boxed elementor-section-height-default elementor-section-height-default\" data-id=\"3648883\" data-element_type=\"section\">\n\t\t\t\t\t\t<div class=\"elementor-container elementor-column-gap-default\">\n\t\t\t\t\t\t\t<div class=\"elementor-row\">\n\t\t\t\t\t<div class=\"elementor-column elementor-col-100 elementor-top-column elementor-element elementor-element-fdf0777\" data-id=\"fdf0777\" data-element_type=\"column\">\n\t\t\t<div class=\"elementor-column-wrap elementor-element-populated\">\n\t\t\t\t\t\t\t<div class=\"elementor-widget-wrap\">\n\t\t\t\t\t\t<div class=\"elementor-element elementor-element-662f891 elementor-widget elementor-widget-text-editor\" data-id=\"662f891\" data-element_type=\"widget\" data-widget_type=\"text-editor.default\">\n\t\t\t\t<div class=\"elementor-widget-container\">\n\t\t\t\t\t\t\t\t<div class=\"elementor-text-editor elementor-clearfix\">\n\t\t\t\t<p>A lo largo de toda la tarde del s\u00e1bado se ha celebrado el Encuentro Diocesano de Pentecost\u00e9s en el Seminario, en un primer momento, y posteriormente en la Catedral, donde ha tenido lugar la Eucarist\u00eda presidida por Mons. Jos\u00e9 Luis Retana.<\/p><p>Un encuentro al que se han sumado fieles llegados desde todos los puntos de la Di\u00f3cesis y que sirve de preparaci\u00f3n a la venida del Esp\u00edritu Santo y as\u00ed recordar y actualizar el misterio de Pentecost\u00e9s, cuando el Esp\u00edritu Santo descendi\u00f3 con fuerza sobre los Ap\u00f3stoles para comenzar la misi\u00f3n de la Iglesia en el mundo.<\/p><p>En su homil\u00eda, don Jos\u00e9 Luis ha recordado que en este contexto, se celebra el D\u00eda de la Acci\u00f3n Cat\u00f3lica y del Apostolado Seglar, \u201cuna jornada de la que sois protagonistas los laicos, la porci\u00f3n m\u00e1s numerosa del Pueblo de Dios\u201d, con el lema \u2018Llamados por vocaci\u00f3n, llamados a la misi\u00f3n. \u201cHoy es el d\u00eda de los seglares, porque la irrupci\u00f3n del Esp\u00edritu en Pentecost\u00e9s tiene como destinatario el mundo secular, la plaza p\u00fablica, en la que se teje la vida de los hombres y la historia del mundo. Sois vosotros, los laicos, los que ten\u00e9is que prestar a la Iglesia el servicio de hacer presente el Evangelio de Jes\u00fas en vuestros ambientes\u201d.<\/p><p>Sobre el papel de los laicos en la Iglesia subray\u00f3 que \u201cdel mismo modo que los pastores, obispos y sacerdotes o la vida consagrada experimentan que su entrega al Se\u00f1or y a la Iglesia es vocaci\u00f3n, necesitamos en la Iglesia que haya laicos por vocaci\u00f3n, que descubran esa fuerza de lo alto, esa efusi\u00f3n del Esp\u00edritu Santo que los impulsa a la misi\u00f3n\u201d.<\/p><p>El prelado se refiri\u00f3 a la \u201ccomplementariedad y la unidad\u201d de todos los miembros de la Iglesia y \u201cen esa corresponsabilidad compartida de todos los bautizados, los laicos tienen una doble misi\u00f3n. Ante todo, el laicado vive su vocaci\u00f3n encarnado en el mundo, es decir, en los \u00e1mbitos de la familia, del trabajo, de la educaci\u00f3n, del cuidado de la casa com\u00fan y, de una manera particular, en la vida p\u00fablica\u201d. Pero tambi\u00e9n, la vocaci\u00f3n laical \u201cse desarrolla en el interior de la vida de la Iglesia, animando la liturgia, como catequistas, formadores, delegados diocesanos, ocup\u00e1ndose de las cuestiones econ\u00f3micas\u2026 Ahora bien, en este sentido hay que evitar caer en la tentaci\u00f3n de la clericalizaci\u00f3n de los laicos\u201d, apunt\u00f3.<\/p><p>A modo de concusi\u00f3n se\u00f1al\u00f3 que \u201cen definitiva, se trata de que el laico sea laico. Sent\u00edos invitados a ser santos en la vida cotidiana, porque ah\u00ed est\u00e1 la misi\u00f3n\u201d.<\/p><p><strong>Ponencia<\/strong><\/p><p>De manera previa a la Eucarist\u00eda, ha tenido lugar la ponencia de D. Antonio \u00c1vila, coordinador del S\u00ednodo en la Di\u00f3cesis de Madrid, que como punto de partida plante\u00f3: \u201c\u00bfQu\u00e9 quiere el Se\u00f1or cuando derrama su Esp\u00edritu sobre nosotros?\u201d<br \/>La respuesta que dio es que \u201cse derrama para que tengamos vida\u201d y una vida que va en una doble direcci\u00f3n: para que sepamos discernir e interpretar el momento presente y para que cada uno de nosotros y de nuestras comunidades vivamos en plenitud y contagiemos el Evangelio con nuestra forma de ser y actuar.<\/p><p><img loading=\"lazy\" decoding=\"async\" class=\"size-medium wp-image-31774 alignright\" src=\"https:\/\/www.diocesisciudadrodrigo.org\/blog4\/wp-content\/uploads\/2024\/05\/laicos11-300x225.jpg\" alt=\"\" width=\"300\" height=\"225\" srcset=\"https:\/\/www.diocesisciudadrodrigo.org\/blog4\/wp-content\/uploads\/2024\/05\/laicos11-300x225.jpg 300w, https:\/\/www.diocesisciudadrodrigo.org\/blog4\/wp-content\/uploads\/2024\/05\/laicos11-1024x768.jpg 1024w, https:\/\/www.diocesisciudadrodrigo.org\/blog4\/wp-content\/uploads\/2024\/05\/laicos11-768x576.jpg 768w, https:\/\/www.diocesisciudadrodrigo.org\/blog4\/wp-content\/uploads\/2024\/05\/laicos11-1536x1152.jpg 1536w, https:\/\/www.diocesisciudadrodrigo.org\/blog4\/wp-content\/uploads\/2024\/05\/laicos11-350x263.jpg 350w, https:\/\/www.diocesisciudadrodrigo.org\/blog4\/wp-content\/uploads\/2024\/05\/laicos11.jpg 2016w\" sizes=\"auto, (max-width: 300px) 100vw, 300px\" \/><br \/>Guiado por diversos pasajes de la exhortaci\u00f3n apost\u00f3lica Evangelii Gaudium, \u201cel programa para el pontificado actual\u201d, se\u00f1al\u00f3 como el tema fundamental de ese escrito del Papa, la conversi\u00f3n pastoral. \u201cUna conversi\u00f3n pastoral que no es una conversi\u00f3n personal, sino una opci\u00f3n pastoral de fondo con una doble dimensi\u00f3n: Una Iglesia en salida y de puertas abiertas\u201d. Seg\u00fan a\u00f1adi\u00f3, lo que se demanda es \u201cun cambio radical de nuestra manera de ser Iglesia\u201d, en concreto, \u201cuna Iglesia de puertas abiertas es un cristiano de coraz\u00f3n abierto, es el padre del hijo pr\u00f3digo, es un coraz\u00f3n infinito y sin l\u00edmites\u201d.<\/p><p>Invit\u00f3 a salir de varias maneras, la primera de ellas, haciendo frente a la injusticia, la pobreza o la violencia, sin dejar de buscar la verdad y abriendo caminos que superen el individualismo y la soledad. Y todo ello, haciendo presente el Evangelio en nuestro contexto social.<br \/>Para ello es preciso generar algunas actitudes personales y comunitarias \u201curgentes, no pasar mirando a otro sitio\u201d, y ah\u00ed aparecen la capacidad de acogida, de escucha, de empat\u00eda o la implicaci\u00f3n y compromiso con las personas y las causas.<\/p><p>\u00c1vila concluy\u00f3 que el Papa \u201cespera que la Iglesia se ponga en marcha para una conversi\u00f3n pastoral, y no vale poner excusas\u201d aunque no dej\u00f3 de reconocer que esto conlleva tambi\u00e9n, algunas reformas estructurales. Y ah\u00ed dej\u00f3 tres puntos para potenciar la corresponsabilidad: las comunidades cristianas; los \u00f3rganos de participaci\u00f3n, especialmente el Consejo de Pastoral, y los espacios de encuentro, por ejemplo, el celebrado esta tarde.<\/p><p>Posteriormente, los participantes se reunieron por arciprestazgos y se plantearon algunas preguntas que ten\u00edan que ver con cuestiones analizadas con el ponente como por ejemplo, los cambios personales y estructurales que se consideran m\u00e1s urgentes en nuestra Iglesia.<\/p>\t\t\t\t\t<\/div>\n\t\t\t\t\t\t<\/div>\n\t\t\t\t<\/div>\n\t\t\t\t\t\t<\/div>\n\t\t\t\t\t<\/div>\n\t\t<\/div>\n\t\t\t\t\t\t\t\t<\/div>\n\t\t\t\t\t<\/div>\n\t\t<\/section>\n\t\t\t\t<section class=\"elementor-section elementor-top-section elementor-element elementor-element-ba98c13 elementor-section-boxed elementor-section-height-default elementor-section-height-default\" data-id=\"ba98c13\" data-element_type=\"section\">\n\t\t\t\t\t\t<div class=\"elementor-container elementor-column-gap-default\">\n\t\t\t\t\t\t\t<div class=\"elementor-row\">\n\t\t\t\t\t<div class=\"elementor-column elementor-col-100 elementor-top-column elementor-element elementor-element-5b9fe02\" data-id=\"5b9fe02\" data-element_type=\"column\">\n\t\t\t<div class=\"elementor-column-wrap elementor-element-populated\">\n\t\t\t\t\t\t\t<div class=\"elementor-widget-wrap\">\n\t\t\t\t\t\t<div class=\"elementor-element elementor-element-0c58bf7 elementor-widget elementor-widget-image-gallery\" data-id=\"0c58bf7\" data-element_type=\"widget\" data-widget_type=\"image-gallery.default\">\n\t\t\t\t<div class=\"elementor-widget-container\">\n\t\t\t\t\t<div class=\"elementor-image-gallery\">\n\t\t\t<div id='gallery-1' class='gallery galleryid-31773 gallery-columns-4 gallery-size-medium'><figure class='gallery-item'>\n\t\t\t<div class='gallery-icon landscape'>\n\t\t\t\t<a  href='https:\/\/www.diocesisciudadrodrigo.org\/blog4\/wp-content\/uploads\/2024\/05\/laicos1.jpg'><img loading=\"lazy\" decoding=\"async\" width=\"300\" height=\"225\" src=\"https:\/\/www.diocesisciudadrodrigo.org\/blog4\/wp-content\/uploads\/2024\/05\/laicos1-300x225.jpg\" class=\"attachment-medium size-medium\" alt=\"\" srcset=\"https:\/\/www.diocesisciudadrodrigo.org\/blog4\/wp-content\/uploads\/2024\/05\/laicos1-300x225.jpg 300w, https:\/\/www.diocesisciudadrodrigo.org\/blog4\/wp-content\/uploads\/2024\/05\/laicos1-1024x768.jpg 1024w, https:\/\/www.diocesisciudadrodrigo.org\/blog4\/wp-content\/uploads\/2024\/05\/laicos1-768x576.jpg 768w, https:\/\/www.diocesisciudadrodrigo.org\/blog4\/wp-content\/uploads\/2024\/05\/laicos1-1536x1152.jpg 1536w, https:\/\/www.diocesisciudadrodrigo.org\/blog4\/wp-content\/uploads\/2024\/05\/laicos1-350x263.jpg 350w, https:\/\/www.diocesisciudadrodrigo.org\/blog4\/wp-content\/uploads\/2024\/05\/laicos1.jpg 2016w\" sizes=\"auto, (max-width: 300px) 100vw, 300px\" \/><\/a>\n\t\t\t<\/div><\/figure><figure class='gallery-item'>\n\t\t\t<div class='gallery-icon landscape'>\n\t\t\t\t<a  href='https:\/\/www.diocesisciudadrodrigo.org\/blog4\/wp-content\/uploads\/2024\/05\/laicos2.jpg'><img loading=\"lazy\" decoding=\"async\" width=\"300\" height=\"225\" src=\"https:\/\/www.diocesisciudadrodrigo.org\/blog4\/wp-content\/uploads\/2024\/05\/laicos2-300x225.jpg\" class=\"attachment-medium size-medium\" alt=\"\" srcset=\"https:\/\/www.diocesisciudadrodrigo.org\/blog4\/wp-content\/uploads\/2024\/05\/laicos2-300x225.jpg 300w, https:\/\/www.diocesisciudadrodrigo.org\/blog4\/wp-content\/uploads\/2024\/05\/laicos2-1024x768.jpg 1024w, https:\/\/www.diocesisciudadrodrigo.org\/blog4\/wp-content\/uploads\/2024\/05\/laicos2-768x576.jpg 768w, https:\/\/www.diocesisciudadrodrigo.org\/blog4\/wp-content\/uploads\/2024\/05\/laicos2-1536x1152.jpg 1536w, https:\/\/www.diocesisciudadrodrigo.org\/blog4\/wp-content\/uploads\/2024\/05\/laicos2-350x263.jpg 350w, https:\/\/www.diocesisciudadrodrigo.org\/blog4\/wp-content\/uploads\/2024\/05\/laicos2.jpg 2016w\" sizes=\"auto, (max-width: 300px) 100vw, 300px\" \/><\/a>\n\t\t\t<\/div><\/figure><figure class='gallery-item'>\n\t\t\t<div class='gallery-icon landscape'>\n\t\t\t\t<a  href='https:\/\/www.diocesisciudadrodrigo.org\/blog4\/wp-content\/uploads\/2024\/05\/laicos3.jpg'><img loading=\"lazy\" decoding=\"async\" width=\"300\" height=\"225\" src=\"https:\/\/www.diocesisciudadrodrigo.org\/blog4\/wp-content\/uploads\/2024\/05\/laicos3-300x225.jpg\" class=\"attachment-medium size-medium\" alt=\"\" srcset=\"https:\/\/www.diocesisciudadrodrigo.org\/blog4\/wp-content\/uploads\/2024\/05\/laicos3-300x225.jpg 300w, https:\/\/www.diocesisciudadrodrigo.org\/blog4\/wp-content\/uploads\/2024\/05\/laicos3-1024x768.jpg 1024w, https:\/\/www.diocesisciudadrodrigo.org\/blog4\/wp-content\/uploads\/2024\/05\/laicos3-768x576.jpg 768w, https:\/\/www.diocesisciudadrodrigo.org\/blog4\/wp-content\/uploads\/2024\/05\/laicos3-1536x1152.jpg 1536w, https:\/\/www.diocesisciudadrodrigo.org\/blog4\/wp-content\/uploads\/2024\/05\/laicos3-350x263.jpg 350w, https:\/\/www.diocesisciudadrodrigo.org\/blog4\/wp-content\/uploads\/2024\/05\/laicos3.jpg 2016w\" sizes=\"auto, (max-width: 300px) 100vw, 300px\" \/><\/a>\n\t\t\t<\/div><\/figure><figure class='gallery-item'>\n\t\t\t<div class='gallery-icon landscape'>\n\t\t\t\t<a  href='https:\/\/www.diocesisciudadrodrigo.org\/blog4\/wp-content\/uploads\/2024\/05\/laicos4.jpg'><img loading=\"lazy\" decoding=\"async\" width=\"300\" height=\"225\" src=\"https:\/\/www.diocesisciudadrodrigo.org\/blog4\/wp-content\/uploads\/2024\/05\/laicos4-300x225.jpg\" class=\"attachment-medium size-medium\" alt=\"\" srcset=\"https:\/\/www.diocesisciudadrodrigo.org\/blog4\/wp-content\/uploads\/2024\/05\/laicos4-300x225.jpg 300w, https:\/\/www.diocesisciudadrodrigo.org\/blog4\/wp-content\/uploads\/2024\/05\/laicos4-1024x768.jpg 1024w, https:\/\/www.diocesisciudadrodrigo.org\/blog4\/wp-content\/uploads\/2024\/05\/laicos4-768x576.jpg 768w, https:\/\/www.diocesisciudadrodrigo.org\/blog4\/wp-content\/uploads\/2024\/05\/laicos4-1536x1152.jpg 1536w, https:\/\/www.diocesisciudadrodrigo.org\/blog4\/wp-content\/uploads\/2024\/05\/laicos4-350x263.jpg 350w, https:\/\/www.diocesisciudadrodrigo.org\/blog4\/wp-content\/uploads\/2024\/05\/laicos4.jpg 2016w\" sizes=\"auto, (max-width: 300px) 100vw, 300px\" \/><\/a>\n\t\t\t<\/div><\/figure><figure class='gallery-item'>\n\t\t\t<div class='gallery-icon landscape'>\n\t\t\t\t<a  href='https:\/\/www.diocesisciudadrodrigo.org\/blog4\/wp-content\/uploads\/2024\/05\/laicos5.jpg'><img loading=\"lazy\" decoding=\"async\" width=\"300\" height=\"225\" src=\"https:\/\/www.diocesisciudadrodrigo.org\/blog4\/wp-content\/uploads\/2024\/05\/laicos5-300x225.jpg\" class=\"attachment-medium size-medium\" alt=\"\" srcset=\"https:\/\/www.diocesisciudadrodrigo.org\/blog4\/wp-content\/uploads\/2024\/05\/laicos5-300x225.jpg 300w, https:\/\/www.diocesisciudadrodrigo.org\/blog4\/wp-content\/uploads\/2024\/05\/laicos5-1024x768.jpg 1024w, https:\/\/www.diocesisciudadrodrigo.org\/blog4\/wp-content\/uploads\/2024\/05\/laicos5-768x576.jpg 768w, https:\/\/www.diocesisciudadrodrigo.org\/blog4\/wp-content\/uploads\/2024\/05\/laicos5-1536x1152.jpg 1536w, https:\/\/www.diocesisciudadrodrigo.org\/blog4\/wp-content\/uploads\/2024\/05\/laicos5-350x263.jpg 350w, https:\/\/www.diocesisciudadrodrigo.org\/blog4\/wp-content\/uploads\/2024\/05\/laicos5.jpg 2016w\" sizes=\"auto, (max-width: 300px) 100vw, 300px\" \/><\/a>\n\t\t\t<\/div><\/figure><figure class='gallery-item'>\n\t\t\t<div class='gallery-icon landscape'>\n\t\t\t\t<a  href='https:\/\/www.diocesisciudadrodrigo.org\/blog4\/wp-content\/uploads\/2024\/05\/laicos6.jpg'><img loading=\"lazy\" decoding=\"async\" width=\"300\" height=\"225\" src=\"https:\/\/www.diocesisciudadrodrigo.org\/blog4\/wp-content\/uploads\/2024\/05\/laicos6-300x225.jpg\" class=\"attachment-medium size-medium\" alt=\"\" srcset=\"https:\/\/www.diocesisciudadrodrigo.org\/blog4\/wp-content\/uploads\/2024\/05\/laicos6-300x225.jpg 300w, https:\/\/www.diocesisciudadrodrigo.org\/blog4\/wp-content\/uploads\/2024\/05\/laicos6-1024x768.jpg 1024w, https:\/\/www.diocesisciudadrodrigo.org\/blog4\/wp-content\/uploads\/2024\/05\/laicos6-768x576.jpg 768w, https:\/\/www.diocesisciudadrodrigo.org\/blog4\/wp-content\/uploads\/2024\/05\/laicos6-1536x1152.jpg 1536w, https:\/\/www.diocesisciudadrodrigo.org\/blog4\/wp-content\/uploads\/2024\/05\/laicos6-350x263.jpg 350w, https:\/\/www.diocesisciudadrodrigo.org\/blog4\/wp-content\/uploads\/2024\/05\/laicos6.jpg 2016w\" sizes=\"auto, (max-width: 300px) 100vw, 300px\" \/><\/a>\n\t\t\t<\/div><\/figure><figure class='gallery-item'>\n\t\t\t<div class='gallery-icon landscape'>\n\t\t\t\t<a  href='https:\/\/www.diocesisciudadrodrigo.org\/blog4\/wp-content\/uploads\/2024\/05\/laicos7.jpg'><img loading=\"lazy\" decoding=\"async\" width=\"300\" height=\"225\" src=\"https:\/\/www.diocesisciudadrodrigo.org\/blog4\/wp-content\/uploads\/2024\/05\/laicos7-300x225.jpg\" class=\"attachment-medium size-medium\" alt=\"\" srcset=\"https:\/\/www.diocesisciudadrodrigo.org\/blog4\/wp-content\/uploads\/2024\/05\/laicos7-300x225.jpg 300w, https:\/\/www.diocesisciudadrodrigo.org\/blog4\/wp-content\/uploads\/2024\/05\/laicos7-1024x768.jpg 1024w, https:\/\/www.diocesisciudadrodrigo.org\/blog4\/wp-content\/uploads\/2024\/05\/laicos7-768x576.jpg 768w, https:\/\/www.diocesisciudadrodrigo.org\/blog4\/wp-content\/uploads\/2024\/05\/laicos7-1536x1152.jpg 1536w, https:\/\/www.diocesisciudadrodrigo.org\/blog4\/wp-content\/uploads\/2024\/05\/laicos7-350x263.jpg 350w, https:\/\/www.diocesisciudadrodrigo.org\/blog4\/wp-content\/uploads\/2024\/05\/laicos7.jpg 2016w\" sizes=\"auto, (max-width: 300px) 100vw, 300px\" \/><\/a>\n\t\t\t<\/div><\/figure><figure class='gallery-item'>\n\t\t\t<div class='gallery-icon landscape'>\n\t\t\t\t<a  href='https:\/\/www.diocesisciudadrodrigo.org\/blog4\/wp-content\/uploads\/2024\/05\/laicos8.jpg'><img loading=\"lazy\" decoding=\"async\" width=\"300\" height=\"225\" src=\"https:\/\/www.diocesisciudadrodrigo.org\/blog4\/wp-content\/uploads\/2024\/05\/laicos8-300x225.jpg\" class=\"attachment-medium size-medium\" alt=\"\" srcset=\"https:\/\/www.diocesisciudadrodrigo.org\/blog4\/wp-content\/uploads\/2024\/05\/laicos8-300x225.jpg 300w, https:\/\/www.diocesisciudadrodrigo.org\/blog4\/wp-content\/uploads\/2024\/05\/laicos8-1024x768.jpg 1024w, https:\/\/www.diocesisciudadrodrigo.org\/blog4\/wp-content\/uploads\/2024\/05\/laicos8-768x576.jpg 768w, https:\/\/www.diocesisciudadrodrigo.org\/blog4\/wp-content\/uploads\/2024\/05\/laicos8-1536x1152.jpg 1536w, https:\/\/www.diocesisciudadrodrigo.org\/blog4\/wp-content\/uploads\/2024\/05\/laicos8-350x263.jpg 350w, https:\/\/www.diocesisciudadrodrigo.org\/blog4\/wp-content\/uploads\/2024\/05\/laicos8.jpg 2016w\" sizes=\"auto, (max-width: 300px) 100vw, 300px\" \/><\/a>\n\t\t\t<\/div><\/figure><figure class='gallery-item'>\n\t\t\t<div class='gallery-icon landscape'>\n\t\t\t\t<a  href='https:\/\/www.diocesisciudadrodrigo.org\/blog4\/wp-content\/uploads\/2024\/05\/laicos9.jpg'><img loading=\"lazy\" decoding=\"async\" width=\"300\" height=\"225\" src=\"https:\/\/www.diocesisciudadrodrigo.org\/blog4\/wp-content\/uploads\/2024\/05\/laicos9-300x225.jpg\" class=\"attachment-medium size-medium\" alt=\"\" srcset=\"https:\/\/www.diocesisciudadrodrigo.org\/blog4\/wp-content\/uploads\/2024\/05\/laicos9-300x225.jpg 300w, https:\/\/www.diocesisciudadrodrigo.org\/blog4\/wp-content\/uploads\/2024\/05\/laicos9-1024x768.jpg 1024w, https:\/\/www.diocesisciudadrodrigo.org\/blog4\/wp-content\/uploads\/2024\/05\/laicos9-768x576.jpg 768w, https:\/\/www.diocesisciudadrodrigo.org\/blog4\/wp-content\/uploads\/2024\/05\/laicos9-1536x1152.jpg 1536w, https:\/\/www.diocesisciudadrodrigo.org\/blog4\/wp-content\/uploads\/2024\/05\/laicos9-350x263.jpg 350w, https:\/\/www.diocesisciudadrodrigo.org\/blog4\/wp-content\/uploads\/2024\/05\/laicos9.jpg 2016w\" sizes=\"auto, (max-width: 300px) 100vw, 300px\" \/><\/a>\n\t\t\t<\/div><\/figure><figure class='gallery-item'>\n\t\t\t<div class='gallery-icon landscape'>\n\t\t\t\t<a  href='https:\/\/www.diocesisciudadrodrigo.org\/blog4\/wp-content\/uploads\/2024\/05\/laicos10.jpg'><img loading=\"lazy\" decoding=\"async\" width=\"300\" height=\"225\" src=\"https:\/\/www.diocesisciudadrodrigo.org\/blog4\/wp-content\/uploads\/2024\/05\/laicos10-300x225.jpg\" class=\"attachment-medium size-medium\" alt=\"\" srcset=\"https:\/\/www.diocesisciudadrodrigo.org\/blog4\/wp-content\/uploads\/2024\/05\/laicos10-300x225.jpg 300w, https:\/\/www.diocesisciudadrodrigo.org\/blog4\/wp-content\/uploads\/2024\/05\/laicos10-1024x768.jpg 1024w, https:\/\/www.diocesisciudadrodrigo.org\/blog4\/wp-content\/uploads\/2024\/05\/laicos10-768x576.jpg 768w, https:\/\/www.diocesisciudadrodrigo.org\/blog4\/wp-content\/uploads\/2024\/05\/laicos10-1536x1152.jpg 1536w, https:\/\/www.diocesisciudadrodrigo.org\/blog4\/wp-content\/uploads\/2024\/05\/laicos10-350x263.jpg 350w, https:\/\/www.diocesisciudadrodrigo.org\/blog4\/wp-content\/uploads\/2024\/05\/laicos10.jpg 2016w\" sizes=\"auto, (max-width: 300px) 100vw, 300px\" \/><\/a>\n\t\t\t<\/div><\/figure>\n\t\t<\/div>\n\t\t<\/div>\n\t\t\t\t<\/div>\n\t\t\t\t<\/div>\n\t\t\t\t\t\t<\/div>\n\t\t\t\t\t<\/div>\n\t\t<\/div>\n\t\t\t\t\t\t\t\t<\/div>\n\t\t\t\t\t<\/div>\n\t\t<\/section>\n\t\t\t\t\t\t<\/div>\n\t\t\t\t\t\t<\/div>\n\t\t\t\t\t<\/div>\n\t\t","protected":false},"excerpt":{"rendered":"<p>A lo largo de toda la tarde del s\u00e1bado se ha celebrado el Encuentro Diocesano de Pentecost\u00e9s en el Seminario, en un primer momento, y posteriormente en la Catedral, donde &#8230; <\/p>\n<p class=\"read-more-container\"><a title=\"Mons. Retana: \u00abLos laicos ten\u00e9is que prestar a la Iglesia el servicio de hacer presente el Evangelio de Jes\u00fas en vuestros ambientes\u00bb\" class=\"read-more button\" href=\"https:\/\/www.diocesisciudadrodrigo.org\/blog4\/mons-retana-los-laicos-teneis-que-prestar-a-la-iglesia-el-servicio-de-hacer-presente-el-evangelio-de-jesus-en-vuestros-ambientes\/#more-31773\" aria-label=\"M\u00e1s en Mons. Retana: \u00abLos laicos ten\u00e9is que prestar a la Iglesia el servicio de hacer presente el Evangelio de Jes\u00fas en vuestros ambientes\u00bb\">Leer m\u00e1s &#8230;<\/a><\/p>\n","protected":false},"author":1,"featured_media":31775,"comment_status":"closed","ping_status":"closed","sticky":false,"template":"","format":"standard","meta":{"footnotes":""},"categories":[6],"tags":[],"class_list":["post-31773","post","type-post","status-publish","format-standard","has-post-thumbnail","hentry","category-noticias","masonry-post","generate-columns","tablet-grid-50","mobile-grid-100","grid-parent","grid-50"],"yoast_head":"<!-- This site is optimized with the Yoast SEO plugin v27.3 - https:\/\/yoast.com\/product\/yoast-seo-wordpress\/ -->\n<title>Mons. Retana: &quot;Los laicos ten\u00e9is que prestar a la Iglesia el servicio de hacer presente el Evangelio de Jes\u00fas en vuestros ambientes&quot; - Di\u00f3cesis de Ciudad Rodrigo<\/title>\n<meta name=\"robots\" content=\"index, follow, max-snippet:-1, max-image-preview:large, max-video-preview:-1\" \/>\n<link rel=\"canonical\" href=\"https:\/\/www.diocesisciudadrodrigo.org\/blog4\/mons-retana-los-laicos-teneis-que-prestar-a-la-iglesia-el-servicio-de-hacer-presente-el-evangelio-de-jesus-en-vuestros-ambientes\/\" \/>\n<meta property=\"og:locale\" content=\"es_ES\" \/>\n<meta property=\"og:type\" content=\"article\" \/>\n<meta property=\"og:title\" content=\"Mons. Retana: &quot;Los laicos ten\u00e9is que prestar a la Iglesia el servicio de hacer presente el Evangelio de Jes\u00fas en vuestros ambientes&quot; - Di\u00f3cesis de Ciudad Rodrigo\" \/>\n<meta property=\"og:description\" content=\"A lo largo de toda la tarde del s\u00e1bado se ha celebrado el Encuentro Diocesano de Pentecost\u00e9s en el Seminario, en un primer momento, y posteriormente en la Catedral, donde ... Leer m\u00e1s ...\" \/>\n<meta property=\"og:url\" content=\"https:\/\/www.diocesisciudadrodrigo.org\/blog4\/mons-retana-los-laicos-teneis-que-prestar-a-la-iglesia-el-servicio-de-hacer-presente-el-evangelio-de-jesus-en-vuestros-ambientes\/\" \/>\n<meta property=\"og:site_name\" content=\"Di\u00f3cesis de Ciudad Rodrigo\" \/>\n<meta property=\"article:publisher\" content=\"https:\/\/www.facebook.com\/people\/Dicesis-Ciudad-Rodrigo-MCS\/100076471923419\/#\" \/>\n<meta property=\"article:published_time\" content=\"2024-05-18T19:27:39+00:00\" \/>\n<meta property=\"article:modified_time\" content=\"2024-05-18T19:28:31+00:00\" \/>\n<meta property=\"og:image\" content=\"https:\/\/www.diocesisciudadrodrigo.org\/blog4\/wp-content\/uploads\/2024\/05\/laicos1.jpg\" \/>\n\t<meta property=\"og:image:width\" content=\"2016\" \/>\n\t<meta property=\"og:image:height\" content=\"1512\" \/>\n\t<meta property=\"og:image:type\" content=\"image\/jpeg\" \/>\n<meta name=\"author\" content=\"medios CR\" \/>\n<meta name=\"twitter:card\" content=\"summary_large_image\" \/>\n<meta name=\"twitter:label1\" content=\"Escrito por\" \/>\n\t<meta name=\"twitter:data1\" content=\"medios CR\" \/>\n\t<meta name=\"twitter:label2\" content=\"Tiempo de lectura\" \/>\n\t<meta name=\"twitter:data2\" content=\"4 minutos\" \/>\n<script type=\"application\/ld+json\" class=\"yoast-schema-graph\">{\"@context\":\"https:\\\/\\\/schema.org\",\"@graph\":[{\"@type\":\"Article\",\"@id\":\"https:\\\/\\\/www.diocesisciudadrodrigo.org\\\/blog4\\\/mons-retana-los-laicos-teneis-que-prestar-a-la-iglesia-el-servicio-de-hacer-presente-el-evangelio-de-jesus-en-vuestros-ambientes\\\/#article\",\"isPartOf\":{\"@id\":\"https:\\\/\\\/www.diocesisciudadrodrigo.org\\\/blog4\\\/mons-retana-los-laicos-teneis-que-prestar-a-la-iglesia-el-servicio-de-hacer-presente-el-evangelio-de-jesus-en-vuestros-ambientes\\\/\"},\"author\":{\"name\":\"medios CR\",\"@id\":\"https:\\\/\\\/www.diocesisciudadrodrigo.org\\\/blog4\\\/#\\\/schema\\\/person\\\/5fcf0ca636a75766ff70e6417b6ed052\"},\"headline\":\"Mons. Retana: \u00abLos laicos ten\u00e9is que prestar a la Iglesia el servicio de hacer presente el Evangelio de Jes\u00fas en vuestros ambientes\u00bb\",\"datePublished\":\"2024-05-18T19:27:39+00:00\",\"dateModified\":\"2024-05-18T19:28:31+00:00\",\"mainEntityOfPage\":{\"@id\":\"https:\\\/\\\/www.diocesisciudadrodrigo.org\\\/blog4\\\/mons-retana-los-laicos-teneis-que-prestar-a-la-iglesia-el-servicio-de-hacer-presente-el-evangelio-de-jesus-en-vuestros-ambientes\\\/\"},\"wordCount\":902,\"publisher\":{\"@id\":\"https:\\\/\\\/www.diocesisciudadrodrigo.org\\\/blog4\\\/#organization\"},\"image\":{\"@id\":\"https:\\\/\\\/www.diocesisciudadrodrigo.org\\\/blog4\\\/mons-retana-los-laicos-teneis-que-prestar-a-la-iglesia-el-servicio-de-hacer-presente-el-evangelio-de-jesus-en-vuestros-ambientes\\\/#primaryimage\"},\"thumbnailUrl\":\"https:\\\/\\\/www.diocesisciudadrodrigo.org\\\/blog4\\\/wp-content\\\/uploads\\\/2024\\\/05\\\/laicos1.jpg\",\"articleSection\":[\"Noticias\"],\"inLanguage\":\"es\"},{\"@type\":\"WebPage\",\"@id\":\"https:\\\/\\\/www.diocesisciudadrodrigo.org\\\/blog4\\\/mons-retana-los-laicos-teneis-que-prestar-a-la-iglesia-el-servicio-de-hacer-presente-el-evangelio-de-jesus-en-vuestros-ambientes\\\/\",\"url\":\"https:\\\/\\\/www.diocesisciudadrodrigo.org\\\/blog4\\\/mons-retana-los-laicos-teneis-que-prestar-a-la-iglesia-el-servicio-de-hacer-presente-el-evangelio-de-jesus-en-vuestros-ambientes\\\/\",\"name\":\"Mons. Retana: \\\"Los laicos ten\u00e9is que prestar a la Iglesia el servicio de hacer presente el Evangelio de Jes\u00fas en vuestros ambientes\\\" - Di\u00f3cesis de Ciudad Rodrigo\",\"isPartOf\":{\"@id\":\"https:\\\/\\\/www.diocesisciudadrodrigo.org\\\/blog4\\\/#website\"},\"primaryImageOfPage\":{\"@id\":\"https:\\\/\\\/www.diocesisciudadrodrigo.org\\\/blog4\\\/mons-retana-los-laicos-teneis-que-prestar-a-la-iglesia-el-servicio-de-hacer-presente-el-evangelio-de-jesus-en-vuestros-ambientes\\\/#primaryimage\"},\"image\":{\"@id\":\"https:\\\/\\\/www.diocesisciudadrodrigo.org\\\/blog4\\\/mons-retana-los-laicos-teneis-que-prestar-a-la-iglesia-el-servicio-de-hacer-presente-el-evangelio-de-jesus-en-vuestros-ambientes\\\/#primaryimage\"},\"thumbnailUrl\":\"https:\\\/\\\/www.diocesisciudadrodrigo.org\\\/blog4\\\/wp-content\\\/uploads\\\/2024\\\/05\\\/laicos1.jpg\",\"datePublished\":\"2024-05-18T19:27:39+00:00\",\"dateModified\":\"2024-05-18T19:28:31+00:00\",\"breadcrumb\":{\"@id\":\"https:\\\/\\\/www.diocesisciudadrodrigo.org\\\/blog4\\\/mons-retana-los-laicos-teneis-que-prestar-a-la-iglesia-el-servicio-de-hacer-presente-el-evangelio-de-jesus-en-vuestros-ambientes\\\/#breadcrumb\"},\"inLanguage\":\"es\",\"potentialAction\":[{\"@type\":\"ReadAction\",\"target\":[\"https:\\\/\\\/www.diocesisciudadrodrigo.org\\\/blog4\\\/mons-retana-los-laicos-teneis-que-prestar-a-la-iglesia-el-servicio-de-hacer-presente-el-evangelio-de-jesus-en-vuestros-ambientes\\\/\"]}]},{\"@type\":\"ImageObject\",\"inLanguage\":\"es\",\"@id\":\"https:\\\/\\\/www.diocesisciudadrodrigo.org\\\/blog4\\\/mons-retana-los-laicos-teneis-que-prestar-a-la-iglesia-el-servicio-de-hacer-presente-el-evangelio-de-jesus-en-vuestros-ambientes\\\/#primaryimage\",\"url\":\"https:\\\/\\\/www.diocesisciudadrodrigo.org\\\/blog4\\\/wp-content\\\/uploads\\\/2024\\\/05\\\/laicos1.jpg\",\"contentUrl\":\"https:\\\/\\\/www.diocesisciudadrodrigo.org\\\/blog4\\\/wp-content\\\/uploads\\\/2024\\\/05\\\/laicos1.jpg\",\"width\":2016,\"height\":1512},{\"@type\":\"BreadcrumbList\",\"@id\":\"https:\\\/\\\/www.diocesisciudadrodrigo.org\\\/blog4\\\/mons-retana-los-laicos-teneis-que-prestar-a-la-iglesia-el-servicio-de-hacer-presente-el-evangelio-de-jesus-en-vuestros-ambientes\\\/#breadcrumb\",\"itemListElement\":[{\"@type\":\"ListItem\",\"position\":1,\"name\":\"Portada\",\"item\":\"https:\\\/\\\/www.diocesisciudadrodrigo.org\\\/blog4\\\/\"},{\"@type\":\"ListItem\",\"position\":2,\"name\":\"Mons. Retana: \u00abLos laicos ten\u00e9is que prestar a la Iglesia el servicio de hacer presente el Evangelio de Jes\u00fas en vuestros ambientes\u00bb\"}]},{\"@type\":\"WebSite\",\"@id\":\"https:\\\/\\\/www.diocesisciudadrodrigo.org\\\/blog4\\\/#website\",\"url\":\"https:\\\/\\\/www.diocesisciudadrodrigo.org\\\/blog4\\\/\",\"name\":\"Di\u00f3cesis de Ciudad Rodrigo\",\"description\":\"Sitio web oficial de la di\u00f3cesis civitatense\",\"publisher\":{\"@id\":\"https:\\\/\\\/www.diocesisciudadrodrigo.org\\\/blog4\\\/#organization\"},\"potentialAction\":[{\"@type\":\"SearchAction\",\"target\":{\"@type\":\"EntryPoint\",\"urlTemplate\":\"https:\\\/\\\/www.diocesisciudadrodrigo.org\\\/blog4\\\/?s={search_term_string}\"},\"query-input\":{\"@type\":\"PropertyValueSpecification\",\"valueRequired\":true,\"valueName\":\"search_term_string\"}}],\"inLanguage\":\"es\"},{\"@type\":\"Organization\",\"@id\":\"https:\\\/\\\/www.diocesisciudadrodrigo.org\\\/blog4\\\/#organization\",\"name\":\"Di\u00f3cesis de Ciudad Rodrigo\",\"url\":\"https:\\\/\\\/www.diocesisciudadrodrigo.org\\\/blog4\\\/\",\"logo\":{\"@type\":\"ImageObject\",\"inLanguage\":\"es\",\"@id\":\"https:\\\/\\\/www.diocesisciudadrodrigo.org\\\/blog4\\\/#\\\/schema\\\/logo\\\/image\\\/\",\"url\":\"https:\\\/\\\/www.diocesisciudadrodrigo.org\\\/blog4\\\/wp-content\\\/uploads\\\/2024\\\/12\\\/Diocesis.CMYK_-768x480-1.jpg\",\"contentUrl\":\"https:\\\/\\\/www.diocesisciudadrodrigo.org\\\/blog4\\\/wp-content\\\/uploads\\\/2024\\\/12\\\/Diocesis.CMYK_-768x480-1.jpg\",\"width\":768,\"height\":480,\"caption\":\"Di\u00f3cesis de Ciudad Rodrigo\"},\"image\":{\"@id\":\"https:\\\/\\\/www.diocesisciudadrodrigo.org\\\/blog4\\\/#\\\/schema\\\/logo\\\/image\\\/\"},\"sameAs\":[\"https:\\\/\\\/www.facebook.com\\\/people\\\/Dicesis-Ciudad-Rodrigo-MCS\\\/100076471923419\\\/#\"]},{\"@type\":\"Person\",\"@id\":\"https:\\\/\\\/www.diocesisciudadrodrigo.org\\\/blog4\\\/#\\\/schema\\\/person\\\/5fcf0ca636a75766ff70e6417b6ed052\",\"name\":\"medios CR\",\"image\":{\"@type\":\"ImageObject\",\"inLanguage\":\"es\",\"@id\":\"https:\\\/\\\/secure.gravatar.com\\\/avatar\\\/4a619fd0c7e36bd570f4e6e15eb09a2191185d0f63d8dbfdffe848af141ab87e?s=96&d=mm&r=g\",\"url\":\"https:\\\/\\\/secure.gravatar.com\\\/avatar\\\/4a619fd0c7e36bd570f4e6e15eb09a2191185d0f63d8dbfdffe848af141ab87e?s=96&d=mm&r=g\",\"contentUrl\":\"https:\\\/\\\/secure.gravatar.com\\\/avatar\\\/4a619fd0c7e36bd570f4e6e15eb09a2191185d0f63d8dbfdffe848af141ab87e?s=96&d=mm&r=g\",\"caption\":\"medios CR\"},\"url\":\"https:\\\/\\\/www.diocesisciudadrodrigo.org\\\/blog4\\\/author\\\/admin4\\\/\"}]}<\/script>\n<!-- \/ Yoast SEO plugin. -->","yoast_head_json":{"title":"Mons. Retana: \"Los laicos ten\u00e9is que prestar a la Iglesia el servicio de hacer presente el Evangelio de Jes\u00fas en vuestros ambientes\" - Di\u00f3cesis de Ciudad Rodrigo","robots":{"index":"index","follow":"follow","max-snippet":"max-snippet:-1","max-image-preview":"max-image-preview:large","max-video-preview":"max-video-preview:-1"},"canonical":"https:\/\/www.diocesisciudadrodrigo.org\/blog4\/mons-retana-los-laicos-teneis-que-prestar-a-la-iglesia-el-servicio-de-hacer-presente-el-evangelio-de-jesus-en-vuestros-ambientes\/","og_locale":"es_ES","og_type":"article","og_title":"Mons. Retana: \"Los laicos ten\u00e9is que prestar a la Iglesia el servicio de hacer presente el Evangelio de Jes\u00fas en vuestros ambientes\" - Di\u00f3cesis de Ciudad Rodrigo","og_description":"A lo largo de toda la tarde del s\u00e1bado se ha celebrado el Encuentro Diocesano de Pentecost\u00e9s en el Seminario, en un primer momento, y posteriormente en la Catedral, donde ... Leer m\u00e1s ...","og_url":"https:\/\/www.diocesisciudadrodrigo.org\/blog4\/mons-retana-los-laicos-teneis-que-prestar-a-la-iglesia-el-servicio-de-hacer-presente-el-evangelio-de-jesus-en-vuestros-ambientes\/","og_site_name":"Di\u00f3cesis de Ciudad Rodrigo","article_publisher":"https:\/\/www.facebook.com\/people\/Dicesis-Ciudad-Rodrigo-MCS\/100076471923419\/#","article_published_time":"2024-05-18T19:27:39+00:00","article_modified_time":"2024-05-18T19:28:31+00:00","og_image":[{"width":2016,"height":1512,"url":"https:\/\/www.diocesisciudadrodrigo.org\/blog4\/wp-content\/uploads\/2024\/05\/laicos1.jpg","type":"image\/jpeg"}],"author":"medios CR","twitter_card":"summary_large_image","twitter_misc":{"Escrito por":"medios CR","Tiempo de lectura":"4 minutos"},"schema":{"@context":"https:\/\/schema.org","@graph":[{"@type":"Article","@id":"https:\/\/www.diocesisciudadrodrigo.org\/blog4\/mons-retana-los-laicos-teneis-que-prestar-a-la-iglesia-el-servicio-de-hacer-presente-el-evangelio-de-jesus-en-vuestros-ambientes\/#article","isPartOf":{"@id":"https:\/\/www.diocesisciudadrodrigo.org\/blog4\/mons-retana-los-laicos-teneis-que-prestar-a-la-iglesia-el-servicio-de-hacer-presente-el-evangelio-de-jesus-en-vuestros-ambientes\/"},"author":{"name":"medios CR","@id":"https:\/\/www.diocesisciudadrodrigo.org\/blog4\/#\/schema\/person\/5fcf0ca636a75766ff70e6417b6ed052"},"headline":"Mons. Retana: \u00abLos laicos ten\u00e9is que prestar a la Iglesia el servicio de hacer presente el Evangelio de Jes\u00fas en vuestros ambientes\u00bb","datePublished":"2024-05-18T19:27:39+00:00","dateModified":"2024-05-18T19:28:31+00:00","mainEntityOfPage":{"@id":"https:\/\/www.diocesisciudadrodrigo.org\/blog4\/mons-retana-los-laicos-teneis-que-prestar-a-la-iglesia-el-servicio-de-hacer-presente-el-evangelio-de-jesus-en-vuestros-ambientes\/"},"wordCount":902,"publisher":{"@id":"https:\/\/www.diocesisciudadrodrigo.org\/blog4\/#organization"},"image":{"@id":"https:\/\/www.diocesisciudadrodrigo.org\/blog4\/mons-retana-los-laicos-teneis-que-prestar-a-la-iglesia-el-servicio-de-hacer-presente-el-evangelio-de-jesus-en-vuestros-ambientes\/#primaryimage"},"thumbnailUrl":"https:\/\/www.diocesisciudadrodrigo.org\/blog4\/wp-content\/uploads\/2024\/05\/laicos1.jpg","articleSection":["Noticias"],"inLanguage":"es"},{"@type":"WebPage","@id":"https:\/\/www.diocesisciudadrodrigo.org\/blog4\/mons-retana-los-laicos-teneis-que-prestar-a-la-iglesia-el-servicio-de-hacer-presente-el-evangelio-de-jesus-en-vuestros-ambientes\/","url":"https:\/\/www.diocesisciudadrodrigo.org\/blog4\/mons-retana-los-laicos-teneis-que-prestar-a-la-iglesia-el-servicio-de-hacer-presente-el-evangelio-de-jesus-en-vuestros-ambientes\/","name":"Mons. Retana: \"Los laicos ten\u00e9is que prestar a la Iglesia el servicio de hacer presente el Evangelio de Jes\u00fas en vuestros ambientes\" - Di\u00f3cesis de Ciudad Rodrigo","isPartOf":{"@id":"https:\/\/www.diocesisciudadrodrigo.org\/blog4\/#website"},"primaryImageOfPage":{"@id":"https:\/\/www.diocesisciudadrodrigo.org\/blog4\/mons-retana-los-laicos-teneis-que-prestar-a-la-iglesia-el-servicio-de-hacer-presente-el-evangelio-de-jesus-en-vuestros-ambientes\/#primaryimage"},"image":{"@id":"https:\/\/www.diocesisciudadrodrigo.org\/blog4\/mons-retana-los-laicos-teneis-que-prestar-a-la-iglesia-el-servicio-de-hacer-presente-el-evangelio-de-jesus-en-vuestros-ambientes\/#primaryimage"},"thumbnailUrl":"https:\/\/www.diocesisciudadrodrigo.org\/blog4\/wp-content\/uploads\/2024\/05\/laicos1.jpg","datePublished":"2024-05-18T19:27:39+00:00","dateModified":"2024-05-18T19:28:31+00:00","breadcrumb":{"@id":"https:\/\/www.diocesisciudadrodrigo.org\/blog4\/mons-retana-los-laicos-teneis-que-prestar-a-la-iglesia-el-servicio-de-hacer-presente-el-evangelio-de-jesus-en-vuestros-ambientes\/#breadcrumb"},"inLanguage":"es","potentialAction":[{"@type":"ReadAction","target":["https:\/\/www.diocesisciudadrodrigo.org\/blog4\/mons-retana-los-laicos-teneis-que-prestar-a-la-iglesia-el-servicio-de-hacer-presente-el-evangelio-de-jesus-en-vuestros-ambientes\/"]}]},{"@type":"ImageObject","inLanguage":"es","@id":"https:\/\/www.diocesisciudadrodrigo.org\/blog4\/mons-retana-los-laicos-teneis-que-prestar-a-la-iglesia-el-servicio-de-hacer-presente-el-evangelio-de-jesus-en-vuestros-ambientes\/#primaryimage","url":"https:\/\/www.diocesisciudadrodrigo.org\/blog4\/wp-content\/uploads\/2024\/05\/laicos1.jpg","contentUrl":"https:\/\/www.diocesisciudadrodrigo.org\/blog4\/wp-content\/uploads\/2024\/05\/laicos1.jpg","width":2016,"height":1512},{"@type":"BreadcrumbList","@id":"https:\/\/www.diocesisciudadrodrigo.org\/blog4\/mons-retana-los-laicos-teneis-que-prestar-a-la-iglesia-el-servicio-de-hacer-presente-el-evangelio-de-jesus-en-vuestros-ambientes\/#breadcrumb","itemListElement":[{"@type":"ListItem","position":1,"name":"Portada","item":"https:\/\/www.diocesisciudadrodrigo.org\/blog4\/"},{"@type":"ListItem","position":2,"name":"Mons. Retana: \u00abLos laicos ten\u00e9is que prestar a la Iglesia el servicio de hacer presente el Evangelio de Jes\u00fas en vuestros ambientes\u00bb"}]},{"@type":"WebSite","@id":"https:\/\/www.diocesisciudadrodrigo.org\/blog4\/#website","url":"https:\/\/www.diocesisciudadrodrigo.org\/blog4\/","name":"Di\u00f3cesis de Ciudad Rodrigo","description":"Sitio web oficial de la di\u00f3cesis civitatense","publisher":{"@id":"https:\/\/www.diocesisciudadrodrigo.org\/blog4\/#organization"},"potentialAction":[{"@type":"SearchAction","target":{"@type":"EntryPoint","urlTemplate":"https:\/\/www.diocesisciudadrodrigo.org\/blog4\/?s={search_term_string}"},"query-input":{"@type":"PropertyValueSpecification","valueRequired":true,"valueName":"search_term_string"}}],"inLanguage":"es"},{"@type":"Organization","@id":"https:\/\/www.diocesisciudadrodrigo.org\/blog4\/#organization","name":"Di\u00f3cesis de Ciudad Rodrigo","url":"https:\/\/www.diocesisciudadrodrigo.org\/blog4\/","logo":{"@type":"ImageObject","inLanguage":"es","@id":"https:\/\/www.diocesisciudadrodrigo.org\/blog4\/#\/schema\/logo\/image\/","url":"https:\/\/www.diocesisciudadrodrigo.org\/blog4\/wp-content\/uploads\/2024\/12\/Diocesis.CMYK_-768x480-1.jpg","contentUrl":"https:\/\/www.diocesisciudadrodrigo.org\/blog4\/wp-content\/uploads\/2024\/12\/Diocesis.CMYK_-768x480-1.jpg","width":768,"height":480,"caption":"Di\u00f3cesis de Ciudad Rodrigo"},"image":{"@id":"https:\/\/www.diocesisciudadrodrigo.org\/blog4\/#\/schema\/logo\/image\/"},"sameAs":["https:\/\/www.facebook.com\/people\/Dicesis-Ciudad-Rodrigo-MCS\/100076471923419\/#"]},{"@type":"Person","@id":"https:\/\/www.diocesisciudadrodrigo.org\/blog4\/#\/schema\/person\/5fcf0ca636a75766ff70e6417b6ed052","name":"medios CR","image":{"@type":"ImageObject","inLanguage":"es","@id":"https:\/\/secure.gravatar.com\/avatar\/4a619fd0c7e36bd570f4e6e15eb09a2191185d0f63d8dbfdffe848af141ab87e?s=96&d=mm&r=g","url":"https:\/\/secure.gravatar.com\/avatar\/4a619fd0c7e36bd570f4e6e15eb09a2191185d0f63d8dbfdffe848af141ab87e?s=96&d=mm&r=g","contentUrl":"https:\/\/secure.gravatar.com\/avatar\/4a619fd0c7e36bd570f4e6e15eb09a2191185d0f63d8dbfdffe848af141ab87e?s=96&d=mm&r=g","caption":"medios CR"},"url":"https:\/\/www.diocesisciudadrodrigo.org\/blog4\/author\/admin4\/"}]}},"_links":{"self":[{"href":"https:\/\/www.diocesisciudadrodrigo.org\/blog4\/wp-json\/wp\/v2\/posts\/31773","targetHints":{"allow":["GET"]}}],"collection":[{"href":"https:\/\/www.diocesisciudadrodrigo.org\/blog4\/wp-json\/wp\/v2\/posts"}],"about":[{"href":"https:\/\/www.diocesisciudadrodrigo.org\/blog4\/wp-json\/wp\/v2\/types\/post"}],"author":[{"embeddable":true,"href":"https:\/\/www.diocesisciudadrodrigo.org\/blog4\/wp-json\/wp\/v2\/users\/1"}],"replies":[{"embeddable":true,"href":"https:\/\/www.diocesisciudadrodrigo.org\/blog4\/wp-json\/wp\/v2\/comments?post=31773"}],"version-history":[{"count":4,"href":"https:\/\/www.diocesisciudadrodrigo.org\/blog4\/wp-json\/wp\/v2\/posts\/31773\/revisions"}],"predecessor-version":[{"id":31788,"href":"https:\/\/www.diocesisciudadrodrigo.org\/blog4\/wp-json\/wp\/v2\/posts\/31773\/revisions\/31788"}],"wp:featuredmedia":[{"embeddable":true,"href":"https:\/\/www.diocesisciudadrodrigo.org\/blog4\/wp-json\/wp\/v2\/media\/31775"}],"wp:attachment":[{"href":"https:\/\/www.diocesisciudadrodrigo.org\/blog4\/wp-json\/wp\/v2\/media?parent=31773"}],"wp:term":[{"taxonomy":"category","embeddable":true,"href":"https:\/\/www.diocesisciudadrodrigo.org\/blog4\/wp-json\/wp\/v2\/categories?post=31773"},{"taxonomy":"post_tag","embeddable":true,"href":"https:\/\/www.diocesisciudadrodrigo.org\/blog4\/wp-json\/wp\/v2\/tags?post=31773"}],"curies":[{"name":"wp","href":"https:\/\/api.w.org\/{rel}","templated":true}]}}