{"id":31683,"date":"2024-05-09T19:33:23","date_gmt":"2024-05-09T17:33:23","guid":{"rendered":"https:\/\/www.diocesisciudadrodrigo.org\/blog4\/?p=31683"},"modified":"2024-05-09T19:34:55","modified_gmt":"2024-05-09T17:34:55","slug":"d-daniel-mielgo-el-diaconado-es-una-vocacion-independiente-y-diferente-a-la-de-los-presbiteros","status":"publish","type":"post","link":"https:\/\/www.diocesisciudadrodrigo.org\/blog4\/d-daniel-mielgo-el-diaconado-es-una-vocacion-independiente-y-diferente-a-la-de-los-presbiteros\/","title":{"rendered":"D. Daniel Mielgo: \u00abEl diaconado es una vocaci\u00f3n independiente y diferente a la de los presb\u00edteros\u00bb"},"content":{"rendered":"\t\t<div data-elementor-type=\"wp-post\" data-elementor-id=\"31683\" class=\"elementor elementor-31683\" data-elementor-settings=\"[]\">\n\t\t\t\t\t\t<div class=\"elementor-inner\">\n\t\t\t\t\t\t\t<div class=\"elementor-section-wrap\">\n\t\t\t\t\t\t\t<section class=\"elementor-section elementor-top-section elementor-element elementor-element-e4d40aa elementor-section-boxed elementor-section-height-default elementor-section-height-default\" data-id=\"e4d40aa\" data-element_type=\"section\">\n\t\t\t\t\t\t<div class=\"elementor-container elementor-column-gap-default\">\n\t\t\t\t\t\t\t<div class=\"elementor-row\">\n\t\t\t\t\t<div class=\"elementor-column elementor-col-100 elementor-top-column elementor-element elementor-element-d67fab9\" data-id=\"d67fab9\" data-element_type=\"column\">\n\t\t\t<div class=\"elementor-column-wrap elementor-element-populated\">\n\t\t\t\t\t\t\t<div class=\"elementor-widget-wrap\">\n\t\t\t\t\t\t<div class=\"elementor-element elementor-element-661d850 elementor-widget elementor-widget-text-editor\" data-id=\"661d850\" data-element_type=\"widget\" data-widget_type=\"text-editor.default\">\n\t\t\t\t<div class=\"elementor-widget-container\">\n\t\t\t\t\t\t\t\t<div class=\"elementor-text-editor elementor-clearfix\">\n\t\t\t\t<p>En sus tiempos como estudiante ya hab\u00eda escuchado hablar de la figura del di\u00e1cono permanente, pero como el mismo D. Daniel Mielgo reconoce, \u201cno hab\u00eda referentes y de hecho, tampoco en\u00a0 la actualidad hay muchos\u201d.<\/p><p>El pr\u00f3ximo domingo, 12 de mayo, en la Catedral de Santa Mar\u00eda y de manos del Obispo, Mons. Jos\u00e9 Luis Retana, Daniel ser\u00e1 ordenado como di\u00e1cono permanente, el fin de un camino que comenz\u00f3 hace seis a\u00f1os.<br \/>\u201cDespu\u00e9s de estar casados, de tener hijas, de vivir la fe de una forma m\u00e1s intensa y con una implicaci\u00f3n mayor, quisimos dar el paso, y digo quisimos porque al final es una decisi\u00f3n del matrimonio porque no es una vocaci\u00f3n en la que uno solo decide, al final pesa y tiene que pesar, porque es m\u00e1s importante el sacramento del matrimonio ya que es primero, y es algo que tienes que compartir con tu esposa\u201d, recuerda Daniel. Esa conversaci\u00f3n se produjo all\u00e1 por el a\u00f1o 2018 y a partir de ah\u00ed, la pareja dio el paso \u201cy decidimos que yo me comprometiera a formarme y prepararme en este camino para ser di\u00e1cono\u201d.<\/p><p>La formaci\u00f3n a nivel teol\u00f3gico son tres cursos, que en el caso de Daniel se convirtieron en cuatro. Tambi\u00e9n se ha preparado en cuestiones como la oratoria, la sinodalidad y ha habido una parte de discernimiento y otra de pastoral. \u201cD. Jes\u00fas nos envi\u00f3 a toda la familia a San Andr\u00e9s, donde fuimos tutorizados por un p\u00e1rroco, es muy importante que siempre haya un p\u00e1rroco detr\u00e1s, que haya alguien responsable de la formaci\u00f3n, como en este caso don Anselmo, Rector del Seminario\u201d. Daniel se ha formado con los dominicos de forma online y \u201cluego siempre tienes un padre espiritual que vela por tu espiritualidad, con esas tres personas, en ese entorno de estos 6-7 a\u00f1os, al final es el obispo el que ve si es viable esta vocaci\u00f3n, si es realmente una llamada de Dios, en un discernimiento conjunto vemos que s\u00ed y se da el paso de ser admitido\u201d. Previamente, hace un a\u00f1o, y como sucede en todas las \u00f3rdenes, fue instituido como lector y ac\u00f3lito.<\/p><p><strong>Una decisi\u00f3n familiar<\/strong><\/p><p>Do\u00f1a Teresa Anciones, la otra parte de este matrimonio, sugiere que todos los pasos que se han ido dando han sucedido \u201cde manera natural y familiar\u201d y poco a poco, cada vez se fueron implicando m\u00e1s.<\/p><p>Daniel, por su parte, reconoce que \u201cqueda mucho por explicar sobre el diaconado, la gente est\u00e1 muy desinformada\u201d, aunque aprecia que toda la labor que ha desarrollado en diversos pueblos con las celebraciones en ausencia de presb\u00edtero, \u201cnos ha fortalecido a nivel de vocaci\u00f3n, cuando ves esta tarea de servicio tan necesaria en las comunidades, sobre todo rurales, dices: me siento llamado a echar una mano\u201d. Deja claro que la de di\u00e1cono \u201ces una vocaci\u00f3n independiente y diferente a la de los presb\u00edteros\u201d y sobre lo que puede y no puede hacer, en esa comparativa, enumera que un di\u00e1cono \u201cpreside sacramentales, da la bendici\u00f3n y puede presidir un bautismo, una boda y las\u00a0 exequias, pero todo lo que es representaci\u00f3n de Cristo cabeza es m\u00e1s propio del presb\u00edtero, como es la consagraci\u00f3n, el sacramento de la reconciliaci\u00f3n o la unci\u00f3n de enfermos\u201d.<\/p><p>La palabra di\u00e1cono viene del griego y significa servidor, \u201ces el que hace presente a Cristo\u00a0 servidor en el mundo y en la Iglesia lo que se pretende es que sean los motores del recordatorio de que todos estamos llamados a ser servidores como lo fue Cristo por lo tanto tiene que hacer tareas muy propias de servicio, como lo hizo Jes\u00fas con sus disc\u00edpulos lav\u00e1ndoles los pies. El di\u00e1cono no est\u00e1 para liderar, esa es m\u00e1s tarea del p\u00e1rroco, sino para hacer esas tareas que a lo mejor el p\u00e1rroco no llega, acoger grupos de oraci\u00f3n, a alejados, la pastoral familiar y sobre todo, estar muy pendientes de los pobres, que no siempre tienen que ser pobres materiales\u00bb.<\/p><p>\u00a0<\/p><p>En la imagen, D. Daniel y D\u00f1a. Teresa, en d\u00edas pasados en el patio del Obispado.<\/p>\t\t\t\t\t<\/div>\n\t\t\t\t\t\t<\/div>\n\t\t\t\t<\/div>\n\t\t\t\t\t\t<\/div>\n\t\t\t\t\t<\/div>\n\t\t<\/div>\n\t\t\t\t\t\t\t\t<\/div>\n\t\t\t\t\t<\/div>\n\t\t<\/section>\n\t\t\t\t<section class=\"elementor-section elementor-top-section elementor-element elementor-element-04700ca elementor-section-boxed elementor-section-height-default elementor-section-height-default\" data-id=\"04700ca\" data-element_type=\"section\">\n\t\t\t\t\t\t<div class=\"elementor-container elementor-column-gap-default\">\n\t\t\t\t\t\t\t<div class=\"elementor-row\">\n\t\t\t\t\t<div class=\"elementor-column elementor-col-100 elementor-top-column elementor-element elementor-element-151122e\" data-id=\"151122e\" data-element_type=\"column\">\n\t\t\t<div class=\"elementor-column-wrap elementor-element-populated\">\n\t\t\t\t\t\t\t<div class=\"elementor-widget-wrap\">\n\t\t\t\t\t\t<div class=\"elementor-element elementor-element-49483c4 elementor-widget elementor-widget-image\" data-id=\"49483c4\" data-element_type=\"widget\" data-widget_type=\"image.default\">\n\t\t\t\t<div class=\"elementor-widget-container\">\n\t\t\t\t\t\t\t\t<div class=\"elementor-image\">\n\t\t\t\t\t\t\t\t\t\t\t\t<img loading=\"lazy\" decoding=\"async\" width=\"1024\" height=\"768\" src=\"https:\/\/www.diocesisciudadrodrigo.org\/blog4\/wp-content\/uploads\/2024\/05\/IMG_9539-1024x768.jpg\" class=\"attachment-large size-large\" alt=\"\" srcset=\"https:\/\/www.diocesisciudadrodrigo.org\/blog4\/wp-content\/uploads\/2024\/05\/IMG_9539-1024x768.jpg 1024w, https:\/\/www.diocesisciudadrodrigo.org\/blog4\/wp-content\/uploads\/2024\/05\/IMG_9539-300x225.jpg 300w, https:\/\/www.diocesisciudadrodrigo.org\/blog4\/wp-content\/uploads\/2024\/05\/IMG_9539-768x576.jpg 768w, https:\/\/www.diocesisciudadrodrigo.org\/blog4\/wp-content\/uploads\/2024\/05\/IMG_9539-1536x1152.jpg 1536w, https:\/\/www.diocesisciudadrodrigo.org\/blog4\/wp-content\/uploads\/2024\/05\/IMG_9539-350x263.jpg 350w, https:\/\/www.diocesisciudadrodrigo.org\/blog4\/wp-content\/uploads\/2024\/05\/IMG_9539.jpg 2016w\" sizes=\"auto, (max-width: 1024px) 100vw, 1024px\" \/>\t\t\t\t\t\t\t\t\t\t\t\t\t\t<\/div>\n\t\t\t\t\t\t<\/div>\n\t\t\t\t<\/div>\n\t\t\t\t\t\t<\/div>\n\t\t\t\t\t<\/div>\n\t\t<\/div>\n\t\t\t\t\t\t\t\t<\/div>\n\t\t\t\t\t<\/div>\n\t\t<\/section>\n\t\t\t\t\t\t<\/div>\n\t\t\t\t\t\t<\/div>\n\t\t\t\t\t<\/div>\n\t\t","protected":false},"excerpt":{"rendered":"<p>En sus tiempos como estudiante ya hab\u00eda escuchado hablar de la figura del di\u00e1cono permanente, pero como el mismo D. Daniel Mielgo reconoce, \u201cno hab\u00eda referentes y de hecho, tampoco &#8230; <\/p>\n<p class=\"read-more-container\"><a title=\"D. Daniel Mielgo: \u00abEl diaconado es una vocaci\u00f3n independiente y diferente a la de los presb\u00edteros\u00bb\" class=\"read-more button\" href=\"https:\/\/www.diocesisciudadrodrigo.org\/blog4\/d-daniel-mielgo-el-diaconado-es-una-vocacion-independiente-y-diferente-a-la-de-los-presbiteros\/#more-31683\" aria-label=\"M\u00e1s en D. Daniel Mielgo: \u00abEl diaconado es una vocaci\u00f3n independiente y diferente a la de los presb\u00edteros\u00bb\">Leer m\u00e1s &#8230;<\/a><\/p>\n","protected":false},"author":1,"featured_media":31684,"comment_status":"closed","ping_status":"closed","sticky":false,"template":"","format":"standard","meta":{"footnotes":""},"categories":[6],"tags":[],"class_list":["post-31683","post","type-post","status-publish","format-standard","has-post-thumbnail","hentry","category-noticias","masonry-post","generate-columns","tablet-grid-50","mobile-grid-100","grid-parent","grid-50"],"yoast_head":"<!-- This site is optimized with the Yoast SEO plugin v27.3 - https:\/\/yoast.com\/product\/yoast-seo-wordpress\/ -->\n<title>D. Daniel Mielgo: &quot;El diaconado es una vocaci\u00f3n independiente y diferente a la de los presb\u00edteros&quot; - Di\u00f3cesis de Ciudad Rodrigo<\/title>\n<meta name=\"robots\" content=\"index, follow, max-snippet:-1, max-image-preview:large, max-video-preview:-1\" \/>\n<link rel=\"canonical\" href=\"https:\/\/www.diocesisciudadrodrigo.org\/blog4\/d-daniel-mielgo-el-diaconado-es-una-vocacion-independiente-y-diferente-a-la-de-los-presbiteros\/\" \/>\n<meta property=\"og:locale\" content=\"es_ES\" \/>\n<meta property=\"og:type\" content=\"article\" \/>\n<meta property=\"og:title\" content=\"D. Daniel Mielgo: &quot;El diaconado es una vocaci\u00f3n independiente y diferente a la de los presb\u00edteros&quot; - Di\u00f3cesis de Ciudad Rodrigo\" \/>\n<meta property=\"og:description\" content=\"En sus tiempos como estudiante ya hab\u00eda escuchado hablar de la figura del di\u00e1cono permanente, pero como el mismo D. Daniel Mielgo reconoce, \u201cno hab\u00eda referentes y de hecho, tampoco ... Leer m\u00e1s ...\" \/>\n<meta property=\"og:url\" content=\"https:\/\/www.diocesisciudadrodrigo.org\/blog4\/d-daniel-mielgo-el-diaconado-es-una-vocacion-independiente-y-diferente-a-la-de-los-presbiteros\/\" \/>\n<meta property=\"og:site_name\" content=\"Di\u00f3cesis de Ciudad Rodrigo\" \/>\n<meta property=\"article:publisher\" content=\"https:\/\/www.facebook.com\/people\/Dicesis-Ciudad-Rodrigo-MCS\/100076471923419\/#\" \/>\n<meta property=\"article:published_time\" content=\"2024-05-09T17:33:23+00:00\" \/>\n<meta property=\"article:modified_time\" content=\"2024-05-09T17:34:55+00:00\" \/>\n<meta property=\"og:image\" content=\"https:\/\/www.diocesisciudadrodrigo.org\/blog4\/wp-content\/uploads\/2024\/05\/IMG_9539.jpg\" \/>\n\t<meta property=\"og:image:width\" content=\"2016\" \/>\n\t<meta property=\"og:image:height\" content=\"1512\" \/>\n\t<meta property=\"og:image:type\" content=\"image\/jpeg\" \/>\n<meta name=\"author\" content=\"medios CR\" \/>\n<meta name=\"twitter:card\" content=\"summary_large_image\" \/>\n<meta name=\"twitter:label1\" content=\"Escrito por\" \/>\n\t<meta name=\"twitter:data1\" content=\"medios CR\" \/>\n\t<meta name=\"twitter:label2\" content=\"Tiempo de lectura\" \/>\n\t<meta name=\"twitter:data2\" content=\"4 minutos\" \/>\n<script type=\"application\/ld+json\" class=\"yoast-schema-graph\">{\"@context\":\"https:\\\/\\\/schema.org\",\"@graph\":[{\"@type\":\"Article\",\"@id\":\"https:\\\/\\\/www.diocesisciudadrodrigo.org\\\/blog4\\\/d-daniel-mielgo-el-diaconado-es-una-vocacion-independiente-y-diferente-a-la-de-los-presbiteros\\\/#article\",\"isPartOf\":{\"@id\":\"https:\\\/\\\/www.diocesisciudadrodrigo.org\\\/blog4\\\/d-daniel-mielgo-el-diaconado-es-una-vocacion-independiente-y-diferente-a-la-de-los-presbiteros\\\/\"},\"author\":{\"name\":\"medios CR\",\"@id\":\"https:\\\/\\\/www.diocesisciudadrodrigo.org\\\/blog4\\\/#\\\/schema\\\/person\\\/5fcf0ca636a75766ff70e6417b6ed052\"},\"headline\":\"D. Daniel Mielgo: \u00abEl diaconado es una vocaci\u00f3n independiente y diferente a la de los presb\u00edteros\u00bb\",\"datePublished\":\"2024-05-09T17:33:23+00:00\",\"dateModified\":\"2024-05-09T17:34:55+00:00\",\"mainEntityOfPage\":{\"@id\":\"https:\\\/\\\/www.diocesisciudadrodrigo.org\\\/blog4\\\/d-daniel-mielgo-el-diaconado-es-una-vocacion-independiente-y-diferente-a-la-de-los-presbiteros\\\/\"},\"wordCount\":740,\"publisher\":{\"@id\":\"https:\\\/\\\/www.diocesisciudadrodrigo.org\\\/blog4\\\/#organization\"},\"image\":{\"@id\":\"https:\\\/\\\/www.diocesisciudadrodrigo.org\\\/blog4\\\/d-daniel-mielgo-el-diaconado-es-una-vocacion-independiente-y-diferente-a-la-de-los-presbiteros\\\/#primaryimage\"},\"thumbnailUrl\":\"https:\\\/\\\/www.diocesisciudadrodrigo.org\\\/blog4\\\/wp-content\\\/uploads\\\/2024\\\/05\\\/IMG_9539.jpg\",\"articleSection\":[\"Noticias\"],\"inLanguage\":\"es\"},{\"@type\":\"WebPage\",\"@id\":\"https:\\\/\\\/www.diocesisciudadrodrigo.org\\\/blog4\\\/d-daniel-mielgo-el-diaconado-es-una-vocacion-independiente-y-diferente-a-la-de-los-presbiteros\\\/\",\"url\":\"https:\\\/\\\/www.diocesisciudadrodrigo.org\\\/blog4\\\/d-daniel-mielgo-el-diaconado-es-una-vocacion-independiente-y-diferente-a-la-de-los-presbiteros\\\/\",\"name\":\"D. Daniel Mielgo: \\\"El diaconado es una vocaci\u00f3n independiente y diferente a la de los presb\u00edteros\\\" - Di\u00f3cesis de Ciudad Rodrigo\",\"isPartOf\":{\"@id\":\"https:\\\/\\\/www.diocesisciudadrodrigo.org\\\/blog4\\\/#website\"},\"primaryImageOfPage\":{\"@id\":\"https:\\\/\\\/www.diocesisciudadrodrigo.org\\\/blog4\\\/d-daniel-mielgo-el-diaconado-es-una-vocacion-independiente-y-diferente-a-la-de-los-presbiteros\\\/#primaryimage\"},\"image\":{\"@id\":\"https:\\\/\\\/www.diocesisciudadrodrigo.org\\\/blog4\\\/d-daniel-mielgo-el-diaconado-es-una-vocacion-independiente-y-diferente-a-la-de-los-presbiteros\\\/#primaryimage\"},\"thumbnailUrl\":\"https:\\\/\\\/www.diocesisciudadrodrigo.org\\\/blog4\\\/wp-content\\\/uploads\\\/2024\\\/05\\\/IMG_9539.jpg\",\"datePublished\":\"2024-05-09T17:33:23+00:00\",\"dateModified\":\"2024-05-09T17:34:55+00:00\",\"breadcrumb\":{\"@id\":\"https:\\\/\\\/www.diocesisciudadrodrigo.org\\\/blog4\\\/d-daniel-mielgo-el-diaconado-es-una-vocacion-independiente-y-diferente-a-la-de-los-presbiteros\\\/#breadcrumb\"},\"inLanguage\":\"es\",\"potentialAction\":[{\"@type\":\"ReadAction\",\"target\":[\"https:\\\/\\\/www.diocesisciudadrodrigo.org\\\/blog4\\\/d-daniel-mielgo-el-diaconado-es-una-vocacion-independiente-y-diferente-a-la-de-los-presbiteros\\\/\"]}]},{\"@type\":\"ImageObject\",\"inLanguage\":\"es\",\"@id\":\"https:\\\/\\\/www.diocesisciudadrodrigo.org\\\/blog4\\\/d-daniel-mielgo-el-diaconado-es-una-vocacion-independiente-y-diferente-a-la-de-los-presbiteros\\\/#primaryimage\",\"url\":\"https:\\\/\\\/www.diocesisciudadrodrigo.org\\\/blog4\\\/wp-content\\\/uploads\\\/2024\\\/05\\\/IMG_9539.jpg\",\"contentUrl\":\"https:\\\/\\\/www.diocesisciudadrodrigo.org\\\/blog4\\\/wp-content\\\/uploads\\\/2024\\\/05\\\/IMG_9539.jpg\",\"width\":2016,\"height\":1512},{\"@type\":\"BreadcrumbList\",\"@id\":\"https:\\\/\\\/www.diocesisciudadrodrigo.org\\\/blog4\\\/d-daniel-mielgo-el-diaconado-es-una-vocacion-independiente-y-diferente-a-la-de-los-presbiteros\\\/#breadcrumb\",\"itemListElement\":[{\"@type\":\"ListItem\",\"position\":1,\"name\":\"Portada\",\"item\":\"https:\\\/\\\/www.diocesisciudadrodrigo.org\\\/blog4\\\/\"},{\"@type\":\"ListItem\",\"position\":2,\"name\":\"D. Daniel Mielgo: \u00abEl diaconado es una vocaci\u00f3n independiente y diferente a la de los presb\u00edteros\u00bb\"}]},{\"@type\":\"WebSite\",\"@id\":\"https:\\\/\\\/www.diocesisciudadrodrigo.org\\\/blog4\\\/#website\",\"url\":\"https:\\\/\\\/www.diocesisciudadrodrigo.org\\\/blog4\\\/\",\"name\":\"Di\u00f3cesis de Ciudad Rodrigo\",\"description\":\"Sitio web oficial de la di\u00f3cesis civitatense\",\"publisher\":{\"@id\":\"https:\\\/\\\/www.diocesisciudadrodrigo.org\\\/blog4\\\/#organization\"},\"potentialAction\":[{\"@type\":\"SearchAction\",\"target\":{\"@type\":\"EntryPoint\",\"urlTemplate\":\"https:\\\/\\\/www.diocesisciudadrodrigo.org\\\/blog4\\\/?s={search_term_string}\"},\"query-input\":{\"@type\":\"PropertyValueSpecification\",\"valueRequired\":true,\"valueName\":\"search_term_string\"}}],\"inLanguage\":\"es\"},{\"@type\":\"Organization\",\"@id\":\"https:\\\/\\\/www.diocesisciudadrodrigo.org\\\/blog4\\\/#organization\",\"name\":\"Di\u00f3cesis de Ciudad Rodrigo\",\"url\":\"https:\\\/\\\/www.diocesisciudadrodrigo.org\\\/blog4\\\/\",\"logo\":{\"@type\":\"ImageObject\",\"inLanguage\":\"es\",\"@id\":\"https:\\\/\\\/www.diocesisciudadrodrigo.org\\\/blog4\\\/#\\\/schema\\\/logo\\\/image\\\/\",\"url\":\"https:\\\/\\\/www.diocesisciudadrodrigo.org\\\/blog4\\\/wp-content\\\/uploads\\\/2024\\\/12\\\/Diocesis.CMYK_-768x480-1.jpg\",\"contentUrl\":\"https:\\\/\\\/www.diocesisciudadrodrigo.org\\\/blog4\\\/wp-content\\\/uploads\\\/2024\\\/12\\\/Diocesis.CMYK_-768x480-1.jpg\",\"width\":768,\"height\":480,\"caption\":\"Di\u00f3cesis de Ciudad Rodrigo\"},\"image\":{\"@id\":\"https:\\\/\\\/www.diocesisciudadrodrigo.org\\\/blog4\\\/#\\\/schema\\\/logo\\\/image\\\/\"},\"sameAs\":[\"https:\\\/\\\/www.facebook.com\\\/people\\\/Dicesis-Ciudad-Rodrigo-MCS\\\/100076471923419\\\/#\"]},{\"@type\":\"Person\",\"@id\":\"https:\\\/\\\/www.diocesisciudadrodrigo.org\\\/blog4\\\/#\\\/schema\\\/person\\\/5fcf0ca636a75766ff70e6417b6ed052\",\"name\":\"medios CR\",\"image\":{\"@type\":\"ImageObject\",\"inLanguage\":\"es\",\"@id\":\"https:\\\/\\\/secure.gravatar.com\\\/avatar\\\/4a619fd0c7e36bd570f4e6e15eb09a2191185d0f63d8dbfdffe848af141ab87e?s=96&d=mm&r=g\",\"url\":\"https:\\\/\\\/secure.gravatar.com\\\/avatar\\\/4a619fd0c7e36bd570f4e6e15eb09a2191185d0f63d8dbfdffe848af141ab87e?s=96&d=mm&r=g\",\"contentUrl\":\"https:\\\/\\\/secure.gravatar.com\\\/avatar\\\/4a619fd0c7e36bd570f4e6e15eb09a2191185d0f63d8dbfdffe848af141ab87e?s=96&d=mm&r=g\",\"caption\":\"medios CR\"},\"url\":\"https:\\\/\\\/www.diocesisciudadrodrigo.org\\\/blog4\\\/author\\\/admin4\\\/\"}]}<\/script>\n<!-- \/ Yoast SEO plugin. -->","yoast_head_json":{"title":"D. Daniel Mielgo: \"El diaconado es una vocaci\u00f3n independiente y diferente a la de los presb\u00edteros\" - Di\u00f3cesis de Ciudad Rodrigo","robots":{"index":"index","follow":"follow","max-snippet":"max-snippet:-1","max-image-preview":"max-image-preview:large","max-video-preview":"max-video-preview:-1"},"canonical":"https:\/\/www.diocesisciudadrodrigo.org\/blog4\/d-daniel-mielgo-el-diaconado-es-una-vocacion-independiente-y-diferente-a-la-de-los-presbiteros\/","og_locale":"es_ES","og_type":"article","og_title":"D. Daniel Mielgo: \"El diaconado es una vocaci\u00f3n independiente y diferente a la de los presb\u00edteros\" - Di\u00f3cesis de Ciudad Rodrigo","og_description":"En sus tiempos como estudiante ya hab\u00eda escuchado hablar de la figura del di\u00e1cono permanente, pero como el mismo D. Daniel Mielgo reconoce, \u201cno hab\u00eda referentes y de hecho, tampoco ... Leer m\u00e1s ...","og_url":"https:\/\/www.diocesisciudadrodrigo.org\/blog4\/d-daniel-mielgo-el-diaconado-es-una-vocacion-independiente-y-diferente-a-la-de-los-presbiteros\/","og_site_name":"Di\u00f3cesis de Ciudad Rodrigo","article_publisher":"https:\/\/www.facebook.com\/people\/Dicesis-Ciudad-Rodrigo-MCS\/100076471923419\/#","article_published_time":"2024-05-09T17:33:23+00:00","article_modified_time":"2024-05-09T17:34:55+00:00","og_image":[{"width":2016,"height":1512,"url":"https:\/\/www.diocesisciudadrodrigo.org\/blog4\/wp-content\/uploads\/2024\/05\/IMG_9539.jpg","type":"image\/jpeg"}],"author":"medios CR","twitter_card":"summary_large_image","twitter_misc":{"Escrito por":"medios CR","Tiempo de lectura":"4 minutos"},"schema":{"@context":"https:\/\/schema.org","@graph":[{"@type":"Article","@id":"https:\/\/www.diocesisciudadrodrigo.org\/blog4\/d-daniel-mielgo-el-diaconado-es-una-vocacion-independiente-y-diferente-a-la-de-los-presbiteros\/#article","isPartOf":{"@id":"https:\/\/www.diocesisciudadrodrigo.org\/blog4\/d-daniel-mielgo-el-diaconado-es-una-vocacion-independiente-y-diferente-a-la-de-los-presbiteros\/"},"author":{"name":"medios CR","@id":"https:\/\/www.diocesisciudadrodrigo.org\/blog4\/#\/schema\/person\/5fcf0ca636a75766ff70e6417b6ed052"},"headline":"D. Daniel Mielgo: \u00abEl diaconado es una vocaci\u00f3n independiente y diferente a la de los presb\u00edteros\u00bb","datePublished":"2024-05-09T17:33:23+00:00","dateModified":"2024-05-09T17:34:55+00:00","mainEntityOfPage":{"@id":"https:\/\/www.diocesisciudadrodrigo.org\/blog4\/d-daniel-mielgo-el-diaconado-es-una-vocacion-independiente-y-diferente-a-la-de-los-presbiteros\/"},"wordCount":740,"publisher":{"@id":"https:\/\/www.diocesisciudadrodrigo.org\/blog4\/#organization"},"image":{"@id":"https:\/\/www.diocesisciudadrodrigo.org\/blog4\/d-daniel-mielgo-el-diaconado-es-una-vocacion-independiente-y-diferente-a-la-de-los-presbiteros\/#primaryimage"},"thumbnailUrl":"https:\/\/www.diocesisciudadrodrigo.org\/blog4\/wp-content\/uploads\/2024\/05\/IMG_9539.jpg","articleSection":["Noticias"],"inLanguage":"es"},{"@type":"WebPage","@id":"https:\/\/www.diocesisciudadrodrigo.org\/blog4\/d-daniel-mielgo-el-diaconado-es-una-vocacion-independiente-y-diferente-a-la-de-los-presbiteros\/","url":"https:\/\/www.diocesisciudadrodrigo.org\/blog4\/d-daniel-mielgo-el-diaconado-es-una-vocacion-independiente-y-diferente-a-la-de-los-presbiteros\/","name":"D. Daniel Mielgo: \"El diaconado es una vocaci\u00f3n independiente y diferente a la de los presb\u00edteros\" - Di\u00f3cesis de Ciudad Rodrigo","isPartOf":{"@id":"https:\/\/www.diocesisciudadrodrigo.org\/blog4\/#website"},"primaryImageOfPage":{"@id":"https:\/\/www.diocesisciudadrodrigo.org\/blog4\/d-daniel-mielgo-el-diaconado-es-una-vocacion-independiente-y-diferente-a-la-de-los-presbiteros\/#primaryimage"},"image":{"@id":"https:\/\/www.diocesisciudadrodrigo.org\/blog4\/d-daniel-mielgo-el-diaconado-es-una-vocacion-independiente-y-diferente-a-la-de-los-presbiteros\/#primaryimage"},"thumbnailUrl":"https:\/\/www.diocesisciudadrodrigo.org\/blog4\/wp-content\/uploads\/2024\/05\/IMG_9539.jpg","datePublished":"2024-05-09T17:33:23+00:00","dateModified":"2024-05-09T17:34:55+00:00","breadcrumb":{"@id":"https:\/\/www.diocesisciudadrodrigo.org\/blog4\/d-daniel-mielgo-el-diaconado-es-una-vocacion-independiente-y-diferente-a-la-de-los-presbiteros\/#breadcrumb"},"inLanguage":"es","potentialAction":[{"@type":"ReadAction","target":["https:\/\/www.diocesisciudadrodrigo.org\/blog4\/d-daniel-mielgo-el-diaconado-es-una-vocacion-independiente-y-diferente-a-la-de-los-presbiteros\/"]}]},{"@type":"ImageObject","inLanguage":"es","@id":"https:\/\/www.diocesisciudadrodrigo.org\/blog4\/d-daniel-mielgo-el-diaconado-es-una-vocacion-independiente-y-diferente-a-la-de-los-presbiteros\/#primaryimage","url":"https:\/\/www.diocesisciudadrodrigo.org\/blog4\/wp-content\/uploads\/2024\/05\/IMG_9539.jpg","contentUrl":"https:\/\/www.diocesisciudadrodrigo.org\/blog4\/wp-content\/uploads\/2024\/05\/IMG_9539.jpg","width":2016,"height":1512},{"@type":"BreadcrumbList","@id":"https:\/\/www.diocesisciudadrodrigo.org\/blog4\/d-daniel-mielgo-el-diaconado-es-una-vocacion-independiente-y-diferente-a-la-de-los-presbiteros\/#breadcrumb","itemListElement":[{"@type":"ListItem","position":1,"name":"Portada","item":"https:\/\/www.diocesisciudadrodrigo.org\/blog4\/"},{"@type":"ListItem","position":2,"name":"D. Daniel Mielgo: \u00abEl diaconado es una vocaci\u00f3n independiente y diferente a la de los presb\u00edteros\u00bb"}]},{"@type":"WebSite","@id":"https:\/\/www.diocesisciudadrodrigo.org\/blog4\/#website","url":"https:\/\/www.diocesisciudadrodrigo.org\/blog4\/","name":"Di\u00f3cesis de Ciudad Rodrigo","description":"Sitio web oficial de la di\u00f3cesis civitatense","publisher":{"@id":"https:\/\/www.diocesisciudadrodrigo.org\/blog4\/#organization"},"potentialAction":[{"@type":"SearchAction","target":{"@type":"EntryPoint","urlTemplate":"https:\/\/www.diocesisciudadrodrigo.org\/blog4\/?s={search_term_string}"},"query-input":{"@type":"PropertyValueSpecification","valueRequired":true,"valueName":"search_term_string"}}],"inLanguage":"es"},{"@type":"Organization","@id":"https:\/\/www.diocesisciudadrodrigo.org\/blog4\/#organization","name":"Di\u00f3cesis de Ciudad Rodrigo","url":"https:\/\/www.diocesisciudadrodrigo.org\/blog4\/","logo":{"@type":"ImageObject","inLanguage":"es","@id":"https:\/\/www.diocesisciudadrodrigo.org\/blog4\/#\/schema\/logo\/image\/","url":"https:\/\/www.diocesisciudadrodrigo.org\/blog4\/wp-content\/uploads\/2024\/12\/Diocesis.CMYK_-768x480-1.jpg","contentUrl":"https:\/\/www.diocesisciudadrodrigo.org\/blog4\/wp-content\/uploads\/2024\/12\/Diocesis.CMYK_-768x480-1.jpg","width":768,"height":480,"caption":"Di\u00f3cesis de Ciudad Rodrigo"},"image":{"@id":"https:\/\/www.diocesisciudadrodrigo.org\/blog4\/#\/schema\/logo\/image\/"},"sameAs":["https:\/\/www.facebook.com\/people\/Dicesis-Ciudad-Rodrigo-MCS\/100076471923419\/#"]},{"@type":"Person","@id":"https:\/\/www.diocesisciudadrodrigo.org\/blog4\/#\/schema\/person\/5fcf0ca636a75766ff70e6417b6ed052","name":"medios CR","image":{"@type":"ImageObject","inLanguage":"es","@id":"https:\/\/secure.gravatar.com\/avatar\/4a619fd0c7e36bd570f4e6e15eb09a2191185d0f63d8dbfdffe848af141ab87e?s=96&d=mm&r=g","url":"https:\/\/secure.gravatar.com\/avatar\/4a619fd0c7e36bd570f4e6e15eb09a2191185d0f63d8dbfdffe848af141ab87e?s=96&d=mm&r=g","contentUrl":"https:\/\/secure.gravatar.com\/avatar\/4a619fd0c7e36bd570f4e6e15eb09a2191185d0f63d8dbfdffe848af141ab87e?s=96&d=mm&r=g","caption":"medios CR"},"url":"https:\/\/www.diocesisciudadrodrigo.org\/blog4\/author\/admin4\/"}]}},"_links":{"self":[{"href":"https:\/\/www.diocesisciudadrodrigo.org\/blog4\/wp-json\/wp\/v2\/posts\/31683","targetHints":{"allow":["GET"]}}],"collection":[{"href":"https:\/\/www.diocesisciudadrodrigo.org\/blog4\/wp-json\/wp\/v2\/posts"}],"about":[{"href":"https:\/\/www.diocesisciudadrodrigo.org\/blog4\/wp-json\/wp\/v2\/types\/post"}],"author":[{"embeddable":true,"href":"https:\/\/www.diocesisciudadrodrigo.org\/blog4\/wp-json\/wp\/v2\/users\/1"}],"replies":[{"embeddable":true,"href":"https:\/\/www.diocesisciudadrodrigo.org\/blog4\/wp-json\/wp\/v2\/comments?post=31683"}],"version-history":[{"count":4,"href":"https:\/\/www.diocesisciudadrodrigo.org\/blog4\/wp-json\/wp\/v2\/posts\/31683\/revisions"}],"predecessor-version":[{"id":31688,"href":"https:\/\/www.diocesisciudadrodrigo.org\/blog4\/wp-json\/wp\/v2\/posts\/31683\/revisions\/31688"}],"wp:featuredmedia":[{"embeddable":true,"href":"https:\/\/www.diocesisciudadrodrigo.org\/blog4\/wp-json\/wp\/v2\/media\/31684"}],"wp:attachment":[{"href":"https:\/\/www.diocesisciudadrodrigo.org\/blog4\/wp-json\/wp\/v2\/media?parent=31683"}],"wp:term":[{"taxonomy":"category","embeddable":true,"href":"https:\/\/www.diocesisciudadrodrigo.org\/blog4\/wp-json\/wp\/v2\/categories?post=31683"},{"taxonomy":"post_tag","embeddable":true,"href":"https:\/\/www.diocesisciudadrodrigo.org\/blog4\/wp-json\/wp\/v2\/tags?post=31683"}],"curies":[{"name":"wp","href":"https:\/\/api.w.org\/{rel}","templated":true}]}}