{"id":30652,"date":"2024-01-26T13:25:08","date_gmt":"2024-01-26T12:25:08","guid":{"rendered":"https:\/\/www.diocesisciudadrodrigo.org\/blog4\/?p=30652"},"modified":"2024-01-26T13:26:25","modified_gmt":"2024-01-26T12:26:25","slug":"la-diocesis-estrena-logotipo-en-el-25o-aniversario-de-la-hoja-diocesana","status":"publish","type":"post","link":"https:\/\/www.diocesisciudadrodrigo.org\/blog4\/la-diocesis-estrena-logotipo-en-el-25o-aniversario-de-la-hoja-diocesana\/","title":{"rendered":"La Di\u00f3cesis estrena logotipo en el 25\u00ba aniversario de la hoja diocesana"},"content":{"rendered":"\t\t<div data-elementor-type=\"wp-post\" data-elementor-id=\"30652\" class=\"elementor elementor-30652\" data-elementor-settings=\"[]\">\n\t\t\t\t\t\t<div class=\"elementor-inner\">\n\t\t\t\t\t\t\t<div class=\"elementor-section-wrap\">\n\t\t\t\t\t\t\t<section class=\"elementor-section elementor-top-section elementor-element elementor-element-61b9e80 elementor-section-boxed elementor-section-height-default elementor-section-height-default\" data-id=\"61b9e80\" data-element_type=\"section\">\n\t\t\t\t\t\t<div class=\"elementor-container elementor-column-gap-default\">\n\t\t\t\t\t\t\t<div class=\"elementor-row\">\n\t\t\t\t\t<div class=\"elementor-column elementor-col-100 elementor-top-column elementor-element elementor-element-d99debc\" data-id=\"d99debc\" data-element_type=\"column\">\n\t\t\t<div class=\"elementor-column-wrap elementor-element-populated\">\n\t\t\t\t\t\t\t<div class=\"elementor-widget-wrap\">\n\t\t\t\t\t\t<div class=\"elementor-element elementor-element-564bacc elementor-widget elementor-widget-text-editor\" data-id=\"564bacc\" data-element_type=\"widget\" data-widget_type=\"text-editor.default\">\n\t\t\t\t<div class=\"elementor-widget-container\">\n\t\t\t\t\t\t\t\t<div class=\"elementor-text-editor elementor-clearfix\">\n\t\t\t\t<p>La Di\u00f3cesis de Ciudad Rodrigo ha celebrado este 25 de enero, el 25\u00ba aniversario de su hoja diocesana &#8216;Iglesia en Ciudad Rodrigo&#8217;, con un acto que ha estado dividido en dos partes: un encuentro con periodistas para hablar sobre el nacimiento y evoluci\u00f3n de esta publicaci\u00f3n y un coloquio en el Sal\u00f3n Obispo Mazarrasa.\u00a0<\/p><p>Adem\u00e1s, se present\u00f3 un n\u00famero especial de esta hoja y un nuevo logotipo de la Di\u00f3cesis, que ha sido creado por la empresa Lletra, y para el que se ha utilizado una imagen del claustro de la Catedral de Santa Mar\u00eda.<\/p><p>D. Fernando S\u00e1nchez Tendero, record\u00f3 en la rueda de prensa con periodistas, c\u00f3mo fueron los inicios de esta revista que se editaba con el apoyo de la Di\u00f3cesis de Salamanca. Esto sucedi\u00f3 hasta el n\u00famero 56, adem\u00e1s hay que tener en cuenta que la periodicidad era quincenal, por lo que fue muy poco tiempo despu\u00e9s cuando se asumi\u00f3 la publicaci\u00f3n en solitario.<\/p><p>D. Fernando formaba parte del equipo de Gobierno en aquel momento, al frente de Catequesis y Ense\u00f1anza, y fue el primer responsable de este proyecto. \u00abMi tarea era recoger informaci\u00f3n y llevarla a Salamanca porque en aquella \u00e9poca, el correo electr\u00f3nico iba de aquella manera. Muchas veces la llevaba en un disco y la editaba, luego nos mandaban las hojas\u00bb.<\/p><p>D. Gabriel \u00c1ngel Cid ocup\u00f3 durante 16 a\u00f1os la m\u00e1xima responsabilidad en la Delegaci\u00f3n de Medios y ha sido un referente en esta publicaci\u00f3n, con la que sigue colaborando.<\/p><p>\u00abPara m\u00ed ha sido una experiencia muy positiva, lo cog\u00ed con mucha ilusi\u00f3n, nunca hab\u00eda habido una publicaci\u00f3n as\u00ed\u00bb, record\u00f3.<\/p><p>Todos ellos valoraron la apuesta de D. Juli\u00e1n L\u00f3pez, como Obispo del momento, y de D. Nicol\u00e1s Mart\u00edn, Vicario General, que jug\u00f3 un papel igualmente importante.<\/p><p>Los colaboradores han sido muchos a lo largo de todos estos a\u00f1os y gracias a su trabajo, la publicaci\u00f3n siempre se ha visto enriquecida.<\/p><p>En el encuentro con medios Mons. Jos\u00e9 Luis Retana resalt\u00f3 que la comunicaci\u00f3n \u00abest\u00e1 en el ADN de la Iglesia\u00bb y en relaci\u00f3n a una publicaci\u00f3n como la hoja diocesana valor\u00f3 que para la Di\u00f3cesis \u00abes importante la publicaci\u00f3n en papel; es una opci\u00f3n para gente sencilla de los pueblos\u201d, independientemente de que tambi\u00e9n se publica en formato digital.\u00a0<\/p><p>El Delegado de Medios de la Archidi\u00f3cesis de Santiago de Compostela, D. Manuel Blanco, destac\u00f3 que publicaciones como esta se hayan mantenido en el tiempo porque ayudan \u00aba detener un poco m\u00e1s el pensamiento\u00bb.\u00a0<\/p><p>D. Francisco Jos\u00e9 Prieto, Arzobispo de la Archidi\u00f3cesis de Santiago de Compostela y miembro de la Comisi\u00f3n para las Comunicaciones de la Conferencia Episcopal Espa\u00f1ola, se refiri\u00f3 a los <a href=\"https:\/\/www.diocesisciudadrodrigo.org\/blog4\/mons-prieto-arzobispo-de-santiago-de-compostela-transparencia-es-comunicar-la-verdad-no-se-trata-de-cantidad\/\" target=\"_blank\" rel=\"noopener\">retos en la comunicaci\u00f3n<\/a>\u00a0 y sobre todo insisti\u00f3 en el hecho de comunicar desde la verdad. Mons. Prieto fue el protagonista del posterior coloquio en el Obispado.<\/p>\t\t\t\t\t<\/div>\n\t\t\t\t\t\t<\/div>\n\t\t\t\t<\/div>\n\t\t\t\t\t\t<\/div>\n\t\t\t\t\t<\/div>\n\t\t<\/div>\n\t\t\t\t\t\t\t\t<\/div>\n\t\t\t\t\t<\/div>\n\t\t<\/section>\n\t\t\t\t<section class=\"elementor-section elementor-top-section elementor-element elementor-element-f748ed8 elementor-section-boxed elementor-section-height-default elementor-section-height-default\" data-id=\"f748ed8\" data-element_type=\"section\">\n\t\t\t\t\t\t<div class=\"elementor-container elementor-column-gap-default\">\n\t\t\t\t\t\t\t<div class=\"elementor-row\">\n\t\t\t\t\t<div class=\"elementor-column elementor-col-100 elementor-top-column elementor-element elementor-element-0fa88bf\" data-id=\"0fa88bf\" data-element_type=\"column\">\n\t\t\t<div class=\"elementor-column-wrap elementor-element-populated\">\n\t\t\t\t\t\t\t<div class=\"elementor-widget-wrap\">\n\t\t\t\t\t\t<div class=\"elementor-element elementor-element-075b6f2 elementor-widget elementor-widget-image\" data-id=\"075b6f2\" data-element_type=\"widget\" data-widget_type=\"image.default\">\n\t\t\t\t<div class=\"elementor-widget-container\">\n\t\t\t\t\t\t\t\t<div class=\"elementor-image\">\n\t\t\t\t\t\t\t\t\t\t\t\t<img loading=\"lazy\" decoding=\"async\" width=\"724\" height=\"445\" src=\"https:\/\/www.diocesisciudadrodrigo.org\/blog4\/wp-content\/uploads\/2024\/01\/logoweb.png\" class=\"attachment-large size-large\" alt=\"\" srcset=\"https:\/\/www.diocesisciudadrodrigo.org\/blog4\/wp-content\/uploads\/2024\/01\/logoweb.png 724w, https:\/\/www.diocesisciudadrodrigo.org\/blog4\/wp-content\/uploads\/2024\/01\/logoweb-300x184.png 300w, https:\/\/www.diocesisciudadrodrigo.org\/blog4\/wp-content\/uploads\/2024\/01\/logoweb-350x215.png 350w\" sizes=\"auto, (max-width: 724px) 100vw, 724px\" \/>\t\t\t\t\t\t\t\t\t\t\t\t\t\t<\/div>\n\t\t\t\t\t\t<\/div>\n\t\t\t\t<\/div>\n\t\t\t\t\t\t<\/div>\n\t\t\t\t\t<\/div>\n\t\t<\/div>\n\t\t\t\t\t\t\t\t<\/div>\n\t\t\t\t\t<\/div>\n\t\t<\/section>\n\t\t\t\t\t\t<\/div>\n\t\t\t\t\t\t<\/div>\n\t\t\t\t\t<\/div>\n\t\t","protected":false},"excerpt":{"rendered":"<p>La Di\u00f3cesis de Ciudad Rodrigo ha celebrado este 25 de enero, el 25\u00ba aniversario de su hoja diocesana &#8216;Iglesia en Ciudad Rodrigo&#8217;, con un acto que ha estado dividido en &#8230; <\/p>\n<p class=\"read-more-container\"><a title=\"La Di\u00f3cesis estrena logotipo en el 25\u00ba aniversario de la hoja diocesana\" class=\"read-more button\" href=\"https:\/\/www.diocesisciudadrodrigo.org\/blog4\/la-diocesis-estrena-logotipo-en-el-25o-aniversario-de-la-hoja-diocesana\/#more-30652\" aria-label=\"M\u00e1s en La Di\u00f3cesis estrena logotipo en el 25\u00ba aniversario de la hoja diocesana\">Leer m\u00e1s &#8230;<\/a><\/p>\n","protected":false},"author":1,"featured_media":30657,"comment_status":"closed","ping_status":"closed","sticky":false,"template":"","format":"standard","meta":{"footnotes":""},"categories":[6],"tags":[],"class_list":["post-30652","post","type-post","status-publish","format-standard","has-post-thumbnail","hentry","category-noticias","masonry-post","generate-columns","tablet-grid-50","mobile-grid-100","grid-parent","grid-50"],"yoast_head":"<!-- This site is optimized with the Yoast SEO plugin v27.3 - https:\/\/yoast.com\/product\/yoast-seo-wordpress\/ -->\n<title>La Di\u00f3cesis estrena logotipo en el 25\u00ba aniversario de la hoja diocesana - Di\u00f3cesis de Ciudad Rodrigo<\/title>\n<meta name=\"robots\" content=\"index, follow, max-snippet:-1, max-image-preview:large, max-video-preview:-1\" \/>\n<link rel=\"canonical\" href=\"https:\/\/www.diocesisciudadrodrigo.org\/blog4\/la-diocesis-estrena-logotipo-en-el-25o-aniversario-de-la-hoja-diocesana\/\" \/>\n<meta property=\"og:locale\" content=\"es_ES\" \/>\n<meta property=\"og:type\" content=\"article\" \/>\n<meta property=\"og:title\" content=\"La Di\u00f3cesis estrena logotipo en el 25\u00ba aniversario de la hoja diocesana - Di\u00f3cesis de Ciudad Rodrigo\" \/>\n<meta property=\"og:description\" content=\"La Di\u00f3cesis de Ciudad Rodrigo ha celebrado este 25 de enero, el 25\u00ba aniversario de su hoja diocesana &#8216;Iglesia en Ciudad Rodrigo&#8217;, con un acto que ha estado dividido en ... Leer m\u00e1s ...\" \/>\n<meta property=\"og:url\" content=\"https:\/\/www.diocesisciudadrodrigo.org\/blog4\/la-diocesis-estrena-logotipo-en-el-25o-aniversario-de-la-hoja-diocesana\/\" \/>\n<meta property=\"og:site_name\" content=\"Di\u00f3cesis de Ciudad Rodrigo\" \/>\n<meta property=\"article:publisher\" content=\"https:\/\/www.facebook.com\/people\/Dicesis-Ciudad-Rodrigo-MCS\/100076471923419\/#\" \/>\n<meta property=\"article:published_time\" content=\"2024-01-26T12:25:08+00:00\" \/>\n<meta property=\"article:modified_time\" content=\"2024-01-26T12:26:25+00:00\" \/>\n<meta property=\"og:image\" content=\"https:\/\/www.diocesisciudadrodrigo.org\/blog4\/wp-content\/uploads\/2024\/01\/Diocesis.CMYK_-scaled.jpg\" \/>\n\t<meta property=\"og:image:width\" content=\"2560\" \/>\n\t<meta property=\"og:image:height\" content=\"1600\" \/>\n\t<meta property=\"og:image:type\" content=\"image\/jpeg\" \/>\n<meta name=\"author\" content=\"medios CR\" \/>\n<meta name=\"twitter:card\" content=\"summary_large_image\" \/>\n<meta name=\"twitter:label1\" content=\"Escrito por\" \/>\n\t<meta name=\"twitter:data1\" content=\"medios CR\" \/>\n\t<meta name=\"twitter:label2\" content=\"Tiempo de lectura\" \/>\n\t<meta name=\"twitter:data2\" content=\"3 minutos\" \/>\n<script type=\"application\/ld+json\" class=\"yoast-schema-graph\">{\"@context\":\"https:\\\/\\\/schema.org\",\"@graph\":[{\"@type\":\"Article\",\"@id\":\"https:\\\/\\\/www.diocesisciudadrodrigo.org\\\/blog4\\\/la-diocesis-estrena-logotipo-en-el-25o-aniversario-de-la-hoja-diocesana\\\/#article\",\"isPartOf\":{\"@id\":\"https:\\\/\\\/www.diocesisciudadrodrigo.org\\\/blog4\\\/la-diocesis-estrena-logotipo-en-el-25o-aniversario-de-la-hoja-diocesana\\\/\"},\"author\":{\"name\":\"medios CR\",\"@id\":\"https:\\\/\\\/www.diocesisciudadrodrigo.org\\\/blog4\\\/#\\\/schema\\\/person\\\/5fcf0ca636a75766ff70e6417b6ed052\"},\"headline\":\"La Di\u00f3cesis estrena logotipo en el 25\u00ba aniversario de la hoja diocesana\",\"datePublished\":\"2024-01-26T12:25:08+00:00\",\"dateModified\":\"2024-01-26T12:26:25+00:00\",\"mainEntityOfPage\":{\"@id\":\"https:\\\/\\\/www.diocesisciudadrodrigo.org\\\/blog4\\\/la-diocesis-estrena-logotipo-en-el-25o-aniversario-de-la-hoja-diocesana\\\/\"},\"wordCount\":517,\"publisher\":{\"@id\":\"https:\\\/\\\/www.diocesisciudadrodrigo.org\\\/blog4\\\/#organization\"},\"image\":{\"@id\":\"https:\\\/\\\/www.diocesisciudadrodrigo.org\\\/blog4\\\/la-diocesis-estrena-logotipo-en-el-25o-aniversario-de-la-hoja-diocesana\\\/#primaryimage\"},\"thumbnailUrl\":\"https:\\\/\\\/www.diocesisciudadrodrigo.org\\\/blog4\\\/wp-content\\\/uploads\\\/2024\\\/01\\\/Diocesis.CMYK_-scaled.jpg\",\"articleSection\":[\"Noticias\"],\"inLanguage\":\"es\"},{\"@type\":\"WebPage\",\"@id\":\"https:\\\/\\\/www.diocesisciudadrodrigo.org\\\/blog4\\\/la-diocesis-estrena-logotipo-en-el-25o-aniversario-de-la-hoja-diocesana\\\/\",\"url\":\"https:\\\/\\\/www.diocesisciudadrodrigo.org\\\/blog4\\\/la-diocesis-estrena-logotipo-en-el-25o-aniversario-de-la-hoja-diocesana\\\/\",\"name\":\"La Di\u00f3cesis estrena logotipo en el 25\u00ba aniversario de la hoja diocesana - Di\u00f3cesis de Ciudad Rodrigo\",\"isPartOf\":{\"@id\":\"https:\\\/\\\/www.diocesisciudadrodrigo.org\\\/blog4\\\/#website\"},\"primaryImageOfPage\":{\"@id\":\"https:\\\/\\\/www.diocesisciudadrodrigo.org\\\/blog4\\\/la-diocesis-estrena-logotipo-en-el-25o-aniversario-de-la-hoja-diocesana\\\/#primaryimage\"},\"image\":{\"@id\":\"https:\\\/\\\/www.diocesisciudadrodrigo.org\\\/blog4\\\/la-diocesis-estrena-logotipo-en-el-25o-aniversario-de-la-hoja-diocesana\\\/#primaryimage\"},\"thumbnailUrl\":\"https:\\\/\\\/www.diocesisciudadrodrigo.org\\\/blog4\\\/wp-content\\\/uploads\\\/2024\\\/01\\\/Diocesis.CMYK_-scaled.jpg\",\"datePublished\":\"2024-01-26T12:25:08+00:00\",\"dateModified\":\"2024-01-26T12:26:25+00:00\",\"breadcrumb\":{\"@id\":\"https:\\\/\\\/www.diocesisciudadrodrigo.org\\\/blog4\\\/la-diocesis-estrena-logotipo-en-el-25o-aniversario-de-la-hoja-diocesana\\\/#breadcrumb\"},\"inLanguage\":\"es\",\"potentialAction\":[{\"@type\":\"ReadAction\",\"target\":[\"https:\\\/\\\/www.diocesisciudadrodrigo.org\\\/blog4\\\/la-diocesis-estrena-logotipo-en-el-25o-aniversario-de-la-hoja-diocesana\\\/\"]}]},{\"@type\":\"ImageObject\",\"inLanguage\":\"es\",\"@id\":\"https:\\\/\\\/www.diocesisciudadrodrigo.org\\\/blog4\\\/la-diocesis-estrena-logotipo-en-el-25o-aniversario-de-la-hoja-diocesana\\\/#primaryimage\",\"url\":\"https:\\\/\\\/www.diocesisciudadrodrigo.org\\\/blog4\\\/wp-content\\\/uploads\\\/2024\\\/01\\\/Diocesis.CMYK_-scaled.jpg\",\"contentUrl\":\"https:\\\/\\\/www.diocesisciudadrodrigo.org\\\/blog4\\\/wp-content\\\/uploads\\\/2024\\\/01\\\/Diocesis.CMYK_-scaled.jpg\",\"width\":2560,\"height\":1600},{\"@type\":\"BreadcrumbList\",\"@id\":\"https:\\\/\\\/www.diocesisciudadrodrigo.org\\\/blog4\\\/la-diocesis-estrena-logotipo-en-el-25o-aniversario-de-la-hoja-diocesana\\\/#breadcrumb\",\"itemListElement\":[{\"@type\":\"ListItem\",\"position\":1,\"name\":\"Portada\",\"item\":\"https:\\\/\\\/www.diocesisciudadrodrigo.org\\\/blog4\\\/\"},{\"@type\":\"ListItem\",\"position\":2,\"name\":\"La Di\u00f3cesis estrena logotipo en el 25\u00ba aniversario de la hoja diocesana\"}]},{\"@type\":\"WebSite\",\"@id\":\"https:\\\/\\\/www.diocesisciudadrodrigo.org\\\/blog4\\\/#website\",\"url\":\"https:\\\/\\\/www.diocesisciudadrodrigo.org\\\/blog4\\\/\",\"name\":\"Di\u00f3cesis de Ciudad Rodrigo\",\"description\":\"Sitio web oficial de la di\u00f3cesis civitatense\",\"publisher\":{\"@id\":\"https:\\\/\\\/www.diocesisciudadrodrigo.org\\\/blog4\\\/#organization\"},\"potentialAction\":[{\"@type\":\"SearchAction\",\"target\":{\"@type\":\"EntryPoint\",\"urlTemplate\":\"https:\\\/\\\/www.diocesisciudadrodrigo.org\\\/blog4\\\/?s={search_term_string}\"},\"query-input\":{\"@type\":\"PropertyValueSpecification\",\"valueRequired\":true,\"valueName\":\"search_term_string\"}}],\"inLanguage\":\"es\"},{\"@type\":\"Organization\",\"@id\":\"https:\\\/\\\/www.diocesisciudadrodrigo.org\\\/blog4\\\/#organization\",\"name\":\"Di\u00f3cesis de Ciudad Rodrigo\",\"url\":\"https:\\\/\\\/www.diocesisciudadrodrigo.org\\\/blog4\\\/\",\"logo\":{\"@type\":\"ImageObject\",\"inLanguage\":\"es\",\"@id\":\"https:\\\/\\\/www.diocesisciudadrodrigo.org\\\/blog4\\\/#\\\/schema\\\/logo\\\/image\\\/\",\"url\":\"https:\\\/\\\/www.diocesisciudadrodrigo.org\\\/blog4\\\/wp-content\\\/uploads\\\/2024\\\/12\\\/Diocesis.CMYK_-768x480-1.jpg\",\"contentUrl\":\"https:\\\/\\\/www.diocesisciudadrodrigo.org\\\/blog4\\\/wp-content\\\/uploads\\\/2024\\\/12\\\/Diocesis.CMYK_-768x480-1.jpg\",\"width\":768,\"height\":480,\"caption\":\"Di\u00f3cesis de Ciudad Rodrigo\"},\"image\":{\"@id\":\"https:\\\/\\\/www.diocesisciudadrodrigo.org\\\/blog4\\\/#\\\/schema\\\/logo\\\/image\\\/\"},\"sameAs\":[\"https:\\\/\\\/www.facebook.com\\\/people\\\/Dicesis-Ciudad-Rodrigo-MCS\\\/100076471923419\\\/#\"]},{\"@type\":\"Person\",\"@id\":\"https:\\\/\\\/www.diocesisciudadrodrigo.org\\\/blog4\\\/#\\\/schema\\\/person\\\/5fcf0ca636a75766ff70e6417b6ed052\",\"name\":\"medios CR\",\"image\":{\"@type\":\"ImageObject\",\"inLanguage\":\"es\",\"@id\":\"https:\\\/\\\/secure.gravatar.com\\\/avatar\\\/4a619fd0c7e36bd570f4e6e15eb09a2191185d0f63d8dbfdffe848af141ab87e?s=96&d=mm&r=g\",\"url\":\"https:\\\/\\\/secure.gravatar.com\\\/avatar\\\/4a619fd0c7e36bd570f4e6e15eb09a2191185d0f63d8dbfdffe848af141ab87e?s=96&d=mm&r=g\",\"contentUrl\":\"https:\\\/\\\/secure.gravatar.com\\\/avatar\\\/4a619fd0c7e36bd570f4e6e15eb09a2191185d0f63d8dbfdffe848af141ab87e?s=96&d=mm&r=g\",\"caption\":\"medios CR\"},\"url\":\"https:\\\/\\\/www.diocesisciudadrodrigo.org\\\/blog4\\\/author\\\/admin4\\\/\"}]}<\/script>\n<!-- \/ Yoast SEO plugin. -->","yoast_head_json":{"title":"La Di\u00f3cesis estrena logotipo en el 25\u00ba aniversario de la hoja diocesana - Di\u00f3cesis de Ciudad Rodrigo","robots":{"index":"index","follow":"follow","max-snippet":"max-snippet:-1","max-image-preview":"max-image-preview:large","max-video-preview":"max-video-preview:-1"},"canonical":"https:\/\/www.diocesisciudadrodrigo.org\/blog4\/la-diocesis-estrena-logotipo-en-el-25o-aniversario-de-la-hoja-diocesana\/","og_locale":"es_ES","og_type":"article","og_title":"La Di\u00f3cesis estrena logotipo en el 25\u00ba aniversario de la hoja diocesana - Di\u00f3cesis de Ciudad Rodrigo","og_description":"La Di\u00f3cesis de Ciudad Rodrigo ha celebrado este 25 de enero, el 25\u00ba aniversario de su hoja diocesana &#8216;Iglesia en Ciudad Rodrigo&#8217;, con un acto que ha estado dividido en ... Leer m\u00e1s ...","og_url":"https:\/\/www.diocesisciudadrodrigo.org\/blog4\/la-diocesis-estrena-logotipo-en-el-25o-aniversario-de-la-hoja-diocesana\/","og_site_name":"Di\u00f3cesis de Ciudad Rodrigo","article_publisher":"https:\/\/www.facebook.com\/people\/Dicesis-Ciudad-Rodrigo-MCS\/100076471923419\/#","article_published_time":"2024-01-26T12:25:08+00:00","article_modified_time":"2024-01-26T12:26:25+00:00","og_image":[{"width":2560,"height":1600,"url":"https:\/\/www.diocesisciudadrodrigo.org\/blog4\/wp-content\/uploads\/2024\/01\/Diocesis.CMYK_-scaled.jpg","type":"image\/jpeg"}],"author":"medios CR","twitter_card":"summary_large_image","twitter_misc":{"Escrito por":"medios CR","Tiempo de lectura":"3 minutos"},"schema":{"@context":"https:\/\/schema.org","@graph":[{"@type":"Article","@id":"https:\/\/www.diocesisciudadrodrigo.org\/blog4\/la-diocesis-estrena-logotipo-en-el-25o-aniversario-de-la-hoja-diocesana\/#article","isPartOf":{"@id":"https:\/\/www.diocesisciudadrodrigo.org\/blog4\/la-diocesis-estrena-logotipo-en-el-25o-aniversario-de-la-hoja-diocesana\/"},"author":{"name":"medios CR","@id":"https:\/\/www.diocesisciudadrodrigo.org\/blog4\/#\/schema\/person\/5fcf0ca636a75766ff70e6417b6ed052"},"headline":"La Di\u00f3cesis estrena logotipo en el 25\u00ba aniversario de la hoja diocesana","datePublished":"2024-01-26T12:25:08+00:00","dateModified":"2024-01-26T12:26:25+00:00","mainEntityOfPage":{"@id":"https:\/\/www.diocesisciudadrodrigo.org\/blog4\/la-diocesis-estrena-logotipo-en-el-25o-aniversario-de-la-hoja-diocesana\/"},"wordCount":517,"publisher":{"@id":"https:\/\/www.diocesisciudadrodrigo.org\/blog4\/#organization"},"image":{"@id":"https:\/\/www.diocesisciudadrodrigo.org\/blog4\/la-diocesis-estrena-logotipo-en-el-25o-aniversario-de-la-hoja-diocesana\/#primaryimage"},"thumbnailUrl":"https:\/\/www.diocesisciudadrodrigo.org\/blog4\/wp-content\/uploads\/2024\/01\/Diocesis.CMYK_-scaled.jpg","articleSection":["Noticias"],"inLanguage":"es"},{"@type":"WebPage","@id":"https:\/\/www.diocesisciudadrodrigo.org\/blog4\/la-diocesis-estrena-logotipo-en-el-25o-aniversario-de-la-hoja-diocesana\/","url":"https:\/\/www.diocesisciudadrodrigo.org\/blog4\/la-diocesis-estrena-logotipo-en-el-25o-aniversario-de-la-hoja-diocesana\/","name":"La Di\u00f3cesis estrena logotipo en el 25\u00ba aniversario de la hoja diocesana - Di\u00f3cesis de Ciudad Rodrigo","isPartOf":{"@id":"https:\/\/www.diocesisciudadrodrigo.org\/blog4\/#website"},"primaryImageOfPage":{"@id":"https:\/\/www.diocesisciudadrodrigo.org\/blog4\/la-diocesis-estrena-logotipo-en-el-25o-aniversario-de-la-hoja-diocesana\/#primaryimage"},"image":{"@id":"https:\/\/www.diocesisciudadrodrigo.org\/blog4\/la-diocesis-estrena-logotipo-en-el-25o-aniversario-de-la-hoja-diocesana\/#primaryimage"},"thumbnailUrl":"https:\/\/www.diocesisciudadrodrigo.org\/blog4\/wp-content\/uploads\/2024\/01\/Diocesis.CMYK_-scaled.jpg","datePublished":"2024-01-26T12:25:08+00:00","dateModified":"2024-01-26T12:26:25+00:00","breadcrumb":{"@id":"https:\/\/www.diocesisciudadrodrigo.org\/blog4\/la-diocesis-estrena-logotipo-en-el-25o-aniversario-de-la-hoja-diocesana\/#breadcrumb"},"inLanguage":"es","potentialAction":[{"@type":"ReadAction","target":["https:\/\/www.diocesisciudadrodrigo.org\/blog4\/la-diocesis-estrena-logotipo-en-el-25o-aniversario-de-la-hoja-diocesana\/"]}]},{"@type":"ImageObject","inLanguage":"es","@id":"https:\/\/www.diocesisciudadrodrigo.org\/blog4\/la-diocesis-estrena-logotipo-en-el-25o-aniversario-de-la-hoja-diocesana\/#primaryimage","url":"https:\/\/www.diocesisciudadrodrigo.org\/blog4\/wp-content\/uploads\/2024\/01\/Diocesis.CMYK_-scaled.jpg","contentUrl":"https:\/\/www.diocesisciudadrodrigo.org\/blog4\/wp-content\/uploads\/2024\/01\/Diocesis.CMYK_-scaled.jpg","width":2560,"height":1600},{"@type":"BreadcrumbList","@id":"https:\/\/www.diocesisciudadrodrigo.org\/blog4\/la-diocesis-estrena-logotipo-en-el-25o-aniversario-de-la-hoja-diocesana\/#breadcrumb","itemListElement":[{"@type":"ListItem","position":1,"name":"Portada","item":"https:\/\/www.diocesisciudadrodrigo.org\/blog4\/"},{"@type":"ListItem","position":2,"name":"La Di\u00f3cesis estrena logotipo en el 25\u00ba aniversario de la hoja diocesana"}]},{"@type":"WebSite","@id":"https:\/\/www.diocesisciudadrodrigo.org\/blog4\/#website","url":"https:\/\/www.diocesisciudadrodrigo.org\/blog4\/","name":"Di\u00f3cesis de Ciudad Rodrigo","description":"Sitio web oficial de la di\u00f3cesis civitatense","publisher":{"@id":"https:\/\/www.diocesisciudadrodrigo.org\/blog4\/#organization"},"potentialAction":[{"@type":"SearchAction","target":{"@type":"EntryPoint","urlTemplate":"https:\/\/www.diocesisciudadrodrigo.org\/blog4\/?s={search_term_string}"},"query-input":{"@type":"PropertyValueSpecification","valueRequired":true,"valueName":"search_term_string"}}],"inLanguage":"es"},{"@type":"Organization","@id":"https:\/\/www.diocesisciudadrodrigo.org\/blog4\/#organization","name":"Di\u00f3cesis de Ciudad Rodrigo","url":"https:\/\/www.diocesisciudadrodrigo.org\/blog4\/","logo":{"@type":"ImageObject","inLanguage":"es","@id":"https:\/\/www.diocesisciudadrodrigo.org\/blog4\/#\/schema\/logo\/image\/","url":"https:\/\/www.diocesisciudadrodrigo.org\/blog4\/wp-content\/uploads\/2024\/12\/Diocesis.CMYK_-768x480-1.jpg","contentUrl":"https:\/\/www.diocesisciudadrodrigo.org\/blog4\/wp-content\/uploads\/2024\/12\/Diocesis.CMYK_-768x480-1.jpg","width":768,"height":480,"caption":"Di\u00f3cesis de Ciudad Rodrigo"},"image":{"@id":"https:\/\/www.diocesisciudadrodrigo.org\/blog4\/#\/schema\/logo\/image\/"},"sameAs":["https:\/\/www.facebook.com\/people\/Dicesis-Ciudad-Rodrigo-MCS\/100076471923419\/#"]},{"@type":"Person","@id":"https:\/\/www.diocesisciudadrodrigo.org\/blog4\/#\/schema\/person\/5fcf0ca636a75766ff70e6417b6ed052","name":"medios CR","image":{"@type":"ImageObject","inLanguage":"es","@id":"https:\/\/secure.gravatar.com\/avatar\/4a619fd0c7e36bd570f4e6e15eb09a2191185d0f63d8dbfdffe848af141ab87e?s=96&d=mm&r=g","url":"https:\/\/secure.gravatar.com\/avatar\/4a619fd0c7e36bd570f4e6e15eb09a2191185d0f63d8dbfdffe848af141ab87e?s=96&d=mm&r=g","contentUrl":"https:\/\/secure.gravatar.com\/avatar\/4a619fd0c7e36bd570f4e6e15eb09a2191185d0f63d8dbfdffe848af141ab87e?s=96&d=mm&r=g","caption":"medios CR"},"url":"https:\/\/www.diocesisciudadrodrigo.org\/blog4\/author\/admin4\/"}]}},"_links":{"self":[{"href":"https:\/\/www.diocesisciudadrodrigo.org\/blog4\/wp-json\/wp\/v2\/posts\/30652","targetHints":{"allow":["GET"]}}],"collection":[{"href":"https:\/\/www.diocesisciudadrodrigo.org\/blog4\/wp-json\/wp\/v2\/posts"}],"about":[{"href":"https:\/\/www.diocesisciudadrodrigo.org\/blog4\/wp-json\/wp\/v2\/types\/post"}],"author":[{"embeddable":true,"href":"https:\/\/www.diocesisciudadrodrigo.org\/blog4\/wp-json\/wp\/v2\/users\/1"}],"replies":[{"embeddable":true,"href":"https:\/\/www.diocesisciudadrodrigo.org\/blog4\/wp-json\/wp\/v2\/comments?post=30652"}],"version-history":[{"count":4,"href":"https:\/\/www.diocesisciudadrodrigo.org\/blog4\/wp-json\/wp\/v2\/posts\/30652\/revisions"}],"predecessor-version":[{"id":30658,"href":"https:\/\/www.diocesisciudadrodrigo.org\/blog4\/wp-json\/wp\/v2\/posts\/30652\/revisions\/30658"}],"wp:featuredmedia":[{"embeddable":true,"href":"https:\/\/www.diocesisciudadrodrigo.org\/blog4\/wp-json\/wp\/v2\/media\/30657"}],"wp:attachment":[{"href":"https:\/\/www.diocesisciudadrodrigo.org\/blog4\/wp-json\/wp\/v2\/media?parent=30652"}],"wp:term":[{"taxonomy":"category","embeddable":true,"href":"https:\/\/www.diocesisciudadrodrigo.org\/blog4\/wp-json\/wp\/v2\/categories?post=30652"},{"taxonomy":"post_tag","embeddable":true,"href":"https:\/\/www.diocesisciudadrodrigo.org\/blog4\/wp-json\/wp\/v2\/tags?post=30652"}],"curies":[{"name":"wp","href":"https:\/\/api.w.org\/{rel}","templated":true}]}}