{"id":30638,"date":"2024-01-26T09:23:28","date_gmt":"2024-01-26T08:23:28","guid":{"rendered":"https:\/\/www.diocesisciudadrodrigo.org\/blog4\/?p=30638"},"modified":"2024-01-26T11:22:05","modified_gmt":"2024-01-26T10:22:05","slug":"mons-prieto-arzobispo-de-santiago-de-compostela-transparencia-es-comunicar-la-verdad-no-se-trata-de-cantidad","status":"publish","type":"post","link":"https:\/\/www.diocesisciudadrodrigo.org\/blog4\/mons-prieto-arzobispo-de-santiago-de-compostela-transparencia-es-comunicar-la-verdad-no-se-trata-de-cantidad\/","title":{"rendered":"Mons. Prieto, Arzobispo de Santiago de Compostela: \u00abTransparencia es comunicar la verdad, no se trata de cantidad\u00bb"},"content":{"rendered":"\t\t<div data-elementor-type=\"wp-post\" data-elementor-id=\"30638\" class=\"elementor elementor-30638\" data-elementor-settings=\"[]\">\n\t\t\t\t\t\t<div class=\"elementor-inner\">\n\t\t\t\t\t\t\t<div class=\"elementor-section-wrap\">\n\t\t\t\t\t\t\t<section class=\"elementor-section elementor-top-section elementor-element elementor-element-1f30563 elementor-section-boxed elementor-section-height-default elementor-section-height-default\" data-id=\"1f30563\" data-element_type=\"section\">\n\t\t\t\t\t\t<div class=\"elementor-container elementor-column-gap-default\">\n\t\t\t\t\t\t\t<div class=\"elementor-row\">\n\t\t\t\t\t<div class=\"elementor-column elementor-col-100 elementor-top-column elementor-element elementor-element-9c87a96\" data-id=\"9c87a96\" data-element_type=\"column\">\n\t\t\t<div class=\"elementor-column-wrap elementor-element-populated\">\n\t\t\t\t\t\t\t<div class=\"elementor-widget-wrap\">\n\t\t\t\t\t\t<div class=\"elementor-element elementor-element-a9aeeaa elementor-widget elementor-widget-text-editor\" data-id=\"a9aeeaa\" data-element_type=\"widget\" data-widget_type=\"text-editor.default\">\n\t\t\t\t<div class=\"elementor-widget-container\">\n\t\t\t\t\t\t\t\t<div class=\"elementor-text-editor elementor-clearfix\">\n\t\t\t\t<p>La comunicaci\u00f3n desde un punto de vista general, c\u00f3mo comunica la Iglesia o c\u00f3mo deber\u00eda hacerlo, fueron algunos de los temas que se trataron en el coloquio que protagoniz\u00f3 el Arzobispo de Santiago de Compostela, Mons. Francisco Jos\u00e9 Prieto, en el Sal\u00f3n Obispo Mazarrasa del Palacio Episcopal. Este acto se organiz\u00f3 en el marco del 25\u00ba aniversario de la hoja diocesana Iglesia en Ciudad Rodrigo, en el que tambi\u00e9n se program\u00f3 un acto con periodistas.<\/p><p>Mons. Prieto habl\u00f3 de transparencia o de la falta de ella, algo de lo que se acusa de manera recurrente a muchas instituciones o entidades, entre ellas la Iglesia. \u00abTransparencia es comunidad la verdad, no se trata de la cantidad de cosas que decimos, sino de verdad\u00bb.<\/p><p>En varias ocasiones se refiri\u00f3 al &#8216;sacramento del encuentro&#8217;, para hablar as\u00ed, de la \u00abpresencialidad\u00bb en la comunicaci\u00f3n.<\/p><p>Por otra parte, \u00abla Iglesia lleva en s\u00ed misma esa vocaci\u00f3n de comunicar\u00bb, resalt\u00f3, \u00ablos lenguajes son los propios de cada tiempo, pero sigue teniendo fuerza evocadora porque habla desde la verdad, tiene vocaci\u00f3n de permanencia\u00bb.<\/p><p>Tal y como record\u00f3, cada 25 de enero, la Iglesia celebra el milagro de la conversi\u00f3n de San Pablo, \u00abun comunicador nato\u00bb, apunt\u00f3, \u00abcon los recursos de su tiempo y de su momento\u00bb por eso hay que tratar de llegar a los hombres y mujeres de nuestro tiempo \u00abcon los o\u00eddos puestos en el coraz\u00f3n de la sociedad para saber qu\u00e9 les preocupa\u00bb.<\/p><p>El prelado tambi\u00e9n explic\u00f3 que la misi\u00f3n de la Iglesia es \u00abevangelizar, existe para anunciar la buena noticia, no para hablar de s\u00ed misma\u00bb. Adem\u00e1s de misi\u00f3n, comunicar es una oportunidad \u00abbajo la mirada creyente\u00bb y desde ese punto de vista \u00abtodos los bautizados estamos convocados a la misi\u00f3n de comunicar, todos comunicamos y deber\u00edamos ser conscientes\u00bb.<\/p><p>Se comunica con \u00abel modo de estar, decir y ser, comunicamos como testigos desde la fe, por eso necesitamos comunicar desde la verdad, con transparencia y sin impostaciones\u00bb.<\/p><p>Mons. Prieto reconoci\u00f3 que la Iglesia tiene \u00abun desaf\u00edo\u00bb desde el punto de vista de la comunicaci\u00f3n, \u00abes importante que comunique para decir lo que hace, desde su rica realidad, y eso deber\u00edamos hacerlo con naturalidad\u00bb.<\/p><p>Tambi\u00e9n asume que en ocasiones, ha faltado \u00abuna comunicaci\u00f3n pro activa, salir al frente\u00bb aunque no se trata de que se publiquen muchas informaciones sobre la Iglesia sino que se haga de manera \u00absignificativa\u00bb o lo que es lo mismo, \u00abque la de la Iglesia sea una voz escuchada\u00bb.<\/p><p>Concluy\u00f3 haciendo especial hincapi\u00e9 en la escucha, pues de otro modo \u00abpodemos estar respondiendo a preguntas que nadie nos hace\u00bb.<\/p>\t\t\t\t\t<\/div>\n\t\t\t\t\t\t<\/div>\n\t\t\t\t<\/div>\n\t\t\t\t\t\t<\/div>\n\t\t\t\t\t<\/div>\n\t\t<\/div>\n\t\t\t\t\t\t\t\t<\/div>\n\t\t\t\t\t<\/div>\n\t\t<\/section>\n\t\t\t\t<section class=\"elementor-section elementor-top-section elementor-element elementor-element-3fe75f9 elementor-section-boxed elementor-section-height-default elementor-section-height-default\" data-id=\"3fe75f9\" data-element_type=\"section\">\n\t\t\t\t\t\t<div class=\"elementor-container elementor-column-gap-default\">\n\t\t\t\t\t\t\t<div class=\"elementor-row\">\n\t\t\t\t\t<div class=\"elementor-column elementor-col-100 elementor-top-column elementor-element elementor-element-b177708\" data-id=\"b177708\" data-element_type=\"column\">\n\t\t\t<div class=\"elementor-column-wrap elementor-element-populated\">\n\t\t\t\t\t\t\t<div class=\"elementor-widget-wrap\">\n\t\t\t\t\t\t<div class=\"elementor-element elementor-element-2ff2847 elementor-widget elementor-widget-image-gallery\" data-id=\"2ff2847\" data-element_type=\"widget\" data-widget_type=\"image-gallery.default\">\n\t\t\t\t<div class=\"elementor-widget-container\">\n\t\t\t\t\t<div class=\"elementor-image-gallery\">\n\t\t\t<div id='gallery-1' class='gallery galleryid-30638 gallery-columns-4 gallery-size-medium'><figure class='gallery-item'>\n\t\t\t<div class='gallery-icon landscape'>\n\t\t\t\t<a  href='https:\/\/www.diocesisciudadrodrigo.org\/blog4\/wp-content\/uploads\/2024\/01\/aebcfceb-1ab8-4547-97e8-2671c79440d8.jpg'><img loading=\"lazy\" decoding=\"async\" width=\"300\" height=\"200\" src=\"https:\/\/www.diocesisciudadrodrigo.org\/blog4\/wp-content\/uploads\/2024\/01\/aebcfceb-1ab8-4547-97e8-2671c79440d8-300x200.jpg\" class=\"attachment-medium size-medium\" alt=\"\" srcset=\"https:\/\/www.diocesisciudadrodrigo.org\/blog4\/wp-content\/uploads\/2024\/01\/aebcfceb-1ab8-4547-97e8-2671c79440d8-300x200.jpg 300w, https:\/\/www.diocesisciudadrodrigo.org\/blog4\/wp-content\/uploads\/2024\/01\/aebcfceb-1ab8-4547-97e8-2671c79440d8-1024x684.jpg 1024w, https:\/\/www.diocesisciudadrodrigo.org\/blog4\/wp-content\/uploads\/2024\/01\/aebcfceb-1ab8-4547-97e8-2671c79440d8-768x513.jpg 768w, https:\/\/www.diocesisciudadrodrigo.org\/blog4\/wp-content\/uploads\/2024\/01\/aebcfceb-1ab8-4547-97e8-2671c79440d8-1536x1026.jpg 1536w, https:\/\/www.diocesisciudadrodrigo.org\/blog4\/wp-content\/uploads\/2024\/01\/aebcfceb-1ab8-4547-97e8-2671c79440d8-350x234.jpg 350w, https:\/\/www.diocesisciudadrodrigo.org\/blog4\/wp-content\/uploads\/2024\/01\/aebcfceb-1ab8-4547-97e8-2671c79440d8.jpg 1600w\" sizes=\"auto, (max-width: 300px) 100vw, 300px\" \/><\/a>\n\t\t\t<\/div><\/figure><figure class='gallery-item'>\n\t\t\t<div class='gallery-icon landscape'>\n\t\t\t\t<a  href='https:\/\/www.diocesisciudadrodrigo.org\/blog4\/wp-content\/uploads\/2024\/01\/b61cfb97-58b5-4d88-9ec0-3940320d1423.jpg'><img loading=\"lazy\" decoding=\"async\" width=\"300\" height=\"200\" src=\"https:\/\/www.diocesisciudadrodrigo.org\/blog4\/wp-content\/uploads\/2024\/01\/b61cfb97-58b5-4d88-9ec0-3940320d1423-300x200.jpg\" class=\"attachment-medium size-medium\" alt=\"\" srcset=\"https:\/\/www.diocesisciudadrodrigo.org\/blog4\/wp-content\/uploads\/2024\/01\/b61cfb97-58b5-4d88-9ec0-3940320d1423-300x200.jpg 300w, https:\/\/www.diocesisciudadrodrigo.org\/blog4\/wp-content\/uploads\/2024\/01\/b61cfb97-58b5-4d88-9ec0-3940320d1423-1024x683.jpg 1024w, https:\/\/www.diocesisciudadrodrigo.org\/blog4\/wp-content\/uploads\/2024\/01\/b61cfb97-58b5-4d88-9ec0-3940320d1423-768x512.jpg 768w, https:\/\/www.diocesisciudadrodrigo.org\/blog4\/wp-content\/uploads\/2024\/01\/b61cfb97-58b5-4d88-9ec0-3940320d1423-350x234.jpg 350w, https:\/\/www.diocesisciudadrodrigo.org\/blog4\/wp-content\/uploads\/2024\/01\/b61cfb97-58b5-4d88-9ec0-3940320d1423.jpg 1280w\" sizes=\"auto, (max-width: 300px) 100vw, 300px\" \/><\/a>\n\t\t\t<\/div><\/figure><figure class='gallery-item'>\n\t\t\t<div class='gallery-icon landscape'>\n\t\t\t\t<a  href='https:\/\/www.diocesisciudadrodrigo.org\/blog4\/wp-content\/uploads\/2024\/01\/IMG_2770.jpg'><img loading=\"lazy\" decoding=\"async\" width=\"300\" height=\"225\" src=\"https:\/\/www.diocesisciudadrodrigo.org\/blog4\/wp-content\/uploads\/2024\/01\/IMG_2770-300x225.jpg\" class=\"attachment-medium size-medium\" alt=\"\" srcset=\"https:\/\/www.diocesisciudadrodrigo.org\/blog4\/wp-content\/uploads\/2024\/01\/IMG_2770-300x225.jpg 300w, https:\/\/www.diocesisciudadrodrigo.org\/blog4\/wp-content\/uploads\/2024\/01\/IMG_2770-1024x768.jpg 1024w, https:\/\/www.diocesisciudadrodrigo.org\/blog4\/wp-content\/uploads\/2024\/01\/IMG_2770-768x576.jpg 768w, https:\/\/www.diocesisciudadrodrigo.org\/blog4\/wp-content\/uploads\/2024\/01\/IMG_2770-1536x1152.jpg 1536w, https:\/\/www.diocesisciudadrodrigo.org\/blog4\/wp-content\/uploads\/2024\/01\/IMG_2770-350x263.jpg 350w, https:\/\/www.diocesisciudadrodrigo.org\/blog4\/wp-content\/uploads\/2024\/01\/IMG_2770.jpg 2016w\" sizes=\"auto, (max-width: 300px) 100vw, 300px\" \/><\/a>\n\t\t\t<\/div><\/figure><figure class='gallery-item'>\n\t\t\t<div class='gallery-icon landscape'>\n\t\t\t\t<a  href='https:\/\/www.diocesisciudadrodrigo.org\/blog4\/wp-content\/uploads\/2024\/01\/IMG_2771.jpg'><img loading=\"lazy\" decoding=\"async\" width=\"300\" height=\"225\" src=\"https:\/\/www.diocesisciudadrodrigo.org\/blog4\/wp-content\/uploads\/2024\/01\/IMG_2771-300x225.jpg\" class=\"attachment-medium size-medium\" alt=\"\" srcset=\"https:\/\/www.diocesisciudadrodrigo.org\/blog4\/wp-content\/uploads\/2024\/01\/IMG_2771-300x225.jpg 300w, https:\/\/www.diocesisciudadrodrigo.org\/blog4\/wp-content\/uploads\/2024\/01\/IMG_2771-1024x768.jpg 1024w, https:\/\/www.diocesisciudadrodrigo.org\/blog4\/wp-content\/uploads\/2024\/01\/IMG_2771-768x576.jpg 768w, https:\/\/www.diocesisciudadrodrigo.org\/blog4\/wp-content\/uploads\/2024\/01\/IMG_2771-1536x1152.jpg 1536w, https:\/\/www.diocesisciudadrodrigo.org\/blog4\/wp-content\/uploads\/2024\/01\/IMG_2771-350x263.jpg 350w, https:\/\/www.diocesisciudadrodrigo.org\/blog4\/wp-content\/uploads\/2024\/01\/IMG_2771.jpg 2016w\" sizes=\"auto, (max-width: 300px) 100vw, 300px\" \/><\/a>\n\t\t\t<\/div><\/figure><figure class='gallery-item'>\n\t\t\t<div class='gallery-icon landscape'>\n\t\t\t\t<a  href='https:\/\/www.diocesisciudadrodrigo.org\/blog4\/wp-content\/uploads\/2024\/01\/2aac6047-5752-4f90-8330-28bf511b3ed1.jpg'><img loading=\"lazy\" decoding=\"async\" width=\"300\" height=\"200\" src=\"https:\/\/www.diocesisciudadrodrigo.org\/blog4\/wp-content\/uploads\/2024\/01\/2aac6047-5752-4f90-8330-28bf511b3ed1-300x200.jpg\" class=\"attachment-medium size-medium\" alt=\"\" srcset=\"https:\/\/www.diocesisciudadrodrigo.org\/blog4\/wp-content\/uploads\/2024\/01\/2aac6047-5752-4f90-8330-28bf511b3ed1-300x200.jpg 300w, https:\/\/www.diocesisciudadrodrigo.org\/blog4\/wp-content\/uploads\/2024\/01\/2aac6047-5752-4f90-8330-28bf511b3ed1-1024x684.jpg 1024w, https:\/\/www.diocesisciudadrodrigo.org\/blog4\/wp-content\/uploads\/2024\/01\/2aac6047-5752-4f90-8330-28bf511b3ed1-768x513.jpg 768w, https:\/\/www.diocesisciudadrodrigo.org\/blog4\/wp-content\/uploads\/2024\/01\/2aac6047-5752-4f90-8330-28bf511b3ed1-1536x1026.jpg 1536w, https:\/\/www.diocesisciudadrodrigo.org\/blog4\/wp-content\/uploads\/2024\/01\/2aac6047-5752-4f90-8330-28bf511b3ed1-350x234.jpg 350w, https:\/\/www.diocesisciudadrodrigo.org\/blog4\/wp-content\/uploads\/2024\/01\/2aac6047-5752-4f90-8330-28bf511b3ed1.jpg 1600w\" sizes=\"auto, (max-width: 300px) 100vw, 300px\" \/><\/a>\n\t\t\t<\/div><\/figure><figure class='gallery-item'>\n\t\t\t<div class='gallery-icon landscape'>\n\t\t\t\t<a  href='https:\/\/www.diocesisciudadrodrigo.org\/blog4\/wp-content\/uploads\/2024\/01\/3b6b2716-7875-4919-a5c1-2171ed6f3039.jpg'><img loading=\"lazy\" decoding=\"async\" width=\"300\" height=\"200\" src=\"https:\/\/www.diocesisciudadrodrigo.org\/blog4\/wp-content\/uploads\/2024\/01\/3b6b2716-7875-4919-a5c1-2171ed6f3039-300x200.jpg\" class=\"attachment-medium size-medium\" alt=\"\" srcset=\"https:\/\/www.diocesisciudadrodrigo.org\/blog4\/wp-content\/uploads\/2024\/01\/3b6b2716-7875-4919-a5c1-2171ed6f3039-300x200.jpg 300w, https:\/\/www.diocesisciudadrodrigo.org\/blog4\/wp-content\/uploads\/2024\/01\/3b6b2716-7875-4919-a5c1-2171ed6f3039-1024x684.jpg 1024w, https:\/\/www.diocesisciudadrodrigo.org\/blog4\/wp-content\/uploads\/2024\/01\/3b6b2716-7875-4919-a5c1-2171ed6f3039-768x513.jpg 768w, https:\/\/www.diocesisciudadrodrigo.org\/blog4\/wp-content\/uploads\/2024\/01\/3b6b2716-7875-4919-a5c1-2171ed6f3039-1536x1026.jpg 1536w, https:\/\/www.diocesisciudadrodrigo.org\/blog4\/wp-content\/uploads\/2024\/01\/3b6b2716-7875-4919-a5c1-2171ed6f3039-350x234.jpg 350w, https:\/\/www.diocesisciudadrodrigo.org\/blog4\/wp-content\/uploads\/2024\/01\/3b6b2716-7875-4919-a5c1-2171ed6f3039.jpg 1600w\" sizes=\"auto, (max-width: 300px) 100vw, 300px\" \/><\/a>\n\t\t\t<\/div><\/figure>\n\t\t<\/div>\n\t\t<\/div>\n\t\t\t\t<\/div>\n\t\t\t\t<\/div>\n\t\t\t\t\t\t<\/div>\n\t\t\t\t\t<\/div>\n\t\t<\/div>\n\t\t\t\t\t\t\t\t<\/div>\n\t\t\t\t\t<\/div>\n\t\t<\/section>\n\t\t\t\t\t\t<\/div>\n\t\t\t\t\t\t<\/div>\n\t\t\t\t\t<\/div>\n\t\t","protected":false},"excerpt":{"rendered":"<p>La comunicaci\u00f3n desde un punto de vista general, c\u00f3mo comunica la Iglesia o c\u00f3mo deber\u00eda hacerlo, fueron algunos de los temas que se trataron en el coloquio que protagoniz\u00f3 el &#8230; <\/p>\n<p class=\"read-more-container\"><a title=\"Mons. Prieto, Arzobispo de Santiago de Compostela: \u00abTransparencia es comunicar la verdad, no se trata de cantidad\u00bb\" class=\"read-more button\" href=\"https:\/\/www.diocesisciudadrodrigo.org\/blog4\/mons-prieto-arzobispo-de-santiago-de-compostela-transparencia-es-comunicar-la-verdad-no-se-trata-de-cantidad\/#more-30638\" aria-label=\"M\u00e1s en Mons. Prieto, Arzobispo de Santiago de Compostela: \u00abTransparencia es comunicar la verdad, no se trata de cantidad\u00bb\">Leer m\u00e1s &#8230;<\/a><\/p>\n","protected":false},"author":1,"featured_media":30642,"comment_status":"closed","ping_status":"closed","sticky":false,"template":"","format":"standard","meta":{"footnotes":""},"categories":[6],"tags":[],"class_list":["post-30638","post","type-post","status-publish","format-standard","has-post-thumbnail","hentry","category-noticias","masonry-post","generate-columns","tablet-grid-50","mobile-grid-100","grid-parent","grid-50"],"yoast_head":"<!-- This site is optimized with the Yoast SEO plugin v27.3 - https:\/\/yoast.com\/product\/yoast-seo-wordpress\/ -->\n<title>Mons. Prieto, Arzobispo de Santiago de Compostela: &quot;Transparencia es comunicar la verdad, no se trata de cantidad&quot; - Di\u00f3cesis de Ciudad Rodrigo<\/title>\n<meta name=\"robots\" content=\"index, follow, max-snippet:-1, max-image-preview:large, max-video-preview:-1\" \/>\n<link rel=\"canonical\" href=\"https:\/\/www.diocesisciudadrodrigo.org\/blog4\/mons-prieto-arzobispo-de-santiago-de-compostela-transparencia-es-comunicar-la-verdad-no-se-trata-de-cantidad\/\" \/>\n<meta property=\"og:locale\" content=\"es_ES\" \/>\n<meta property=\"og:type\" content=\"article\" \/>\n<meta property=\"og:title\" content=\"Mons. Prieto, Arzobispo de Santiago de Compostela: &quot;Transparencia es comunicar la verdad, no se trata de cantidad&quot; - Di\u00f3cesis de Ciudad Rodrigo\" \/>\n<meta property=\"og:description\" content=\"La comunicaci\u00f3n desde un punto de vista general, c\u00f3mo comunica la Iglesia o c\u00f3mo deber\u00eda hacerlo, fueron algunos de los temas que se trataron en el coloquio que protagoniz\u00f3 el ... Leer m\u00e1s ...\" \/>\n<meta property=\"og:url\" content=\"https:\/\/www.diocesisciudadrodrigo.org\/blog4\/mons-prieto-arzobispo-de-santiago-de-compostela-transparencia-es-comunicar-la-verdad-no-se-trata-de-cantidad\/\" \/>\n<meta property=\"og:site_name\" content=\"Di\u00f3cesis de Ciudad Rodrigo\" \/>\n<meta property=\"article:publisher\" content=\"https:\/\/www.facebook.com\/people\/Dicesis-Ciudad-Rodrigo-MCS\/100076471923419\/#\" \/>\n<meta property=\"article:published_time\" content=\"2024-01-26T08:23:28+00:00\" \/>\n<meta property=\"article:modified_time\" content=\"2024-01-26T10:22:05+00:00\" \/>\n<meta property=\"og:image\" content=\"https:\/\/www.diocesisciudadrodrigo.org\/blog4\/wp-content\/uploads\/2024\/01\/IMG_2771.jpg\" \/>\n\t<meta property=\"og:image:width\" content=\"2016\" \/>\n\t<meta property=\"og:image:height\" content=\"1512\" \/>\n\t<meta property=\"og:image:type\" content=\"image\/jpeg\" \/>\n<meta name=\"author\" content=\"medios CR\" \/>\n<meta name=\"twitter:card\" content=\"summary_large_image\" \/>\n<meta name=\"twitter:label1\" content=\"Escrito por\" \/>\n\t<meta name=\"twitter:data1\" content=\"medios CR\" \/>\n\t<meta name=\"twitter:label2\" content=\"Tiempo de lectura\" \/>\n\t<meta name=\"twitter:data2\" content=\"2 minutos\" \/>\n<script type=\"application\/ld+json\" class=\"yoast-schema-graph\">{\"@context\":\"https:\\\/\\\/schema.org\",\"@graph\":[{\"@type\":\"Article\",\"@id\":\"https:\\\/\\\/www.diocesisciudadrodrigo.org\\\/blog4\\\/mons-prieto-arzobispo-de-santiago-de-compostela-transparencia-es-comunicar-la-verdad-no-se-trata-de-cantidad\\\/#article\",\"isPartOf\":{\"@id\":\"https:\\\/\\\/www.diocesisciudadrodrigo.org\\\/blog4\\\/mons-prieto-arzobispo-de-santiago-de-compostela-transparencia-es-comunicar-la-verdad-no-se-trata-de-cantidad\\\/\"},\"author\":{\"name\":\"medios CR\",\"@id\":\"https:\\\/\\\/www.diocesisciudadrodrigo.org\\\/blog4\\\/#\\\/schema\\\/person\\\/5fcf0ca636a75766ff70e6417b6ed052\"},\"headline\":\"Mons. Prieto, Arzobispo de Santiago de Compostela: \u00abTransparencia es comunicar la verdad, no se trata de cantidad\u00bb\",\"datePublished\":\"2024-01-26T08:23:28+00:00\",\"dateModified\":\"2024-01-26T10:22:05+00:00\",\"mainEntityOfPage\":{\"@id\":\"https:\\\/\\\/www.diocesisciudadrodrigo.org\\\/blog4\\\/mons-prieto-arzobispo-de-santiago-de-compostela-transparencia-es-comunicar-la-verdad-no-se-trata-de-cantidad\\\/\"},\"wordCount\":467,\"publisher\":{\"@id\":\"https:\\\/\\\/www.diocesisciudadrodrigo.org\\\/blog4\\\/#organization\"},\"image\":{\"@id\":\"https:\\\/\\\/www.diocesisciudadrodrigo.org\\\/blog4\\\/mons-prieto-arzobispo-de-santiago-de-compostela-transparencia-es-comunicar-la-verdad-no-se-trata-de-cantidad\\\/#primaryimage\"},\"thumbnailUrl\":\"https:\\\/\\\/www.diocesisciudadrodrigo.org\\\/blog4\\\/wp-content\\\/uploads\\\/2024\\\/01\\\/IMG_2771.jpg\",\"articleSection\":[\"Noticias\"],\"inLanguage\":\"es\"},{\"@type\":\"WebPage\",\"@id\":\"https:\\\/\\\/www.diocesisciudadrodrigo.org\\\/blog4\\\/mons-prieto-arzobispo-de-santiago-de-compostela-transparencia-es-comunicar-la-verdad-no-se-trata-de-cantidad\\\/\",\"url\":\"https:\\\/\\\/www.diocesisciudadrodrigo.org\\\/blog4\\\/mons-prieto-arzobispo-de-santiago-de-compostela-transparencia-es-comunicar-la-verdad-no-se-trata-de-cantidad\\\/\",\"name\":\"Mons. Prieto, Arzobispo de Santiago de Compostela: \\\"Transparencia es comunicar la verdad, no se trata de cantidad\\\" - Di\u00f3cesis de Ciudad Rodrigo\",\"isPartOf\":{\"@id\":\"https:\\\/\\\/www.diocesisciudadrodrigo.org\\\/blog4\\\/#website\"},\"primaryImageOfPage\":{\"@id\":\"https:\\\/\\\/www.diocesisciudadrodrigo.org\\\/blog4\\\/mons-prieto-arzobispo-de-santiago-de-compostela-transparencia-es-comunicar-la-verdad-no-se-trata-de-cantidad\\\/#primaryimage\"},\"image\":{\"@id\":\"https:\\\/\\\/www.diocesisciudadrodrigo.org\\\/blog4\\\/mons-prieto-arzobispo-de-santiago-de-compostela-transparencia-es-comunicar-la-verdad-no-se-trata-de-cantidad\\\/#primaryimage\"},\"thumbnailUrl\":\"https:\\\/\\\/www.diocesisciudadrodrigo.org\\\/blog4\\\/wp-content\\\/uploads\\\/2024\\\/01\\\/IMG_2771.jpg\",\"datePublished\":\"2024-01-26T08:23:28+00:00\",\"dateModified\":\"2024-01-26T10:22:05+00:00\",\"breadcrumb\":{\"@id\":\"https:\\\/\\\/www.diocesisciudadrodrigo.org\\\/blog4\\\/mons-prieto-arzobispo-de-santiago-de-compostela-transparencia-es-comunicar-la-verdad-no-se-trata-de-cantidad\\\/#breadcrumb\"},\"inLanguage\":\"es\",\"potentialAction\":[{\"@type\":\"ReadAction\",\"target\":[\"https:\\\/\\\/www.diocesisciudadrodrigo.org\\\/blog4\\\/mons-prieto-arzobispo-de-santiago-de-compostela-transparencia-es-comunicar-la-verdad-no-se-trata-de-cantidad\\\/\"]}]},{\"@type\":\"ImageObject\",\"inLanguage\":\"es\",\"@id\":\"https:\\\/\\\/www.diocesisciudadrodrigo.org\\\/blog4\\\/mons-prieto-arzobispo-de-santiago-de-compostela-transparencia-es-comunicar-la-verdad-no-se-trata-de-cantidad\\\/#primaryimage\",\"url\":\"https:\\\/\\\/www.diocesisciudadrodrigo.org\\\/blog4\\\/wp-content\\\/uploads\\\/2024\\\/01\\\/IMG_2771.jpg\",\"contentUrl\":\"https:\\\/\\\/www.diocesisciudadrodrigo.org\\\/blog4\\\/wp-content\\\/uploads\\\/2024\\\/01\\\/IMG_2771.jpg\",\"width\":2016,\"height\":1512},{\"@type\":\"BreadcrumbList\",\"@id\":\"https:\\\/\\\/www.diocesisciudadrodrigo.org\\\/blog4\\\/mons-prieto-arzobispo-de-santiago-de-compostela-transparencia-es-comunicar-la-verdad-no-se-trata-de-cantidad\\\/#breadcrumb\",\"itemListElement\":[{\"@type\":\"ListItem\",\"position\":1,\"name\":\"Portada\",\"item\":\"https:\\\/\\\/www.diocesisciudadrodrigo.org\\\/blog4\\\/\"},{\"@type\":\"ListItem\",\"position\":2,\"name\":\"Mons. Prieto, Arzobispo de Santiago de Compostela: \u00abTransparencia es comunicar la verdad, no se trata de cantidad\u00bb\"}]},{\"@type\":\"WebSite\",\"@id\":\"https:\\\/\\\/www.diocesisciudadrodrigo.org\\\/blog4\\\/#website\",\"url\":\"https:\\\/\\\/www.diocesisciudadrodrigo.org\\\/blog4\\\/\",\"name\":\"Di\u00f3cesis de Ciudad Rodrigo\",\"description\":\"Sitio web oficial de la di\u00f3cesis civitatense\",\"publisher\":{\"@id\":\"https:\\\/\\\/www.diocesisciudadrodrigo.org\\\/blog4\\\/#organization\"},\"potentialAction\":[{\"@type\":\"SearchAction\",\"target\":{\"@type\":\"EntryPoint\",\"urlTemplate\":\"https:\\\/\\\/www.diocesisciudadrodrigo.org\\\/blog4\\\/?s={search_term_string}\"},\"query-input\":{\"@type\":\"PropertyValueSpecification\",\"valueRequired\":true,\"valueName\":\"search_term_string\"}}],\"inLanguage\":\"es\"},{\"@type\":\"Organization\",\"@id\":\"https:\\\/\\\/www.diocesisciudadrodrigo.org\\\/blog4\\\/#organization\",\"name\":\"Di\u00f3cesis de Ciudad Rodrigo\",\"url\":\"https:\\\/\\\/www.diocesisciudadrodrigo.org\\\/blog4\\\/\",\"logo\":{\"@type\":\"ImageObject\",\"inLanguage\":\"es\",\"@id\":\"https:\\\/\\\/www.diocesisciudadrodrigo.org\\\/blog4\\\/#\\\/schema\\\/logo\\\/image\\\/\",\"url\":\"https:\\\/\\\/www.diocesisciudadrodrigo.org\\\/blog4\\\/wp-content\\\/uploads\\\/2024\\\/12\\\/Diocesis.CMYK_-768x480-1.jpg\",\"contentUrl\":\"https:\\\/\\\/www.diocesisciudadrodrigo.org\\\/blog4\\\/wp-content\\\/uploads\\\/2024\\\/12\\\/Diocesis.CMYK_-768x480-1.jpg\",\"width\":768,\"height\":480,\"caption\":\"Di\u00f3cesis de Ciudad Rodrigo\"},\"image\":{\"@id\":\"https:\\\/\\\/www.diocesisciudadrodrigo.org\\\/blog4\\\/#\\\/schema\\\/logo\\\/image\\\/\"},\"sameAs\":[\"https:\\\/\\\/www.facebook.com\\\/people\\\/Dicesis-Ciudad-Rodrigo-MCS\\\/100076471923419\\\/#\"]},{\"@type\":\"Person\",\"@id\":\"https:\\\/\\\/www.diocesisciudadrodrigo.org\\\/blog4\\\/#\\\/schema\\\/person\\\/5fcf0ca636a75766ff70e6417b6ed052\",\"name\":\"medios CR\",\"image\":{\"@type\":\"ImageObject\",\"inLanguage\":\"es\",\"@id\":\"https:\\\/\\\/secure.gravatar.com\\\/avatar\\\/4a619fd0c7e36bd570f4e6e15eb09a2191185d0f63d8dbfdffe848af141ab87e?s=96&d=mm&r=g\",\"url\":\"https:\\\/\\\/secure.gravatar.com\\\/avatar\\\/4a619fd0c7e36bd570f4e6e15eb09a2191185d0f63d8dbfdffe848af141ab87e?s=96&d=mm&r=g\",\"contentUrl\":\"https:\\\/\\\/secure.gravatar.com\\\/avatar\\\/4a619fd0c7e36bd570f4e6e15eb09a2191185d0f63d8dbfdffe848af141ab87e?s=96&d=mm&r=g\",\"caption\":\"medios CR\"},\"url\":\"https:\\\/\\\/www.diocesisciudadrodrigo.org\\\/blog4\\\/author\\\/admin4\\\/\"}]}<\/script>\n<!-- \/ Yoast SEO plugin. -->","yoast_head_json":{"title":"Mons. Prieto, Arzobispo de Santiago de Compostela: \"Transparencia es comunicar la verdad, no se trata de cantidad\" - Di\u00f3cesis de Ciudad Rodrigo","robots":{"index":"index","follow":"follow","max-snippet":"max-snippet:-1","max-image-preview":"max-image-preview:large","max-video-preview":"max-video-preview:-1"},"canonical":"https:\/\/www.diocesisciudadrodrigo.org\/blog4\/mons-prieto-arzobispo-de-santiago-de-compostela-transparencia-es-comunicar-la-verdad-no-se-trata-de-cantidad\/","og_locale":"es_ES","og_type":"article","og_title":"Mons. Prieto, Arzobispo de Santiago de Compostela: \"Transparencia es comunicar la verdad, no se trata de cantidad\" - Di\u00f3cesis de Ciudad Rodrigo","og_description":"La comunicaci\u00f3n desde un punto de vista general, c\u00f3mo comunica la Iglesia o c\u00f3mo deber\u00eda hacerlo, fueron algunos de los temas que se trataron en el coloquio que protagoniz\u00f3 el ... Leer m\u00e1s ...","og_url":"https:\/\/www.diocesisciudadrodrigo.org\/blog4\/mons-prieto-arzobispo-de-santiago-de-compostela-transparencia-es-comunicar-la-verdad-no-se-trata-de-cantidad\/","og_site_name":"Di\u00f3cesis de Ciudad Rodrigo","article_publisher":"https:\/\/www.facebook.com\/people\/Dicesis-Ciudad-Rodrigo-MCS\/100076471923419\/#","article_published_time":"2024-01-26T08:23:28+00:00","article_modified_time":"2024-01-26T10:22:05+00:00","og_image":[{"width":2016,"height":1512,"url":"https:\/\/www.diocesisciudadrodrigo.org\/blog4\/wp-content\/uploads\/2024\/01\/IMG_2771.jpg","type":"image\/jpeg"}],"author":"medios CR","twitter_card":"summary_large_image","twitter_misc":{"Escrito por":"medios CR","Tiempo de lectura":"2 minutos"},"schema":{"@context":"https:\/\/schema.org","@graph":[{"@type":"Article","@id":"https:\/\/www.diocesisciudadrodrigo.org\/blog4\/mons-prieto-arzobispo-de-santiago-de-compostela-transparencia-es-comunicar-la-verdad-no-se-trata-de-cantidad\/#article","isPartOf":{"@id":"https:\/\/www.diocesisciudadrodrigo.org\/blog4\/mons-prieto-arzobispo-de-santiago-de-compostela-transparencia-es-comunicar-la-verdad-no-se-trata-de-cantidad\/"},"author":{"name":"medios CR","@id":"https:\/\/www.diocesisciudadrodrigo.org\/blog4\/#\/schema\/person\/5fcf0ca636a75766ff70e6417b6ed052"},"headline":"Mons. Prieto, Arzobispo de Santiago de Compostela: \u00abTransparencia es comunicar la verdad, no se trata de cantidad\u00bb","datePublished":"2024-01-26T08:23:28+00:00","dateModified":"2024-01-26T10:22:05+00:00","mainEntityOfPage":{"@id":"https:\/\/www.diocesisciudadrodrigo.org\/blog4\/mons-prieto-arzobispo-de-santiago-de-compostela-transparencia-es-comunicar-la-verdad-no-se-trata-de-cantidad\/"},"wordCount":467,"publisher":{"@id":"https:\/\/www.diocesisciudadrodrigo.org\/blog4\/#organization"},"image":{"@id":"https:\/\/www.diocesisciudadrodrigo.org\/blog4\/mons-prieto-arzobispo-de-santiago-de-compostela-transparencia-es-comunicar-la-verdad-no-se-trata-de-cantidad\/#primaryimage"},"thumbnailUrl":"https:\/\/www.diocesisciudadrodrigo.org\/blog4\/wp-content\/uploads\/2024\/01\/IMG_2771.jpg","articleSection":["Noticias"],"inLanguage":"es"},{"@type":"WebPage","@id":"https:\/\/www.diocesisciudadrodrigo.org\/blog4\/mons-prieto-arzobispo-de-santiago-de-compostela-transparencia-es-comunicar-la-verdad-no-se-trata-de-cantidad\/","url":"https:\/\/www.diocesisciudadrodrigo.org\/blog4\/mons-prieto-arzobispo-de-santiago-de-compostela-transparencia-es-comunicar-la-verdad-no-se-trata-de-cantidad\/","name":"Mons. Prieto, Arzobispo de Santiago de Compostela: \"Transparencia es comunicar la verdad, no se trata de cantidad\" - Di\u00f3cesis de Ciudad Rodrigo","isPartOf":{"@id":"https:\/\/www.diocesisciudadrodrigo.org\/blog4\/#website"},"primaryImageOfPage":{"@id":"https:\/\/www.diocesisciudadrodrigo.org\/blog4\/mons-prieto-arzobispo-de-santiago-de-compostela-transparencia-es-comunicar-la-verdad-no-se-trata-de-cantidad\/#primaryimage"},"image":{"@id":"https:\/\/www.diocesisciudadrodrigo.org\/blog4\/mons-prieto-arzobispo-de-santiago-de-compostela-transparencia-es-comunicar-la-verdad-no-se-trata-de-cantidad\/#primaryimage"},"thumbnailUrl":"https:\/\/www.diocesisciudadrodrigo.org\/blog4\/wp-content\/uploads\/2024\/01\/IMG_2771.jpg","datePublished":"2024-01-26T08:23:28+00:00","dateModified":"2024-01-26T10:22:05+00:00","breadcrumb":{"@id":"https:\/\/www.diocesisciudadrodrigo.org\/blog4\/mons-prieto-arzobispo-de-santiago-de-compostela-transparencia-es-comunicar-la-verdad-no-se-trata-de-cantidad\/#breadcrumb"},"inLanguage":"es","potentialAction":[{"@type":"ReadAction","target":["https:\/\/www.diocesisciudadrodrigo.org\/blog4\/mons-prieto-arzobispo-de-santiago-de-compostela-transparencia-es-comunicar-la-verdad-no-se-trata-de-cantidad\/"]}]},{"@type":"ImageObject","inLanguage":"es","@id":"https:\/\/www.diocesisciudadrodrigo.org\/blog4\/mons-prieto-arzobispo-de-santiago-de-compostela-transparencia-es-comunicar-la-verdad-no-se-trata-de-cantidad\/#primaryimage","url":"https:\/\/www.diocesisciudadrodrigo.org\/blog4\/wp-content\/uploads\/2024\/01\/IMG_2771.jpg","contentUrl":"https:\/\/www.diocesisciudadrodrigo.org\/blog4\/wp-content\/uploads\/2024\/01\/IMG_2771.jpg","width":2016,"height":1512},{"@type":"BreadcrumbList","@id":"https:\/\/www.diocesisciudadrodrigo.org\/blog4\/mons-prieto-arzobispo-de-santiago-de-compostela-transparencia-es-comunicar-la-verdad-no-se-trata-de-cantidad\/#breadcrumb","itemListElement":[{"@type":"ListItem","position":1,"name":"Portada","item":"https:\/\/www.diocesisciudadrodrigo.org\/blog4\/"},{"@type":"ListItem","position":2,"name":"Mons. Prieto, Arzobispo de Santiago de Compostela: \u00abTransparencia es comunicar la verdad, no se trata de cantidad\u00bb"}]},{"@type":"WebSite","@id":"https:\/\/www.diocesisciudadrodrigo.org\/blog4\/#website","url":"https:\/\/www.diocesisciudadrodrigo.org\/blog4\/","name":"Di\u00f3cesis de Ciudad Rodrigo","description":"Sitio web oficial de la di\u00f3cesis civitatense","publisher":{"@id":"https:\/\/www.diocesisciudadrodrigo.org\/blog4\/#organization"},"potentialAction":[{"@type":"SearchAction","target":{"@type":"EntryPoint","urlTemplate":"https:\/\/www.diocesisciudadrodrigo.org\/blog4\/?s={search_term_string}"},"query-input":{"@type":"PropertyValueSpecification","valueRequired":true,"valueName":"search_term_string"}}],"inLanguage":"es"},{"@type":"Organization","@id":"https:\/\/www.diocesisciudadrodrigo.org\/blog4\/#organization","name":"Di\u00f3cesis de Ciudad Rodrigo","url":"https:\/\/www.diocesisciudadrodrigo.org\/blog4\/","logo":{"@type":"ImageObject","inLanguage":"es","@id":"https:\/\/www.diocesisciudadrodrigo.org\/blog4\/#\/schema\/logo\/image\/","url":"https:\/\/www.diocesisciudadrodrigo.org\/blog4\/wp-content\/uploads\/2024\/12\/Diocesis.CMYK_-768x480-1.jpg","contentUrl":"https:\/\/www.diocesisciudadrodrigo.org\/blog4\/wp-content\/uploads\/2024\/12\/Diocesis.CMYK_-768x480-1.jpg","width":768,"height":480,"caption":"Di\u00f3cesis de Ciudad Rodrigo"},"image":{"@id":"https:\/\/www.diocesisciudadrodrigo.org\/blog4\/#\/schema\/logo\/image\/"},"sameAs":["https:\/\/www.facebook.com\/people\/Dicesis-Ciudad-Rodrigo-MCS\/100076471923419\/#"]},{"@type":"Person","@id":"https:\/\/www.diocesisciudadrodrigo.org\/blog4\/#\/schema\/person\/5fcf0ca636a75766ff70e6417b6ed052","name":"medios CR","image":{"@type":"ImageObject","inLanguage":"es","@id":"https:\/\/secure.gravatar.com\/avatar\/4a619fd0c7e36bd570f4e6e15eb09a2191185d0f63d8dbfdffe848af141ab87e?s=96&d=mm&r=g","url":"https:\/\/secure.gravatar.com\/avatar\/4a619fd0c7e36bd570f4e6e15eb09a2191185d0f63d8dbfdffe848af141ab87e?s=96&d=mm&r=g","contentUrl":"https:\/\/secure.gravatar.com\/avatar\/4a619fd0c7e36bd570f4e6e15eb09a2191185d0f63d8dbfdffe848af141ab87e?s=96&d=mm&r=g","caption":"medios CR"},"url":"https:\/\/www.diocesisciudadrodrigo.org\/blog4\/author\/admin4\/"}]}},"_links":{"self":[{"href":"https:\/\/www.diocesisciudadrodrigo.org\/blog4\/wp-json\/wp\/v2\/posts\/30638","targetHints":{"allow":["GET"]}}],"collection":[{"href":"https:\/\/www.diocesisciudadrodrigo.org\/blog4\/wp-json\/wp\/v2\/posts"}],"about":[{"href":"https:\/\/www.diocesisciudadrodrigo.org\/blog4\/wp-json\/wp\/v2\/types\/post"}],"author":[{"embeddable":true,"href":"https:\/\/www.diocesisciudadrodrigo.org\/blog4\/wp-json\/wp\/v2\/users\/1"}],"replies":[{"embeddable":true,"href":"https:\/\/www.diocesisciudadrodrigo.org\/blog4\/wp-json\/wp\/v2\/comments?post=30638"}],"version-history":[{"count":7,"href":"https:\/\/www.diocesisciudadrodrigo.org\/blog4\/wp-json\/wp\/v2\/posts\/30638\/revisions"}],"predecessor-version":[{"id":30651,"href":"https:\/\/www.diocesisciudadrodrigo.org\/blog4\/wp-json\/wp\/v2\/posts\/30638\/revisions\/30651"}],"wp:featuredmedia":[{"embeddable":true,"href":"https:\/\/www.diocesisciudadrodrigo.org\/blog4\/wp-json\/wp\/v2\/media\/30642"}],"wp:attachment":[{"href":"https:\/\/www.diocesisciudadrodrigo.org\/blog4\/wp-json\/wp\/v2\/media?parent=30638"}],"wp:term":[{"taxonomy":"category","embeddable":true,"href":"https:\/\/www.diocesisciudadrodrigo.org\/blog4\/wp-json\/wp\/v2\/categories?post=30638"},{"taxonomy":"post_tag","embeddable":true,"href":"https:\/\/www.diocesisciudadrodrigo.org\/blog4\/wp-json\/wp\/v2\/tags?post=30638"}],"curies":[{"name":"wp","href":"https:\/\/api.w.org\/{rel}","templated":true}]}}