{"id":30582,"date":"2024-01-23T20:20:09","date_gmt":"2024-01-23T19:20:09","guid":{"rendered":"https:\/\/www.diocesisciudadrodrigo.org\/blog4\/?p=30582"},"modified":"2024-01-23T20:23:15","modified_gmt":"2024-01-23T19:23:15","slug":"saludo-del-delegado-de-la-pastoral-de-la-salud-en-la-jornada-mundial-del-enfermo-y-materiales","status":"publish","type":"post","link":"https:\/\/www.diocesisciudadrodrigo.org\/blog4\/saludo-del-delegado-de-la-pastoral-de-la-salud-en-la-jornada-mundial-del-enfermo-y-materiales\/","title":{"rendered":"Saludo del Delegado de la Pastoral de la Salud en la Jornada Mundial del Enfermo y materiales"},"content":{"rendered":"\t\t<div data-elementor-type=\"wp-post\" data-elementor-id=\"30582\" class=\"elementor elementor-30582\" data-elementor-settings=\"[]\">\n\t\t\t\t\t\t<div class=\"elementor-inner\">\n\t\t\t\t\t\t\t<div class=\"elementor-section-wrap\">\n\t\t\t\t\t\t\t<section class=\"elementor-section elementor-top-section elementor-element elementor-element-40032b0 elementor-section-boxed elementor-section-height-default elementor-section-height-default\" data-id=\"40032b0\" data-element_type=\"section\">\n\t\t\t\t\t\t<div class=\"elementor-container elementor-column-gap-default\">\n\t\t\t\t\t\t\t<div class=\"elementor-row\">\n\t\t\t\t\t<div class=\"elementor-column elementor-col-100 elementor-top-column elementor-element elementor-element-76078ad\" data-id=\"76078ad\" data-element_type=\"column\">\n\t\t\t<div class=\"elementor-column-wrap elementor-element-populated\">\n\t\t\t\t\t\t\t<div class=\"elementor-widget-wrap\">\n\t\t\t\t\t\t<div class=\"elementor-element elementor-element-85e199a elementor-widget elementor-widget-text-editor\" data-id=\"85e199a\" data-element_type=\"widget\" data-widget_type=\"text-editor.default\">\n\t\t\t\t<div class=\"elementor-widget-container\">\n\t\t\t\t\t\t\t\t<div class=\"elementor-text-editor elementor-clearfix\">\n\t\t\t\t<p>Queridas familias de la Di\u00f3cesis de Ciudad Rodrigo<\/p><p>Con afecto fraterno reciban el saludo de los sacerdotes, colaboradores y voluntarios de la Delegaci\u00f3n de la Pastoral de la Salud de nuestra di\u00f3cesis.<\/p><p>En esta ocasi\u00f3n, queremos hacerles presente que el pr\u00f3ximo domingo 11 de febrero damos inicio a la Campa\u00f1a del Enfermo 2024 con la celebraci\u00f3n de la XXXII Jornada Mundial del Enfermo, que este a\u00f1o tiene el lema \u201cNo conviene que el hombre est\u00e9 solo\u201d (Gn 2,18). Con esta imagen b\u00edblica, el Papa Francisco nos recuerda que: \u201cDesde el principio, Dios, que es amor, cre\u00f3 al ser humano para la comuni\u00f3n, inscribiendo en su ser la dimensi\u00f3n relacional. As\u00ed, nuestra vida, modelada a imagen de la Trinidad, est\u00e1 llamada a realizarse plenamente en el dinamismo de las relaciones, de la amistad y del amor mutuo. Hemos sido creados para estar juntos, no solos\u201d. En sinton\u00eda con este mensaje, como Iglesia, hemos de seguir perseverando en la oraci\u00f3n y en la misi\u00f3n de acompa\u00f1amiento a nuestros hermanos enfermos y hospitalizados, especialmente a aquellos que sufren o pasan dificultad a causa de la cultura del individualismo, de la indiferencia y del descarte, en que vivimos.<\/p><p>Desde la pandemia de la Covid 19, hasta hoy, se ha acentuado el abandono y la soledad de quienes sufren, v\u00edctimas de la guerra, los desastres naturales o la violencia permanente en sus pa\u00edses, hasta el punto de que muchos hermanos viven su fragilidad y vulnerabilidad, asolados por la incertidumbre y la inseguridad actuales, \u201cen la que no se considera ya a las personas como un valor primario que hay que respetar y amparar\u201d, por encima de todo.<\/p><p>La palabra b\u00edblica \u201cno es bueno que el hombre est\u00e9 solo\u201d (Gn 2,18), se presenta como una invitaci\u00f3n a todos los cristianos para volver mostrar el rostro de Dios con una cercan\u00eda llena de compasi\u00f3n y ternura, que nos permita cuidar al enfermo, \u201ccuidando sus relaciones, todas sus relaciones; con Dios, con los dem\u00e1s \u2013 familiares, amigos, personal sanitario \u2013, con la creaci\u00f3n y consigo mismo. Todo un reto en el que hemos de embarcarnos, animados por el testimonio de amor de Jes\u00fas samaritano, y ayudados por la oraci\u00f3n y la eucarist\u00eda.<\/p><p>Junto a esto, desde el departamento de Pastoral de la Salud de la CEE, se nos propone el lema \u201cDar esperanza en la tristeza\u201d. Un mensaje en el que late la preocupaci\u00f3n de la Iglesia espa\u00f1ola por promover la toma de conciencia y la reflexi\u00f3n sobre una realidad urgente: \u201cel aumento de las personas que padecen sufrimiento psicol\u00f3gico y emocional\u201d. Esta preocupaci\u00f3n, respaldada por el dato de que \u201cEspa\u00f1a encabeza la lista de pa\u00edses que m\u00e1s ansiol\u00edticos consumen\u201d nos ha de mover a buscar y a proponer modos de acompa\u00f1amiento de estas personas a fin de que se hagan realidad las palabras del profeta Jerem\u00edas: \u201cConvertir\u00e9 su tristeza en gozo, los alegrar\u00e9 y aliviar\u00e9 sus penas\u201d (Jr 31,13)<br \/>Adem\u00e1s de la XXXII Jornada Mundial del Enfermo que celebraremos el 11 de febrero, festividad de Nuestra Se\u00f1ora de Lourdes, el 6to Domingo de Pascua (05 de mayo) concluiremos la Campa\u00f1a del Enfermo 2024 con la celebraci\u00f3n de la Pascua del Enfermo. Dos fechas que no son \u00fanicas, ni exclusivas, porque nuestra misi\u00f3n es constante y permanente en el acompa\u00f1amiento de nuestros hermanos enfermos y de aquellos que los asisten.<\/p><p>Como Delegaci\u00f3n, este a\u00f1o vamos a celebrar la Jornada Mundial del Enfermo, a nivel diocesano, con una eucarist\u00eda en la residencia \u201cEl Caracillo\u201d, el s\u00e1bado 10 de febrero a las 12:00 horas. El domingo 11 de febrero, fecha central de esta Jornada, se invita a todas las comunidades parroquiales a unirse, desde la misa dominical, a la plegaria por todos los que sufren en la enfermedad o la soledad, el abandono o la indiferencia.<\/p><p>Como pre\u00e1mbulo, d\u00edas antes de la celebraci\u00f3n de la Jornada Mundial del Enfermo, os vamos a compartir tres v\u00eddeos en los que abordaremos la realidad del enfermo, de sus familias y del entorno en el que vive.<\/p><p>En apoyo a la celebraci\u00f3n de la Campa\u00f1a de Enfermo 2024, adem\u00e1s del material que ya se puede descargar de la web de la CEE (https:\/\/www.conferenciaepiscopal.es\/jornada-del-enfermo-2024\/) compartimos con vosotros los subsidios para la celebraci\u00f3n de la eucarist\u00eda y la unci\u00f3n de los enfermos.<\/p><p>Tengan presente que estamos a su entera disposici\u00f3n, llamando al 643 289 449 o escribiendo al correo, pastoraldelasalud@diocesisciudadrodrigo.org<\/p><p>Asimismo, les recordamos que en el Hospital Cl\u00ednico de Salamanca hay un renovado equipo de sacerdotes y voluntarias que pueden atender espiritualmente a los miembros de nuestras comunidades que son hospitalizados: Tel\u00e9fono de la capellan\u00eda: 639430763.<\/p><p>Esperando que el pr\u00f3ximo 11 de febrero todos nos sintamos unidos en la plegaria por quienes viven marcados por la enfermedad y por los sanitarios que los asisten, encomendemos al Se\u00f1or y a la Virgen el servicio de caridad que realizamos en nuestras parroquias para que d\u00e9 fruto abundante en el fortalecimiento de nuestro testimonio cristiano.<\/p><p>Salud y bendiciones para todos.<\/p><p>\u00a0 \u00a0 \u00a0 \u00a0 \u00a0 \u00a0 \u00a0 \u00a0 \u00a0 \u00a0 \u00a0 \u00a0 \u00a0 \u00a0 \u00a0 \u00a0 \u00a0 \u00a0 \u00a0 \u00a0 \u00a0 \u00a0 \u00a0 \u00a0 \u00a0 \u00a0 \u00a0 \u00a0 \u00a0 \u00a0 \u00a0 \u00a0 \u00a0 \u00a0 \u00a0 \u00a0 \u00a0 \u00a0 \u00a0 \u00a0 \u00a0 \u00a0 \u00a0 \u00a0 \u00a0 \u00a0 \u00a0 \u00a0 \u00a0 \u00a0 \u00a0 \u00a0 \u00a0 \u00a0 \u00a0 \u00a0 \u00a0 \u00a0 \u00a0 \u00a0 \u00a0 \u00a0 \u00a0 \u00a0 \u00a0 \u00a0 \u00a0 \u00a0 \u00a0 \u00a0 \u00a0 \u00a0 \u00a0 \u00a0 \u00a0 \u00a0 \u00a0 \u00a0 \u00a0 \u00a0 \u00a0 \u00a0 \u00a0 \u00a0 \u00a0 <strong>\u00a0Carlos Norberto G\u00f3mez Jim\u00e9nez<\/strong><br \/>\u00a0 \u00a0 \u00a0 \u00a0 \u00a0 \u00a0 \u00a0 \u00a0 \u00a0 \u00a0 \u00a0 \u00a0 \u00a0 \u00a0 \u00a0 \u00a0 \u00a0 \u00a0 \u00a0 \u00a0 \u00a0 \u00a0 \u00a0 \u00a0 \u00a0 \u00a0 \u00a0 \u00a0 \u00a0 \u00a0 \u00a0 \u00a0 \u00a0 \u00a0 \u00a0 \u00a0 \u00a0 \u00a0 \u00a0 \u00a0 \u00a0 \u00a0 \u00a0 \u00a0 \u00a0 \u00a0 \u00a0 \u00a0 \u00a0 \u00a0 \u00a0 \u00a0 \u00a0 \u00a0 \u00a0 \u00a0 \u00a0 \u00a0 \u00a0 \u00a0 \u00a0 \u00a0 \u00a0 \u00a0 \u00a0 \u00a0 \u00a0 \u00a0 \u00a0 \u00a0 \u00a0 \u00a0 \u00a0 \u00a0 \u00a0 \u00a0 \u00a0 \u00a0 \u00a0 \u00a0 \u00a0 \u00a0 \u00a0 \u00a0 Delegaci\u00f3n de Pastoral de la Salud<br \/>\u00a0 \u00a0 \u00a0 \u00a0 \u00a0 \u00a0 \u00a0 \u00a0 \u00a0 \u00a0 \u00a0 \u00a0 \u00a0 \u00a0 \u00a0 \u00a0 \u00a0 \u00a0 \u00a0 \u00a0 \u00a0 \u00a0 \u00a0 \u00a0 \u00a0 \u00a0 \u00a0 \u00a0 \u00a0 \u00a0 \u00a0 \u00a0 \u00a0 \u00a0 \u00a0 \u00a0 \u00a0 \u00a0 \u00a0 \u00a0 \u00a0 \u00a0 \u00a0 \u00a0 \u00a0 \u00a0 \u00a0 \u00a0 \u00a0 \u00a0 \u00a0 \u00a0 \u00a0 \u00a0 \u00a0 \u00a0 \u00a0 \u00a0 \u00a0 \u00a0 \u00a0 \u00a0 \u00a0 \u00a0 \u00a0 \u00a0 \u00a0 \u00a0 \u00a0 \u00a0 \u00a0 \u00a0 \u00a0 \u00a0 \u00a0 \u00a0 \u00a0 \u00a0 \u00a0 \u00a0 \u00a0 \u00a0 \u00a0 \u00a0 Di\u00f3cesis de Ciudad Rodrigo<\/p><p>\u00a0<\/p><p><strong>MATERIALES:<\/strong><\/p><p><a href=\"https:\/\/www.diocesisciudadrodrigo.org\/blog4\/wp-content\/uploads\/2024\/01\/Subsidio-para-la-Misa-del-11-de-febrero.pdf\" target=\"_blank\" rel=\"noopener\">Subsidio para la Misa del 11 de febrero<\/a><\/p><p><a href=\"https:\/\/www.diocesisciudadrodrigo.org\/blog4\/wp-content\/uploads\/2024\/01\/Subsidio-para-la-Unicion-de-los-Enfermos-en-Residencias-JME-2024.pdf\" target=\"_blank\" rel=\"noopener\">Subsidio para la Unci\u00f3n de los enfermos en residencias<\/a><\/p><p><a href=\"https:\/\/www.diocesisciudadrodrigo.org\/blog4\/wp-content\/uploads\/2024\/01\/Tema-1-Sufrimiento-trastornos-mentales.-Compasio\u0301n-y-esperanza.pdf\" target=\"_blank\" rel=\"noopener\">Tema 1. El sufrimiento en los trastornos mentales. Compasi\u00f3n y esperanza<\/a><\/p><p><a href=\"https:\/\/www.diocesisciudadrodrigo.org\/blog4\/wp-content\/uploads\/2024\/01\/Tema-2-Sufrimiento-sicolo\u0301gico.-Perspectiva-bi\u0301blica.pdf\" target=\"_blank\" rel=\"noopener\">Tema 2. El sufrimiento psicol\u00f3gico. Perspectiva b\u00edblica<\/a><\/p>\t\t\t\t\t<\/div>\n\t\t\t\t\t\t<\/div>\n\t\t\t\t<\/div>\n\t\t\t\t\t\t<\/div>\n\t\t\t\t\t<\/div>\n\t\t<\/div>\n\t\t\t\t\t\t\t\t<\/div>\n\t\t\t\t\t<\/div>\n\t\t<\/section>\n\t\t\t\t<section class=\"elementor-section elementor-top-section elementor-element elementor-element-4771278 elementor-section-boxed elementor-section-height-default elementor-section-height-default\" data-id=\"4771278\" data-element_type=\"section\">\n\t\t\t\t\t\t<div class=\"elementor-container elementor-column-gap-default\">\n\t\t\t\t\t\t\t<div class=\"elementor-row\">\n\t\t\t\t\t<div class=\"elementor-column elementor-col-100 elementor-top-column elementor-element elementor-element-581756c\" data-id=\"581756c\" data-element_type=\"column\">\n\t\t\t<div class=\"elementor-column-wrap elementor-element-populated\">\n\t\t\t\t\t\t\t<div class=\"elementor-widget-wrap\">\n\t\t\t\t\t\t<div class=\"elementor-element elementor-element-b8a8960 elementor-widget-divider--view-line elementor-widget elementor-widget-divider\" data-id=\"b8a8960\" data-element_type=\"widget\" data-widget_type=\"divider.default\">\n\t\t\t\t<div class=\"elementor-widget-container\">\n\t\t\t\t\t<div class=\"elementor-divider\">\n\t\t\t<span class=\"elementor-divider-separator\">\n\t\t\t\t\t\t<\/span>\n\t\t<\/div>\n\t\t\t\t<\/div>\n\t\t\t\t<\/div>\n\t\t\t\t\t\t<\/div>\n\t\t\t\t\t<\/div>\n\t\t<\/div>\n\t\t\t\t\t\t\t\t<\/div>\n\t\t\t\t\t<\/div>\n\t\t<\/section>\n\t\t\t\t<section class=\"elementor-section elementor-top-section elementor-element elementor-element-32e25da elementor-section-boxed elementor-section-height-default elementor-section-height-default\" data-id=\"32e25da\" data-element_type=\"section\">\n\t\t\t\t\t\t<div class=\"elementor-container elementor-column-gap-default\">\n\t\t\t\t\t\t\t<div class=\"elementor-row\">\n\t\t\t\t\t<div class=\"elementor-column elementor-col-50 elementor-top-column elementor-element elementor-element-291d40d\" data-id=\"291d40d\" data-element_type=\"column\">\n\t\t\t<div class=\"elementor-column-wrap elementor-element-populated\">\n\t\t\t\t\t\t\t<div class=\"elementor-widget-wrap\">\n\t\t\t\t\t\t<div class=\"elementor-element elementor-element-3313283 elementor-widget elementor-widget-button\" data-id=\"3313283\" data-element_type=\"widget\" data-widget_type=\"button.default\">\n\t\t\t\t<div class=\"elementor-widget-container\">\n\t\t\t\t\t<div class=\"elementor-button-wrapper\">\n\t\t\t<a href=\"https:\/\/www.diocesisciudadrodrigo.org\/blog4\/wp-content\/uploads\/2024\/01\/Estampa-Campan\u0303a-Enfermo-2024.pdf\" target=\"_blank\" class=\"elementor-button-link elementor-button elementor-size-sm\" role=\"button\">\n\t\t\t\t\t\t<span class=\"elementor-button-content-wrapper\">\n\t\t\t\t\t\t<span class=\"elementor-button-text\">Estampa<\/span>\n\t\t<\/span>\n\t\t\t\t\t<\/a>\n\t\t<\/div>\n\t\t\t\t<\/div>\n\t\t\t\t<\/div>\n\t\t\t\t\t\t<\/div>\n\t\t\t\t\t<\/div>\n\t\t<\/div>\n\t\t\t\t<div class=\"elementor-column elementor-col-50 elementor-top-column elementor-element elementor-element-f8a831c\" data-id=\"f8a831c\" data-element_type=\"column\">\n\t\t\t<div class=\"elementor-column-wrap elementor-element-populated\">\n\t\t\t\t\t\t\t<div class=\"elementor-widget-wrap\">\n\t\t\t\t\t\t<div class=\"elementor-element elementor-element-44b55ce elementor-widget elementor-widget-text-editor\" data-id=\"44b55ce\" data-element_type=\"widget\" data-widget_type=\"text-editor.default\">\n\t\t\t\t<div class=\"elementor-widget-container\">\n\t\t\t\t\t\t\t\t<div class=\"elementor-text-editor elementor-clearfix\">\n\t\t\t\t<p>[pdf-embedder url=\u00bbhttps:\/\/www.diocesisciudadrodrigo.org\/blog4\/wp-content\/uploads\/2024\/01\/Estampa-Campan\u0303a-Enfermo-2024.pdf\u00bb title=\u00bbEstampa Campan\u0303a Enfermo 2024&#8243;]<\/p>\t\t\t\t\t<\/div>\n\t\t\t\t\t\t<\/div>\n\t\t\t\t<\/div>\n\t\t\t\t\t\t<\/div>\n\t\t\t\t\t<\/div>\n\t\t<\/div>\n\t\t\t\t\t\t\t\t<\/div>\n\t\t\t\t\t<\/div>\n\t\t<\/section>\n\t\t\t\t<section class=\"elementor-section elementor-top-section elementor-element elementor-element-b0574f0 elementor-section-boxed elementor-section-height-default elementor-section-height-default\" data-id=\"b0574f0\" data-element_type=\"section\">\n\t\t\t\t\t\t<div class=\"elementor-container elementor-column-gap-default\">\n\t\t\t\t\t\t\t<div class=\"elementor-row\">\n\t\t\t\t\t<div class=\"elementor-column elementor-col-100 elementor-top-column elementor-element elementor-element-b92dfb6\" data-id=\"b92dfb6\" data-element_type=\"column\">\n\t\t\t<div class=\"elementor-column-wrap elementor-element-populated\">\n\t\t\t\t\t\t\t<div class=\"elementor-widget-wrap\">\n\t\t\t\t\t\t<div class=\"elementor-element elementor-element-c49f49a elementor-widget-divider--view-line elementor-widget elementor-widget-divider\" data-id=\"c49f49a\" data-element_type=\"widget\" data-widget_type=\"divider.default\">\n\t\t\t\t<div class=\"elementor-widget-container\">\n\t\t\t\t\t<div class=\"elementor-divider\">\n\t\t\t<span class=\"elementor-divider-separator\">\n\t\t\t\t\t\t<\/span>\n\t\t<\/div>\n\t\t\t\t<\/div>\n\t\t\t\t<\/div>\n\t\t\t\t\t\t<\/div>\n\t\t\t\t\t<\/div>\n\t\t<\/div>\n\t\t\t\t\t\t\t\t<\/div>\n\t\t\t\t\t<\/div>\n\t\t<\/section>\n\t\t\t\t<section class=\"elementor-section elementor-top-section elementor-element elementor-element-c344b1b elementor-section-boxed elementor-section-height-default elementor-section-height-default\" data-id=\"c344b1b\" data-element_type=\"section\">\n\t\t\t\t\t\t<div class=\"elementor-container elementor-column-gap-default\">\n\t\t\t\t\t\t\t<div class=\"elementor-row\">\n\t\t\t\t\t<div class=\"elementor-column elementor-col-100 elementor-top-column elementor-element elementor-element-d5ddc4a\" data-id=\"d5ddc4a\" data-element_type=\"column\">\n\t\t\t<div class=\"elementor-column-wrap elementor-element-populated\">\n\t\t\t\t\t\t\t<div class=\"elementor-widget-wrap\">\n\t\t\t\t\t\t<div class=\"elementor-element elementor-element-e121d55 elementor-widget elementor-widget-image\" data-id=\"e121d55\" data-element_type=\"widget\" data-widget_type=\"image.default\">\n\t\t\t\t<div class=\"elementor-widget-container\">\n\t\t\t\t\t\t\t\t<div class=\"elementor-image\">\n\t\t\t\t\t\t\t\t\t\t\t\t<img loading=\"lazy\" decoding=\"async\" width=\"1024\" height=\"727\" src=\"https:\/\/www.diocesisciudadrodrigo.org\/blog4\/wp-content\/uploads\/2024\/01\/cartelsalud-1024x727.png\" class=\"attachment-large size-large\" alt=\"\" srcset=\"https:\/\/www.diocesisciudadrodrigo.org\/blog4\/wp-content\/uploads\/2024\/01\/cartelsalud-1024x727.png 1024w, https:\/\/www.diocesisciudadrodrigo.org\/blog4\/wp-content\/uploads\/2024\/01\/cartelsalud-300x213.png 300w, https:\/\/www.diocesisciudadrodrigo.org\/blog4\/wp-content\/uploads\/2024\/01\/cartelsalud-768x545.png 768w, https:\/\/www.diocesisciudadrodrigo.org\/blog4\/wp-content\/uploads\/2024\/01\/cartelsalud-350x248.png 350w, https:\/\/www.diocesisciudadrodrigo.org\/blog4\/wp-content\/uploads\/2024\/01\/cartelsalud.png 1264w\" sizes=\"auto, (max-width: 1024px) 100vw, 1024px\" \/>\t\t\t\t\t\t\t\t\t\t\t\t\t\t<\/div>\n\t\t\t\t\t\t<\/div>\n\t\t\t\t<\/div>\n\t\t\t\t\t\t<\/div>\n\t\t\t\t\t<\/div>\n\t\t<\/div>\n\t\t\t\t\t\t\t\t<\/div>\n\t\t\t\t\t<\/div>\n\t\t<\/section>\n\t\t\t\t\t\t<\/div>\n\t\t\t\t\t\t<\/div>\n\t\t\t\t\t<\/div>\n\t\t","protected":false},"excerpt":{"rendered":"<p>Queridas familias de la Di\u00f3cesis de Ciudad Rodrigo Con afecto fraterno reciban el saludo de los sacerdotes, colaboradores y voluntarios de la Delegaci\u00f3n de la Pastoral de la Salud de &#8230; <\/p>\n<p class=\"read-more-container\"><a title=\"Saludo del Delegado de la Pastoral de la Salud en la Jornada Mundial del Enfermo y materiales\" class=\"read-more button\" href=\"https:\/\/www.diocesisciudadrodrigo.org\/blog4\/saludo-del-delegado-de-la-pastoral-de-la-salud-en-la-jornada-mundial-del-enfermo-y-materiales\/#more-30582\" aria-label=\"M\u00e1s en Saludo del Delegado de la Pastoral de la Salud en la Jornada Mundial del Enfermo y materiales\">Leer m\u00e1s &#8230;<\/a><\/p>\n","protected":false},"author":1,"featured_media":30574,"comment_status":"closed","ping_status":"closed","sticky":false,"template":"","format":"standard","meta":{"footnotes":""},"categories":[6],"tags":[],"class_list":["post-30582","post","type-post","status-publish","format-standard","has-post-thumbnail","hentry","category-noticias","masonry-post","generate-columns","tablet-grid-50","mobile-grid-100","grid-parent","grid-50"],"yoast_head":"<!-- This site is optimized with the Yoast SEO plugin v27.3 - https:\/\/yoast.com\/product\/yoast-seo-wordpress\/ -->\n<title>Saludo del Delegado de la Pastoral de la Salud en la Jornada Mundial del Enfermo y materiales - Di\u00f3cesis de Ciudad Rodrigo<\/title>\n<meta name=\"robots\" content=\"index, follow, max-snippet:-1, max-image-preview:large, max-video-preview:-1\" \/>\n<link rel=\"canonical\" href=\"https:\/\/www.diocesisciudadrodrigo.org\/blog4\/saludo-del-delegado-de-la-pastoral-de-la-salud-en-la-jornada-mundial-del-enfermo-y-materiales\/\" \/>\n<meta property=\"og:locale\" content=\"es_ES\" \/>\n<meta property=\"og:type\" content=\"article\" \/>\n<meta property=\"og:title\" content=\"Saludo del Delegado de la Pastoral de la Salud en la Jornada Mundial del Enfermo y materiales - Di\u00f3cesis de Ciudad Rodrigo\" \/>\n<meta property=\"og:description\" content=\"Queridas familias de la Di\u00f3cesis de Ciudad Rodrigo Con afecto fraterno reciban el saludo de los sacerdotes, colaboradores y voluntarios de la Delegaci\u00f3n de la Pastoral de la Salud de ... Leer m\u00e1s ...\" \/>\n<meta property=\"og:url\" content=\"https:\/\/www.diocesisciudadrodrigo.org\/blog4\/saludo-del-delegado-de-la-pastoral-de-la-salud-en-la-jornada-mundial-del-enfermo-y-materiales\/\" \/>\n<meta property=\"og:site_name\" content=\"Di\u00f3cesis de Ciudad Rodrigo\" \/>\n<meta property=\"article:publisher\" content=\"https:\/\/www.facebook.com\/people\/Dicesis-Ciudad-Rodrigo-MCS\/100076471923419\/#\" \/>\n<meta property=\"article:published_time\" content=\"2024-01-23T19:20:09+00:00\" \/>\n<meta property=\"article:modified_time\" content=\"2024-01-23T19:23:15+00:00\" \/>\n<meta property=\"og:image\" content=\"https:\/\/www.diocesisciudadrodrigo.org\/blog4\/wp-content\/uploads\/2024\/01\/cartelsalud.png\" \/>\n\t<meta property=\"og:image:width\" content=\"1264\" \/>\n\t<meta property=\"og:image:height\" content=\"897\" \/>\n\t<meta property=\"og:image:type\" content=\"image\/png\" \/>\n<meta name=\"author\" content=\"medios CR\" \/>\n<meta name=\"twitter:card\" content=\"summary_large_image\" \/>\n<meta name=\"twitter:label1\" content=\"Escrito por\" \/>\n\t<meta name=\"twitter:data1\" content=\"medios CR\" \/>\n\t<meta name=\"twitter:label2\" content=\"Tiempo de lectura\" \/>\n\t<meta name=\"twitter:data2\" content=\"5 minutos\" \/>\n<script type=\"application\/ld+json\" class=\"yoast-schema-graph\">{\"@context\":\"https:\\\/\\\/schema.org\",\"@graph\":[{\"@type\":\"Article\",\"@id\":\"https:\\\/\\\/www.diocesisciudadrodrigo.org\\\/blog4\\\/saludo-del-delegado-de-la-pastoral-de-la-salud-en-la-jornada-mundial-del-enfermo-y-materiales\\\/#article\",\"isPartOf\":{\"@id\":\"https:\\\/\\\/www.diocesisciudadrodrigo.org\\\/blog4\\\/saludo-del-delegado-de-la-pastoral-de-la-salud-en-la-jornada-mundial-del-enfermo-y-materiales\\\/\"},\"author\":{\"name\":\"medios CR\",\"@id\":\"https:\\\/\\\/www.diocesisciudadrodrigo.org\\\/blog4\\\/#\\\/schema\\\/person\\\/5fcf0ca636a75766ff70e6417b6ed052\"},\"headline\":\"Saludo del Delegado de la Pastoral de la Salud en la Jornada Mundial del Enfermo y materiales\",\"datePublished\":\"2024-01-23T19:20:09+00:00\",\"dateModified\":\"2024-01-23T19:23:15+00:00\",\"mainEntityOfPage\":{\"@id\":\"https:\\\/\\\/www.diocesisciudadrodrigo.org\\\/blog4\\\/saludo-del-delegado-de-la-pastoral-de-la-salud-en-la-jornada-mundial-del-enfermo-y-materiales\\\/\"},\"wordCount\":960,\"publisher\":{\"@id\":\"https:\\\/\\\/www.diocesisciudadrodrigo.org\\\/blog4\\\/#organization\"},\"image\":{\"@id\":\"https:\\\/\\\/www.diocesisciudadrodrigo.org\\\/blog4\\\/saludo-del-delegado-de-la-pastoral-de-la-salud-en-la-jornada-mundial-del-enfermo-y-materiales\\\/#primaryimage\"},\"thumbnailUrl\":\"https:\\\/\\\/www.diocesisciudadrodrigo.org\\\/blog4\\\/wp-content\\\/uploads\\\/2024\\\/01\\\/cartelsalud.png\",\"articleSection\":[\"Noticias\"],\"inLanguage\":\"es\"},{\"@type\":\"WebPage\",\"@id\":\"https:\\\/\\\/www.diocesisciudadrodrigo.org\\\/blog4\\\/saludo-del-delegado-de-la-pastoral-de-la-salud-en-la-jornada-mundial-del-enfermo-y-materiales\\\/\",\"url\":\"https:\\\/\\\/www.diocesisciudadrodrigo.org\\\/blog4\\\/saludo-del-delegado-de-la-pastoral-de-la-salud-en-la-jornada-mundial-del-enfermo-y-materiales\\\/\",\"name\":\"Saludo del Delegado de la Pastoral de la Salud en la Jornada Mundial del Enfermo y materiales - Di\u00f3cesis de Ciudad Rodrigo\",\"isPartOf\":{\"@id\":\"https:\\\/\\\/www.diocesisciudadrodrigo.org\\\/blog4\\\/#website\"},\"primaryImageOfPage\":{\"@id\":\"https:\\\/\\\/www.diocesisciudadrodrigo.org\\\/blog4\\\/saludo-del-delegado-de-la-pastoral-de-la-salud-en-la-jornada-mundial-del-enfermo-y-materiales\\\/#primaryimage\"},\"image\":{\"@id\":\"https:\\\/\\\/www.diocesisciudadrodrigo.org\\\/blog4\\\/saludo-del-delegado-de-la-pastoral-de-la-salud-en-la-jornada-mundial-del-enfermo-y-materiales\\\/#primaryimage\"},\"thumbnailUrl\":\"https:\\\/\\\/www.diocesisciudadrodrigo.org\\\/blog4\\\/wp-content\\\/uploads\\\/2024\\\/01\\\/cartelsalud.png\",\"datePublished\":\"2024-01-23T19:20:09+00:00\",\"dateModified\":\"2024-01-23T19:23:15+00:00\",\"breadcrumb\":{\"@id\":\"https:\\\/\\\/www.diocesisciudadrodrigo.org\\\/blog4\\\/saludo-del-delegado-de-la-pastoral-de-la-salud-en-la-jornada-mundial-del-enfermo-y-materiales\\\/#breadcrumb\"},\"inLanguage\":\"es\",\"potentialAction\":[{\"@type\":\"ReadAction\",\"target\":[\"https:\\\/\\\/www.diocesisciudadrodrigo.org\\\/blog4\\\/saludo-del-delegado-de-la-pastoral-de-la-salud-en-la-jornada-mundial-del-enfermo-y-materiales\\\/\"]}]},{\"@type\":\"ImageObject\",\"inLanguage\":\"es\",\"@id\":\"https:\\\/\\\/www.diocesisciudadrodrigo.org\\\/blog4\\\/saludo-del-delegado-de-la-pastoral-de-la-salud-en-la-jornada-mundial-del-enfermo-y-materiales\\\/#primaryimage\",\"url\":\"https:\\\/\\\/www.diocesisciudadrodrigo.org\\\/blog4\\\/wp-content\\\/uploads\\\/2024\\\/01\\\/cartelsalud.png\",\"contentUrl\":\"https:\\\/\\\/www.diocesisciudadrodrigo.org\\\/blog4\\\/wp-content\\\/uploads\\\/2024\\\/01\\\/cartelsalud.png\",\"width\":1264,\"height\":897},{\"@type\":\"BreadcrumbList\",\"@id\":\"https:\\\/\\\/www.diocesisciudadrodrigo.org\\\/blog4\\\/saludo-del-delegado-de-la-pastoral-de-la-salud-en-la-jornada-mundial-del-enfermo-y-materiales\\\/#breadcrumb\",\"itemListElement\":[{\"@type\":\"ListItem\",\"position\":1,\"name\":\"Portada\",\"item\":\"https:\\\/\\\/www.diocesisciudadrodrigo.org\\\/blog4\\\/\"},{\"@type\":\"ListItem\",\"position\":2,\"name\":\"Saludo del Delegado de la Pastoral de la Salud en la Jornada Mundial del Enfermo y materiales\"}]},{\"@type\":\"WebSite\",\"@id\":\"https:\\\/\\\/www.diocesisciudadrodrigo.org\\\/blog4\\\/#website\",\"url\":\"https:\\\/\\\/www.diocesisciudadrodrigo.org\\\/blog4\\\/\",\"name\":\"Di\u00f3cesis de Ciudad Rodrigo\",\"description\":\"Sitio web oficial de la di\u00f3cesis civitatense\",\"publisher\":{\"@id\":\"https:\\\/\\\/www.diocesisciudadrodrigo.org\\\/blog4\\\/#organization\"},\"potentialAction\":[{\"@type\":\"SearchAction\",\"target\":{\"@type\":\"EntryPoint\",\"urlTemplate\":\"https:\\\/\\\/www.diocesisciudadrodrigo.org\\\/blog4\\\/?s={search_term_string}\"},\"query-input\":{\"@type\":\"PropertyValueSpecification\",\"valueRequired\":true,\"valueName\":\"search_term_string\"}}],\"inLanguage\":\"es\"},{\"@type\":\"Organization\",\"@id\":\"https:\\\/\\\/www.diocesisciudadrodrigo.org\\\/blog4\\\/#organization\",\"name\":\"Di\u00f3cesis de Ciudad Rodrigo\",\"url\":\"https:\\\/\\\/www.diocesisciudadrodrigo.org\\\/blog4\\\/\",\"logo\":{\"@type\":\"ImageObject\",\"inLanguage\":\"es\",\"@id\":\"https:\\\/\\\/www.diocesisciudadrodrigo.org\\\/blog4\\\/#\\\/schema\\\/logo\\\/image\\\/\",\"url\":\"https:\\\/\\\/www.diocesisciudadrodrigo.org\\\/blog4\\\/wp-content\\\/uploads\\\/2024\\\/12\\\/Diocesis.CMYK_-768x480-1.jpg\",\"contentUrl\":\"https:\\\/\\\/www.diocesisciudadrodrigo.org\\\/blog4\\\/wp-content\\\/uploads\\\/2024\\\/12\\\/Diocesis.CMYK_-768x480-1.jpg\",\"width\":768,\"height\":480,\"caption\":\"Di\u00f3cesis de Ciudad Rodrigo\"},\"image\":{\"@id\":\"https:\\\/\\\/www.diocesisciudadrodrigo.org\\\/blog4\\\/#\\\/schema\\\/logo\\\/image\\\/\"},\"sameAs\":[\"https:\\\/\\\/www.facebook.com\\\/people\\\/Dicesis-Ciudad-Rodrigo-MCS\\\/100076471923419\\\/#\"]},{\"@type\":\"Person\",\"@id\":\"https:\\\/\\\/www.diocesisciudadrodrigo.org\\\/blog4\\\/#\\\/schema\\\/person\\\/5fcf0ca636a75766ff70e6417b6ed052\",\"name\":\"medios CR\",\"image\":{\"@type\":\"ImageObject\",\"inLanguage\":\"es\",\"@id\":\"https:\\\/\\\/secure.gravatar.com\\\/avatar\\\/4a619fd0c7e36bd570f4e6e15eb09a2191185d0f63d8dbfdffe848af141ab87e?s=96&d=mm&r=g\",\"url\":\"https:\\\/\\\/secure.gravatar.com\\\/avatar\\\/4a619fd0c7e36bd570f4e6e15eb09a2191185d0f63d8dbfdffe848af141ab87e?s=96&d=mm&r=g\",\"contentUrl\":\"https:\\\/\\\/secure.gravatar.com\\\/avatar\\\/4a619fd0c7e36bd570f4e6e15eb09a2191185d0f63d8dbfdffe848af141ab87e?s=96&d=mm&r=g\",\"caption\":\"medios CR\"},\"url\":\"https:\\\/\\\/www.diocesisciudadrodrigo.org\\\/blog4\\\/author\\\/admin4\\\/\"}]}<\/script>\n<!-- \/ Yoast SEO plugin. -->","yoast_head_json":{"title":"Saludo del Delegado de la Pastoral de la Salud en la Jornada Mundial del Enfermo y materiales - Di\u00f3cesis de Ciudad Rodrigo","robots":{"index":"index","follow":"follow","max-snippet":"max-snippet:-1","max-image-preview":"max-image-preview:large","max-video-preview":"max-video-preview:-1"},"canonical":"https:\/\/www.diocesisciudadrodrigo.org\/blog4\/saludo-del-delegado-de-la-pastoral-de-la-salud-en-la-jornada-mundial-del-enfermo-y-materiales\/","og_locale":"es_ES","og_type":"article","og_title":"Saludo del Delegado de la Pastoral de la Salud en la Jornada Mundial del Enfermo y materiales - Di\u00f3cesis de Ciudad Rodrigo","og_description":"Queridas familias de la Di\u00f3cesis de Ciudad Rodrigo Con afecto fraterno reciban el saludo de los sacerdotes, colaboradores y voluntarios de la Delegaci\u00f3n de la Pastoral de la Salud de ... Leer m\u00e1s ...","og_url":"https:\/\/www.diocesisciudadrodrigo.org\/blog4\/saludo-del-delegado-de-la-pastoral-de-la-salud-en-la-jornada-mundial-del-enfermo-y-materiales\/","og_site_name":"Di\u00f3cesis de Ciudad Rodrigo","article_publisher":"https:\/\/www.facebook.com\/people\/Dicesis-Ciudad-Rodrigo-MCS\/100076471923419\/#","article_published_time":"2024-01-23T19:20:09+00:00","article_modified_time":"2024-01-23T19:23:15+00:00","og_image":[{"width":1264,"height":897,"url":"https:\/\/www.diocesisciudadrodrigo.org\/blog4\/wp-content\/uploads\/2024\/01\/cartelsalud.png","type":"image\/png"}],"author":"medios CR","twitter_card":"summary_large_image","twitter_misc":{"Escrito por":"medios CR","Tiempo de lectura":"5 minutos"},"schema":{"@context":"https:\/\/schema.org","@graph":[{"@type":"Article","@id":"https:\/\/www.diocesisciudadrodrigo.org\/blog4\/saludo-del-delegado-de-la-pastoral-de-la-salud-en-la-jornada-mundial-del-enfermo-y-materiales\/#article","isPartOf":{"@id":"https:\/\/www.diocesisciudadrodrigo.org\/blog4\/saludo-del-delegado-de-la-pastoral-de-la-salud-en-la-jornada-mundial-del-enfermo-y-materiales\/"},"author":{"name":"medios CR","@id":"https:\/\/www.diocesisciudadrodrigo.org\/blog4\/#\/schema\/person\/5fcf0ca636a75766ff70e6417b6ed052"},"headline":"Saludo del Delegado de la Pastoral de la Salud en la Jornada Mundial del Enfermo y materiales","datePublished":"2024-01-23T19:20:09+00:00","dateModified":"2024-01-23T19:23:15+00:00","mainEntityOfPage":{"@id":"https:\/\/www.diocesisciudadrodrigo.org\/blog4\/saludo-del-delegado-de-la-pastoral-de-la-salud-en-la-jornada-mundial-del-enfermo-y-materiales\/"},"wordCount":960,"publisher":{"@id":"https:\/\/www.diocesisciudadrodrigo.org\/blog4\/#organization"},"image":{"@id":"https:\/\/www.diocesisciudadrodrigo.org\/blog4\/saludo-del-delegado-de-la-pastoral-de-la-salud-en-la-jornada-mundial-del-enfermo-y-materiales\/#primaryimage"},"thumbnailUrl":"https:\/\/www.diocesisciudadrodrigo.org\/blog4\/wp-content\/uploads\/2024\/01\/cartelsalud.png","articleSection":["Noticias"],"inLanguage":"es"},{"@type":"WebPage","@id":"https:\/\/www.diocesisciudadrodrigo.org\/blog4\/saludo-del-delegado-de-la-pastoral-de-la-salud-en-la-jornada-mundial-del-enfermo-y-materiales\/","url":"https:\/\/www.diocesisciudadrodrigo.org\/blog4\/saludo-del-delegado-de-la-pastoral-de-la-salud-en-la-jornada-mundial-del-enfermo-y-materiales\/","name":"Saludo del Delegado de la Pastoral de la Salud en la Jornada Mundial del Enfermo y materiales - Di\u00f3cesis de Ciudad Rodrigo","isPartOf":{"@id":"https:\/\/www.diocesisciudadrodrigo.org\/blog4\/#website"},"primaryImageOfPage":{"@id":"https:\/\/www.diocesisciudadrodrigo.org\/blog4\/saludo-del-delegado-de-la-pastoral-de-la-salud-en-la-jornada-mundial-del-enfermo-y-materiales\/#primaryimage"},"image":{"@id":"https:\/\/www.diocesisciudadrodrigo.org\/blog4\/saludo-del-delegado-de-la-pastoral-de-la-salud-en-la-jornada-mundial-del-enfermo-y-materiales\/#primaryimage"},"thumbnailUrl":"https:\/\/www.diocesisciudadrodrigo.org\/blog4\/wp-content\/uploads\/2024\/01\/cartelsalud.png","datePublished":"2024-01-23T19:20:09+00:00","dateModified":"2024-01-23T19:23:15+00:00","breadcrumb":{"@id":"https:\/\/www.diocesisciudadrodrigo.org\/blog4\/saludo-del-delegado-de-la-pastoral-de-la-salud-en-la-jornada-mundial-del-enfermo-y-materiales\/#breadcrumb"},"inLanguage":"es","potentialAction":[{"@type":"ReadAction","target":["https:\/\/www.diocesisciudadrodrigo.org\/blog4\/saludo-del-delegado-de-la-pastoral-de-la-salud-en-la-jornada-mundial-del-enfermo-y-materiales\/"]}]},{"@type":"ImageObject","inLanguage":"es","@id":"https:\/\/www.diocesisciudadrodrigo.org\/blog4\/saludo-del-delegado-de-la-pastoral-de-la-salud-en-la-jornada-mundial-del-enfermo-y-materiales\/#primaryimage","url":"https:\/\/www.diocesisciudadrodrigo.org\/blog4\/wp-content\/uploads\/2024\/01\/cartelsalud.png","contentUrl":"https:\/\/www.diocesisciudadrodrigo.org\/blog4\/wp-content\/uploads\/2024\/01\/cartelsalud.png","width":1264,"height":897},{"@type":"BreadcrumbList","@id":"https:\/\/www.diocesisciudadrodrigo.org\/blog4\/saludo-del-delegado-de-la-pastoral-de-la-salud-en-la-jornada-mundial-del-enfermo-y-materiales\/#breadcrumb","itemListElement":[{"@type":"ListItem","position":1,"name":"Portada","item":"https:\/\/www.diocesisciudadrodrigo.org\/blog4\/"},{"@type":"ListItem","position":2,"name":"Saludo del Delegado de la Pastoral de la Salud en la Jornada Mundial del Enfermo y materiales"}]},{"@type":"WebSite","@id":"https:\/\/www.diocesisciudadrodrigo.org\/blog4\/#website","url":"https:\/\/www.diocesisciudadrodrigo.org\/blog4\/","name":"Di\u00f3cesis de Ciudad Rodrigo","description":"Sitio web oficial de la di\u00f3cesis civitatense","publisher":{"@id":"https:\/\/www.diocesisciudadrodrigo.org\/blog4\/#organization"},"potentialAction":[{"@type":"SearchAction","target":{"@type":"EntryPoint","urlTemplate":"https:\/\/www.diocesisciudadrodrigo.org\/blog4\/?s={search_term_string}"},"query-input":{"@type":"PropertyValueSpecification","valueRequired":true,"valueName":"search_term_string"}}],"inLanguage":"es"},{"@type":"Organization","@id":"https:\/\/www.diocesisciudadrodrigo.org\/blog4\/#organization","name":"Di\u00f3cesis de Ciudad Rodrigo","url":"https:\/\/www.diocesisciudadrodrigo.org\/blog4\/","logo":{"@type":"ImageObject","inLanguage":"es","@id":"https:\/\/www.diocesisciudadrodrigo.org\/blog4\/#\/schema\/logo\/image\/","url":"https:\/\/www.diocesisciudadrodrigo.org\/blog4\/wp-content\/uploads\/2024\/12\/Diocesis.CMYK_-768x480-1.jpg","contentUrl":"https:\/\/www.diocesisciudadrodrigo.org\/blog4\/wp-content\/uploads\/2024\/12\/Diocesis.CMYK_-768x480-1.jpg","width":768,"height":480,"caption":"Di\u00f3cesis de Ciudad Rodrigo"},"image":{"@id":"https:\/\/www.diocesisciudadrodrigo.org\/blog4\/#\/schema\/logo\/image\/"},"sameAs":["https:\/\/www.facebook.com\/people\/Dicesis-Ciudad-Rodrigo-MCS\/100076471923419\/#"]},{"@type":"Person","@id":"https:\/\/www.diocesisciudadrodrigo.org\/blog4\/#\/schema\/person\/5fcf0ca636a75766ff70e6417b6ed052","name":"medios CR","image":{"@type":"ImageObject","inLanguage":"es","@id":"https:\/\/secure.gravatar.com\/avatar\/4a619fd0c7e36bd570f4e6e15eb09a2191185d0f63d8dbfdffe848af141ab87e?s=96&d=mm&r=g","url":"https:\/\/secure.gravatar.com\/avatar\/4a619fd0c7e36bd570f4e6e15eb09a2191185d0f63d8dbfdffe848af141ab87e?s=96&d=mm&r=g","contentUrl":"https:\/\/secure.gravatar.com\/avatar\/4a619fd0c7e36bd570f4e6e15eb09a2191185d0f63d8dbfdffe848af141ab87e?s=96&d=mm&r=g","caption":"medios CR"},"url":"https:\/\/www.diocesisciudadrodrigo.org\/blog4\/author\/admin4\/"}]}},"_links":{"self":[{"href":"https:\/\/www.diocesisciudadrodrigo.org\/blog4\/wp-json\/wp\/v2\/posts\/30582","targetHints":{"allow":["GET"]}}],"collection":[{"href":"https:\/\/www.diocesisciudadrodrigo.org\/blog4\/wp-json\/wp\/v2\/posts"}],"about":[{"href":"https:\/\/www.diocesisciudadrodrigo.org\/blog4\/wp-json\/wp\/v2\/types\/post"}],"author":[{"embeddable":true,"href":"https:\/\/www.diocesisciudadrodrigo.org\/blog4\/wp-json\/wp\/v2\/users\/1"}],"replies":[{"embeddable":true,"href":"https:\/\/www.diocesisciudadrodrigo.org\/blog4\/wp-json\/wp\/v2\/comments?post=30582"}],"version-history":[{"count":7,"href":"https:\/\/www.diocesisciudadrodrigo.org\/blog4\/wp-json\/wp\/v2\/posts\/30582\/revisions"}],"predecessor-version":[{"id":30590,"href":"https:\/\/www.diocesisciudadrodrigo.org\/blog4\/wp-json\/wp\/v2\/posts\/30582\/revisions\/30590"}],"wp:featuredmedia":[{"embeddable":true,"href":"https:\/\/www.diocesisciudadrodrigo.org\/blog4\/wp-json\/wp\/v2\/media\/30574"}],"wp:attachment":[{"href":"https:\/\/www.diocesisciudadrodrigo.org\/blog4\/wp-json\/wp\/v2\/media?parent=30582"}],"wp:term":[{"taxonomy":"category","embeddable":true,"href":"https:\/\/www.diocesisciudadrodrigo.org\/blog4\/wp-json\/wp\/v2\/categories?post=30582"},{"taxonomy":"post_tag","embeddable":true,"href":"https:\/\/www.diocesisciudadrodrigo.org\/blog4\/wp-json\/wp\/v2\/tags?post=30582"}],"curies":[{"name":"wp","href":"https:\/\/api.w.org\/{rel}","templated":true}]}}