{"id":30538,"date":"2024-01-19T13:23:20","date_gmt":"2024-01-19T12:23:20","guid":{"rendered":"https:\/\/www.diocesisciudadrodrigo.org\/blog4\/?p=30538"},"modified":"2024-01-19T13:26:46","modified_gmt":"2024-01-19T12:26:46","slug":"mensaje-del-papa-francisco-para-la-jornada-mundial-del-enfermo-hagamos-crecer-la-cultura-de-la-ternura","status":"publish","type":"post","link":"https:\/\/www.diocesisciudadrodrigo.org\/blog4\/mensaje-del-papa-francisco-para-la-jornada-mundial-del-enfermo-hagamos-crecer-la-cultura-de-la-ternura\/","title":{"rendered":"Mensaje del papa Francisco para la Jornada Mundial del Enfermo: hagamos crecer la cultura de la ternura"},"content":{"rendered":"\t\t<div data-elementor-type=\"wp-post\" data-elementor-id=\"30538\" class=\"elementor elementor-30538\" data-elementor-settings=\"[]\">\n\t\t\t\t\t\t<div class=\"elementor-inner\">\n\t\t\t\t\t\t\t<div class=\"elementor-section-wrap\">\n\t\t\t\t\t\t\t<section class=\"elementor-section elementor-top-section elementor-element elementor-element-5b369b1 elementor-section-boxed elementor-section-height-default elementor-section-height-default\" data-id=\"5b369b1\" data-element_type=\"section\">\n\t\t\t\t\t\t<div class=\"elementor-container elementor-column-gap-default\">\n\t\t\t\t\t\t\t<div class=\"elementor-row\">\n\t\t\t\t\t<div class=\"elementor-column elementor-col-100 elementor-top-column elementor-element elementor-element-47c5a55\" data-id=\"47c5a55\" data-element_type=\"column\">\n\t\t\t<div class=\"elementor-column-wrap elementor-element-populated\">\n\t\t\t\t\t\t\t<div class=\"elementor-widget-wrap\">\n\t\t\t\t\t\t<div class=\"elementor-element elementor-element-c6c4505 elementor-widget elementor-widget-text-editor\" data-id=\"c6c4505\" data-element_type=\"widget\" data-widget_type=\"text-editor.default\">\n\t\t\t\t<div class=\"elementor-widget-container\">\n\t\t\t\t\t\t\t\t<div class=\"elementor-text-editor elementor-clearfix\">\n\t\t\t\t<p>\u00abDar esperanza en la tristeza\u00bb es el lema que propone el departamento de Pastoral de la Salud para la Campa\u00f1a del Enfermo 2024. Una Campa\u00f1a que la Iglesia en Espa\u00f1a inicia el 11 de febrero, festividad de la Virgen de Lourdes, con la Jornada del Enfermo a nivel mundial y se cierra el 5 de mayo, con la Pascua del Enfermo.<\/p><p>El papa Francisco tambi\u00e9n ha hecho p\u00fablico su mensaje para esta Jornada que encabeza con el t\u00edtulo, \u00ab\u00abNo conviene que el hombre est\u00e9 solo\u00bb. Cuidar al enfermo cuidando las relaciones\u00ab. El Santo Padre recuerda que \u00ablos cristianos estamos especialmente llamados a hacer nuestra la mirada compasiva de Jes\u00fas\u00bb. Por eso, invita a cuidar \u00aba quienes sufren y est\u00e1n solos, e incluso marginados y descartados. Con el amor rec\u00edproco que Cristo Se\u00f1or nos da en la oraci\u00f3n, sobre todo en la Eucarist\u00eda, sanemos las heridas de la soledad y del aislamiento. Cooperemos as\u00ed a contrarrestar la cultura del individualismo, de la indiferencia, del descarte, y hagamos crecer la cultura de la ternura y de la compasi\u00f3n\u00ab. \u00abLos enfermos, los fr\u00e1giles, los pobres -se\u00f1ala el papa Francisco- est\u00e1n en el coraz\u00f3n de la Iglesia y deben estar tambi\u00e9n en el centro de nuestra atenci\u00f3n humana y solicitud pastoral\u00ab.<\/p><p><strong>Mensaje del papa Francisco<\/strong><\/p><p>\u00abNo conviene que el hombre est\u00e9 solo\u00bb.<br \/>Cuidar al enfermo cuidando las relaciones<br \/>(texto \u00edntegro)<\/p><p>\u00abNo conviene que el hombre est\u00e9 solo\u00bb (Gn 2,18). Desde el principio, Dios, que es amor, cre\u00f3 el ser humano para la comuni\u00f3n, inscribiendo en su ser la dimensi\u00f3n relacional. As\u00ed, nuestra vida, modelada a imagen de la Trinidad, est\u00e1 llamada a realizarse plenamente en el dinamismo de las relaciones, de la amistad y del amor mutuo. Hemos sido creados para estar juntos, no solos. Y es precisamente porque este proyecto de comuni\u00f3n est\u00e1 inscrito en lo m\u00e1s profundo del coraz\u00f3n humano, que la experiencia del abandono y de la soledad nos asusta, es dolorosa e, incluso, inhumana. Y lo es a\u00fan m\u00e1s en tiempos de fragilidad, incertidumbre e inseguridad, provocadas, muchas veces, por la aparici\u00f3n de alguna enfermedad grave.<\/p><p>Pienso, por ejemplo, en cuantos estuvieron terriblemente solos durante la pandemia de Covid-19; en los pacientes que no pod\u00edan recibir visitas, pero tambi\u00e9n en los enfermeros, m\u00e9dicos y personal de apoyo, sobrecargados de trabajo y encerrados en las salas de aislamiento. Y obviamente no olvidemos a quienes debieron afrontar solos la hora de la muerte, solo asistidos por el personal sanitario, pero lejos de sus propias familias.<\/p><p>Al mismo tiempo, me uno con dolor a la condici\u00f3n de sufrimiento y soledad de quienes, a causa de la guerra y sus tr\u00e1gicas consecuencias, se encuentran sin apoyo y sin asistencia. La guerra es la m\u00e1s terrible de las enfermedades sociales y son las personas m\u00e1s fr\u00e1giles las que pagan el precio m\u00e1s alto.<\/p><p>Sin embargo, es necesario subrayar que, tambi\u00e9n en los pa\u00edses que gozan de paz y cuentan con mayores recursos, el tiempo de la vejez y de la enfermedad se vive a menudo en la soledad y, a veces, incluso en el abandono. Esta triste realidad es consecuencia sobre todo de la cultura del individualismo, que exalta el rendimiento a toda costa y cultiva el mito de la eficiencia, volvi\u00e9ndose indiferente e incluso despiadada cuando las personas ya no tienen la fuerza necesaria para seguir ese ritmo. Se convierte entonces en una cultura del descarte, en la que \u00abno se considera ya a las personas como un valor primario que hay que respetar y amparar, especialmente si son pobres o discapacitadas, si \u201ctodav\u00eda no son \u00fatiles\u201d \u2014como los no nacidos\u2014, o si \u201cya no sirven\u201d \u2014como los ancianos\u2014.\u00bb (Carta enc. Fratelli tutti, 18). Desgraciadamente, esta l\u00f3gica tambi\u00e9n prevalece en determinadas opciones pol\u00edticas, que no son capaces de poner en el centro la dignidad de la persona humana y sus necesidades, y no siempre favorecen las estrategias y los medios necesarios para garantizar el derecho fundamental a la salud y el acceso a los cuidados m\u00e9dicos a todo ser humano. Al mismo tiempo, el abandono de las personas fr\u00e1giles y su soledad tambi\u00e9n se agravan por el hecho de reducir los cuidados \u00fanicamente a servicios de salud, sin que \u00e9stos vayan sabiamente acompa\u00f1ados por una \u201calianza terap\u00e9utica\u201d entre m\u00e9dico, paciente y familiares.<\/p><p>Nos hace bien volver a escuchar esa palabra b\u00edblica: \u00a1no conviene que el hombre est\u00e9 solo! Dios la pronuncia al comienzo mismo de la creaci\u00f3n y nos revela as\u00ed el sentido profundo de su designio sobre la humanidad, pero, al mismo tiempo, tambi\u00e9n la herida mortal del pecado, que se introduce generando recelos, fracturas, divisiones y, por tanto, aislamiento. Esto afecta a la persona en todas sus relaciones; con Dios, consigo misma, con los dem\u00e1s y con la creaci\u00f3n. Ese aislamiento nos hace perder el sentido de la existencia, nos roba la alegr\u00eda del amor y nos hace experimentar una opresiva sensaci\u00f3n de soledad en todas las etapas cruciales de la vida.<\/p><p>Hermanos y hermanas, el primer cuidado del que tenemos necesidad en la enfermedad es el de una cercan\u00eda llena de compasi\u00f3n y de ternura. Por eso, cuidar al enfermo significa, ante todo, cuidar sus relaciones, todas sus relaciones; con Dios, con los dem\u00e1s \u2014familiares, amigos, personal sanitario\u2014, con la creaci\u00f3n y consigo mismo. \u00bfEs esto posible? Claro que es posible, y todos estamos llamados a comprometernos para que sea as\u00ed. Fij\u00e9monos en la imagen del Buen Samaritano (cf. Lc 10, 25-37), en su capacidad para aminorar el paso y hacerse pr\u00f3jimo, en la actitud de ternura con que alivia las heridas del hermano que sufre.<\/p><p>Recordemos esta verdad central de nuestra vida, que hemos venido al mundo porque alguien nos ha acogido. Hemos sido hechos para el amor, estamos llamados a la comuni\u00f3n y a la fraternidad. Esta dimensi\u00f3n de nuestro ser nos sostiene de manera particular en tiempos de enfermedad y fragilidad, y es la primera terapia que debemos adoptar todos juntos para curar las enfermedades de la sociedad en la que vivimos.<\/p><p>A ustedes que padecen una enfermedad, temporal o cr\u00f3nica, me gustar\u00eda decirles: \u00a1no se averg\u00fcencen de su deseo de cercan\u00eda y ternura! No lo oculten y no piensen nunca que son una carga para los dem\u00e1s. La condici\u00f3n de los enfermos nos invita a todos a frenar los ritmos exasperados en los que estamos inmersos y a redescubrirnos a nosotros mismos.<\/p><p>En este cambio de \u00e9poca en el que vivimos, nosotros los cristianos estamos especialmente llamados a hacer nuestra la mirada compasiva de Jes\u00fas. Cuidemos a quienes sufren y est\u00e1n solos, e incluso marginados y descartados. Con el amor rec\u00edproco que Cristo Se\u00f1or nos da en la oraci\u00f3n, sobre todo en la Eucarist\u00eda, sanemos las heridas de la soledad y del aislamiento. Cooperemos as\u00ed a contrarrestar la cultura del individualismo, de la indiferencia, del descarte, y hagamos crecer la cultura de la ternura y de la compasi\u00f3n.<\/p><p>Los enfermos, los fr\u00e1giles, los pobres est\u00e1n en el coraz\u00f3n de la Iglesia y deben estar tambi\u00e9n en el centro de nuestra atenci\u00f3n humana y solicitud pastoral. No olvidemos esto. Y encomend\u00e9monos a Mar\u00eda Sant\u00edsima, Salud de los Enfermos, para que interceda por nosotros y nos ayude a ser art\u00edfices de cercan\u00eda y de relaciones fraternas.<\/p><p>Roma, San Juan de Letr\u00e1n, 10 de enero de 2024<br \/>Francisco<\/p><p>\u00a0<\/p>\t\t\t\t\t<\/div>\n\t\t\t\t\t\t<\/div>\n\t\t\t\t<\/div>\n\t\t\t\t\t\t<\/div>\n\t\t\t\t\t<\/div>\n\t\t<\/div>\n\t\t\t\t\t\t\t\t<\/div>\n\t\t\t\t\t<\/div>\n\t\t<\/section>\n\t\t\t\t<section class=\"elementor-section elementor-top-section elementor-element elementor-element-4b616c4 elementor-section-boxed elementor-section-height-default elementor-section-height-default\" data-id=\"4b616c4\" data-element_type=\"section\">\n\t\t\t\t\t\t<div class=\"elementor-container elementor-column-gap-default\">\n\t\t\t\t\t\t\t<div class=\"elementor-row\">\n\t\t\t\t\t<div class=\"elementor-column elementor-col-100 elementor-top-column elementor-element elementor-element-c6ef689\" data-id=\"c6ef689\" data-element_type=\"column\">\n\t\t\t<div class=\"elementor-column-wrap elementor-element-populated\">\n\t\t\t\t\t\t\t<div class=\"elementor-widget-wrap\">\n\t\t\t\t\t\t<div class=\"elementor-element elementor-element-c4bba72 elementor-widget elementor-widget-image\" data-id=\"c4bba72\" data-element_type=\"widget\" data-widget_type=\"image.default\">\n\t\t\t\t<div class=\"elementor-widget-container\">\n\t\t\t\t\t\t\t\t<div class=\"elementor-image\">\n\t\t\t\t\t\t\t\t\t\t\t\t<img loading=\"lazy\" decoding=\"async\" width=\"800\" height=\"600\" src=\"https:\/\/www.diocesisciudadrodrigo.org\/blog4\/wp-content\/uploads\/2024\/01\/2024-jornada-del-enfermo.jpg\" class=\"attachment-large size-large\" alt=\"\" srcset=\"https:\/\/www.diocesisciudadrodrigo.org\/blog4\/wp-content\/uploads\/2024\/01\/2024-jornada-del-enfermo.jpg 800w, https:\/\/www.diocesisciudadrodrigo.org\/blog4\/wp-content\/uploads\/2024\/01\/2024-jornada-del-enfermo-300x225.jpg 300w, https:\/\/www.diocesisciudadrodrigo.org\/blog4\/wp-content\/uploads\/2024\/01\/2024-jornada-del-enfermo-768x576.jpg 768w, https:\/\/www.diocesisciudadrodrigo.org\/blog4\/wp-content\/uploads\/2024\/01\/2024-jornada-del-enfermo-350x263.jpg 350w\" sizes=\"auto, (max-width: 800px) 100vw, 800px\" \/>\t\t\t\t\t\t\t\t\t\t\t\t\t\t<\/div>\n\t\t\t\t\t\t<\/div>\n\t\t\t\t<\/div>\n\t\t\t\t\t\t<\/div>\n\t\t\t\t\t<\/div>\n\t\t<\/div>\n\t\t\t\t\t\t\t\t<\/div>\n\t\t\t\t\t<\/div>\n\t\t<\/section>\n\t\t\t\t\t\t<\/div>\n\t\t\t\t\t\t<\/div>\n\t\t\t\t\t<\/div>\n\t\t","protected":false},"excerpt":{"rendered":"<p>\u00abDar esperanza en la tristeza\u00bb es el lema que propone el departamento de Pastoral de la Salud para la Campa\u00f1a del Enfermo 2024. Una Campa\u00f1a que la Iglesia en Espa\u00f1a &#8230; <\/p>\n<p class=\"read-more-container\"><a title=\"Mensaje del papa Francisco para la Jornada Mundial del Enfermo: hagamos crecer la cultura de la ternura\" class=\"read-more button\" href=\"https:\/\/www.diocesisciudadrodrigo.org\/blog4\/mensaje-del-papa-francisco-para-la-jornada-mundial-del-enfermo-hagamos-crecer-la-cultura-de-la-ternura\/#more-30538\" aria-label=\"M\u00e1s en Mensaje del papa Francisco para la Jornada Mundial del Enfermo: hagamos crecer la cultura de la ternura\">Leer m\u00e1s &#8230;<\/a><\/p>\n","protected":false},"author":1,"featured_media":30539,"comment_status":"closed","ping_status":"closed","sticky":false,"template":"","format":"standard","meta":{"footnotes":""},"categories":[6],"tags":[],"class_list":["post-30538","post","type-post","status-publish","format-standard","has-post-thumbnail","hentry","category-noticias","masonry-post","generate-columns","tablet-grid-50","mobile-grid-100","grid-parent","grid-50"],"yoast_head":"<!-- This site is optimized with the Yoast SEO plugin v27.3 - https:\/\/yoast.com\/product\/yoast-seo-wordpress\/ -->\n<title>Mensaje del papa Francisco para la Jornada Mundial del Enfermo: hagamos crecer la cultura de la ternura - Di\u00f3cesis de Ciudad Rodrigo<\/title>\n<meta name=\"robots\" content=\"index, follow, max-snippet:-1, max-image-preview:large, max-video-preview:-1\" \/>\n<link rel=\"canonical\" href=\"https:\/\/www.diocesisciudadrodrigo.org\/blog4\/mensaje-del-papa-francisco-para-la-jornada-mundial-del-enfermo-hagamos-crecer-la-cultura-de-la-ternura\/\" \/>\n<meta property=\"og:locale\" content=\"es_ES\" \/>\n<meta property=\"og:type\" content=\"article\" \/>\n<meta property=\"og:title\" content=\"Mensaje del papa Francisco para la Jornada Mundial del Enfermo: hagamos crecer la cultura de la ternura - Di\u00f3cesis de Ciudad Rodrigo\" \/>\n<meta property=\"og:description\" content=\"\u00abDar esperanza en la tristeza\u00bb es el lema que propone el departamento de Pastoral de la Salud para la Campa\u00f1a del Enfermo 2024. Una Campa\u00f1a que la Iglesia en Espa\u00f1a ... Leer m\u00e1s ...\" \/>\n<meta property=\"og:url\" content=\"https:\/\/www.diocesisciudadrodrigo.org\/blog4\/mensaje-del-papa-francisco-para-la-jornada-mundial-del-enfermo-hagamos-crecer-la-cultura-de-la-ternura\/\" \/>\n<meta property=\"og:site_name\" content=\"Di\u00f3cesis de Ciudad Rodrigo\" \/>\n<meta property=\"article:publisher\" content=\"https:\/\/www.facebook.com\/people\/Dicesis-Ciudad-Rodrigo-MCS\/100076471923419\/#\" \/>\n<meta property=\"article:published_time\" content=\"2024-01-19T12:23:20+00:00\" \/>\n<meta property=\"article:modified_time\" content=\"2024-01-19T12:26:46+00:00\" \/>\n<meta property=\"og:image\" content=\"https:\/\/www.diocesisciudadrodrigo.org\/blog4\/wp-content\/uploads\/2024\/01\/2024-jornada-del-enfermo.jpg\" \/>\n\t<meta property=\"og:image:width\" content=\"800\" \/>\n\t<meta property=\"og:image:height\" content=\"600\" \/>\n\t<meta property=\"og:image:type\" content=\"image\/jpeg\" \/>\n<meta name=\"author\" content=\"medios CR\" \/>\n<meta name=\"twitter:card\" content=\"summary_large_image\" \/>\n<meta name=\"twitter:label1\" content=\"Escrito por\" \/>\n\t<meta name=\"twitter:data1\" content=\"medios CR\" \/>\n\t<meta name=\"twitter:label2\" content=\"Tiempo de lectura\" \/>\n\t<meta name=\"twitter:data2\" content=\"6 minutos\" \/>\n<script type=\"application\/ld+json\" class=\"yoast-schema-graph\">{\"@context\":\"https:\\\/\\\/schema.org\",\"@graph\":[{\"@type\":\"Article\",\"@id\":\"https:\\\/\\\/www.diocesisciudadrodrigo.org\\\/blog4\\\/mensaje-del-papa-francisco-para-la-jornada-mundial-del-enfermo-hagamos-crecer-la-cultura-de-la-ternura\\\/#article\",\"isPartOf\":{\"@id\":\"https:\\\/\\\/www.diocesisciudadrodrigo.org\\\/blog4\\\/mensaje-del-papa-francisco-para-la-jornada-mundial-del-enfermo-hagamos-crecer-la-cultura-de-la-ternura\\\/\"},\"author\":{\"name\":\"medios CR\",\"@id\":\"https:\\\/\\\/www.diocesisciudadrodrigo.org\\\/blog4\\\/#\\\/schema\\\/person\\\/5fcf0ca636a75766ff70e6417b6ed052\"},\"headline\":\"Mensaje del papa Francisco para la Jornada Mundial del Enfermo: hagamos crecer la cultura de la ternura\",\"datePublished\":\"2024-01-19T12:23:20+00:00\",\"dateModified\":\"2024-01-19T12:26:46+00:00\",\"mainEntityOfPage\":{\"@id\":\"https:\\\/\\\/www.diocesisciudadrodrigo.org\\\/blog4\\\/mensaje-del-papa-francisco-para-la-jornada-mundial-del-enfermo-hagamos-crecer-la-cultura-de-la-ternura\\\/\"},\"wordCount\":1305,\"publisher\":{\"@id\":\"https:\\\/\\\/www.diocesisciudadrodrigo.org\\\/blog4\\\/#organization\"},\"image\":{\"@id\":\"https:\\\/\\\/www.diocesisciudadrodrigo.org\\\/blog4\\\/mensaje-del-papa-francisco-para-la-jornada-mundial-del-enfermo-hagamos-crecer-la-cultura-de-la-ternura\\\/#primaryimage\"},\"thumbnailUrl\":\"https:\\\/\\\/www.diocesisciudadrodrigo.org\\\/blog4\\\/wp-content\\\/uploads\\\/2024\\\/01\\\/2024-jornada-del-enfermo.jpg\",\"articleSection\":[\"Noticias\"],\"inLanguage\":\"es\"},{\"@type\":\"WebPage\",\"@id\":\"https:\\\/\\\/www.diocesisciudadrodrigo.org\\\/blog4\\\/mensaje-del-papa-francisco-para-la-jornada-mundial-del-enfermo-hagamos-crecer-la-cultura-de-la-ternura\\\/\",\"url\":\"https:\\\/\\\/www.diocesisciudadrodrigo.org\\\/blog4\\\/mensaje-del-papa-francisco-para-la-jornada-mundial-del-enfermo-hagamos-crecer-la-cultura-de-la-ternura\\\/\",\"name\":\"Mensaje del papa Francisco para la Jornada Mundial del Enfermo: hagamos crecer la cultura de la ternura - Di\u00f3cesis de Ciudad Rodrigo\",\"isPartOf\":{\"@id\":\"https:\\\/\\\/www.diocesisciudadrodrigo.org\\\/blog4\\\/#website\"},\"primaryImageOfPage\":{\"@id\":\"https:\\\/\\\/www.diocesisciudadrodrigo.org\\\/blog4\\\/mensaje-del-papa-francisco-para-la-jornada-mundial-del-enfermo-hagamos-crecer-la-cultura-de-la-ternura\\\/#primaryimage\"},\"image\":{\"@id\":\"https:\\\/\\\/www.diocesisciudadrodrigo.org\\\/blog4\\\/mensaje-del-papa-francisco-para-la-jornada-mundial-del-enfermo-hagamos-crecer-la-cultura-de-la-ternura\\\/#primaryimage\"},\"thumbnailUrl\":\"https:\\\/\\\/www.diocesisciudadrodrigo.org\\\/blog4\\\/wp-content\\\/uploads\\\/2024\\\/01\\\/2024-jornada-del-enfermo.jpg\",\"datePublished\":\"2024-01-19T12:23:20+00:00\",\"dateModified\":\"2024-01-19T12:26:46+00:00\",\"breadcrumb\":{\"@id\":\"https:\\\/\\\/www.diocesisciudadrodrigo.org\\\/blog4\\\/mensaje-del-papa-francisco-para-la-jornada-mundial-del-enfermo-hagamos-crecer-la-cultura-de-la-ternura\\\/#breadcrumb\"},\"inLanguage\":\"es\",\"potentialAction\":[{\"@type\":\"ReadAction\",\"target\":[\"https:\\\/\\\/www.diocesisciudadrodrigo.org\\\/blog4\\\/mensaje-del-papa-francisco-para-la-jornada-mundial-del-enfermo-hagamos-crecer-la-cultura-de-la-ternura\\\/\"]}]},{\"@type\":\"ImageObject\",\"inLanguage\":\"es\",\"@id\":\"https:\\\/\\\/www.diocesisciudadrodrigo.org\\\/blog4\\\/mensaje-del-papa-francisco-para-la-jornada-mundial-del-enfermo-hagamos-crecer-la-cultura-de-la-ternura\\\/#primaryimage\",\"url\":\"https:\\\/\\\/www.diocesisciudadrodrigo.org\\\/blog4\\\/wp-content\\\/uploads\\\/2024\\\/01\\\/2024-jornada-del-enfermo.jpg\",\"contentUrl\":\"https:\\\/\\\/www.diocesisciudadrodrigo.org\\\/blog4\\\/wp-content\\\/uploads\\\/2024\\\/01\\\/2024-jornada-del-enfermo.jpg\",\"width\":800,\"height\":600},{\"@type\":\"BreadcrumbList\",\"@id\":\"https:\\\/\\\/www.diocesisciudadrodrigo.org\\\/blog4\\\/mensaje-del-papa-francisco-para-la-jornada-mundial-del-enfermo-hagamos-crecer-la-cultura-de-la-ternura\\\/#breadcrumb\",\"itemListElement\":[{\"@type\":\"ListItem\",\"position\":1,\"name\":\"Portada\",\"item\":\"https:\\\/\\\/www.diocesisciudadrodrigo.org\\\/blog4\\\/\"},{\"@type\":\"ListItem\",\"position\":2,\"name\":\"Mensaje del papa Francisco para la Jornada Mundial del Enfermo: hagamos crecer la cultura de la ternura\"}]},{\"@type\":\"WebSite\",\"@id\":\"https:\\\/\\\/www.diocesisciudadrodrigo.org\\\/blog4\\\/#website\",\"url\":\"https:\\\/\\\/www.diocesisciudadrodrigo.org\\\/blog4\\\/\",\"name\":\"Di\u00f3cesis de Ciudad Rodrigo\",\"description\":\"Sitio web oficial de la di\u00f3cesis civitatense\",\"publisher\":{\"@id\":\"https:\\\/\\\/www.diocesisciudadrodrigo.org\\\/blog4\\\/#organization\"},\"potentialAction\":[{\"@type\":\"SearchAction\",\"target\":{\"@type\":\"EntryPoint\",\"urlTemplate\":\"https:\\\/\\\/www.diocesisciudadrodrigo.org\\\/blog4\\\/?s={search_term_string}\"},\"query-input\":{\"@type\":\"PropertyValueSpecification\",\"valueRequired\":true,\"valueName\":\"search_term_string\"}}],\"inLanguage\":\"es\"},{\"@type\":\"Organization\",\"@id\":\"https:\\\/\\\/www.diocesisciudadrodrigo.org\\\/blog4\\\/#organization\",\"name\":\"Di\u00f3cesis de Ciudad Rodrigo\",\"url\":\"https:\\\/\\\/www.diocesisciudadrodrigo.org\\\/blog4\\\/\",\"logo\":{\"@type\":\"ImageObject\",\"inLanguage\":\"es\",\"@id\":\"https:\\\/\\\/www.diocesisciudadrodrigo.org\\\/blog4\\\/#\\\/schema\\\/logo\\\/image\\\/\",\"url\":\"https:\\\/\\\/www.diocesisciudadrodrigo.org\\\/blog4\\\/wp-content\\\/uploads\\\/2024\\\/12\\\/Diocesis.CMYK_-768x480-1.jpg\",\"contentUrl\":\"https:\\\/\\\/www.diocesisciudadrodrigo.org\\\/blog4\\\/wp-content\\\/uploads\\\/2024\\\/12\\\/Diocesis.CMYK_-768x480-1.jpg\",\"width\":768,\"height\":480,\"caption\":\"Di\u00f3cesis de Ciudad Rodrigo\"},\"image\":{\"@id\":\"https:\\\/\\\/www.diocesisciudadrodrigo.org\\\/blog4\\\/#\\\/schema\\\/logo\\\/image\\\/\"},\"sameAs\":[\"https:\\\/\\\/www.facebook.com\\\/people\\\/Dicesis-Ciudad-Rodrigo-MCS\\\/100076471923419\\\/#\"]},{\"@type\":\"Person\",\"@id\":\"https:\\\/\\\/www.diocesisciudadrodrigo.org\\\/blog4\\\/#\\\/schema\\\/person\\\/5fcf0ca636a75766ff70e6417b6ed052\",\"name\":\"medios CR\",\"image\":{\"@type\":\"ImageObject\",\"inLanguage\":\"es\",\"@id\":\"https:\\\/\\\/secure.gravatar.com\\\/avatar\\\/4a619fd0c7e36bd570f4e6e15eb09a2191185d0f63d8dbfdffe848af141ab87e?s=96&d=mm&r=g\",\"url\":\"https:\\\/\\\/secure.gravatar.com\\\/avatar\\\/4a619fd0c7e36bd570f4e6e15eb09a2191185d0f63d8dbfdffe848af141ab87e?s=96&d=mm&r=g\",\"contentUrl\":\"https:\\\/\\\/secure.gravatar.com\\\/avatar\\\/4a619fd0c7e36bd570f4e6e15eb09a2191185d0f63d8dbfdffe848af141ab87e?s=96&d=mm&r=g\",\"caption\":\"medios CR\"},\"url\":\"https:\\\/\\\/www.diocesisciudadrodrigo.org\\\/blog4\\\/author\\\/admin4\\\/\"}]}<\/script>\n<!-- \/ Yoast SEO plugin. -->","yoast_head_json":{"title":"Mensaje del papa Francisco para la Jornada Mundial del Enfermo: hagamos crecer la cultura de la ternura - Di\u00f3cesis de Ciudad Rodrigo","robots":{"index":"index","follow":"follow","max-snippet":"max-snippet:-1","max-image-preview":"max-image-preview:large","max-video-preview":"max-video-preview:-1"},"canonical":"https:\/\/www.diocesisciudadrodrigo.org\/blog4\/mensaje-del-papa-francisco-para-la-jornada-mundial-del-enfermo-hagamos-crecer-la-cultura-de-la-ternura\/","og_locale":"es_ES","og_type":"article","og_title":"Mensaje del papa Francisco para la Jornada Mundial del Enfermo: hagamos crecer la cultura de la ternura - Di\u00f3cesis de Ciudad Rodrigo","og_description":"\u00abDar esperanza en la tristeza\u00bb es el lema que propone el departamento de Pastoral de la Salud para la Campa\u00f1a del Enfermo 2024. Una Campa\u00f1a que la Iglesia en Espa\u00f1a ... Leer m\u00e1s ...","og_url":"https:\/\/www.diocesisciudadrodrigo.org\/blog4\/mensaje-del-papa-francisco-para-la-jornada-mundial-del-enfermo-hagamos-crecer-la-cultura-de-la-ternura\/","og_site_name":"Di\u00f3cesis de Ciudad Rodrigo","article_publisher":"https:\/\/www.facebook.com\/people\/Dicesis-Ciudad-Rodrigo-MCS\/100076471923419\/#","article_published_time":"2024-01-19T12:23:20+00:00","article_modified_time":"2024-01-19T12:26:46+00:00","og_image":[{"width":800,"height":600,"url":"https:\/\/www.diocesisciudadrodrigo.org\/blog4\/wp-content\/uploads\/2024\/01\/2024-jornada-del-enfermo.jpg","type":"image\/jpeg"}],"author":"medios CR","twitter_card":"summary_large_image","twitter_misc":{"Escrito por":"medios CR","Tiempo de lectura":"6 minutos"},"schema":{"@context":"https:\/\/schema.org","@graph":[{"@type":"Article","@id":"https:\/\/www.diocesisciudadrodrigo.org\/blog4\/mensaje-del-papa-francisco-para-la-jornada-mundial-del-enfermo-hagamos-crecer-la-cultura-de-la-ternura\/#article","isPartOf":{"@id":"https:\/\/www.diocesisciudadrodrigo.org\/blog4\/mensaje-del-papa-francisco-para-la-jornada-mundial-del-enfermo-hagamos-crecer-la-cultura-de-la-ternura\/"},"author":{"name":"medios CR","@id":"https:\/\/www.diocesisciudadrodrigo.org\/blog4\/#\/schema\/person\/5fcf0ca636a75766ff70e6417b6ed052"},"headline":"Mensaje del papa Francisco para la Jornada Mundial del Enfermo: hagamos crecer la cultura de la ternura","datePublished":"2024-01-19T12:23:20+00:00","dateModified":"2024-01-19T12:26:46+00:00","mainEntityOfPage":{"@id":"https:\/\/www.diocesisciudadrodrigo.org\/blog4\/mensaje-del-papa-francisco-para-la-jornada-mundial-del-enfermo-hagamos-crecer-la-cultura-de-la-ternura\/"},"wordCount":1305,"publisher":{"@id":"https:\/\/www.diocesisciudadrodrigo.org\/blog4\/#organization"},"image":{"@id":"https:\/\/www.diocesisciudadrodrigo.org\/blog4\/mensaje-del-papa-francisco-para-la-jornada-mundial-del-enfermo-hagamos-crecer-la-cultura-de-la-ternura\/#primaryimage"},"thumbnailUrl":"https:\/\/www.diocesisciudadrodrigo.org\/blog4\/wp-content\/uploads\/2024\/01\/2024-jornada-del-enfermo.jpg","articleSection":["Noticias"],"inLanguage":"es"},{"@type":"WebPage","@id":"https:\/\/www.diocesisciudadrodrigo.org\/blog4\/mensaje-del-papa-francisco-para-la-jornada-mundial-del-enfermo-hagamos-crecer-la-cultura-de-la-ternura\/","url":"https:\/\/www.diocesisciudadrodrigo.org\/blog4\/mensaje-del-papa-francisco-para-la-jornada-mundial-del-enfermo-hagamos-crecer-la-cultura-de-la-ternura\/","name":"Mensaje del papa Francisco para la Jornada Mundial del Enfermo: hagamos crecer la cultura de la ternura - Di\u00f3cesis de Ciudad Rodrigo","isPartOf":{"@id":"https:\/\/www.diocesisciudadrodrigo.org\/blog4\/#website"},"primaryImageOfPage":{"@id":"https:\/\/www.diocesisciudadrodrigo.org\/blog4\/mensaje-del-papa-francisco-para-la-jornada-mundial-del-enfermo-hagamos-crecer-la-cultura-de-la-ternura\/#primaryimage"},"image":{"@id":"https:\/\/www.diocesisciudadrodrigo.org\/blog4\/mensaje-del-papa-francisco-para-la-jornada-mundial-del-enfermo-hagamos-crecer-la-cultura-de-la-ternura\/#primaryimage"},"thumbnailUrl":"https:\/\/www.diocesisciudadrodrigo.org\/blog4\/wp-content\/uploads\/2024\/01\/2024-jornada-del-enfermo.jpg","datePublished":"2024-01-19T12:23:20+00:00","dateModified":"2024-01-19T12:26:46+00:00","breadcrumb":{"@id":"https:\/\/www.diocesisciudadrodrigo.org\/blog4\/mensaje-del-papa-francisco-para-la-jornada-mundial-del-enfermo-hagamos-crecer-la-cultura-de-la-ternura\/#breadcrumb"},"inLanguage":"es","potentialAction":[{"@type":"ReadAction","target":["https:\/\/www.diocesisciudadrodrigo.org\/blog4\/mensaje-del-papa-francisco-para-la-jornada-mundial-del-enfermo-hagamos-crecer-la-cultura-de-la-ternura\/"]}]},{"@type":"ImageObject","inLanguage":"es","@id":"https:\/\/www.diocesisciudadrodrigo.org\/blog4\/mensaje-del-papa-francisco-para-la-jornada-mundial-del-enfermo-hagamos-crecer-la-cultura-de-la-ternura\/#primaryimage","url":"https:\/\/www.diocesisciudadrodrigo.org\/blog4\/wp-content\/uploads\/2024\/01\/2024-jornada-del-enfermo.jpg","contentUrl":"https:\/\/www.diocesisciudadrodrigo.org\/blog4\/wp-content\/uploads\/2024\/01\/2024-jornada-del-enfermo.jpg","width":800,"height":600},{"@type":"BreadcrumbList","@id":"https:\/\/www.diocesisciudadrodrigo.org\/blog4\/mensaje-del-papa-francisco-para-la-jornada-mundial-del-enfermo-hagamos-crecer-la-cultura-de-la-ternura\/#breadcrumb","itemListElement":[{"@type":"ListItem","position":1,"name":"Portada","item":"https:\/\/www.diocesisciudadrodrigo.org\/blog4\/"},{"@type":"ListItem","position":2,"name":"Mensaje del papa Francisco para la Jornada Mundial del Enfermo: hagamos crecer la cultura de la ternura"}]},{"@type":"WebSite","@id":"https:\/\/www.diocesisciudadrodrigo.org\/blog4\/#website","url":"https:\/\/www.diocesisciudadrodrigo.org\/blog4\/","name":"Di\u00f3cesis de Ciudad Rodrigo","description":"Sitio web oficial de la di\u00f3cesis civitatense","publisher":{"@id":"https:\/\/www.diocesisciudadrodrigo.org\/blog4\/#organization"},"potentialAction":[{"@type":"SearchAction","target":{"@type":"EntryPoint","urlTemplate":"https:\/\/www.diocesisciudadrodrigo.org\/blog4\/?s={search_term_string}"},"query-input":{"@type":"PropertyValueSpecification","valueRequired":true,"valueName":"search_term_string"}}],"inLanguage":"es"},{"@type":"Organization","@id":"https:\/\/www.diocesisciudadrodrigo.org\/blog4\/#organization","name":"Di\u00f3cesis de Ciudad Rodrigo","url":"https:\/\/www.diocesisciudadrodrigo.org\/blog4\/","logo":{"@type":"ImageObject","inLanguage":"es","@id":"https:\/\/www.diocesisciudadrodrigo.org\/blog4\/#\/schema\/logo\/image\/","url":"https:\/\/www.diocesisciudadrodrigo.org\/blog4\/wp-content\/uploads\/2024\/12\/Diocesis.CMYK_-768x480-1.jpg","contentUrl":"https:\/\/www.diocesisciudadrodrigo.org\/blog4\/wp-content\/uploads\/2024\/12\/Diocesis.CMYK_-768x480-1.jpg","width":768,"height":480,"caption":"Di\u00f3cesis de Ciudad Rodrigo"},"image":{"@id":"https:\/\/www.diocesisciudadrodrigo.org\/blog4\/#\/schema\/logo\/image\/"},"sameAs":["https:\/\/www.facebook.com\/people\/Dicesis-Ciudad-Rodrigo-MCS\/100076471923419\/#"]},{"@type":"Person","@id":"https:\/\/www.diocesisciudadrodrigo.org\/blog4\/#\/schema\/person\/5fcf0ca636a75766ff70e6417b6ed052","name":"medios CR","image":{"@type":"ImageObject","inLanguage":"es","@id":"https:\/\/secure.gravatar.com\/avatar\/4a619fd0c7e36bd570f4e6e15eb09a2191185d0f63d8dbfdffe848af141ab87e?s=96&d=mm&r=g","url":"https:\/\/secure.gravatar.com\/avatar\/4a619fd0c7e36bd570f4e6e15eb09a2191185d0f63d8dbfdffe848af141ab87e?s=96&d=mm&r=g","contentUrl":"https:\/\/secure.gravatar.com\/avatar\/4a619fd0c7e36bd570f4e6e15eb09a2191185d0f63d8dbfdffe848af141ab87e?s=96&d=mm&r=g","caption":"medios CR"},"url":"https:\/\/www.diocesisciudadrodrigo.org\/blog4\/author\/admin4\/"}]}},"_links":{"self":[{"href":"https:\/\/www.diocesisciudadrodrigo.org\/blog4\/wp-json\/wp\/v2\/posts\/30538","targetHints":{"allow":["GET"]}}],"collection":[{"href":"https:\/\/www.diocesisciudadrodrigo.org\/blog4\/wp-json\/wp\/v2\/posts"}],"about":[{"href":"https:\/\/www.diocesisciudadrodrigo.org\/blog4\/wp-json\/wp\/v2\/types\/post"}],"author":[{"embeddable":true,"href":"https:\/\/www.diocesisciudadrodrigo.org\/blog4\/wp-json\/wp\/v2\/users\/1"}],"replies":[{"embeddable":true,"href":"https:\/\/www.diocesisciudadrodrigo.org\/blog4\/wp-json\/wp\/v2\/comments?post=30538"}],"version-history":[{"count":4,"href":"https:\/\/www.diocesisciudadrodrigo.org\/blog4\/wp-json\/wp\/v2\/posts\/30538\/revisions"}],"predecessor-version":[{"id":30543,"href":"https:\/\/www.diocesisciudadrodrigo.org\/blog4\/wp-json\/wp\/v2\/posts\/30538\/revisions\/30543"}],"wp:featuredmedia":[{"embeddable":true,"href":"https:\/\/www.diocesisciudadrodrigo.org\/blog4\/wp-json\/wp\/v2\/media\/30539"}],"wp:attachment":[{"href":"https:\/\/www.diocesisciudadrodrigo.org\/blog4\/wp-json\/wp\/v2\/media?parent=30538"}],"wp:term":[{"taxonomy":"category","embeddable":true,"href":"https:\/\/www.diocesisciudadrodrigo.org\/blog4\/wp-json\/wp\/v2\/categories?post=30538"},{"taxonomy":"post_tag","embeddable":true,"href":"https:\/\/www.diocesisciudadrodrigo.org\/blog4\/wp-json\/wp\/v2\/tags?post=30538"}],"curies":[{"name":"wp","href":"https:\/\/api.w.org\/{rel}","templated":true}]}}