{"id":30521,"date":"2024-01-16T11:22:44","date_gmt":"2024-01-16T10:22:44","guid":{"rendered":"https:\/\/www.diocesisciudadrodrigo.org\/blog4\/?p=30521"},"modified":"2024-01-16T11:26:01","modified_gmt":"2024-01-16T10:26:01","slug":"manos-unidas-entrega-el-premio-de-la-rifa-de-su-rastrillo-que-donan-a-la-propia-entidad","status":"publish","type":"post","link":"https:\/\/www.diocesisciudadrodrigo.org\/blog4\/manos-unidas-entrega-el-premio-de-la-rifa-de-su-rastrillo-que-donan-a-la-propia-entidad\/","title":{"rendered":"Manos Unidas entrega el premio de la rifa de su rastrillo, que donan a la propia entidad"},"content":{"rendered":"\t\t<div data-elementor-type=\"wp-post\" data-elementor-id=\"30521\" class=\"elementor elementor-30521\" data-elementor-settings=\"[]\">\n\t\t\t\t\t\t<div class=\"elementor-inner\">\n\t\t\t\t\t\t\t<div class=\"elementor-section-wrap\">\n\t\t\t\t\t\t\t<section class=\"elementor-section elementor-top-section elementor-element elementor-element-a01d599 elementor-section-boxed elementor-section-height-default elementor-section-height-default\" data-id=\"a01d599\" data-element_type=\"section\">\n\t\t\t\t\t\t<div class=\"elementor-container elementor-column-gap-default\">\n\t\t\t\t\t\t\t<div class=\"elementor-row\">\n\t\t\t\t\t<div class=\"elementor-column elementor-col-100 elementor-top-column elementor-element elementor-element-6cd977f\" data-id=\"6cd977f\" data-element_type=\"column\">\n\t\t\t<div class=\"elementor-column-wrap elementor-element-populated\">\n\t\t\t\t\t\t\t<div class=\"elementor-widget-wrap\">\n\t\t\t\t\t\t<div class=\"elementor-element elementor-element-410f56e elementor-widget elementor-widget-text-editor\" data-id=\"410f56e\" data-element_type=\"widget\" data-widget_type=\"text-editor.default\">\n\t\t\t\t<div class=\"elementor-widget-container\">\n\t\t\t\t\t\t\t\t<div class=\"elementor-text-editor elementor-clearfix\">\n\t\t\t\t<p>La Delegaci\u00f3n de Manos Unidas ha entregado el premio de la rifa que realizaron durante el rastrillo que desarrollaron el pasado mes de diciembre y con el que apoyan dos proyectos.<br \/><br \/>La ganadora ha sido do\u00f1a Auri L\u00f3pez de Arriba, de la Parroquia de San Crist\u00f3bal de Ciudad Rodrigo, a la que se le ha entregado un vale para una cena para dos personas, pero que ha decidido donar el importe del citado premio a los proyectos de Manos Unidas.<\/p><p>Este a\u00f1o, los donativos de las actividades que se har\u00e1n, como la Operaci\u00f3n Bocata o el rastrillo, ir\u00e1n destinados a apoyar los proyectos de Manos Unidas en los pa\u00edses del Sur, como estos:<\/p><p><br \/>\u2022 REDUCCI\u00d3N DE LA CEGUERA Y ENFERMEDADES OCULARES PREVENIBLES O TRATABLES EN MEKI (Etiopia). Etiop\u00eda tiene una de las mayores prevalencias de ceguera en el mundo, con alrededor de 1,2 millones de ciegos y 2,8 millones de personas que sufren baja visi\u00f3n. Las enfermedades que conducen a la ceguera son consecuencia de la pobreza, malnutrici\u00f3n, falta de educaci\u00f3n sanitaria y servicios sanitarios deficientes. Se solicita la colaboraci\u00f3n de Manos Unidas para abrir una cl\u00ednica oftalmol\u00f3gica que tratar\u00e1 todas las patolog\u00edas oft\u00e1lmicas de ni\u00f1os y adultos de forma gratuita, con cirug\u00eda tambi\u00e9n para pacientes del sistema p\u00fablico, formaci\u00f3n en prevenci\u00f3n y fortalecimiento del personal sanitario local. Los beneficiarios directos anuales ser\u00e1n 20.000 personas.<\/p><p>\u2022 FORTALECIMIENTO DE LA SOBERAN\u00cdA ALIMENTARIA EN FAMILIAS IND\u00cdGENAS en tres comunidades en Alta Verapaz, Norte de Guatemala, destinada a mejorar las actividades av\u00edcolas y su control sanitario; formaci\u00f3n para la transformaci\u00f3n de h\u00e1bitos de higiene, salud y nutrici\u00f3n; y participaci\u00f3n de las mujeres, hombres y juventud en la conservaci\u00f3n y protecci\u00f3n de los recursos naturales y el medio ambiente. El proyecto beneficiar\u00e1 a 593 personas.<\/p>\t\t\t\t\t<\/div>\n\t\t\t\t\t\t<\/div>\n\t\t\t\t<\/div>\n\t\t\t\t\t\t<\/div>\n\t\t\t\t\t<\/div>\n\t\t<\/div>\n\t\t\t\t\t\t\t\t<\/div>\n\t\t\t\t\t<\/div>\n\t\t<\/section>\n\t\t\t\t<section class=\"elementor-section elementor-top-section elementor-element elementor-element-98b1885 elementor-section-boxed elementor-section-height-default elementor-section-height-default\" data-id=\"98b1885\" data-element_type=\"section\">\n\t\t\t\t\t\t<div class=\"elementor-container elementor-column-gap-default\">\n\t\t\t\t\t\t\t<div class=\"elementor-row\">\n\t\t\t\t\t<div class=\"elementor-column elementor-col-100 elementor-top-column elementor-element elementor-element-fbd29f6\" data-id=\"fbd29f6\" data-element_type=\"column\">\n\t\t\t<div class=\"elementor-column-wrap elementor-element-populated\">\n\t\t\t\t\t\t\t<div class=\"elementor-widget-wrap\">\n\t\t\t\t\t\t<div class=\"elementor-element elementor-element-58a8644 elementor-widget elementor-widget-image\" data-id=\"58a8644\" data-element_type=\"widget\" data-widget_type=\"image.default\">\n\t\t\t\t<div class=\"elementor-widget-container\">\n\t\t\t\t\t\t\t\t<div class=\"elementor-image\">\n\t\t\t\t\t\t\t\t\t\t\t\t<img loading=\"lazy\" decoding=\"async\" width=\"1024\" height=\"1024\" src=\"https:\/\/www.diocesisciudadrodrigo.org\/blog4\/wp-content\/uploads\/2024\/01\/PHOTO-2024-01-16-11-04-38-1024x1024.jpg\" class=\"attachment-large size-large\" alt=\"\" srcset=\"https:\/\/www.diocesisciudadrodrigo.org\/blog4\/wp-content\/uploads\/2024\/01\/PHOTO-2024-01-16-11-04-38-1024x1024.jpg 1024w, https:\/\/www.diocesisciudadrodrigo.org\/blog4\/wp-content\/uploads\/2024\/01\/PHOTO-2024-01-16-11-04-38-300x300.jpg 300w, https:\/\/www.diocesisciudadrodrigo.org\/blog4\/wp-content\/uploads\/2024\/01\/PHOTO-2024-01-16-11-04-38-150x150.jpg 150w, https:\/\/www.diocesisciudadrodrigo.org\/blog4\/wp-content\/uploads\/2024\/01\/PHOTO-2024-01-16-11-04-38-768x768.jpg 768w, https:\/\/www.diocesisciudadrodrigo.org\/blog4\/wp-content\/uploads\/2024\/01\/PHOTO-2024-01-16-11-04-38-1536x1536.jpg 1536w, https:\/\/www.diocesisciudadrodrigo.org\/blog4\/wp-content\/uploads\/2024\/01\/PHOTO-2024-01-16-11-04-38-350x350.jpg 350w, https:\/\/www.diocesisciudadrodrigo.org\/blog4\/wp-content\/uploads\/2024\/01\/PHOTO-2024-01-16-11-04-38.jpg 1599w\" sizes=\"auto, (max-width: 1024px) 100vw, 1024px\" \/>\t\t\t\t\t\t\t\t\t\t\t\t\t\t<\/div>\n\t\t\t\t\t\t<\/div>\n\t\t\t\t<\/div>\n\t\t\t\t\t\t<\/div>\n\t\t\t\t\t<\/div>\n\t\t<\/div>\n\t\t\t\t\t\t\t\t<\/div>\n\t\t\t\t\t<\/div>\n\t\t<\/section>\n\t\t\t\t\t\t<\/div>\n\t\t\t\t\t\t<\/div>\n\t\t\t\t\t<\/div>\n\t\t","protected":false},"excerpt":{"rendered":"<p>La Delegaci\u00f3n de Manos Unidas ha entregado el premio de la rifa que realizaron durante el rastrillo que desarrollaron el pasado mes de diciembre y con el que apoyan dos &#8230; <\/p>\n<p class=\"read-more-container\"><a title=\"Manos Unidas entrega el premio de la rifa de su rastrillo, que donan a la propia entidad\" class=\"read-more button\" href=\"https:\/\/www.diocesisciudadrodrigo.org\/blog4\/manos-unidas-entrega-el-premio-de-la-rifa-de-su-rastrillo-que-donan-a-la-propia-entidad\/#more-30521\" aria-label=\"M\u00e1s en Manos Unidas entrega el premio de la rifa de su rastrillo, que donan a la propia entidad\">Leer m\u00e1s &#8230;<\/a><\/p>\n","protected":false},"author":1,"featured_media":30522,"comment_status":"closed","ping_status":"closed","sticky":false,"template":"","format":"standard","meta":{"footnotes":""},"categories":[6],"tags":[],"class_list":["post-30521","post","type-post","status-publish","format-standard","has-post-thumbnail","hentry","category-noticias","masonry-post","generate-columns","tablet-grid-50","mobile-grid-100","grid-parent","grid-50"],"yoast_head":"<!-- This site is optimized with the Yoast SEO plugin v27.3 - https:\/\/yoast.com\/product\/yoast-seo-wordpress\/ -->\n<title>Manos Unidas entrega el premio de la rifa de su rastrillo, que donan a la propia entidad - Di\u00f3cesis de Ciudad Rodrigo<\/title>\n<meta name=\"robots\" content=\"index, follow, max-snippet:-1, max-image-preview:large, max-video-preview:-1\" \/>\n<link rel=\"canonical\" href=\"https:\/\/www.diocesisciudadrodrigo.org\/blog4\/manos-unidas-entrega-el-premio-de-la-rifa-de-su-rastrillo-que-donan-a-la-propia-entidad\/\" \/>\n<meta property=\"og:locale\" content=\"es_ES\" \/>\n<meta property=\"og:type\" content=\"article\" \/>\n<meta property=\"og:title\" content=\"Manos Unidas entrega el premio de la rifa de su rastrillo, que donan a la propia entidad - Di\u00f3cesis de Ciudad Rodrigo\" \/>\n<meta property=\"og:description\" content=\"La Delegaci\u00f3n de Manos Unidas ha entregado el premio de la rifa que realizaron durante el rastrillo que desarrollaron el pasado mes de diciembre y con el que apoyan dos ... Leer m\u00e1s ...\" \/>\n<meta property=\"og:url\" content=\"https:\/\/www.diocesisciudadrodrigo.org\/blog4\/manos-unidas-entrega-el-premio-de-la-rifa-de-su-rastrillo-que-donan-a-la-propia-entidad\/\" \/>\n<meta property=\"og:site_name\" content=\"Di\u00f3cesis de Ciudad Rodrigo\" \/>\n<meta property=\"article:publisher\" content=\"https:\/\/www.facebook.com\/people\/Dicesis-Ciudad-Rodrigo-MCS\/100076471923419\/#\" \/>\n<meta property=\"article:published_time\" content=\"2024-01-16T10:22:44+00:00\" \/>\n<meta property=\"article:modified_time\" content=\"2024-01-16T10:26:01+00:00\" \/>\n<meta property=\"og:image\" content=\"https:\/\/www.diocesisciudadrodrigo.org\/blog4\/wp-content\/uploads\/2024\/01\/PHOTO-2024-01-16-11-04-38.jpg\" \/>\n\t<meta property=\"og:image:width\" content=\"1599\" \/>\n\t<meta property=\"og:image:height\" content=\"1599\" \/>\n\t<meta property=\"og:image:type\" content=\"image\/jpeg\" \/>\n<meta name=\"author\" content=\"medios CR\" \/>\n<meta name=\"twitter:card\" content=\"summary_large_image\" \/>\n<meta name=\"twitter:label1\" content=\"Escrito por\" \/>\n\t<meta name=\"twitter:data1\" content=\"medios CR\" \/>\n\t<meta name=\"twitter:label2\" content=\"Tiempo de lectura\" \/>\n\t<meta name=\"twitter:data2\" content=\"2 minutos\" \/>\n<script type=\"application\/ld+json\" class=\"yoast-schema-graph\">{\"@context\":\"https:\\\/\\\/schema.org\",\"@graph\":[{\"@type\":\"Article\",\"@id\":\"https:\\\/\\\/www.diocesisciudadrodrigo.org\\\/blog4\\\/manos-unidas-entrega-el-premio-de-la-rifa-de-su-rastrillo-que-donan-a-la-propia-entidad\\\/#article\",\"isPartOf\":{\"@id\":\"https:\\\/\\\/www.diocesisciudadrodrigo.org\\\/blog4\\\/manos-unidas-entrega-el-premio-de-la-rifa-de-su-rastrillo-que-donan-a-la-propia-entidad\\\/\"},\"author\":{\"name\":\"medios CR\",\"@id\":\"https:\\\/\\\/www.diocesisciudadrodrigo.org\\\/blog4\\\/#\\\/schema\\\/person\\\/5fcf0ca636a75766ff70e6417b6ed052\"},\"headline\":\"Manos Unidas entrega el premio de la rifa de su rastrillo, que donan a la propia entidad\",\"datePublished\":\"2024-01-16T10:22:44+00:00\",\"dateModified\":\"2024-01-16T10:26:01+00:00\",\"mainEntityOfPage\":{\"@id\":\"https:\\\/\\\/www.diocesisciudadrodrigo.org\\\/blog4\\\/manos-unidas-entrega-el-premio-de-la-rifa-de-su-rastrillo-que-donan-a-la-propia-entidad\\\/\"},\"wordCount\":338,\"publisher\":{\"@id\":\"https:\\\/\\\/www.diocesisciudadrodrigo.org\\\/blog4\\\/#organization\"},\"image\":{\"@id\":\"https:\\\/\\\/www.diocesisciudadrodrigo.org\\\/blog4\\\/manos-unidas-entrega-el-premio-de-la-rifa-de-su-rastrillo-que-donan-a-la-propia-entidad\\\/#primaryimage\"},\"thumbnailUrl\":\"https:\\\/\\\/www.diocesisciudadrodrigo.org\\\/blog4\\\/wp-content\\\/uploads\\\/2024\\\/01\\\/PHOTO-2024-01-16-11-04-38.jpg\",\"articleSection\":[\"Noticias\"],\"inLanguage\":\"es\"},{\"@type\":\"WebPage\",\"@id\":\"https:\\\/\\\/www.diocesisciudadrodrigo.org\\\/blog4\\\/manos-unidas-entrega-el-premio-de-la-rifa-de-su-rastrillo-que-donan-a-la-propia-entidad\\\/\",\"url\":\"https:\\\/\\\/www.diocesisciudadrodrigo.org\\\/blog4\\\/manos-unidas-entrega-el-premio-de-la-rifa-de-su-rastrillo-que-donan-a-la-propia-entidad\\\/\",\"name\":\"Manos Unidas entrega el premio de la rifa de su rastrillo, que donan a la propia entidad - Di\u00f3cesis de Ciudad Rodrigo\",\"isPartOf\":{\"@id\":\"https:\\\/\\\/www.diocesisciudadrodrigo.org\\\/blog4\\\/#website\"},\"primaryImageOfPage\":{\"@id\":\"https:\\\/\\\/www.diocesisciudadrodrigo.org\\\/blog4\\\/manos-unidas-entrega-el-premio-de-la-rifa-de-su-rastrillo-que-donan-a-la-propia-entidad\\\/#primaryimage\"},\"image\":{\"@id\":\"https:\\\/\\\/www.diocesisciudadrodrigo.org\\\/blog4\\\/manos-unidas-entrega-el-premio-de-la-rifa-de-su-rastrillo-que-donan-a-la-propia-entidad\\\/#primaryimage\"},\"thumbnailUrl\":\"https:\\\/\\\/www.diocesisciudadrodrigo.org\\\/blog4\\\/wp-content\\\/uploads\\\/2024\\\/01\\\/PHOTO-2024-01-16-11-04-38.jpg\",\"datePublished\":\"2024-01-16T10:22:44+00:00\",\"dateModified\":\"2024-01-16T10:26:01+00:00\",\"breadcrumb\":{\"@id\":\"https:\\\/\\\/www.diocesisciudadrodrigo.org\\\/blog4\\\/manos-unidas-entrega-el-premio-de-la-rifa-de-su-rastrillo-que-donan-a-la-propia-entidad\\\/#breadcrumb\"},\"inLanguage\":\"es\",\"potentialAction\":[{\"@type\":\"ReadAction\",\"target\":[\"https:\\\/\\\/www.diocesisciudadrodrigo.org\\\/blog4\\\/manos-unidas-entrega-el-premio-de-la-rifa-de-su-rastrillo-que-donan-a-la-propia-entidad\\\/\"]}]},{\"@type\":\"ImageObject\",\"inLanguage\":\"es\",\"@id\":\"https:\\\/\\\/www.diocesisciudadrodrigo.org\\\/blog4\\\/manos-unidas-entrega-el-premio-de-la-rifa-de-su-rastrillo-que-donan-a-la-propia-entidad\\\/#primaryimage\",\"url\":\"https:\\\/\\\/www.diocesisciudadrodrigo.org\\\/blog4\\\/wp-content\\\/uploads\\\/2024\\\/01\\\/PHOTO-2024-01-16-11-04-38.jpg\",\"contentUrl\":\"https:\\\/\\\/www.diocesisciudadrodrigo.org\\\/blog4\\\/wp-content\\\/uploads\\\/2024\\\/01\\\/PHOTO-2024-01-16-11-04-38.jpg\",\"width\":1599,\"height\":1599},{\"@type\":\"BreadcrumbList\",\"@id\":\"https:\\\/\\\/www.diocesisciudadrodrigo.org\\\/blog4\\\/manos-unidas-entrega-el-premio-de-la-rifa-de-su-rastrillo-que-donan-a-la-propia-entidad\\\/#breadcrumb\",\"itemListElement\":[{\"@type\":\"ListItem\",\"position\":1,\"name\":\"Portada\",\"item\":\"https:\\\/\\\/www.diocesisciudadrodrigo.org\\\/blog4\\\/\"},{\"@type\":\"ListItem\",\"position\":2,\"name\":\"Manos Unidas entrega el premio de la rifa de su rastrillo, que donan a la propia entidad\"}]},{\"@type\":\"WebSite\",\"@id\":\"https:\\\/\\\/www.diocesisciudadrodrigo.org\\\/blog4\\\/#website\",\"url\":\"https:\\\/\\\/www.diocesisciudadrodrigo.org\\\/blog4\\\/\",\"name\":\"Di\u00f3cesis de Ciudad Rodrigo\",\"description\":\"Sitio web oficial de la di\u00f3cesis civitatense\",\"publisher\":{\"@id\":\"https:\\\/\\\/www.diocesisciudadrodrigo.org\\\/blog4\\\/#organization\"},\"potentialAction\":[{\"@type\":\"SearchAction\",\"target\":{\"@type\":\"EntryPoint\",\"urlTemplate\":\"https:\\\/\\\/www.diocesisciudadrodrigo.org\\\/blog4\\\/?s={search_term_string}\"},\"query-input\":{\"@type\":\"PropertyValueSpecification\",\"valueRequired\":true,\"valueName\":\"search_term_string\"}}],\"inLanguage\":\"es\"},{\"@type\":\"Organization\",\"@id\":\"https:\\\/\\\/www.diocesisciudadrodrigo.org\\\/blog4\\\/#organization\",\"name\":\"Di\u00f3cesis de Ciudad Rodrigo\",\"url\":\"https:\\\/\\\/www.diocesisciudadrodrigo.org\\\/blog4\\\/\",\"logo\":{\"@type\":\"ImageObject\",\"inLanguage\":\"es\",\"@id\":\"https:\\\/\\\/www.diocesisciudadrodrigo.org\\\/blog4\\\/#\\\/schema\\\/logo\\\/image\\\/\",\"url\":\"https:\\\/\\\/www.diocesisciudadrodrigo.org\\\/blog4\\\/wp-content\\\/uploads\\\/2024\\\/12\\\/Diocesis.CMYK_-768x480-1.jpg\",\"contentUrl\":\"https:\\\/\\\/www.diocesisciudadrodrigo.org\\\/blog4\\\/wp-content\\\/uploads\\\/2024\\\/12\\\/Diocesis.CMYK_-768x480-1.jpg\",\"width\":768,\"height\":480,\"caption\":\"Di\u00f3cesis de Ciudad Rodrigo\"},\"image\":{\"@id\":\"https:\\\/\\\/www.diocesisciudadrodrigo.org\\\/blog4\\\/#\\\/schema\\\/logo\\\/image\\\/\"},\"sameAs\":[\"https:\\\/\\\/www.facebook.com\\\/people\\\/Dicesis-Ciudad-Rodrigo-MCS\\\/100076471923419\\\/#\"]},{\"@type\":\"Person\",\"@id\":\"https:\\\/\\\/www.diocesisciudadrodrigo.org\\\/blog4\\\/#\\\/schema\\\/person\\\/5fcf0ca636a75766ff70e6417b6ed052\",\"name\":\"medios CR\",\"image\":{\"@type\":\"ImageObject\",\"inLanguage\":\"es\",\"@id\":\"https:\\\/\\\/secure.gravatar.com\\\/avatar\\\/4a619fd0c7e36bd570f4e6e15eb09a2191185d0f63d8dbfdffe848af141ab87e?s=96&d=mm&r=g\",\"url\":\"https:\\\/\\\/secure.gravatar.com\\\/avatar\\\/4a619fd0c7e36bd570f4e6e15eb09a2191185d0f63d8dbfdffe848af141ab87e?s=96&d=mm&r=g\",\"contentUrl\":\"https:\\\/\\\/secure.gravatar.com\\\/avatar\\\/4a619fd0c7e36bd570f4e6e15eb09a2191185d0f63d8dbfdffe848af141ab87e?s=96&d=mm&r=g\",\"caption\":\"medios CR\"},\"url\":\"https:\\\/\\\/www.diocesisciudadrodrigo.org\\\/blog4\\\/author\\\/admin4\\\/\"}]}<\/script>\n<!-- \/ Yoast SEO plugin. -->","yoast_head_json":{"title":"Manos Unidas entrega el premio de la rifa de su rastrillo, que donan a la propia entidad - Di\u00f3cesis de Ciudad Rodrigo","robots":{"index":"index","follow":"follow","max-snippet":"max-snippet:-1","max-image-preview":"max-image-preview:large","max-video-preview":"max-video-preview:-1"},"canonical":"https:\/\/www.diocesisciudadrodrigo.org\/blog4\/manos-unidas-entrega-el-premio-de-la-rifa-de-su-rastrillo-que-donan-a-la-propia-entidad\/","og_locale":"es_ES","og_type":"article","og_title":"Manos Unidas entrega el premio de la rifa de su rastrillo, que donan a la propia entidad - Di\u00f3cesis de Ciudad Rodrigo","og_description":"La Delegaci\u00f3n de Manos Unidas ha entregado el premio de la rifa que realizaron durante el rastrillo que desarrollaron el pasado mes de diciembre y con el que apoyan dos ... Leer m\u00e1s ...","og_url":"https:\/\/www.diocesisciudadrodrigo.org\/blog4\/manos-unidas-entrega-el-premio-de-la-rifa-de-su-rastrillo-que-donan-a-la-propia-entidad\/","og_site_name":"Di\u00f3cesis de Ciudad Rodrigo","article_publisher":"https:\/\/www.facebook.com\/people\/Dicesis-Ciudad-Rodrigo-MCS\/100076471923419\/#","article_published_time":"2024-01-16T10:22:44+00:00","article_modified_time":"2024-01-16T10:26:01+00:00","og_image":[{"width":1599,"height":1599,"url":"https:\/\/www.diocesisciudadrodrigo.org\/blog4\/wp-content\/uploads\/2024\/01\/PHOTO-2024-01-16-11-04-38.jpg","type":"image\/jpeg"}],"author":"medios CR","twitter_card":"summary_large_image","twitter_misc":{"Escrito por":"medios CR","Tiempo de lectura":"2 minutos"},"schema":{"@context":"https:\/\/schema.org","@graph":[{"@type":"Article","@id":"https:\/\/www.diocesisciudadrodrigo.org\/blog4\/manos-unidas-entrega-el-premio-de-la-rifa-de-su-rastrillo-que-donan-a-la-propia-entidad\/#article","isPartOf":{"@id":"https:\/\/www.diocesisciudadrodrigo.org\/blog4\/manos-unidas-entrega-el-premio-de-la-rifa-de-su-rastrillo-que-donan-a-la-propia-entidad\/"},"author":{"name":"medios CR","@id":"https:\/\/www.diocesisciudadrodrigo.org\/blog4\/#\/schema\/person\/5fcf0ca636a75766ff70e6417b6ed052"},"headline":"Manos Unidas entrega el premio de la rifa de su rastrillo, que donan a la propia entidad","datePublished":"2024-01-16T10:22:44+00:00","dateModified":"2024-01-16T10:26:01+00:00","mainEntityOfPage":{"@id":"https:\/\/www.diocesisciudadrodrigo.org\/blog4\/manos-unidas-entrega-el-premio-de-la-rifa-de-su-rastrillo-que-donan-a-la-propia-entidad\/"},"wordCount":338,"publisher":{"@id":"https:\/\/www.diocesisciudadrodrigo.org\/blog4\/#organization"},"image":{"@id":"https:\/\/www.diocesisciudadrodrigo.org\/blog4\/manos-unidas-entrega-el-premio-de-la-rifa-de-su-rastrillo-que-donan-a-la-propia-entidad\/#primaryimage"},"thumbnailUrl":"https:\/\/www.diocesisciudadrodrigo.org\/blog4\/wp-content\/uploads\/2024\/01\/PHOTO-2024-01-16-11-04-38.jpg","articleSection":["Noticias"],"inLanguage":"es"},{"@type":"WebPage","@id":"https:\/\/www.diocesisciudadrodrigo.org\/blog4\/manos-unidas-entrega-el-premio-de-la-rifa-de-su-rastrillo-que-donan-a-la-propia-entidad\/","url":"https:\/\/www.diocesisciudadrodrigo.org\/blog4\/manos-unidas-entrega-el-premio-de-la-rifa-de-su-rastrillo-que-donan-a-la-propia-entidad\/","name":"Manos Unidas entrega el premio de la rifa de su rastrillo, que donan a la propia entidad - Di\u00f3cesis de Ciudad Rodrigo","isPartOf":{"@id":"https:\/\/www.diocesisciudadrodrigo.org\/blog4\/#website"},"primaryImageOfPage":{"@id":"https:\/\/www.diocesisciudadrodrigo.org\/blog4\/manos-unidas-entrega-el-premio-de-la-rifa-de-su-rastrillo-que-donan-a-la-propia-entidad\/#primaryimage"},"image":{"@id":"https:\/\/www.diocesisciudadrodrigo.org\/blog4\/manos-unidas-entrega-el-premio-de-la-rifa-de-su-rastrillo-que-donan-a-la-propia-entidad\/#primaryimage"},"thumbnailUrl":"https:\/\/www.diocesisciudadrodrigo.org\/blog4\/wp-content\/uploads\/2024\/01\/PHOTO-2024-01-16-11-04-38.jpg","datePublished":"2024-01-16T10:22:44+00:00","dateModified":"2024-01-16T10:26:01+00:00","breadcrumb":{"@id":"https:\/\/www.diocesisciudadrodrigo.org\/blog4\/manos-unidas-entrega-el-premio-de-la-rifa-de-su-rastrillo-que-donan-a-la-propia-entidad\/#breadcrumb"},"inLanguage":"es","potentialAction":[{"@type":"ReadAction","target":["https:\/\/www.diocesisciudadrodrigo.org\/blog4\/manos-unidas-entrega-el-premio-de-la-rifa-de-su-rastrillo-que-donan-a-la-propia-entidad\/"]}]},{"@type":"ImageObject","inLanguage":"es","@id":"https:\/\/www.diocesisciudadrodrigo.org\/blog4\/manos-unidas-entrega-el-premio-de-la-rifa-de-su-rastrillo-que-donan-a-la-propia-entidad\/#primaryimage","url":"https:\/\/www.diocesisciudadrodrigo.org\/blog4\/wp-content\/uploads\/2024\/01\/PHOTO-2024-01-16-11-04-38.jpg","contentUrl":"https:\/\/www.diocesisciudadrodrigo.org\/blog4\/wp-content\/uploads\/2024\/01\/PHOTO-2024-01-16-11-04-38.jpg","width":1599,"height":1599},{"@type":"BreadcrumbList","@id":"https:\/\/www.diocesisciudadrodrigo.org\/blog4\/manos-unidas-entrega-el-premio-de-la-rifa-de-su-rastrillo-que-donan-a-la-propia-entidad\/#breadcrumb","itemListElement":[{"@type":"ListItem","position":1,"name":"Portada","item":"https:\/\/www.diocesisciudadrodrigo.org\/blog4\/"},{"@type":"ListItem","position":2,"name":"Manos Unidas entrega el premio de la rifa de su rastrillo, que donan a la propia entidad"}]},{"@type":"WebSite","@id":"https:\/\/www.diocesisciudadrodrigo.org\/blog4\/#website","url":"https:\/\/www.diocesisciudadrodrigo.org\/blog4\/","name":"Di\u00f3cesis de Ciudad Rodrigo","description":"Sitio web oficial de la di\u00f3cesis civitatense","publisher":{"@id":"https:\/\/www.diocesisciudadrodrigo.org\/blog4\/#organization"},"potentialAction":[{"@type":"SearchAction","target":{"@type":"EntryPoint","urlTemplate":"https:\/\/www.diocesisciudadrodrigo.org\/blog4\/?s={search_term_string}"},"query-input":{"@type":"PropertyValueSpecification","valueRequired":true,"valueName":"search_term_string"}}],"inLanguage":"es"},{"@type":"Organization","@id":"https:\/\/www.diocesisciudadrodrigo.org\/blog4\/#organization","name":"Di\u00f3cesis de Ciudad Rodrigo","url":"https:\/\/www.diocesisciudadrodrigo.org\/blog4\/","logo":{"@type":"ImageObject","inLanguage":"es","@id":"https:\/\/www.diocesisciudadrodrigo.org\/blog4\/#\/schema\/logo\/image\/","url":"https:\/\/www.diocesisciudadrodrigo.org\/blog4\/wp-content\/uploads\/2024\/12\/Diocesis.CMYK_-768x480-1.jpg","contentUrl":"https:\/\/www.diocesisciudadrodrigo.org\/blog4\/wp-content\/uploads\/2024\/12\/Diocesis.CMYK_-768x480-1.jpg","width":768,"height":480,"caption":"Di\u00f3cesis de Ciudad Rodrigo"},"image":{"@id":"https:\/\/www.diocesisciudadrodrigo.org\/blog4\/#\/schema\/logo\/image\/"},"sameAs":["https:\/\/www.facebook.com\/people\/Dicesis-Ciudad-Rodrigo-MCS\/100076471923419\/#"]},{"@type":"Person","@id":"https:\/\/www.diocesisciudadrodrigo.org\/blog4\/#\/schema\/person\/5fcf0ca636a75766ff70e6417b6ed052","name":"medios CR","image":{"@type":"ImageObject","inLanguage":"es","@id":"https:\/\/secure.gravatar.com\/avatar\/4a619fd0c7e36bd570f4e6e15eb09a2191185d0f63d8dbfdffe848af141ab87e?s=96&d=mm&r=g","url":"https:\/\/secure.gravatar.com\/avatar\/4a619fd0c7e36bd570f4e6e15eb09a2191185d0f63d8dbfdffe848af141ab87e?s=96&d=mm&r=g","contentUrl":"https:\/\/secure.gravatar.com\/avatar\/4a619fd0c7e36bd570f4e6e15eb09a2191185d0f63d8dbfdffe848af141ab87e?s=96&d=mm&r=g","caption":"medios CR"},"url":"https:\/\/www.diocesisciudadrodrigo.org\/blog4\/author\/admin4\/"}]}},"_links":{"self":[{"href":"https:\/\/www.diocesisciudadrodrigo.org\/blog4\/wp-json\/wp\/v2\/posts\/30521","targetHints":{"allow":["GET"]}}],"collection":[{"href":"https:\/\/www.diocesisciudadrodrigo.org\/blog4\/wp-json\/wp\/v2\/posts"}],"about":[{"href":"https:\/\/www.diocesisciudadrodrigo.org\/blog4\/wp-json\/wp\/v2\/types\/post"}],"author":[{"embeddable":true,"href":"https:\/\/www.diocesisciudadrodrigo.org\/blog4\/wp-json\/wp\/v2\/users\/1"}],"replies":[{"embeddable":true,"href":"https:\/\/www.diocesisciudadrodrigo.org\/blog4\/wp-json\/wp\/v2\/comments?post=30521"}],"version-history":[{"count":4,"href":"https:\/\/www.diocesisciudadrodrigo.org\/blog4\/wp-json\/wp\/v2\/posts\/30521\/revisions"}],"predecessor-version":[{"id":30526,"href":"https:\/\/www.diocesisciudadrodrigo.org\/blog4\/wp-json\/wp\/v2\/posts\/30521\/revisions\/30526"}],"wp:featuredmedia":[{"embeddable":true,"href":"https:\/\/www.diocesisciudadrodrigo.org\/blog4\/wp-json\/wp\/v2\/media\/30522"}],"wp:attachment":[{"href":"https:\/\/www.diocesisciudadrodrigo.org\/blog4\/wp-json\/wp\/v2\/media?parent=30521"}],"wp:term":[{"taxonomy":"category","embeddable":true,"href":"https:\/\/www.diocesisciudadrodrigo.org\/blog4\/wp-json\/wp\/v2\/categories?post=30521"},{"taxonomy":"post_tag","embeddable":true,"href":"https:\/\/www.diocesisciudadrodrigo.org\/blog4\/wp-json\/wp\/v2\/tags?post=30521"}],"curies":[{"name":"wp","href":"https:\/\/api.w.org\/{rel}","templated":true}]}}