{"id":30248,"date":"2023-12-01T14:11:15","date_gmt":"2023-12-01T13:11:15","guid":{"rendered":"https:\/\/www.diocesisciudadrodrigo.org\/blog4\/?p=30248"},"modified":"2023-12-01T14:13:50","modified_gmt":"2023-12-01T13:13:50","slug":"caritas-invita-esta-navidad-a-ser-oportunidad-y-esperanza-para-las-personas-que-sufren","status":"publish","type":"post","link":"https:\/\/www.diocesisciudadrodrigo.org\/blog4\/caritas-invita-esta-navidad-a-ser-oportunidad-y-esperanza-para-las-personas-que-sufren\/","title":{"rendered":"C\u00e1ritas invita esta Navidad a ser oportunidad y esperanza para las personas que sufren"},"content":{"rendered":"\t\t<div data-elementor-type=\"wp-post\" data-elementor-id=\"30248\" class=\"elementor elementor-30248\" data-elementor-settings=\"[]\">\n\t\t\t\t\t\t<div class=\"elementor-inner\">\n\t\t\t\t\t\t\t<div class=\"elementor-section-wrap\">\n\t\t\t\t\t\t\t<section class=\"elementor-section elementor-top-section elementor-element elementor-element-5d94320 elementor-section-boxed elementor-section-height-default elementor-section-height-default\" data-id=\"5d94320\" data-element_type=\"section\">\n\t\t\t\t\t\t<div class=\"elementor-container elementor-column-gap-default\">\n\t\t\t\t\t\t\t<div class=\"elementor-row\">\n\t\t\t\t\t<div class=\"elementor-column elementor-col-100 elementor-top-column elementor-element elementor-element-3da5be0\" data-id=\"3da5be0\" data-element_type=\"column\">\n\t\t\t<div class=\"elementor-column-wrap elementor-element-populated\">\n\t\t\t\t\t\t\t<div class=\"elementor-widget-wrap\">\n\t\t\t\t\t\t<div class=\"elementor-element elementor-element-86ab9a6 elementor-widget elementor-widget-text-editor\" data-id=\"86ab9a6\" data-element_type=\"widget\" data-widget_type=\"text-editor.default\">\n\t\t\t\t<div class=\"elementor-widget-container\">\n\t\t\t\t\t\t\t\t<div class=\"elementor-text-editor elementor-clearfix\">\n\t\t\t\t<p>No son tiempos de paz ni la prosperidad alcanza a todos. Pero nuestra esperanza es cierta: Dios sale a nuestro encuentro esta Navidad para abrazar nuestra humanidad herida.<\/p><p>Ese es el punto de partida de la campa\u00f1a de Navidad de C\u00e1ritas Diocesana Ciudad Rodrigo, que se ha presentado esta ma\u00f1ana en el Obispado bajo el lema \u201cEsta Navidad, t\u00fa tienes mucho que ver. Somos oportunidad. Somos esperanza\u201d.<\/p><p>La Directora, D\u00f1a Mar Manzano, explic\u00f3 la parte m\u00e1s visual de esta campa\u00f1a y que va a consistir en la colocaci\u00f3n de pino, elaborados a base de cajas en las parroquias de la Di\u00f3cesis y en centros educativos. Ese elemento, tan propio de la Navidad, ir\u00e1 acompa\u00f1ado de una serie de palabras clave como son paz, inclusi\u00f3n o solidaridad. Tambi\u00e9n se colocar\u00e1n una serie de corazones que cuando se coloquen en los \u00e1rboles ir\u00e1n acompa\u00f1ados de un deseo.<\/p><p>De este modo, y a diferencia de a\u00f1os anteriores cuando quien quer\u00eda colaborar compraba una serie de bolas, no se va a poner nada a la venta sino que \u00abvamos a apelar a la sensibilidad y responsabilidad de cada uno\u00bb, pues desde C\u00e1ritas no dejan de reconocer que las aportaciones econ\u00f3micas \u00abson importantes\u00bb.<\/p><p>Las v\u00edas para colaborar con C\u00e1ritas son muchas, no solo a trav\u00e9s de varios n\u00fameros de cuenta, sino tambi\u00e9n a trav\u00e9s de su p\u00e1gina web.<\/p><p>La directora tambi\u00e9n plante\u00f3 que desde que comenz\u00f3 el a\u00f1o 2023 (hasta 30 noviembre), C\u00e1ritas Diocesana Ciudad Rodrigo ha atendido a 544 personas pertenecientes a 425 hogares. Se han realizado 4.865 intervenciones, ofreciendo un total de 118.671 euros en ayudas econ\u00f3micas, repartidas en vivienda, alimentaci\u00f3n y ropa, salud, libros y material escolar, documentaci\u00f3n y jur\u00eddico, econom\u00eda, empleo, otros \u00e1mbitos de intervenci\u00f3n y adelantos de emergencia, coordinaci\u00f3n con las CEAS de Diputaci\u00f3n de Salamanca.<\/p><p>Por su parte. Mons. Jos\u00e9 Luis Retana record\u00f3 que para la Iglesia \u00abla caridad es una dimensi\u00f3n esencial junto a la Palabra y los Sacramentos\u00bb y que lo que hace C\u00e1ritas es \u00abcon un orden para ser fruct\u00edfera y eficaz\u00bb.<\/p><p>Por \u00faltimo, pidi\u00f3 que todas las parroquias realicen esta campa\u00f1a, \u00abes una cosa de todos, por eso mi llamada es a que la campa\u00f1a se haga en todas las parroquias e instituciones de la Di\u00f3cesis\u00bb.<\/p><p><strong>En detalle<\/strong><\/p><p>El alto coste de la vida asfixia a tres millones de hogares en Espa\u00f1a y uno de cada diez trabajadores son pobres, seg\u00fan el informe Ingresos y Gastos: una ecuaci\u00f3n que condiciona nuestra calidad de vida (Fundaci\u00f3n FOESSA). Todas estas realidades nos ponen sobre la pista de que Jes\u00fas nace hoy entre los m\u00e1s pobres y vulnerables.<br \/>Convencidos de que solo su Amor nos da la posibilidad de perseverar d\u00eda a d\u00eda sin perder el impulso de la esperanza, C\u00e1ritas lanza su tradicional campa\u00f1a de Navidad.<br \/>A trav\u00e9s de esta iniciativa, C\u00e1ritas invita a descubrir que todas las personas tenemos mucho que ver en las oportunidades que otras pueden tener. Nuestra tarea no consiste solamente en cubrir las necesidades de los otros, sino en descubrir todas las posibilidades de vida nueva que cada persona llevamos dentro.<\/p><p>Esta Navidad tenemos una nueva oportunidad para no dejarnos cegar por las luces de la apariencia y de la superficialidad. Con su campa\u00f1a, C\u00e1ritas invita a todos y a cada uno \u201ca ver la Navidad que no vemos\u201d. Convencidos de que el Amor es el motor que nos impulsa a ponernos en el lugar del otro, C\u00e1ritas invita a vivir este tiempo de Adviento y Navidad con una mirada nueva que dialoga y comprende, que se compadece y se llena de ternura, que invita a tejer encuentros y gestos sencillos que aporten alegr\u00eda, descanso y esperanza.<\/p><p>La Campa\u00f1a de Navidad es, junto a la del D\u00eda de Caridad (Corpus Christi), una de las dos ocasiones del a\u00f1o en las que C\u00e1ritas lanza a toda la sociedad una invitaci\u00f3n expresa a la colaboraci\u00f3n econ\u00f3mica para sostener el trabajo de lucha contra la pobreza.<\/p><p>\u00a0<\/p>\t\t\t\t\t<\/div>\n\t\t\t\t\t\t<\/div>\n\t\t\t\t<\/div>\n\t\t\t\t\t\t<\/div>\n\t\t\t\t\t<\/div>\n\t\t<\/div>\n\t\t\t\t\t\t\t\t<\/div>\n\t\t\t\t\t<\/div>\n\t\t<\/section>\n\t\t\t\t<section class=\"elementor-section elementor-top-section elementor-element elementor-element-75ee93e elementor-section-boxed elementor-section-height-default elementor-section-height-default\" data-id=\"75ee93e\" data-element_type=\"section\">\n\t\t\t\t\t\t<div class=\"elementor-container elementor-column-gap-default\">\n\t\t\t\t\t\t\t<div class=\"elementor-row\">\n\t\t\t\t\t<div class=\"elementor-column elementor-col-100 elementor-top-column elementor-element elementor-element-05ceb84\" data-id=\"05ceb84\" data-element_type=\"column\">\n\t\t\t<div class=\"elementor-column-wrap elementor-element-populated\">\n\t\t\t\t\t\t\t<div class=\"elementor-widget-wrap\">\n\t\t\t\t\t\t<div class=\"elementor-element elementor-element-bead485 elementor-widget elementor-widget-image\" data-id=\"bead485\" data-element_type=\"widget\" data-widget_type=\"image.default\">\n\t\t\t\t<div class=\"elementor-widget-container\">\n\t\t\t\t\t\t\t\t<div class=\"elementor-image\">\n\t\t\t\t\t\t\t\t\t\t\t\t<img loading=\"lazy\" decoding=\"async\" width=\"1024\" height=\"683\" src=\"https:\/\/www.diocesisciudadrodrigo.org\/blog4\/wp-content\/uploads\/2023\/12\/IMG_4507-1024x683.jpg\" class=\"attachment-large size-large\" alt=\"\" srcset=\"https:\/\/www.diocesisciudadrodrigo.org\/blog4\/wp-content\/uploads\/2023\/12\/IMG_4507-1024x683.jpg 1024w, https:\/\/www.diocesisciudadrodrigo.org\/blog4\/wp-content\/uploads\/2023\/12\/IMG_4507-300x200.jpg 300w, https:\/\/www.diocesisciudadrodrigo.org\/blog4\/wp-content\/uploads\/2023\/12\/IMG_4507-768x512.jpg 768w, https:\/\/www.diocesisciudadrodrigo.org\/blog4\/wp-content\/uploads\/2023\/12\/IMG_4507-1536x1024.jpg 1536w, https:\/\/www.diocesisciudadrodrigo.org\/blog4\/wp-content\/uploads\/2023\/12\/IMG_4507-2048x1365.jpg 2048w, https:\/\/www.diocesisciudadrodrigo.org\/blog4\/wp-content\/uploads\/2023\/12\/IMG_4507-350x233.jpg 350w\" sizes=\"auto, (max-width: 1024px) 100vw, 1024px\" \/>\t\t\t\t\t\t\t\t\t\t\t\t\t\t<\/div>\n\t\t\t\t\t\t<\/div>\n\t\t\t\t<\/div>\n\t\t\t\t\t\t<\/div>\n\t\t\t\t\t<\/div>\n\t\t<\/div>\n\t\t\t\t\t\t\t\t<\/div>\n\t\t\t\t\t<\/div>\n\t\t<\/section>\n\t\t\t\t\t\t<\/div>\n\t\t\t\t\t\t<\/div>\n\t\t\t\t\t<\/div>\n\t\t","protected":false},"excerpt":{"rendered":"<p>No son tiempos de paz ni la prosperidad alcanza a todos. Pero nuestra esperanza es cierta: Dios sale a nuestro encuentro esta Navidad para abrazar nuestra humanidad herida. Ese es &#8230; <\/p>\n<p class=\"read-more-container\"><a title=\"C\u00e1ritas invita esta Navidad a ser oportunidad y esperanza para las personas que sufren\" class=\"read-more button\" href=\"https:\/\/www.diocesisciudadrodrigo.org\/blog4\/caritas-invita-esta-navidad-a-ser-oportunidad-y-esperanza-para-las-personas-que-sufren\/#more-30248\" aria-label=\"M\u00e1s en C\u00e1ritas invita esta Navidad a ser oportunidad y esperanza para las personas que sufren\">Leer m\u00e1s &#8230;<\/a><\/p>\n","protected":false},"author":1,"featured_media":30249,"comment_status":"closed","ping_status":"closed","sticky":false,"template":"","format":"standard","meta":{"footnotes":""},"categories":[6],"tags":[],"class_list":["post-30248","post","type-post","status-publish","format-standard","has-post-thumbnail","hentry","category-noticias","masonry-post","generate-columns","tablet-grid-50","mobile-grid-100","grid-parent","grid-50"],"yoast_head":"<!-- This site is optimized with the Yoast SEO plugin v27.3 - https:\/\/yoast.com\/product\/yoast-seo-wordpress\/ -->\n<title>C\u00e1ritas invita esta Navidad a ser oportunidad y esperanza para las personas que sufren - Di\u00f3cesis de Ciudad Rodrigo<\/title>\n<meta name=\"robots\" content=\"index, follow, max-snippet:-1, max-image-preview:large, max-video-preview:-1\" \/>\n<link rel=\"canonical\" href=\"https:\/\/www.diocesisciudadrodrigo.org\/blog4\/caritas-invita-esta-navidad-a-ser-oportunidad-y-esperanza-para-las-personas-que-sufren\/\" \/>\n<meta property=\"og:locale\" content=\"es_ES\" \/>\n<meta property=\"og:type\" content=\"article\" \/>\n<meta property=\"og:title\" content=\"C\u00e1ritas invita esta Navidad a ser oportunidad y esperanza para las personas que sufren - Di\u00f3cesis de Ciudad Rodrigo\" \/>\n<meta property=\"og:description\" content=\"No son tiempos de paz ni la prosperidad alcanza a todos. Pero nuestra esperanza es cierta: Dios sale a nuestro encuentro esta Navidad para abrazar nuestra humanidad herida. Ese es ... Leer m\u00e1s ...\" \/>\n<meta property=\"og:url\" content=\"https:\/\/www.diocesisciudadrodrigo.org\/blog4\/caritas-invita-esta-navidad-a-ser-oportunidad-y-esperanza-para-las-personas-que-sufren\/\" \/>\n<meta property=\"og:site_name\" content=\"Di\u00f3cesis de Ciudad Rodrigo\" \/>\n<meta property=\"article:publisher\" content=\"https:\/\/www.facebook.com\/people\/Dicesis-Ciudad-Rodrigo-MCS\/100076471923419\/#\" \/>\n<meta property=\"article:published_time\" content=\"2023-12-01T13:11:15+00:00\" \/>\n<meta property=\"article:modified_time\" content=\"2023-12-01T13:13:50+00:00\" \/>\n<meta property=\"og:image\" content=\"https:\/\/www.diocesisciudadrodrigo.org\/blog4\/wp-content\/uploads\/2023\/12\/IMG_4507-scaled.jpg\" \/>\n\t<meta property=\"og:image:width\" content=\"2560\" \/>\n\t<meta property=\"og:image:height\" content=\"1707\" \/>\n\t<meta property=\"og:image:type\" content=\"image\/jpeg\" \/>\n<meta name=\"author\" content=\"medios CR\" \/>\n<meta name=\"twitter:card\" content=\"summary_large_image\" \/>\n<meta name=\"twitter:label1\" content=\"Escrito por\" \/>\n\t<meta name=\"twitter:data1\" content=\"medios CR\" \/>\n\t<meta name=\"twitter:label2\" content=\"Tiempo de lectura\" \/>\n\t<meta name=\"twitter:data2\" content=\"4 minutos\" \/>\n<script type=\"application\/ld+json\" class=\"yoast-schema-graph\">{\"@context\":\"https:\\\/\\\/schema.org\",\"@graph\":[{\"@type\":\"Article\",\"@id\":\"https:\\\/\\\/www.diocesisciudadrodrigo.org\\\/blog4\\\/caritas-invita-esta-navidad-a-ser-oportunidad-y-esperanza-para-las-personas-que-sufren\\\/#article\",\"isPartOf\":{\"@id\":\"https:\\\/\\\/www.diocesisciudadrodrigo.org\\\/blog4\\\/caritas-invita-esta-navidad-a-ser-oportunidad-y-esperanza-para-las-personas-que-sufren\\\/\"},\"author\":{\"name\":\"medios CR\",\"@id\":\"https:\\\/\\\/www.diocesisciudadrodrigo.org\\\/blog4\\\/#\\\/schema\\\/person\\\/5fcf0ca636a75766ff70e6417b6ed052\"},\"headline\":\"C\u00e1ritas invita esta Navidad a ser oportunidad y esperanza para las personas que sufren\",\"datePublished\":\"2023-12-01T13:11:15+00:00\",\"dateModified\":\"2023-12-01T13:13:50+00:00\",\"mainEntityOfPage\":{\"@id\":\"https:\\\/\\\/www.diocesisciudadrodrigo.org\\\/blog4\\\/caritas-invita-esta-navidad-a-ser-oportunidad-y-esperanza-para-las-personas-que-sufren\\\/\"},\"wordCount\":725,\"publisher\":{\"@id\":\"https:\\\/\\\/www.diocesisciudadrodrigo.org\\\/blog4\\\/#organization\"},\"image\":{\"@id\":\"https:\\\/\\\/www.diocesisciudadrodrigo.org\\\/blog4\\\/caritas-invita-esta-navidad-a-ser-oportunidad-y-esperanza-para-las-personas-que-sufren\\\/#primaryimage\"},\"thumbnailUrl\":\"https:\\\/\\\/www.diocesisciudadrodrigo.org\\\/blog4\\\/wp-content\\\/uploads\\\/2023\\\/12\\\/IMG_4507-scaled.jpg\",\"articleSection\":[\"Noticias\"],\"inLanguage\":\"es\"},{\"@type\":\"WebPage\",\"@id\":\"https:\\\/\\\/www.diocesisciudadrodrigo.org\\\/blog4\\\/caritas-invita-esta-navidad-a-ser-oportunidad-y-esperanza-para-las-personas-que-sufren\\\/\",\"url\":\"https:\\\/\\\/www.diocesisciudadrodrigo.org\\\/blog4\\\/caritas-invita-esta-navidad-a-ser-oportunidad-y-esperanza-para-las-personas-que-sufren\\\/\",\"name\":\"C\u00e1ritas invita esta Navidad a ser oportunidad y esperanza para las personas que sufren - Di\u00f3cesis de Ciudad Rodrigo\",\"isPartOf\":{\"@id\":\"https:\\\/\\\/www.diocesisciudadrodrigo.org\\\/blog4\\\/#website\"},\"primaryImageOfPage\":{\"@id\":\"https:\\\/\\\/www.diocesisciudadrodrigo.org\\\/blog4\\\/caritas-invita-esta-navidad-a-ser-oportunidad-y-esperanza-para-las-personas-que-sufren\\\/#primaryimage\"},\"image\":{\"@id\":\"https:\\\/\\\/www.diocesisciudadrodrigo.org\\\/blog4\\\/caritas-invita-esta-navidad-a-ser-oportunidad-y-esperanza-para-las-personas-que-sufren\\\/#primaryimage\"},\"thumbnailUrl\":\"https:\\\/\\\/www.diocesisciudadrodrigo.org\\\/blog4\\\/wp-content\\\/uploads\\\/2023\\\/12\\\/IMG_4507-scaled.jpg\",\"datePublished\":\"2023-12-01T13:11:15+00:00\",\"dateModified\":\"2023-12-01T13:13:50+00:00\",\"breadcrumb\":{\"@id\":\"https:\\\/\\\/www.diocesisciudadrodrigo.org\\\/blog4\\\/caritas-invita-esta-navidad-a-ser-oportunidad-y-esperanza-para-las-personas-que-sufren\\\/#breadcrumb\"},\"inLanguage\":\"es\",\"potentialAction\":[{\"@type\":\"ReadAction\",\"target\":[\"https:\\\/\\\/www.diocesisciudadrodrigo.org\\\/blog4\\\/caritas-invita-esta-navidad-a-ser-oportunidad-y-esperanza-para-las-personas-que-sufren\\\/\"]}]},{\"@type\":\"ImageObject\",\"inLanguage\":\"es\",\"@id\":\"https:\\\/\\\/www.diocesisciudadrodrigo.org\\\/blog4\\\/caritas-invita-esta-navidad-a-ser-oportunidad-y-esperanza-para-las-personas-que-sufren\\\/#primaryimage\",\"url\":\"https:\\\/\\\/www.diocesisciudadrodrigo.org\\\/blog4\\\/wp-content\\\/uploads\\\/2023\\\/12\\\/IMG_4507-scaled.jpg\",\"contentUrl\":\"https:\\\/\\\/www.diocesisciudadrodrigo.org\\\/blog4\\\/wp-content\\\/uploads\\\/2023\\\/12\\\/IMG_4507-scaled.jpg\",\"width\":2560,\"height\":1707},{\"@type\":\"BreadcrumbList\",\"@id\":\"https:\\\/\\\/www.diocesisciudadrodrigo.org\\\/blog4\\\/caritas-invita-esta-navidad-a-ser-oportunidad-y-esperanza-para-las-personas-que-sufren\\\/#breadcrumb\",\"itemListElement\":[{\"@type\":\"ListItem\",\"position\":1,\"name\":\"Portada\",\"item\":\"https:\\\/\\\/www.diocesisciudadrodrigo.org\\\/blog4\\\/\"},{\"@type\":\"ListItem\",\"position\":2,\"name\":\"C\u00e1ritas invita esta Navidad a ser oportunidad y esperanza para las personas que sufren\"}]},{\"@type\":\"WebSite\",\"@id\":\"https:\\\/\\\/www.diocesisciudadrodrigo.org\\\/blog4\\\/#website\",\"url\":\"https:\\\/\\\/www.diocesisciudadrodrigo.org\\\/blog4\\\/\",\"name\":\"Di\u00f3cesis de Ciudad Rodrigo\",\"description\":\"Sitio web oficial de la di\u00f3cesis civitatense\",\"publisher\":{\"@id\":\"https:\\\/\\\/www.diocesisciudadrodrigo.org\\\/blog4\\\/#organization\"},\"potentialAction\":[{\"@type\":\"SearchAction\",\"target\":{\"@type\":\"EntryPoint\",\"urlTemplate\":\"https:\\\/\\\/www.diocesisciudadrodrigo.org\\\/blog4\\\/?s={search_term_string}\"},\"query-input\":{\"@type\":\"PropertyValueSpecification\",\"valueRequired\":true,\"valueName\":\"search_term_string\"}}],\"inLanguage\":\"es\"},{\"@type\":\"Organization\",\"@id\":\"https:\\\/\\\/www.diocesisciudadrodrigo.org\\\/blog4\\\/#organization\",\"name\":\"Di\u00f3cesis de Ciudad Rodrigo\",\"url\":\"https:\\\/\\\/www.diocesisciudadrodrigo.org\\\/blog4\\\/\",\"logo\":{\"@type\":\"ImageObject\",\"inLanguage\":\"es\",\"@id\":\"https:\\\/\\\/www.diocesisciudadrodrigo.org\\\/blog4\\\/#\\\/schema\\\/logo\\\/image\\\/\",\"url\":\"https:\\\/\\\/www.diocesisciudadrodrigo.org\\\/blog4\\\/wp-content\\\/uploads\\\/2024\\\/12\\\/Diocesis.CMYK_-768x480-1.jpg\",\"contentUrl\":\"https:\\\/\\\/www.diocesisciudadrodrigo.org\\\/blog4\\\/wp-content\\\/uploads\\\/2024\\\/12\\\/Diocesis.CMYK_-768x480-1.jpg\",\"width\":768,\"height\":480,\"caption\":\"Di\u00f3cesis de Ciudad Rodrigo\"},\"image\":{\"@id\":\"https:\\\/\\\/www.diocesisciudadrodrigo.org\\\/blog4\\\/#\\\/schema\\\/logo\\\/image\\\/\"},\"sameAs\":[\"https:\\\/\\\/www.facebook.com\\\/people\\\/Dicesis-Ciudad-Rodrigo-MCS\\\/100076471923419\\\/#\"]},{\"@type\":\"Person\",\"@id\":\"https:\\\/\\\/www.diocesisciudadrodrigo.org\\\/blog4\\\/#\\\/schema\\\/person\\\/5fcf0ca636a75766ff70e6417b6ed052\",\"name\":\"medios CR\",\"image\":{\"@type\":\"ImageObject\",\"inLanguage\":\"es\",\"@id\":\"https:\\\/\\\/secure.gravatar.com\\\/avatar\\\/4a619fd0c7e36bd570f4e6e15eb09a2191185d0f63d8dbfdffe848af141ab87e?s=96&d=mm&r=g\",\"url\":\"https:\\\/\\\/secure.gravatar.com\\\/avatar\\\/4a619fd0c7e36bd570f4e6e15eb09a2191185d0f63d8dbfdffe848af141ab87e?s=96&d=mm&r=g\",\"contentUrl\":\"https:\\\/\\\/secure.gravatar.com\\\/avatar\\\/4a619fd0c7e36bd570f4e6e15eb09a2191185d0f63d8dbfdffe848af141ab87e?s=96&d=mm&r=g\",\"caption\":\"medios CR\"},\"url\":\"https:\\\/\\\/www.diocesisciudadrodrigo.org\\\/blog4\\\/author\\\/admin4\\\/\"}]}<\/script>\n<!-- \/ Yoast SEO plugin. -->","yoast_head_json":{"title":"C\u00e1ritas invita esta Navidad a ser oportunidad y esperanza para las personas que sufren - Di\u00f3cesis de Ciudad Rodrigo","robots":{"index":"index","follow":"follow","max-snippet":"max-snippet:-1","max-image-preview":"max-image-preview:large","max-video-preview":"max-video-preview:-1"},"canonical":"https:\/\/www.diocesisciudadrodrigo.org\/blog4\/caritas-invita-esta-navidad-a-ser-oportunidad-y-esperanza-para-las-personas-que-sufren\/","og_locale":"es_ES","og_type":"article","og_title":"C\u00e1ritas invita esta Navidad a ser oportunidad y esperanza para las personas que sufren - Di\u00f3cesis de Ciudad Rodrigo","og_description":"No son tiempos de paz ni la prosperidad alcanza a todos. Pero nuestra esperanza es cierta: Dios sale a nuestro encuentro esta Navidad para abrazar nuestra humanidad herida. Ese es ... Leer m\u00e1s ...","og_url":"https:\/\/www.diocesisciudadrodrigo.org\/blog4\/caritas-invita-esta-navidad-a-ser-oportunidad-y-esperanza-para-las-personas-que-sufren\/","og_site_name":"Di\u00f3cesis de Ciudad Rodrigo","article_publisher":"https:\/\/www.facebook.com\/people\/Dicesis-Ciudad-Rodrigo-MCS\/100076471923419\/#","article_published_time":"2023-12-01T13:11:15+00:00","article_modified_time":"2023-12-01T13:13:50+00:00","og_image":[{"width":2560,"height":1707,"url":"https:\/\/www.diocesisciudadrodrigo.org\/blog4\/wp-content\/uploads\/2023\/12\/IMG_4507-scaled.jpg","type":"image\/jpeg"}],"author":"medios CR","twitter_card":"summary_large_image","twitter_misc":{"Escrito por":"medios CR","Tiempo de lectura":"4 minutos"},"schema":{"@context":"https:\/\/schema.org","@graph":[{"@type":"Article","@id":"https:\/\/www.diocesisciudadrodrigo.org\/blog4\/caritas-invita-esta-navidad-a-ser-oportunidad-y-esperanza-para-las-personas-que-sufren\/#article","isPartOf":{"@id":"https:\/\/www.diocesisciudadrodrigo.org\/blog4\/caritas-invita-esta-navidad-a-ser-oportunidad-y-esperanza-para-las-personas-que-sufren\/"},"author":{"name":"medios CR","@id":"https:\/\/www.diocesisciudadrodrigo.org\/blog4\/#\/schema\/person\/5fcf0ca636a75766ff70e6417b6ed052"},"headline":"C\u00e1ritas invita esta Navidad a ser oportunidad y esperanza para las personas que sufren","datePublished":"2023-12-01T13:11:15+00:00","dateModified":"2023-12-01T13:13:50+00:00","mainEntityOfPage":{"@id":"https:\/\/www.diocesisciudadrodrigo.org\/blog4\/caritas-invita-esta-navidad-a-ser-oportunidad-y-esperanza-para-las-personas-que-sufren\/"},"wordCount":725,"publisher":{"@id":"https:\/\/www.diocesisciudadrodrigo.org\/blog4\/#organization"},"image":{"@id":"https:\/\/www.diocesisciudadrodrigo.org\/blog4\/caritas-invita-esta-navidad-a-ser-oportunidad-y-esperanza-para-las-personas-que-sufren\/#primaryimage"},"thumbnailUrl":"https:\/\/www.diocesisciudadrodrigo.org\/blog4\/wp-content\/uploads\/2023\/12\/IMG_4507-scaled.jpg","articleSection":["Noticias"],"inLanguage":"es"},{"@type":"WebPage","@id":"https:\/\/www.diocesisciudadrodrigo.org\/blog4\/caritas-invita-esta-navidad-a-ser-oportunidad-y-esperanza-para-las-personas-que-sufren\/","url":"https:\/\/www.diocesisciudadrodrigo.org\/blog4\/caritas-invita-esta-navidad-a-ser-oportunidad-y-esperanza-para-las-personas-que-sufren\/","name":"C\u00e1ritas invita esta Navidad a ser oportunidad y esperanza para las personas que sufren - Di\u00f3cesis de Ciudad Rodrigo","isPartOf":{"@id":"https:\/\/www.diocesisciudadrodrigo.org\/blog4\/#website"},"primaryImageOfPage":{"@id":"https:\/\/www.diocesisciudadrodrigo.org\/blog4\/caritas-invita-esta-navidad-a-ser-oportunidad-y-esperanza-para-las-personas-que-sufren\/#primaryimage"},"image":{"@id":"https:\/\/www.diocesisciudadrodrigo.org\/blog4\/caritas-invita-esta-navidad-a-ser-oportunidad-y-esperanza-para-las-personas-que-sufren\/#primaryimage"},"thumbnailUrl":"https:\/\/www.diocesisciudadrodrigo.org\/blog4\/wp-content\/uploads\/2023\/12\/IMG_4507-scaled.jpg","datePublished":"2023-12-01T13:11:15+00:00","dateModified":"2023-12-01T13:13:50+00:00","breadcrumb":{"@id":"https:\/\/www.diocesisciudadrodrigo.org\/blog4\/caritas-invita-esta-navidad-a-ser-oportunidad-y-esperanza-para-las-personas-que-sufren\/#breadcrumb"},"inLanguage":"es","potentialAction":[{"@type":"ReadAction","target":["https:\/\/www.diocesisciudadrodrigo.org\/blog4\/caritas-invita-esta-navidad-a-ser-oportunidad-y-esperanza-para-las-personas-que-sufren\/"]}]},{"@type":"ImageObject","inLanguage":"es","@id":"https:\/\/www.diocesisciudadrodrigo.org\/blog4\/caritas-invita-esta-navidad-a-ser-oportunidad-y-esperanza-para-las-personas-que-sufren\/#primaryimage","url":"https:\/\/www.diocesisciudadrodrigo.org\/blog4\/wp-content\/uploads\/2023\/12\/IMG_4507-scaled.jpg","contentUrl":"https:\/\/www.diocesisciudadrodrigo.org\/blog4\/wp-content\/uploads\/2023\/12\/IMG_4507-scaled.jpg","width":2560,"height":1707},{"@type":"BreadcrumbList","@id":"https:\/\/www.diocesisciudadrodrigo.org\/blog4\/caritas-invita-esta-navidad-a-ser-oportunidad-y-esperanza-para-las-personas-que-sufren\/#breadcrumb","itemListElement":[{"@type":"ListItem","position":1,"name":"Portada","item":"https:\/\/www.diocesisciudadrodrigo.org\/blog4\/"},{"@type":"ListItem","position":2,"name":"C\u00e1ritas invita esta Navidad a ser oportunidad y esperanza para las personas que sufren"}]},{"@type":"WebSite","@id":"https:\/\/www.diocesisciudadrodrigo.org\/blog4\/#website","url":"https:\/\/www.diocesisciudadrodrigo.org\/blog4\/","name":"Di\u00f3cesis de Ciudad Rodrigo","description":"Sitio web oficial de la di\u00f3cesis civitatense","publisher":{"@id":"https:\/\/www.diocesisciudadrodrigo.org\/blog4\/#organization"},"potentialAction":[{"@type":"SearchAction","target":{"@type":"EntryPoint","urlTemplate":"https:\/\/www.diocesisciudadrodrigo.org\/blog4\/?s={search_term_string}"},"query-input":{"@type":"PropertyValueSpecification","valueRequired":true,"valueName":"search_term_string"}}],"inLanguage":"es"},{"@type":"Organization","@id":"https:\/\/www.diocesisciudadrodrigo.org\/blog4\/#organization","name":"Di\u00f3cesis de Ciudad Rodrigo","url":"https:\/\/www.diocesisciudadrodrigo.org\/blog4\/","logo":{"@type":"ImageObject","inLanguage":"es","@id":"https:\/\/www.diocesisciudadrodrigo.org\/blog4\/#\/schema\/logo\/image\/","url":"https:\/\/www.diocesisciudadrodrigo.org\/blog4\/wp-content\/uploads\/2024\/12\/Diocesis.CMYK_-768x480-1.jpg","contentUrl":"https:\/\/www.diocesisciudadrodrigo.org\/blog4\/wp-content\/uploads\/2024\/12\/Diocesis.CMYK_-768x480-1.jpg","width":768,"height":480,"caption":"Di\u00f3cesis de Ciudad Rodrigo"},"image":{"@id":"https:\/\/www.diocesisciudadrodrigo.org\/blog4\/#\/schema\/logo\/image\/"},"sameAs":["https:\/\/www.facebook.com\/people\/Dicesis-Ciudad-Rodrigo-MCS\/100076471923419\/#"]},{"@type":"Person","@id":"https:\/\/www.diocesisciudadrodrigo.org\/blog4\/#\/schema\/person\/5fcf0ca636a75766ff70e6417b6ed052","name":"medios CR","image":{"@type":"ImageObject","inLanguage":"es","@id":"https:\/\/secure.gravatar.com\/avatar\/4a619fd0c7e36bd570f4e6e15eb09a2191185d0f63d8dbfdffe848af141ab87e?s=96&d=mm&r=g","url":"https:\/\/secure.gravatar.com\/avatar\/4a619fd0c7e36bd570f4e6e15eb09a2191185d0f63d8dbfdffe848af141ab87e?s=96&d=mm&r=g","contentUrl":"https:\/\/secure.gravatar.com\/avatar\/4a619fd0c7e36bd570f4e6e15eb09a2191185d0f63d8dbfdffe848af141ab87e?s=96&d=mm&r=g","caption":"medios CR"},"url":"https:\/\/www.diocesisciudadrodrigo.org\/blog4\/author\/admin4\/"}]}},"_links":{"self":[{"href":"https:\/\/www.diocesisciudadrodrigo.org\/blog4\/wp-json\/wp\/v2\/posts\/30248","targetHints":{"allow":["GET"]}}],"collection":[{"href":"https:\/\/www.diocesisciudadrodrigo.org\/blog4\/wp-json\/wp\/v2\/posts"}],"about":[{"href":"https:\/\/www.diocesisciudadrodrigo.org\/blog4\/wp-json\/wp\/v2\/types\/post"}],"author":[{"embeddable":true,"href":"https:\/\/www.diocesisciudadrodrigo.org\/blog4\/wp-json\/wp\/v2\/users\/1"}],"replies":[{"embeddable":true,"href":"https:\/\/www.diocesisciudadrodrigo.org\/blog4\/wp-json\/wp\/v2\/comments?post=30248"}],"version-history":[{"count":4,"href":"https:\/\/www.diocesisciudadrodrigo.org\/blog4\/wp-json\/wp\/v2\/posts\/30248\/revisions"}],"predecessor-version":[{"id":30253,"href":"https:\/\/www.diocesisciudadrodrigo.org\/blog4\/wp-json\/wp\/v2\/posts\/30248\/revisions\/30253"}],"wp:featuredmedia":[{"embeddable":true,"href":"https:\/\/www.diocesisciudadrodrigo.org\/blog4\/wp-json\/wp\/v2\/media\/30249"}],"wp:attachment":[{"href":"https:\/\/www.diocesisciudadrodrigo.org\/blog4\/wp-json\/wp\/v2\/media?parent=30248"}],"wp:term":[{"taxonomy":"category","embeddable":true,"href":"https:\/\/www.diocesisciudadrodrigo.org\/blog4\/wp-json\/wp\/v2\/categories?post=30248"},{"taxonomy":"post_tag","embeddable":true,"href":"https:\/\/www.diocesisciudadrodrigo.org\/blog4\/wp-json\/wp\/v2\/tags?post=30248"}],"curies":[{"name":"wp","href":"https:\/\/api.w.org\/{rel}","templated":true}]}}