{"id":28434,"date":"2023-05-20T12:22:22","date_gmt":"2023-05-20T10:22:22","guid":{"rendered":"https:\/\/www.diocesisciudadrodrigo.org\/blog4\/?p=28434"},"modified":"2023-05-20T12:24:21","modified_gmt":"2023-05-20T10:24:21","slug":"sor-beatriz-agustina-hermana-del-amparo-vamos-a-los-lugares-donde-mas-nos-necesitan-da-igual-la-necesidad","status":"publish","type":"post","link":"https:\/\/www.diocesisciudadrodrigo.org\/blog4\/sor-beatriz-agustina-hermana-del-amparo-vamos-a-los-lugares-donde-mas-nos-necesitan-da-igual-la-necesidad\/","title":{"rendered":"Sor Beatriz, Agustina Hermana del Amparo: \u00abVamos a los lugares donde m\u00e1s nos necesitan, da igual la necesidad\u00bb"},"content":{"rendered":"\t\t<div data-elementor-type=\"wp-post\" data-elementor-id=\"28434\" class=\"elementor elementor-28434\" data-elementor-settings=\"[]\">\n\t\t\t\t\t\t<div class=\"elementor-inner\">\n\t\t\t\t\t\t\t<div class=\"elementor-section-wrap\">\n\t\t\t\t\t\t\t<section class=\"elementor-section elementor-top-section elementor-element elementor-element-73fd35d elementor-section-boxed elementor-section-height-default elementor-section-height-default\" data-id=\"73fd35d\" data-element_type=\"section\">\n\t\t\t\t\t\t<div class=\"elementor-container elementor-column-gap-default\">\n\t\t\t\t\t\t\t<div class=\"elementor-row\">\n\t\t\t\t\t<div class=\"elementor-column elementor-col-100 elementor-top-column elementor-element elementor-element-79af445\" data-id=\"79af445\" data-element_type=\"column\">\n\t\t\t<div class=\"elementor-column-wrap elementor-element-populated\">\n\t\t\t\t\t\t\t<div class=\"elementor-widget-wrap\">\n\t\t\t\t\t\t<div class=\"elementor-element elementor-element-91927fe elementor-widget elementor-widget-text-editor\" data-id=\"91927fe\" data-element_type=\"widget\" data-widget_type=\"text-editor.default\">\n\t\t\t\t<div class=\"elementor-widget-container\">\n\t\t\t\t\t\t\t\t<div class=\"elementor-text-editor elementor-clearfix\">\n\t\t\t\t<p>En la Biblia la longevidad es considerada como una bendici\u00f3n. \u00a0Es un momento de fragilidad, de dependencia y tal y como remarc\u00f3 el Papa Francisco, \u201c\u00a1no es una enfermedad, es un privilegio! La soledad puede ser una enfermedad, pero con la caridad, la cercan\u00eda y el consuelo espiritual podemos curarla\u201d.<\/p><p>Precisamente, las Agustinas Hermanas del Amparo conviven a diario con esta realidad en la Residencia de Ancianos &#8216;Santa Rita&#8217; de Lumbrales donde llegaron en el a\u00f1o 1989, y donde toman como referencia oficial, la fecha del 1 de abril.<\/p><p>\u201cLa experiencia al principio fue muy mala, hasta que un d\u00eda te levantas y Dios te da tanta luz que cambias, para m\u00ed ese d\u00eda todo cambi\u00f3 pero me cost\u00f3 mucho\u201d, no duda en reconocer la hermana Beatriz Blanco, directora de la residencia, en la que vive una comunidad de cinco agustinas, cuatro de ellas en activo.<\/p><p>Originalmente, esta residencia fue un colegio de las Hijas de la Caridad, y tras la compra del edificio por parte de la Diputaci\u00f3n de Salamanca, se transforma en una residencia para 53 personas. En la actualidad, es la instituci\u00f3n provincial la que tiene asumido el mantenimiento del edificio, los servicios de pod\u00f3logo, peluquer\u00eda, terapeuta ocupacional, fisioterapia y la empresa de limpieza.<\/p><p>Para hablar de c\u00f3mo llegaron las Agustinas a esta residencia hay que referirse al inter\u00e9s que tuvo el p\u00e1rroco para que as\u00ed fuera y de c\u00f3mo, a trav\u00e9s de una de las hermanas que era misionera, se iniciaron los contactos.<\/p><p>\u201cVinimos tres religiosas a hacer una experiencia y al final lo asumimos, nos quedamos por los abuelos, el trabajo era muy acorde a los principios de nuestro fundador, Sebasti\u00e1n Gil y Vives\u201d, comenta la directora.<\/p><p>Su fundador, de origen balear, asumi\u00f3 en Palma una casa de acogida para ni\u00f1os \u201cpero vio que necesitaba algo m\u00e1s, un cari\u00f1o m\u00e1s maternal, y es cuando funda la congregaci\u00f3n en 1859\u201d.<\/p><p>La hermana Beatriz a\u00f1ade que su fundador \u201cten\u00eda pasi\u00f3n por la gente necesitada, da igual la necesidad, nosotras vamos a los lugares donde m\u00e1s nos necesitan, y eso no quita que se atienda a la gente que aporta, pero nunca qued\u00f3 un ni\u00f1o en la calle que no pudiera aportar\u201d.<\/p><p>Estas religiosas, algunas de ellas enfermeras, tampoco descuidan su vida comunitaria y a las seis de la ma\u00f1ana, cada d\u00eda, tienen un momento de oraci\u00f3n, primero personal y luego comunitaria.<\/p><p>Inmediatamente despu\u00e9s, llega el momento de recorrer todas las habitaciones, \u201chay d\u00edas muy complicados\u201d, reconoce, y sobre las 8:15 horas rezan laudes en comunidad para 15 minutos despu\u00e9s cada cual, asumir su trabajo.<\/p><p>Tienen establecidos dos turnos de desayuno y dos de comida, en funci\u00f3n de la situaci\u00f3n de los residentes, y hacia las 15:00 horas se re\u00fanen en comunidad. Dos d\u00edas a la semana han establecido una lectura comunitaria, dialogan y siguen con su trabajo.<\/p><p>El Rosario es a las 18:00 horas en la capilla, \u201cabierto a todo el que quiera, va un grupo grande de gente, incluso gente que antes no iba ahora va, es voluntario\u201d.<\/p><p>En determinados momentos a lo largo del a\u00f1o hacen exposici\u00f3n del Sant\u00edsimo.<\/p><p>Sobre lo que aportan estas religiosas y, en definitiva, la Iglesia a esta residencia y, sobre todo, a los ancianos, la hermana deja claro que \u201cel trato es totalmente diferente, esto tiene que ser por vocaci\u00f3n, no se puede venir a ganar un sueldo, tiene que moverte algo m\u00e1s, paciencia, mucho amor, amor a Dios\u201d.<\/p><p>Seg\u00fan destaca, la idea es que \u201cel abuelo, a trav\u00e9s de tu amor, reconozca que Dios lo ama, es totalmente diferente lo que aportas\u201d.<\/p><p>Concluye que esta casa se valora mucho, \u201ces muy, muy de la congregaci\u00f3n, trabajamos con gente muy necesitada, sin familia y en el caso de las familias valoran lo que hacemos\u201d.<\/p><p>\u00a0<\/p><p>Foto: Las hermanas Beatriz, Vicenta, Tr\u00e1nsito y Crecenciana.\u00a0<\/p>\t\t\t\t\t<\/div>\n\t\t\t\t\t\t<\/div>\n\t\t\t\t<\/div>\n\t\t\t\t\t\t<\/div>\n\t\t\t\t\t<\/div>\n\t\t<\/div>\n\t\t\t\t\t\t\t\t<\/div>\n\t\t\t\t\t<\/div>\n\t\t<\/section>\n\t\t\t\t<section class=\"elementor-section elementor-top-section elementor-element elementor-element-fba2de6 elementor-section-boxed elementor-section-height-default elementor-section-height-default\" data-id=\"fba2de6\" data-element_type=\"section\">\n\t\t\t\t\t\t<div class=\"elementor-container elementor-column-gap-default\">\n\t\t\t\t\t\t\t<div class=\"elementor-row\">\n\t\t\t\t\t<div class=\"elementor-column elementor-col-100 elementor-top-column elementor-element elementor-element-a9cf005\" data-id=\"a9cf005\" data-element_type=\"column\">\n\t\t\t<div class=\"elementor-column-wrap elementor-element-populated\">\n\t\t\t\t\t\t\t<div class=\"elementor-widget-wrap\">\n\t\t\t\t\t\t<div class=\"elementor-element elementor-element-be8571b elementor-widget elementor-widget-image-gallery\" data-id=\"be8571b\" data-element_type=\"widget\" data-widget_type=\"image-gallery.default\">\n\t\t\t\t<div class=\"elementor-widget-container\">\n\t\t\t\t\t<div class=\"elementor-image-gallery\">\n\t\t\t<div id='gallery-1' class='gallery galleryid-28434 gallery-columns-3 gallery-size-medium'><figure class='gallery-item'>\n\t\t\t<div class='gallery-icon landscape'>\n\t\t\t\t<a  href='https:\/\/www.diocesisciudadrodrigo.org\/blog4\/wp-content\/uploads\/2023\/05\/agusitnas2-scaled.jpg'><img loading=\"lazy\" decoding=\"async\" width=\"300\" height=\"225\" src=\"https:\/\/www.diocesisciudadrodrigo.org\/blog4\/wp-content\/uploads\/2023\/05\/agusitnas2-300x225.jpg\" class=\"attachment-medium size-medium\" alt=\"\" srcset=\"https:\/\/www.diocesisciudadrodrigo.org\/blog4\/wp-content\/uploads\/2023\/05\/agusitnas2-300x225.jpg 300w, https:\/\/www.diocesisciudadrodrigo.org\/blog4\/wp-content\/uploads\/2023\/05\/agusitnas2-1024x768.jpg 1024w, https:\/\/www.diocesisciudadrodrigo.org\/blog4\/wp-content\/uploads\/2023\/05\/agusitnas2-768x576.jpg 768w, https:\/\/www.diocesisciudadrodrigo.org\/blog4\/wp-content\/uploads\/2023\/05\/agusitnas2-1536x1152.jpg 1536w, https:\/\/www.diocesisciudadrodrigo.org\/blog4\/wp-content\/uploads\/2023\/05\/agusitnas2-2048x1536.jpg 2048w, https:\/\/www.diocesisciudadrodrigo.org\/blog4\/wp-content\/uploads\/2023\/05\/agusitnas2-350x263.jpg 350w\" sizes=\"auto, (max-width: 300px) 100vw, 300px\" \/><\/a>\n\t\t\t<\/div><\/figure><figure class='gallery-item'>\n\t\t\t<div class='gallery-icon landscape'>\n\t\t\t\t<a  href='https:\/\/www.diocesisciudadrodrigo.org\/blog4\/wp-content\/uploads\/2023\/05\/agustinas1-scaled.jpg'><img loading=\"lazy\" decoding=\"async\" width=\"300\" height=\"225\" src=\"https:\/\/www.diocesisciudadrodrigo.org\/blog4\/wp-content\/uploads\/2023\/05\/agustinas1-300x225.jpg\" class=\"attachment-medium size-medium\" alt=\"\" srcset=\"https:\/\/www.diocesisciudadrodrigo.org\/blog4\/wp-content\/uploads\/2023\/05\/agustinas1-300x225.jpg 300w, https:\/\/www.diocesisciudadrodrigo.org\/blog4\/wp-content\/uploads\/2023\/05\/agustinas1-1024x768.jpg 1024w, https:\/\/www.diocesisciudadrodrigo.org\/blog4\/wp-content\/uploads\/2023\/05\/agustinas1-768x576.jpg 768w, https:\/\/www.diocesisciudadrodrigo.org\/blog4\/wp-content\/uploads\/2023\/05\/agustinas1-1536x1152.jpg 1536w, https:\/\/www.diocesisciudadrodrigo.org\/blog4\/wp-content\/uploads\/2023\/05\/agustinas1-2048x1536.jpg 2048w, https:\/\/www.diocesisciudadrodrigo.org\/blog4\/wp-content\/uploads\/2023\/05\/agustinas1-350x263.jpg 350w\" sizes=\"auto, (max-width: 300px) 100vw, 300px\" \/><\/a>\n\t\t\t<\/div><\/figure><figure class='gallery-item'>\n\t\t\t<div class='gallery-icon landscape'>\n\t\t\t\t<a  href='https:\/\/www.diocesisciudadrodrigo.org\/blog4\/wp-content\/uploads\/2023\/05\/agustinas3-scaled.jpg'><img loading=\"lazy\" decoding=\"async\" width=\"300\" height=\"225\" src=\"https:\/\/www.diocesisciudadrodrigo.org\/blog4\/wp-content\/uploads\/2023\/05\/agustinas3-300x225.jpg\" class=\"attachment-medium size-medium\" alt=\"\" srcset=\"https:\/\/www.diocesisciudadrodrigo.org\/blog4\/wp-content\/uploads\/2023\/05\/agustinas3-300x225.jpg 300w, https:\/\/www.diocesisciudadrodrigo.org\/blog4\/wp-content\/uploads\/2023\/05\/agustinas3-1024x768.jpg 1024w, https:\/\/www.diocesisciudadrodrigo.org\/blog4\/wp-content\/uploads\/2023\/05\/agustinas3-768x576.jpg 768w, https:\/\/www.diocesisciudadrodrigo.org\/blog4\/wp-content\/uploads\/2023\/05\/agustinas3-1536x1152.jpg 1536w, https:\/\/www.diocesisciudadrodrigo.org\/blog4\/wp-content\/uploads\/2023\/05\/agustinas3-2048x1536.jpg 2048w, https:\/\/www.diocesisciudadrodrigo.org\/blog4\/wp-content\/uploads\/2023\/05\/agustinas3-350x263.jpg 350w\" sizes=\"auto, (max-width: 300px) 100vw, 300px\" \/><\/a>\n\t\t\t<\/div><\/figure>\n\t\t<\/div>\n\t\t<\/div>\n\t\t\t\t<\/div>\n\t\t\t\t<\/div>\n\t\t\t\t\t\t<\/div>\n\t\t\t\t\t<\/div>\n\t\t<\/div>\n\t\t\t\t\t\t\t\t<\/div>\n\t\t\t\t\t<\/div>\n\t\t<\/section>\n\t\t\t\t\t\t<\/div>\n\t\t\t\t\t\t<\/div>\n\t\t\t\t\t<\/div>\n\t\t","protected":false},"excerpt":{"rendered":"<p>En la Biblia la longevidad es considerada como una bendici\u00f3n. \u00a0Es un momento de fragilidad, de dependencia y tal y como remarc\u00f3 el Papa Francisco, \u201c\u00a1no es una enfermedad, es &#8230; <\/p>\n<p class=\"read-more-container\"><a title=\"Sor Beatriz, Agustina Hermana del Amparo: \u00abVamos a los lugares donde m\u00e1s nos necesitan, da igual la necesidad\u00bb\" class=\"read-more button\" href=\"https:\/\/www.diocesisciudadrodrigo.org\/blog4\/sor-beatriz-agustina-hermana-del-amparo-vamos-a-los-lugares-donde-mas-nos-necesitan-da-igual-la-necesidad\/#more-28434\" aria-label=\"M\u00e1s en Sor Beatriz, Agustina Hermana del Amparo: \u00abVamos a los lugares donde m\u00e1s nos necesitan, da igual la necesidad\u00bb\">Leer m\u00e1s &#8230;<\/a><\/p>\n","protected":false},"author":1,"featured_media":28436,"comment_status":"closed","ping_status":"closed","sticky":false,"template":"","format":"standard","meta":{"footnotes":""},"categories":[6],"tags":[],"class_list":["post-28434","post","type-post","status-publish","format-standard","has-post-thumbnail","hentry","category-noticias","masonry-post","generate-columns","tablet-grid-50","mobile-grid-100","grid-parent","grid-50"],"yoast_head":"<!-- This site is optimized with the Yoast SEO plugin v27.3 - https:\/\/yoast.com\/product\/yoast-seo-wordpress\/ -->\n<title>Sor Beatriz, Agustina Hermana del Amparo: &quot;Vamos a los lugares donde m\u00e1s nos necesitan, da igual la necesidad&quot; - Di\u00f3cesis de Ciudad Rodrigo<\/title>\n<meta name=\"robots\" content=\"index, follow, max-snippet:-1, max-image-preview:large, max-video-preview:-1\" \/>\n<link rel=\"canonical\" href=\"https:\/\/www.diocesisciudadrodrigo.org\/blog4\/sor-beatriz-agustina-hermana-del-amparo-vamos-a-los-lugares-donde-mas-nos-necesitan-da-igual-la-necesidad\/\" \/>\n<meta property=\"og:locale\" content=\"es_ES\" \/>\n<meta property=\"og:type\" content=\"article\" \/>\n<meta property=\"og:title\" content=\"Sor Beatriz, Agustina Hermana del Amparo: &quot;Vamos a los lugares donde m\u00e1s nos necesitan, da igual la necesidad&quot; - Di\u00f3cesis de Ciudad Rodrigo\" \/>\n<meta property=\"og:description\" content=\"En la Biblia la longevidad es considerada como una bendici\u00f3n. \u00a0Es un momento de fragilidad, de dependencia y tal y como remarc\u00f3 el Papa Francisco, \u201c\u00a1no es una enfermedad, es ... Leer m\u00e1s ...\" \/>\n<meta property=\"og:url\" content=\"https:\/\/www.diocesisciudadrodrigo.org\/blog4\/sor-beatriz-agustina-hermana-del-amparo-vamos-a-los-lugares-donde-mas-nos-necesitan-da-igual-la-necesidad\/\" \/>\n<meta property=\"og:site_name\" content=\"Di\u00f3cesis de Ciudad Rodrigo\" \/>\n<meta property=\"article:publisher\" content=\"https:\/\/www.facebook.com\/people\/Dicesis-Ciudad-Rodrigo-MCS\/100076471923419\/#\" \/>\n<meta property=\"article:published_time\" content=\"2023-05-20T10:22:22+00:00\" \/>\n<meta property=\"article:modified_time\" content=\"2023-05-20T10:24:21+00:00\" \/>\n<meta property=\"og:image\" content=\"https:\/\/www.diocesisciudadrodrigo.org\/blog4\/wp-content\/uploads\/2023\/05\/agustinas1-scaled.jpg\" \/>\n\t<meta property=\"og:image:width\" content=\"2560\" \/>\n\t<meta property=\"og:image:height\" content=\"1920\" \/>\n\t<meta property=\"og:image:type\" content=\"image\/jpeg\" \/>\n<meta name=\"author\" content=\"medios CR\" \/>\n<meta name=\"twitter:card\" content=\"summary_large_image\" \/>\n<meta name=\"twitter:label1\" content=\"Escrito por\" \/>\n\t<meta name=\"twitter:data1\" content=\"medios CR\" \/>\n\t<meta name=\"twitter:label2\" content=\"Tiempo de lectura\" \/>\n\t<meta name=\"twitter:data2\" content=\"3 minutos\" \/>\n<script type=\"application\/ld+json\" class=\"yoast-schema-graph\">{\"@context\":\"https:\\\/\\\/schema.org\",\"@graph\":[{\"@type\":\"Article\",\"@id\":\"https:\\\/\\\/www.diocesisciudadrodrigo.org\\\/blog4\\\/sor-beatriz-agustina-hermana-del-amparo-vamos-a-los-lugares-donde-mas-nos-necesitan-da-igual-la-necesidad\\\/#article\",\"isPartOf\":{\"@id\":\"https:\\\/\\\/www.diocesisciudadrodrigo.org\\\/blog4\\\/sor-beatriz-agustina-hermana-del-amparo-vamos-a-los-lugares-donde-mas-nos-necesitan-da-igual-la-necesidad\\\/\"},\"author\":{\"name\":\"medios CR\",\"@id\":\"https:\\\/\\\/www.diocesisciudadrodrigo.org\\\/blog4\\\/#\\\/schema\\\/person\\\/5fcf0ca636a75766ff70e6417b6ed052\"},\"headline\":\"Sor Beatriz, Agustina Hermana del Amparo: \u00abVamos a los lugares donde m\u00e1s nos necesitan, da igual la necesidad\u00bb\",\"datePublished\":\"2023-05-20T10:22:22+00:00\",\"dateModified\":\"2023-05-20T10:24:21+00:00\",\"mainEntityOfPage\":{\"@id\":\"https:\\\/\\\/www.diocesisciudadrodrigo.org\\\/blog4\\\/sor-beatriz-agustina-hermana-del-amparo-vamos-a-los-lugares-donde-mas-nos-necesitan-da-igual-la-necesidad\\\/\"},\"wordCount\":687,\"publisher\":{\"@id\":\"https:\\\/\\\/www.diocesisciudadrodrigo.org\\\/blog4\\\/#organization\"},\"image\":{\"@id\":\"https:\\\/\\\/www.diocesisciudadrodrigo.org\\\/blog4\\\/sor-beatriz-agustina-hermana-del-amparo-vamos-a-los-lugares-donde-mas-nos-necesitan-da-igual-la-necesidad\\\/#primaryimage\"},\"thumbnailUrl\":\"https:\\\/\\\/www.diocesisciudadrodrigo.org\\\/blog4\\\/wp-content\\\/uploads\\\/2023\\\/05\\\/agustinas1-scaled.jpg\",\"articleSection\":[\"Noticias\"],\"inLanguage\":\"es\"},{\"@type\":\"WebPage\",\"@id\":\"https:\\\/\\\/www.diocesisciudadrodrigo.org\\\/blog4\\\/sor-beatriz-agustina-hermana-del-amparo-vamos-a-los-lugares-donde-mas-nos-necesitan-da-igual-la-necesidad\\\/\",\"url\":\"https:\\\/\\\/www.diocesisciudadrodrigo.org\\\/blog4\\\/sor-beatriz-agustina-hermana-del-amparo-vamos-a-los-lugares-donde-mas-nos-necesitan-da-igual-la-necesidad\\\/\",\"name\":\"Sor Beatriz, Agustina Hermana del Amparo: \\\"Vamos a los lugares donde m\u00e1s nos necesitan, da igual la necesidad\\\" - Di\u00f3cesis de Ciudad Rodrigo\",\"isPartOf\":{\"@id\":\"https:\\\/\\\/www.diocesisciudadrodrigo.org\\\/blog4\\\/#website\"},\"primaryImageOfPage\":{\"@id\":\"https:\\\/\\\/www.diocesisciudadrodrigo.org\\\/blog4\\\/sor-beatriz-agustina-hermana-del-amparo-vamos-a-los-lugares-donde-mas-nos-necesitan-da-igual-la-necesidad\\\/#primaryimage\"},\"image\":{\"@id\":\"https:\\\/\\\/www.diocesisciudadrodrigo.org\\\/blog4\\\/sor-beatriz-agustina-hermana-del-amparo-vamos-a-los-lugares-donde-mas-nos-necesitan-da-igual-la-necesidad\\\/#primaryimage\"},\"thumbnailUrl\":\"https:\\\/\\\/www.diocesisciudadrodrigo.org\\\/blog4\\\/wp-content\\\/uploads\\\/2023\\\/05\\\/agustinas1-scaled.jpg\",\"datePublished\":\"2023-05-20T10:22:22+00:00\",\"dateModified\":\"2023-05-20T10:24:21+00:00\",\"breadcrumb\":{\"@id\":\"https:\\\/\\\/www.diocesisciudadrodrigo.org\\\/blog4\\\/sor-beatriz-agustina-hermana-del-amparo-vamos-a-los-lugares-donde-mas-nos-necesitan-da-igual-la-necesidad\\\/#breadcrumb\"},\"inLanguage\":\"es\",\"potentialAction\":[{\"@type\":\"ReadAction\",\"target\":[\"https:\\\/\\\/www.diocesisciudadrodrigo.org\\\/blog4\\\/sor-beatriz-agustina-hermana-del-amparo-vamos-a-los-lugares-donde-mas-nos-necesitan-da-igual-la-necesidad\\\/\"]}]},{\"@type\":\"ImageObject\",\"inLanguage\":\"es\",\"@id\":\"https:\\\/\\\/www.diocesisciudadrodrigo.org\\\/blog4\\\/sor-beatriz-agustina-hermana-del-amparo-vamos-a-los-lugares-donde-mas-nos-necesitan-da-igual-la-necesidad\\\/#primaryimage\",\"url\":\"https:\\\/\\\/www.diocesisciudadrodrigo.org\\\/blog4\\\/wp-content\\\/uploads\\\/2023\\\/05\\\/agustinas1-scaled.jpg\",\"contentUrl\":\"https:\\\/\\\/www.diocesisciudadrodrigo.org\\\/blog4\\\/wp-content\\\/uploads\\\/2023\\\/05\\\/agustinas1-scaled.jpg\",\"width\":2560,\"height\":1920},{\"@type\":\"BreadcrumbList\",\"@id\":\"https:\\\/\\\/www.diocesisciudadrodrigo.org\\\/blog4\\\/sor-beatriz-agustina-hermana-del-amparo-vamos-a-los-lugares-donde-mas-nos-necesitan-da-igual-la-necesidad\\\/#breadcrumb\",\"itemListElement\":[{\"@type\":\"ListItem\",\"position\":1,\"name\":\"Portada\",\"item\":\"https:\\\/\\\/www.diocesisciudadrodrigo.org\\\/blog4\\\/\"},{\"@type\":\"ListItem\",\"position\":2,\"name\":\"Sor Beatriz, Agustina Hermana del Amparo: \u00abVamos a los lugares donde m\u00e1s nos necesitan, da igual la necesidad\u00bb\"}]},{\"@type\":\"WebSite\",\"@id\":\"https:\\\/\\\/www.diocesisciudadrodrigo.org\\\/blog4\\\/#website\",\"url\":\"https:\\\/\\\/www.diocesisciudadrodrigo.org\\\/blog4\\\/\",\"name\":\"Di\u00f3cesis de Ciudad Rodrigo\",\"description\":\"Sitio web oficial de la di\u00f3cesis civitatense\",\"publisher\":{\"@id\":\"https:\\\/\\\/www.diocesisciudadrodrigo.org\\\/blog4\\\/#organization\"},\"potentialAction\":[{\"@type\":\"SearchAction\",\"target\":{\"@type\":\"EntryPoint\",\"urlTemplate\":\"https:\\\/\\\/www.diocesisciudadrodrigo.org\\\/blog4\\\/?s={search_term_string}\"},\"query-input\":{\"@type\":\"PropertyValueSpecification\",\"valueRequired\":true,\"valueName\":\"search_term_string\"}}],\"inLanguage\":\"es\"},{\"@type\":\"Organization\",\"@id\":\"https:\\\/\\\/www.diocesisciudadrodrigo.org\\\/blog4\\\/#organization\",\"name\":\"Di\u00f3cesis de Ciudad Rodrigo\",\"url\":\"https:\\\/\\\/www.diocesisciudadrodrigo.org\\\/blog4\\\/\",\"logo\":{\"@type\":\"ImageObject\",\"inLanguage\":\"es\",\"@id\":\"https:\\\/\\\/www.diocesisciudadrodrigo.org\\\/blog4\\\/#\\\/schema\\\/logo\\\/image\\\/\",\"url\":\"https:\\\/\\\/www.diocesisciudadrodrigo.org\\\/blog4\\\/wp-content\\\/uploads\\\/2024\\\/12\\\/Diocesis.CMYK_-768x480-1.jpg\",\"contentUrl\":\"https:\\\/\\\/www.diocesisciudadrodrigo.org\\\/blog4\\\/wp-content\\\/uploads\\\/2024\\\/12\\\/Diocesis.CMYK_-768x480-1.jpg\",\"width\":768,\"height\":480,\"caption\":\"Di\u00f3cesis de Ciudad Rodrigo\"},\"image\":{\"@id\":\"https:\\\/\\\/www.diocesisciudadrodrigo.org\\\/blog4\\\/#\\\/schema\\\/logo\\\/image\\\/\"},\"sameAs\":[\"https:\\\/\\\/www.facebook.com\\\/people\\\/Dicesis-Ciudad-Rodrigo-MCS\\\/100076471923419\\\/#\"]},{\"@type\":\"Person\",\"@id\":\"https:\\\/\\\/www.diocesisciudadrodrigo.org\\\/blog4\\\/#\\\/schema\\\/person\\\/5fcf0ca636a75766ff70e6417b6ed052\",\"name\":\"medios CR\",\"image\":{\"@type\":\"ImageObject\",\"inLanguage\":\"es\",\"@id\":\"https:\\\/\\\/secure.gravatar.com\\\/avatar\\\/4a619fd0c7e36bd570f4e6e15eb09a2191185d0f63d8dbfdffe848af141ab87e?s=96&d=mm&r=g\",\"url\":\"https:\\\/\\\/secure.gravatar.com\\\/avatar\\\/4a619fd0c7e36bd570f4e6e15eb09a2191185d0f63d8dbfdffe848af141ab87e?s=96&d=mm&r=g\",\"contentUrl\":\"https:\\\/\\\/secure.gravatar.com\\\/avatar\\\/4a619fd0c7e36bd570f4e6e15eb09a2191185d0f63d8dbfdffe848af141ab87e?s=96&d=mm&r=g\",\"caption\":\"medios CR\"},\"url\":\"https:\\\/\\\/www.diocesisciudadrodrigo.org\\\/blog4\\\/author\\\/admin4\\\/\"}]}<\/script>\n<!-- \/ Yoast SEO plugin. -->","yoast_head_json":{"title":"Sor Beatriz, Agustina Hermana del Amparo: \"Vamos a los lugares donde m\u00e1s nos necesitan, da igual la necesidad\" - Di\u00f3cesis de Ciudad Rodrigo","robots":{"index":"index","follow":"follow","max-snippet":"max-snippet:-1","max-image-preview":"max-image-preview:large","max-video-preview":"max-video-preview:-1"},"canonical":"https:\/\/www.diocesisciudadrodrigo.org\/blog4\/sor-beatriz-agustina-hermana-del-amparo-vamos-a-los-lugares-donde-mas-nos-necesitan-da-igual-la-necesidad\/","og_locale":"es_ES","og_type":"article","og_title":"Sor Beatriz, Agustina Hermana del Amparo: \"Vamos a los lugares donde m\u00e1s nos necesitan, da igual la necesidad\" - Di\u00f3cesis de Ciudad Rodrigo","og_description":"En la Biblia la longevidad es considerada como una bendici\u00f3n. \u00a0Es un momento de fragilidad, de dependencia y tal y como remarc\u00f3 el Papa Francisco, \u201c\u00a1no es una enfermedad, es ... Leer m\u00e1s ...","og_url":"https:\/\/www.diocesisciudadrodrigo.org\/blog4\/sor-beatriz-agustina-hermana-del-amparo-vamos-a-los-lugares-donde-mas-nos-necesitan-da-igual-la-necesidad\/","og_site_name":"Di\u00f3cesis de Ciudad Rodrigo","article_publisher":"https:\/\/www.facebook.com\/people\/Dicesis-Ciudad-Rodrigo-MCS\/100076471923419\/#","article_published_time":"2023-05-20T10:22:22+00:00","article_modified_time":"2023-05-20T10:24:21+00:00","og_image":[{"width":2560,"height":1920,"url":"https:\/\/www.diocesisciudadrodrigo.org\/blog4\/wp-content\/uploads\/2023\/05\/agustinas1-scaled.jpg","type":"image\/jpeg"}],"author":"medios CR","twitter_card":"summary_large_image","twitter_misc":{"Escrito por":"medios CR","Tiempo de lectura":"3 minutos"},"schema":{"@context":"https:\/\/schema.org","@graph":[{"@type":"Article","@id":"https:\/\/www.diocesisciudadrodrigo.org\/blog4\/sor-beatriz-agustina-hermana-del-amparo-vamos-a-los-lugares-donde-mas-nos-necesitan-da-igual-la-necesidad\/#article","isPartOf":{"@id":"https:\/\/www.diocesisciudadrodrigo.org\/blog4\/sor-beatriz-agustina-hermana-del-amparo-vamos-a-los-lugares-donde-mas-nos-necesitan-da-igual-la-necesidad\/"},"author":{"name":"medios CR","@id":"https:\/\/www.diocesisciudadrodrigo.org\/blog4\/#\/schema\/person\/5fcf0ca636a75766ff70e6417b6ed052"},"headline":"Sor Beatriz, Agustina Hermana del Amparo: \u00abVamos a los lugares donde m\u00e1s nos necesitan, da igual la necesidad\u00bb","datePublished":"2023-05-20T10:22:22+00:00","dateModified":"2023-05-20T10:24:21+00:00","mainEntityOfPage":{"@id":"https:\/\/www.diocesisciudadrodrigo.org\/blog4\/sor-beatriz-agustina-hermana-del-amparo-vamos-a-los-lugares-donde-mas-nos-necesitan-da-igual-la-necesidad\/"},"wordCount":687,"publisher":{"@id":"https:\/\/www.diocesisciudadrodrigo.org\/blog4\/#organization"},"image":{"@id":"https:\/\/www.diocesisciudadrodrigo.org\/blog4\/sor-beatriz-agustina-hermana-del-amparo-vamos-a-los-lugares-donde-mas-nos-necesitan-da-igual-la-necesidad\/#primaryimage"},"thumbnailUrl":"https:\/\/www.diocesisciudadrodrigo.org\/blog4\/wp-content\/uploads\/2023\/05\/agustinas1-scaled.jpg","articleSection":["Noticias"],"inLanguage":"es"},{"@type":"WebPage","@id":"https:\/\/www.diocesisciudadrodrigo.org\/blog4\/sor-beatriz-agustina-hermana-del-amparo-vamos-a-los-lugares-donde-mas-nos-necesitan-da-igual-la-necesidad\/","url":"https:\/\/www.diocesisciudadrodrigo.org\/blog4\/sor-beatriz-agustina-hermana-del-amparo-vamos-a-los-lugares-donde-mas-nos-necesitan-da-igual-la-necesidad\/","name":"Sor Beatriz, Agustina Hermana del Amparo: \"Vamos a los lugares donde m\u00e1s nos necesitan, da igual la necesidad\" - Di\u00f3cesis de Ciudad Rodrigo","isPartOf":{"@id":"https:\/\/www.diocesisciudadrodrigo.org\/blog4\/#website"},"primaryImageOfPage":{"@id":"https:\/\/www.diocesisciudadrodrigo.org\/blog4\/sor-beatriz-agustina-hermana-del-amparo-vamos-a-los-lugares-donde-mas-nos-necesitan-da-igual-la-necesidad\/#primaryimage"},"image":{"@id":"https:\/\/www.diocesisciudadrodrigo.org\/blog4\/sor-beatriz-agustina-hermana-del-amparo-vamos-a-los-lugares-donde-mas-nos-necesitan-da-igual-la-necesidad\/#primaryimage"},"thumbnailUrl":"https:\/\/www.diocesisciudadrodrigo.org\/blog4\/wp-content\/uploads\/2023\/05\/agustinas1-scaled.jpg","datePublished":"2023-05-20T10:22:22+00:00","dateModified":"2023-05-20T10:24:21+00:00","breadcrumb":{"@id":"https:\/\/www.diocesisciudadrodrigo.org\/blog4\/sor-beatriz-agustina-hermana-del-amparo-vamos-a-los-lugares-donde-mas-nos-necesitan-da-igual-la-necesidad\/#breadcrumb"},"inLanguage":"es","potentialAction":[{"@type":"ReadAction","target":["https:\/\/www.diocesisciudadrodrigo.org\/blog4\/sor-beatriz-agustina-hermana-del-amparo-vamos-a-los-lugares-donde-mas-nos-necesitan-da-igual-la-necesidad\/"]}]},{"@type":"ImageObject","inLanguage":"es","@id":"https:\/\/www.diocesisciudadrodrigo.org\/blog4\/sor-beatriz-agustina-hermana-del-amparo-vamos-a-los-lugares-donde-mas-nos-necesitan-da-igual-la-necesidad\/#primaryimage","url":"https:\/\/www.diocesisciudadrodrigo.org\/blog4\/wp-content\/uploads\/2023\/05\/agustinas1-scaled.jpg","contentUrl":"https:\/\/www.diocesisciudadrodrigo.org\/blog4\/wp-content\/uploads\/2023\/05\/agustinas1-scaled.jpg","width":2560,"height":1920},{"@type":"BreadcrumbList","@id":"https:\/\/www.diocesisciudadrodrigo.org\/blog4\/sor-beatriz-agustina-hermana-del-amparo-vamos-a-los-lugares-donde-mas-nos-necesitan-da-igual-la-necesidad\/#breadcrumb","itemListElement":[{"@type":"ListItem","position":1,"name":"Portada","item":"https:\/\/www.diocesisciudadrodrigo.org\/blog4\/"},{"@type":"ListItem","position":2,"name":"Sor Beatriz, Agustina Hermana del Amparo: \u00abVamos a los lugares donde m\u00e1s nos necesitan, da igual la necesidad\u00bb"}]},{"@type":"WebSite","@id":"https:\/\/www.diocesisciudadrodrigo.org\/blog4\/#website","url":"https:\/\/www.diocesisciudadrodrigo.org\/blog4\/","name":"Di\u00f3cesis de Ciudad Rodrigo","description":"Sitio web oficial de la di\u00f3cesis civitatense","publisher":{"@id":"https:\/\/www.diocesisciudadrodrigo.org\/blog4\/#organization"},"potentialAction":[{"@type":"SearchAction","target":{"@type":"EntryPoint","urlTemplate":"https:\/\/www.diocesisciudadrodrigo.org\/blog4\/?s={search_term_string}"},"query-input":{"@type":"PropertyValueSpecification","valueRequired":true,"valueName":"search_term_string"}}],"inLanguage":"es"},{"@type":"Organization","@id":"https:\/\/www.diocesisciudadrodrigo.org\/blog4\/#organization","name":"Di\u00f3cesis de Ciudad Rodrigo","url":"https:\/\/www.diocesisciudadrodrigo.org\/blog4\/","logo":{"@type":"ImageObject","inLanguage":"es","@id":"https:\/\/www.diocesisciudadrodrigo.org\/blog4\/#\/schema\/logo\/image\/","url":"https:\/\/www.diocesisciudadrodrigo.org\/blog4\/wp-content\/uploads\/2024\/12\/Diocesis.CMYK_-768x480-1.jpg","contentUrl":"https:\/\/www.diocesisciudadrodrigo.org\/blog4\/wp-content\/uploads\/2024\/12\/Diocesis.CMYK_-768x480-1.jpg","width":768,"height":480,"caption":"Di\u00f3cesis de Ciudad Rodrigo"},"image":{"@id":"https:\/\/www.diocesisciudadrodrigo.org\/blog4\/#\/schema\/logo\/image\/"},"sameAs":["https:\/\/www.facebook.com\/people\/Dicesis-Ciudad-Rodrigo-MCS\/100076471923419\/#"]},{"@type":"Person","@id":"https:\/\/www.diocesisciudadrodrigo.org\/blog4\/#\/schema\/person\/5fcf0ca636a75766ff70e6417b6ed052","name":"medios CR","image":{"@type":"ImageObject","inLanguage":"es","@id":"https:\/\/secure.gravatar.com\/avatar\/4a619fd0c7e36bd570f4e6e15eb09a2191185d0f63d8dbfdffe848af141ab87e?s=96&d=mm&r=g","url":"https:\/\/secure.gravatar.com\/avatar\/4a619fd0c7e36bd570f4e6e15eb09a2191185d0f63d8dbfdffe848af141ab87e?s=96&d=mm&r=g","contentUrl":"https:\/\/secure.gravatar.com\/avatar\/4a619fd0c7e36bd570f4e6e15eb09a2191185d0f63d8dbfdffe848af141ab87e?s=96&d=mm&r=g","caption":"medios CR"},"url":"https:\/\/www.diocesisciudadrodrigo.org\/blog4\/author\/admin4\/"}]}},"_links":{"self":[{"href":"https:\/\/www.diocesisciudadrodrigo.org\/blog4\/wp-json\/wp\/v2\/posts\/28434","targetHints":{"allow":["GET"]}}],"collection":[{"href":"https:\/\/www.diocesisciudadrodrigo.org\/blog4\/wp-json\/wp\/v2\/posts"}],"about":[{"href":"https:\/\/www.diocesisciudadrodrigo.org\/blog4\/wp-json\/wp\/v2\/types\/post"}],"author":[{"embeddable":true,"href":"https:\/\/www.diocesisciudadrodrigo.org\/blog4\/wp-json\/wp\/v2\/users\/1"}],"replies":[{"embeddable":true,"href":"https:\/\/www.diocesisciudadrodrigo.org\/blog4\/wp-json\/wp\/v2\/comments?post=28434"}],"version-history":[{"count":4,"href":"https:\/\/www.diocesisciudadrodrigo.org\/blog4\/wp-json\/wp\/v2\/posts\/28434\/revisions"}],"predecessor-version":[{"id":28441,"href":"https:\/\/www.diocesisciudadrodrigo.org\/blog4\/wp-json\/wp\/v2\/posts\/28434\/revisions\/28441"}],"wp:featuredmedia":[{"embeddable":true,"href":"https:\/\/www.diocesisciudadrodrigo.org\/blog4\/wp-json\/wp\/v2\/media\/28436"}],"wp:attachment":[{"href":"https:\/\/www.diocesisciudadrodrigo.org\/blog4\/wp-json\/wp\/v2\/media?parent=28434"}],"wp:term":[{"taxonomy":"category","embeddable":true,"href":"https:\/\/www.diocesisciudadrodrigo.org\/blog4\/wp-json\/wp\/v2\/categories?post=28434"},{"taxonomy":"post_tag","embeddable":true,"href":"https:\/\/www.diocesisciudadrodrigo.org\/blog4\/wp-json\/wp\/v2\/tags?post=28434"}],"curies":[{"name":"wp","href":"https:\/\/api.w.org\/{rel}","templated":true}]}}