{"id":28347,"date":"2023-05-10T19:19:20","date_gmt":"2023-05-10T17:19:20","guid":{"rendered":"https:\/\/www.diocesisciudadrodrigo.org\/blog4\/?p=28347"},"modified":"2023-05-10T19:23:45","modified_gmt":"2023-05-10T17:23:45","slug":"la-cee-ofrece-la-version-en-espanol-del-documento-final-del-sinodo-de-la-asamblea-continental-europea","status":"publish","type":"post","link":"https:\/\/www.diocesisciudadrodrigo.org\/blog4\/la-cee-ofrece-la-version-en-espanol-del-documento-final-del-sinodo-de-la-asamblea-continental-europea\/","title":{"rendered":"La CEE ofrece la versi\u00f3n en espa\u00f1ol del Documento final del S\u00ednodo de la Asamblea continental europea"},"content":{"rendered":"\t\t<div data-elementor-type=\"wp-post\" data-elementor-id=\"28347\" class=\"elementor elementor-28347\" data-elementor-settings=\"[]\">\n\t\t\t\t\t\t<div class=\"elementor-inner\">\n\t\t\t\t\t\t\t<div class=\"elementor-section-wrap\">\n\t\t\t\t\t\t\t<section class=\"elementor-section elementor-top-section elementor-element elementor-element-a218ba0 elementor-section-boxed elementor-section-height-default elementor-section-height-default\" data-id=\"a218ba0\" data-element_type=\"section\">\n\t\t\t\t\t\t<div class=\"elementor-container elementor-column-gap-default\">\n\t\t\t\t\t\t\t<div class=\"elementor-row\">\n\t\t\t\t\t<div class=\"elementor-column elementor-col-100 elementor-top-column elementor-element elementor-element-457cefb\" data-id=\"457cefb\" data-element_type=\"column\">\n\t\t\t<div class=\"elementor-column-wrap elementor-element-populated\">\n\t\t\t\t\t\t\t<div class=\"elementor-widget-wrap\">\n\t\t\t\t\t\t<div class=\"elementor-element elementor-element-b27e115 elementor-widget elementor-widget-text-editor\" data-id=\"b27e115\" data-element_type=\"widget\" data-widget_type=\"text-editor.default\">\n\t\t\t\t<div class=\"elementor-widget-container\">\n\t\t\t\t\t\t\t\t<div class=\"elementor-text-editor elementor-clearfix\">\n\t\t\t\t<p>La editorial EDICE, sello editorial de la Conferencia Episcopal Espa\u00f1ola, ha publicado la traducci\u00f3n en espa\u00f1ol del Documento Final del S\u00ednodo 2021-2024 de la Asamblea continental europea<strong>,<\/strong>\u00a0que se celebr\u00f3 en Praga, del 5 al 12 de febrero de 2023.<\/p><p>La traducci\u00f3n del texto, que originalmente se encontraba solo en italiano e ingl\u00e9s,\u00a0tiene como finalidad que\u00a0este Documento se trabaje en los diferentes grupos sinodales de la Iglesia en Espa\u00f1a.<\/p><div class=\"wp-block-spacer\" aria-hidden=\"true\">\u00a0<\/div><h3 class=\"wp-block-heading\">Resumen del documento final<\/h3><div class=\"wp-block-spacer\" aria-hidden=\"true\">\u00a0<\/div><p>El dossier que ofrece la editorial EDICE recoge, adem\u00e1s, los diversos documentos finales de la Asamblea Continental Europea que tuvo lugar en Praga: las\u00a0consideraciones finales<strong>,<\/strong>\u00a0que constituyen una especie de resumen ejecutivo del\u00a0Documento final, que es m\u00e1s extenso; as\u00ed como las\u00a0enmiendas al documento recogidas por escrito tras el intercambio asambleario. Tambi\u00e9n incluye la\u00a0Nota final de los obispos, aprobada en la sesi\u00f3n final del Encuentro de los Presidentes de las Conferencias Episcopales, el 11 de febrero de 2023.<\/p><p>Todos los documentos, junto con el resto de material\u00a0 relativo a la Asamblea Continental Europea, est\u00e1n disponibles en la\u00a0<a href=\"https:\/\/prague.synod2023.org\/\" target=\"_blank\" rel=\"noopener\">p\u00e1gina web del S\u00ednodo\u00a0<\/a>y en la\u00a0<a href=\"http:\/\/www.ccee.eu.\/\" target=\"_blank\" rel=\"noopener\">web del CCEE.<\/a><\/p><p>\u00a0<\/p><div class=\"wp-block-buttons is-content-justification-center is-layout-flex wp-container-2\"><div class=\"wp-block-button is-style-outline\"><a class=\"wp-block-button__link has-theme-primary-color has-blanco-background-color has-text-color has-background wp-element-button\" href=\"https:\/\/www.conferenciaepiscopal.es\/wp-content\/uploads\/2023\/05\/DOSIER-FINAL-Sinodo-2021-2024.pdf\" target=\"_blank\" rel=\"noreferrer noopener\">Documento final en espa\u00f1ol<\/a><\/div><\/div>\t\t\t\t\t<\/div>\n\t\t\t\t\t\t<\/div>\n\t\t\t\t<\/div>\n\t\t\t\t\t\t<\/div>\n\t\t\t\t\t<\/div>\n\t\t<\/div>\n\t\t\t\t\t\t\t\t<\/div>\n\t\t\t\t\t<\/div>\n\t\t<\/section>\n\t\t\t\t<section class=\"elementor-section elementor-top-section elementor-element elementor-element-89703c2 elementor-section-boxed elementor-section-height-default elementor-section-height-default\" data-id=\"89703c2\" data-element_type=\"section\">\n\t\t\t\t\t\t<div class=\"elementor-container elementor-column-gap-default\">\n\t\t\t\t\t\t\t<div class=\"elementor-row\">\n\t\t\t\t\t<div class=\"elementor-column elementor-col-100 elementor-top-column elementor-element elementor-element-a12d573\" data-id=\"a12d573\" data-element_type=\"column\">\n\t\t\t<div class=\"elementor-column-wrap elementor-element-populated\">\n\t\t\t\t\t\t\t<div class=\"elementor-widget-wrap\">\n\t\t\t\t\t\t<div class=\"elementor-element elementor-element-1d18382 elementor-widget elementor-widget-image\" data-id=\"1d18382\" data-element_type=\"widget\" data-widget_type=\"image.default\">\n\t\t\t\t<div class=\"elementor-widget-container\">\n\t\t\t\t\t\t\t\t<div class=\"elementor-image\">\n\t\t\t\t\t\t\t\t\t\t\t\t<img loading=\"lazy\" decoding=\"async\" width=\"800\" height=\"600\" src=\"https:\/\/www.diocesisciudadrodrigo.org\/blog4\/wp-content\/uploads\/2023\/05\/2022-asamblea-sinodo.jpg\" class=\"attachment-large size-large\" alt=\"\" srcset=\"https:\/\/www.diocesisciudadrodrigo.org\/blog4\/wp-content\/uploads\/2023\/05\/2022-asamblea-sinodo.jpg 800w, https:\/\/www.diocesisciudadrodrigo.org\/blog4\/wp-content\/uploads\/2023\/05\/2022-asamblea-sinodo-300x225.jpg 300w, https:\/\/www.diocesisciudadrodrigo.org\/blog4\/wp-content\/uploads\/2023\/05\/2022-asamblea-sinodo-768x576.jpg 768w, https:\/\/www.diocesisciudadrodrigo.org\/blog4\/wp-content\/uploads\/2023\/05\/2022-asamblea-sinodo-350x263.jpg 350w\" sizes=\"auto, (max-width: 800px) 100vw, 800px\" \/>\t\t\t\t\t\t\t\t\t\t\t\t\t\t<\/div>\n\t\t\t\t\t\t<\/div>\n\t\t\t\t<\/div>\n\t\t\t\t\t\t<\/div>\n\t\t\t\t\t<\/div>\n\t\t<\/div>\n\t\t\t\t\t\t\t\t<\/div>\n\t\t\t\t\t<\/div>\n\t\t<\/section>\n\t\t\t\t\t\t<\/div>\n\t\t\t\t\t\t<\/div>\n\t\t\t\t\t<\/div>\n\t\t","protected":false},"excerpt":{"rendered":"<p>La editorial EDICE, sello editorial de la Conferencia Episcopal Espa\u00f1ola, ha publicado la traducci\u00f3n en espa\u00f1ol del Documento Final del S\u00ednodo 2021-2024 de la Asamblea continental europea,\u00a0que se celebr\u00f3 en &#8230; <\/p>\n<p class=\"read-more-container\"><a title=\"La CEE ofrece la versi\u00f3n en espa\u00f1ol del Documento final del S\u00ednodo de la Asamblea continental europea\" class=\"read-more button\" href=\"https:\/\/www.diocesisciudadrodrigo.org\/blog4\/la-cee-ofrece-la-version-en-espanol-del-documento-final-del-sinodo-de-la-asamblea-continental-europea\/#more-28347\" aria-label=\"M\u00e1s en La CEE ofrece la versi\u00f3n en espa\u00f1ol del Documento final del S\u00ednodo de la Asamblea continental europea\">Leer m\u00e1s &#8230;<\/a><\/p>\n","protected":false},"author":1,"featured_media":28349,"comment_status":"closed","ping_status":"closed","sticky":false,"template":"","format":"standard","meta":{"footnotes":""},"categories":[6],"tags":[],"class_list":["post-28347","post","type-post","status-publish","format-standard","has-post-thumbnail","hentry","category-noticias","masonry-post","generate-columns","tablet-grid-50","mobile-grid-100","grid-parent","grid-50"],"yoast_head":"<!-- This site is optimized with the Yoast SEO plugin v27.3 - https:\/\/yoast.com\/product\/yoast-seo-wordpress\/ -->\n<title>La CEE ofrece la versi\u00f3n en espa\u00f1ol del Documento final del S\u00ednodo de la Asamblea continental europea - Di\u00f3cesis de Ciudad Rodrigo<\/title>\n<meta name=\"robots\" content=\"index, follow, max-snippet:-1, max-image-preview:large, max-video-preview:-1\" \/>\n<link rel=\"canonical\" href=\"https:\/\/www.diocesisciudadrodrigo.org\/blog4\/la-cee-ofrece-la-version-en-espanol-del-documento-final-del-sinodo-de-la-asamblea-continental-europea\/\" \/>\n<meta property=\"og:locale\" content=\"es_ES\" \/>\n<meta property=\"og:type\" content=\"article\" \/>\n<meta property=\"og:title\" content=\"La CEE ofrece la versi\u00f3n en espa\u00f1ol del Documento final del S\u00ednodo de la Asamblea continental europea - Di\u00f3cesis de Ciudad Rodrigo\" \/>\n<meta property=\"og:description\" content=\"La editorial EDICE, sello editorial de la Conferencia Episcopal Espa\u00f1ola, ha publicado la traducci\u00f3n en espa\u00f1ol del Documento Final del S\u00ednodo 2021-2024 de la Asamblea continental europea,\u00a0que se celebr\u00f3 en ... Leer m\u00e1s ...\" \/>\n<meta property=\"og:url\" content=\"https:\/\/www.diocesisciudadrodrigo.org\/blog4\/la-cee-ofrece-la-version-en-espanol-del-documento-final-del-sinodo-de-la-asamblea-continental-europea\/\" \/>\n<meta property=\"og:site_name\" content=\"Di\u00f3cesis de Ciudad Rodrigo\" \/>\n<meta property=\"article:publisher\" content=\"https:\/\/www.facebook.com\/people\/Dicesis-Ciudad-Rodrigo-MCS\/100076471923419\/#\" \/>\n<meta property=\"article:published_time\" content=\"2023-05-10T17:19:20+00:00\" \/>\n<meta property=\"article:modified_time\" content=\"2023-05-10T17:23:45+00:00\" \/>\n<meta property=\"og:image\" content=\"https:\/\/www.diocesisciudadrodrigo.org\/blog4\/wp-content\/uploads\/2023\/05\/2022-asamblea-sinodo.jpg\" \/>\n\t<meta property=\"og:image:width\" content=\"800\" \/>\n\t<meta property=\"og:image:height\" content=\"600\" \/>\n\t<meta property=\"og:image:type\" content=\"image\/jpeg\" \/>\n<meta name=\"author\" content=\"medios CR\" \/>\n<meta name=\"twitter:card\" content=\"summary_large_image\" \/>\n<meta name=\"twitter:label1\" content=\"Escrito por\" \/>\n\t<meta name=\"twitter:data1\" content=\"medios CR\" \/>\n\t<meta name=\"twitter:label2\" content=\"Tiempo de lectura\" \/>\n\t<meta name=\"twitter:data2\" content=\"1 minuto\" \/>\n<script type=\"application\/ld+json\" class=\"yoast-schema-graph\">{\"@context\":\"https:\\\/\\\/schema.org\",\"@graph\":[{\"@type\":\"Article\",\"@id\":\"https:\\\/\\\/www.diocesisciudadrodrigo.org\\\/blog4\\\/la-cee-ofrece-la-version-en-espanol-del-documento-final-del-sinodo-de-la-asamblea-continental-europea\\\/#article\",\"isPartOf\":{\"@id\":\"https:\\\/\\\/www.diocesisciudadrodrigo.org\\\/blog4\\\/la-cee-ofrece-la-version-en-espanol-del-documento-final-del-sinodo-de-la-asamblea-continental-europea\\\/\"},\"author\":{\"name\":\"medios CR\",\"@id\":\"https:\\\/\\\/www.diocesisciudadrodrigo.org\\\/blog4\\\/#\\\/schema\\\/person\\\/5fcf0ca636a75766ff70e6417b6ed052\"},\"headline\":\"La CEE ofrece la versi\u00f3n en espa\u00f1ol del Documento final del S\u00ednodo de la Asamblea continental europea\",\"datePublished\":\"2023-05-10T17:19:20+00:00\",\"dateModified\":\"2023-05-10T17:23:45+00:00\",\"mainEntityOfPage\":{\"@id\":\"https:\\\/\\\/www.diocesisciudadrodrigo.org\\\/blog4\\\/la-cee-ofrece-la-version-en-espanol-del-documento-final-del-sinodo-de-la-asamblea-continental-europea\\\/\"},\"wordCount\":219,\"publisher\":{\"@id\":\"https:\\\/\\\/www.diocesisciudadrodrigo.org\\\/blog4\\\/#organization\"},\"image\":{\"@id\":\"https:\\\/\\\/www.diocesisciudadrodrigo.org\\\/blog4\\\/la-cee-ofrece-la-version-en-espanol-del-documento-final-del-sinodo-de-la-asamblea-continental-europea\\\/#primaryimage\"},\"thumbnailUrl\":\"https:\\\/\\\/www.diocesisciudadrodrigo.org\\\/blog4\\\/wp-content\\\/uploads\\\/2023\\\/05\\\/2022-asamblea-sinodo.jpg\",\"articleSection\":[\"Noticias\"],\"inLanguage\":\"es\"},{\"@type\":\"WebPage\",\"@id\":\"https:\\\/\\\/www.diocesisciudadrodrigo.org\\\/blog4\\\/la-cee-ofrece-la-version-en-espanol-del-documento-final-del-sinodo-de-la-asamblea-continental-europea\\\/\",\"url\":\"https:\\\/\\\/www.diocesisciudadrodrigo.org\\\/blog4\\\/la-cee-ofrece-la-version-en-espanol-del-documento-final-del-sinodo-de-la-asamblea-continental-europea\\\/\",\"name\":\"La CEE ofrece la versi\u00f3n en espa\u00f1ol del Documento final del S\u00ednodo de la Asamblea continental europea - Di\u00f3cesis de Ciudad Rodrigo\",\"isPartOf\":{\"@id\":\"https:\\\/\\\/www.diocesisciudadrodrigo.org\\\/blog4\\\/#website\"},\"primaryImageOfPage\":{\"@id\":\"https:\\\/\\\/www.diocesisciudadrodrigo.org\\\/blog4\\\/la-cee-ofrece-la-version-en-espanol-del-documento-final-del-sinodo-de-la-asamblea-continental-europea\\\/#primaryimage\"},\"image\":{\"@id\":\"https:\\\/\\\/www.diocesisciudadrodrigo.org\\\/blog4\\\/la-cee-ofrece-la-version-en-espanol-del-documento-final-del-sinodo-de-la-asamblea-continental-europea\\\/#primaryimage\"},\"thumbnailUrl\":\"https:\\\/\\\/www.diocesisciudadrodrigo.org\\\/blog4\\\/wp-content\\\/uploads\\\/2023\\\/05\\\/2022-asamblea-sinodo.jpg\",\"datePublished\":\"2023-05-10T17:19:20+00:00\",\"dateModified\":\"2023-05-10T17:23:45+00:00\",\"breadcrumb\":{\"@id\":\"https:\\\/\\\/www.diocesisciudadrodrigo.org\\\/blog4\\\/la-cee-ofrece-la-version-en-espanol-del-documento-final-del-sinodo-de-la-asamblea-continental-europea\\\/#breadcrumb\"},\"inLanguage\":\"es\",\"potentialAction\":[{\"@type\":\"ReadAction\",\"target\":[\"https:\\\/\\\/www.diocesisciudadrodrigo.org\\\/blog4\\\/la-cee-ofrece-la-version-en-espanol-del-documento-final-del-sinodo-de-la-asamblea-continental-europea\\\/\"]}]},{\"@type\":\"ImageObject\",\"inLanguage\":\"es\",\"@id\":\"https:\\\/\\\/www.diocesisciudadrodrigo.org\\\/blog4\\\/la-cee-ofrece-la-version-en-espanol-del-documento-final-del-sinodo-de-la-asamblea-continental-europea\\\/#primaryimage\",\"url\":\"https:\\\/\\\/www.diocesisciudadrodrigo.org\\\/blog4\\\/wp-content\\\/uploads\\\/2023\\\/05\\\/2022-asamblea-sinodo.jpg\",\"contentUrl\":\"https:\\\/\\\/www.diocesisciudadrodrigo.org\\\/blog4\\\/wp-content\\\/uploads\\\/2023\\\/05\\\/2022-asamblea-sinodo.jpg\",\"width\":800,\"height\":600},{\"@type\":\"BreadcrumbList\",\"@id\":\"https:\\\/\\\/www.diocesisciudadrodrigo.org\\\/blog4\\\/la-cee-ofrece-la-version-en-espanol-del-documento-final-del-sinodo-de-la-asamblea-continental-europea\\\/#breadcrumb\",\"itemListElement\":[{\"@type\":\"ListItem\",\"position\":1,\"name\":\"Portada\",\"item\":\"https:\\\/\\\/www.diocesisciudadrodrigo.org\\\/blog4\\\/\"},{\"@type\":\"ListItem\",\"position\":2,\"name\":\"La CEE ofrece la versi\u00f3n en espa\u00f1ol del Documento final del S\u00ednodo de la Asamblea continental europea\"}]},{\"@type\":\"WebSite\",\"@id\":\"https:\\\/\\\/www.diocesisciudadrodrigo.org\\\/blog4\\\/#website\",\"url\":\"https:\\\/\\\/www.diocesisciudadrodrigo.org\\\/blog4\\\/\",\"name\":\"Di\u00f3cesis de Ciudad Rodrigo\",\"description\":\"Sitio web oficial de la di\u00f3cesis civitatense\",\"publisher\":{\"@id\":\"https:\\\/\\\/www.diocesisciudadrodrigo.org\\\/blog4\\\/#organization\"},\"potentialAction\":[{\"@type\":\"SearchAction\",\"target\":{\"@type\":\"EntryPoint\",\"urlTemplate\":\"https:\\\/\\\/www.diocesisciudadrodrigo.org\\\/blog4\\\/?s={search_term_string}\"},\"query-input\":{\"@type\":\"PropertyValueSpecification\",\"valueRequired\":true,\"valueName\":\"search_term_string\"}}],\"inLanguage\":\"es\"},{\"@type\":\"Organization\",\"@id\":\"https:\\\/\\\/www.diocesisciudadrodrigo.org\\\/blog4\\\/#organization\",\"name\":\"Di\u00f3cesis de Ciudad Rodrigo\",\"url\":\"https:\\\/\\\/www.diocesisciudadrodrigo.org\\\/blog4\\\/\",\"logo\":{\"@type\":\"ImageObject\",\"inLanguage\":\"es\",\"@id\":\"https:\\\/\\\/www.diocesisciudadrodrigo.org\\\/blog4\\\/#\\\/schema\\\/logo\\\/image\\\/\",\"url\":\"https:\\\/\\\/www.diocesisciudadrodrigo.org\\\/blog4\\\/wp-content\\\/uploads\\\/2024\\\/12\\\/Diocesis.CMYK_-768x480-1.jpg\",\"contentUrl\":\"https:\\\/\\\/www.diocesisciudadrodrigo.org\\\/blog4\\\/wp-content\\\/uploads\\\/2024\\\/12\\\/Diocesis.CMYK_-768x480-1.jpg\",\"width\":768,\"height\":480,\"caption\":\"Di\u00f3cesis de Ciudad Rodrigo\"},\"image\":{\"@id\":\"https:\\\/\\\/www.diocesisciudadrodrigo.org\\\/blog4\\\/#\\\/schema\\\/logo\\\/image\\\/\"},\"sameAs\":[\"https:\\\/\\\/www.facebook.com\\\/people\\\/Dicesis-Ciudad-Rodrigo-MCS\\\/100076471923419\\\/#\"]},{\"@type\":\"Person\",\"@id\":\"https:\\\/\\\/www.diocesisciudadrodrigo.org\\\/blog4\\\/#\\\/schema\\\/person\\\/5fcf0ca636a75766ff70e6417b6ed052\",\"name\":\"medios CR\",\"image\":{\"@type\":\"ImageObject\",\"inLanguage\":\"es\",\"@id\":\"https:\\\/\\\/secure.gravatar.com\\\/avatar\\\/4a619fd0c7e36bd570f4e6e15eb09a2191185d0f63d8dbfdffe848af141ab87e?s=96&d=mm&r=g\",\"url\":\"https:\\\/\\\/secure.gravatar.com\\\/avatar\\\/4a619fd0c7e36bd570f4e6e15eb09a2191185d0f63d8dbfdffe848af141ab87e?s=96&d=mm&r=g\",\"contentUrl\":\"https:\\\/\\\/secure.gravatar.com\\\/avatar\\\/4a619fd0c7e36bd570f4e6e15eb09a2191185d0f63d8dbfdffe848af141ab87e?s=96&d=mm&r=g\",\"caption\":\"medios CR\"},\"url\":\"https:\\\/\\\/www.diocesisciudadrodrigo.org\\\/blog4\\\/author\\\/admin4\\\/\"}]}<\/script>\n<!-- \/ Yoast SEO plugin. -->","yoast_head_json":{"title":"La CEE ofrece la versi\u00f3n en espa\u00f1ol del Documento final del S\u00ednodo de la Asamblea continental europea - Di\u00f3cesis de Ciudad Rodrigo","robots":{"index":"index","follow":"follow","max-snippet":"max-snippet:-1","max-image-preview":"max-image-preview:large","max-video-preview":"max-video-preview:-1"},"canonical":"https:\/\/www.diocesisciudadrodrigo.org\/blog4\/la-cee-ofrece-la-version-en-espanol-del-documento-final-del-sinodo-de-la-asamblea-continental-europea\/","og_locale":"es_ES","og_type":"article","og_title":"La CEE ofrece la versi\u00f3n en espa\u00f1ol del Documento final del S\u00ednodo de la Asamblea continental europea - Di\u00f3cesis de Ciudad Rodrigo","og_description":"La editorial EDICE, sello editorial de la Conferencia Episcopal Espa\u00f1ola, ha publicado la traducci\u00f3n en espa\u00f1ol del Documento Final del S\u00ednodo 2021-2024 de la Asamblea continental europea,\u00a0que se celebr\u00f3 en ... Leer m\u00e1s ...","og_url":"https:\/\/www.diocesisciudadrodrigo.org\/blog4\/la-cee-ofrece-la-version-en-espanol-del-documento-final-del-sinodo-de-la-asamblea-continental-europea\/","og_site_name":"Di\u00f3cesis de Ciudad Rodrigo","article_publisher":"https:\/\/www.facebook.com\/people\/Dicesis-Ciudad-Rodrigo-MCS\/100076471923419\/#","article_published_time":"2023-05-10T17:19:20+00:00","article_modified_time":"2023-05-10T17:23:45+00:00","og_image":[{"width":800,"height":600,"url":"https:\/\/www.diocesisciudadrodrigo.org\/blog4\/wp-content\/uploads\/2023\/05\/2022-asamblea-sinodo.jpg","type":"image\/jpeg"}],"author":"medios CR","twitter_card":"summary_large_image","twitter_misc":{"Escrito por":"medios CR","Tiempo de lectura":"1 minuto"},"schema":{"@context":"https:\/\/schema.org","@graph":[{"@type":"Article","@id":"https:\/\/www.diocesisciudadrodrigo.org\/blog4\/la-cee-ofrece-la-version-en-espanol-del-documento-final-del-sinodo-de-la-asamblea-continental-europea\/#article","isPartOf":{"@id":"https:\/\/www.diocesisciudadrodrigo.org\/blog4\/la-cee-ofrece-la-version-en-espanol-del-documento-final-del-sinodo-de-la-asamblea-continental-europea\/"},"author":{"name":"medios CR","@id":"https:\/\/www.diocesisciudadrodrigo.org\/blog4\/#\/schema\/person\/5fcf0ca636a75766ff70e6417b6ed052"},"headline":"La CEE ofrece la versi\u00f3n en espa\u00f1ol del Documento final del S\u00ednodo de la Asamblea continental europea","datePublished":"2023-05-10T17:19:20+00:00","dateModified":"2023-05-10T17:23:45+00:00","mainEntityOfPage":{"@id":"https:\/\/www.diocesisciudadrodrigo.org\/blog4\/la-cee-ofrece-la-version-en-espanol-del-documento-final-del-sinodo-de-la-asamblea-continental-europea\/"},"wordCount":219,"publisher":{"@id":"https:\/\/www.diocesisciudadrodrigo.org\/blog4\/#organization"},"image":{"@id":"https:\/\/www.diocesisciudadrodrigo.org\/blog4\/la-cee-ofrece-la-version-en-espanol-del-documento-final-del-sinodo-de-la-asamblea-continental-europea\/#primaryimage"},"thumbnailUrl":"https:\/\/www.diocesisciudadrodrigo.org\/blog4\/wp-content\/uploads\/2023\/05\/2022-asamblea-sinodo.jpg","articleSection":["Noticias"],"inLanguage":"es"},{"@type":"WebPage","@id":"https:\/\/www.diocesisciudadrodrigo.org\/blog4\/la-cee-ofrece-la-version-en-espanol-del-documento-final-del-sinodo-de-la-asamblea-continental-europea\/","url":"https:\/\/www.diocesisciudadrodrigo.org\/blog4\/la-cee-ofrece-la-version-en-espanol-del-documento-final-del-sinodo-de-la-asamblea-continental-europea\/","name":"La CEE ofrece la versi\u00f3n en espa\u00f1ol del Documento final del S\u00ednodo de la Asamblea continental europea - Di\u00f3cesis de Ciudad Rodrigo","isPartOf":{"@id":"https:\/\/www.diocesisciudadrodrigo.org\/blog4\/#website"},"primaryImageOfPage":{"@id":"https:\/\/www.diocesisciudadrodrigo.org\/blog4\/la-cee-ofrece-la-version-en-espanol-del-documento-final-del-sinodo-de-la-asamblea-continental-europea\/#primaryimage"},"image":{"@id":"https:\/\/www.diocesisciudadrodrigo.org\/blog4\/la-cee-ofrece-la-version-en-espanol-del-documento-final-del-sinodo-de-la-asamblea-continental-europea\/#primaryimage"},"thumbnailUrl":"https:\/\/www.diocesisciudadrodrigo.org\/blog4\/wp-content\/uploads\/2023\/05\/2022-asamblea-sinodo.jpg","datePublished":"2023-05-10T17:19:20+00:00","dateModified":"2023-05-10T17:23:45+00:00","breadcrumb":{"@id":"https:\/\/www.diocesisciudadrodrigo.org\/blog4\/la-cee-ofrece-la-version-en-espanol-del-documento-final-del-sinodo-de-la-asamblea-continental-europea\/#breadcrumb"},"inLanguage":"es","potentialAction":[{"@type":"ReadAction","target":["https:\/\/www.diocesisciudadrodrigo.org\/blog4\/la-cee-ofrece-la-version-en-espanol-del-documento-final-del-sinodo-de-la-asamblea-continental-europea\/"]}]},{"@type":"ImageObject","inLanguage":"es","@id":"https:\/\/www.diocesisciudadrodrigo.org\/blog4\/la-cee-ofrece-la-version-en-espanol-del-documento-final-del-sinodo-de-la-asamblea-continental-europea\/#primaryimage","url":"https:\/\/www.diocesisciudadrodrigo.org\/blog4\/wp-content\/uploads\/2023\/05\/2022-asamblea-sinodo.jpg","contentUrl":"https:\/\/www.diocesisciudadrodrigo.org\/blog4\/wp-content\/uploads\/2023\/05\/2022-asamblea-sinodo.jpg","width":800,"height":600},{"@type":"BreadcrumbList","@id":"https:\/\/www.diocesisciudadrodrigo.org\/blog4\/la-cee-ofrece-la-version-en-espanol-del-documento-final-del-sinodo-de-la-asamblea-continental-europea\/#breadcrumb","itemListElement":[{"@type":"ListItem","position":1,"name":"Portada","item":"https:\/\/www.diocesisciudadrodrigo.org\/blog4\/"},{"@type":"ListItem","position":2,"name":"La CEE ofrece la versi\u00f3n en espa\u00f1ol del Documento final del S\u00ednodo de la Asamblea continental europea"}]},{"@type":"WebSite","@id":"https:\/\/www.diocesisciudadrodrigo.org\/blog4\/#website","url":"https:\/\/www.diocesisciudadrodrigo.org\/blog4\/","name":"Di\u00f3cesis de Ciudad Rodrigo","description":"Sitio web oficial de la di\u00f3cesis civitatense","publisher":{"@id":"https:\/\/www.diocesisciudadrodrigo.org\/blog4\/#organization"},"potentialAction":[{"@type":"SearchAction","target":{"@type":"EntryPoint","urlTemplate":"https:\/\/www.diocesisciudadrodrigo.org\/blog4\/?s={search_term_string}"},"query-input":{"@type":"PropertyValueSpecification","valueRequired":true,"valueName":"search_term_string"}}],"inLanguage":"es"},{"@type":"Organization","@id":"https:\/\/www.diocesisciudadrodrigo.org\/blog4\/#organization","name":"Di\u00f3cesis de Ciudad Rodrigo","url":"https:\/\/www.diocesisciudadrodrigo.org\/blog4\/","logo":{"@type":"ImageObject","inLanguage":"es","@id":"https:\/\/www.diocesisciudadrodrigo.org\/blog4\/#\/schema\/logo\/image\/","url":"https:\/\/www.diocesisciudadrodrigo.org\/blog4\/wp-content\/uploads\/2024\/12\/Diocesis.CMYK_-768x480-1.jpg","contentUrl":"https:\/\/www.diocesisciudadrodrigo.org\/blog4\/wp-content\/uploads\/2024\/12\/Diocesis.CMYK_-768x480-1.jpg","width":768,"height":480,"caption":"Di\u00f3cesis de Ciudad Rodrigo"},"image":{"@id":"https:\/\/www.diocesisciudadrodrigo.org\/blog4\/#\/schema\/logo\/image\/"},"sameAs":["https:\/\/www.facebook.com\/people\/Dicesis-Ciudad-Rodrigo-MCS\/100076471923419\/#"]},{"@type":"Person","@id":"https:\/\/www.diocesisciudadrodrigo.org\/blog4\/#\/schema\/person\/5fcf0ca636a75766ff70e6417b6ed052","name":"medios CR","image":{"@type":"ImageObject","inLanguage":"es","@id":"https:\/\/secure.gravatar.com\/avatar\/4a619fd0c7e36bd570f4e6e15eb09a2191185d0f63d8dbfdffe848af141ab87e?s=96&d=mm&r=g","url":"https:\/\/secure.gravatar.com\/avatar\/4a619fd0c7e36bd570f4e6e15eb09a2191185d0f63d8dbfdffe848af141ab87e?s=96&d=mm&r=g","contentUrl":"https:\/\/secure.gravatar.com\/avatar\/4a619fd0c7e36bd570f4e6e15eb09a2191185d0f63d8dbfdffe848af141ab87e?s=96&d=mm&r=g","caption":"medios CR"},"url":"https:\/\/www.diocesisciudadrodrigo.org\/blog4\/author\/admin4\/"}]}},"_links":{"self":[{"href":"https:\/\/www.diocesisciudadrodrigo.org\/blog4\/wp-json\/wp\/v2\/posts\/28347","targetHints":{"allow":["GET"]}}],"collection":[{"href":"https:\/\/www.diocesisciudadrodrigo.org\/blog4\/wp-json\/wp\/v2\/posts"}],"about":[{"href":"https:\/\/www.diocesisciudadrodrigo.org\/blog4\/wp-json\/wp\/v2\/types\/post"}],"author":[{"embeddable":true,"href":"https:\/\/www.diocesisciudadrodrigo.org\/blog4\/wp-json\/wp\/v2\/users\/1"}],"replies":[{"embeddable":true,"href":"https:\/\/www.diocesisciudadrodrigo.org\/blog4\/wp-json\/wp\/v2\/comments?post=28347"}],"version-history":[{"count":4,"href":"https:\/\/www.diocesisciudadrodrigo.org\/blog4\/wp-json\/wp\/v2\/posts\/28347\/revisions"}],"predecessor-version":[{"id":28353,"href":"https:\/\/www.diocesisciudadrodrigo.org\/blog4\/wp-json\/wp\/v2\/posts\/28347\/revisions\/28353"}],"wp:featuredmedia":[{"embeddable":true,"href":"https:\/\/www.diocesisciudadrodrigo.org\/blog4\/wp-json\/wp\/v2\/media\/28349"}],"wp:attachment":[{"href":"https:\/\/www.diocesisciudadrodrigo.org\/blog4\/wp-json\/wp\/v2\/media?parent=28347"}],"wp:term":[{"taxonomy":"category","embeddable":true,"href":"https:\/\/www.diocesisciudadrodrigo.org\/blog4\/wp-json\/wp\/v2\/categories?post=28347"},{"taxonomy":"post_tag","embeddable":true,"href":"https:\/\/www.diocesisciudadrodrigo.org\/blog4\/wp-json\/wp\/v2\/tags?post=28347"}],"curies":[{"name":"wp","href":"https:\/\/api.w.org\/{rel}","templated":true}]}}