{"id":25540,"date":"2022-09-27T08:31:35","date_gmt":"2022-09-27T06:31:35","guid":{"rendered":"https:\/\/www.diocesisciudadrodrigo.org\/blog4\/?p=25540"},"modified":"2022-09-27T08:33:36","modified_gmt":"2022-09-27T06:33:36","slug":"la-catedral-y-el-museo-catedralicio-se-suman-al-dia-mundial-del-turismo-con-la-visita-gratuita","status":"publish","type":"post","link":"https:\/\/www.diocesisciudadrodrigo.org\/blog4\/la-catedral-y-el-museo-catedralicio-se-suman-al-dia-mundial-del-turismo-con-la-visita-gratuita\/","title":{"rendered":"La Catedral y el Museo Catedralicio se suman al D\u00eda Mundial del Turismo con la visita gratuita"},"content":{"rendered":"\t\t<div data-elementor-type=\"wp-post\" data-elementor-id=\"25540\" class=\"elementor elementor-25540\" data-elementor-settings=\"[]\">\n\t\t\t\t\t\t<div class=\"elementor-inner\">\n\t\t\t\t\t\t\t<div class=\"elementor-section-wrap\">\n\t\t\t\t\t\t\t<section class=\"elementor-section elementor-top-section elementor-element elementor-element-c222bcb elementor-section-boxed elementor-section-height-default elementor-section-height-default\" data-id=\"c222bcb\" data-element_type=\"section\">\n\t\t\t\t\t\t<div class=\"elementor-container elementor-column-gap-default\">\n\t\t\t\t\t\t\t<div class=\"elementor-row\">\n\t\t\t\t\t<div class=\"elementor-column elementor-col-100 elementor-top-column elementor-element elementor-element-2e5d804\" data-id=\"2e5d804\" data-element_type=\"column\">\n\t\t\t<div class=\"elementor-column-wrap elementor-element-populated\">\n\t\t\t\t\t\t\t<div class=\"elementor-widget-wrap\">\n\t\t\t\t\t\t<div class=\"elementor-element elementor-element-460c9a6 elementor-widget elementor-widget-text-editor\" data-id=\"460c9a6\" data-element_type=\"widget\" data-widget_type=\"text-editor.default\">\n\t\t\t\t<div class=\"elementor-widget-container\">\n\t\t\t\t\t\t\t\t<div class=\"elementor-text-editor elementor-clearfix\">\n\t\t\t\t<p>El 27 de septiembre de 1970, se aprobaron los estatutos de la Organizaci\u00f3n Mundial del Turismo. Aquello que fue considerado como un hito en el turismo mundial porque marc\u00f3 el camino para la creaci\u00f3n de dicha organizaci\u00f3n cinco a\u00f1os despu\u00e9s, hizo que desde ese d\u00eda, cada 27 de septiembre, se celebre el D\u00eda mundial del Turismo. Este d\u00eda tiene por finalidad fomentar el conocimiento entre la poblaci\u00f3n sobre la importancia del turismo, resaltando sus valores sociales, culturales, pol\u00edticos y econ\u00f3micos.<\/p><p>El 27 de septiembre de 1970 se aprobaron los estatutos de la Organizaci\u00f3n Mundial del Turismo. Aquello que fue considerado como un hito en el turismo mundial porque marc\u00f3 el camino para la creaci\u00f3n de dicha organizaci\u00f3n cinco a\u00f1os despu\u00e9s, hizo que desde ese d\u00eda cada 27 de septiembre se celebre el D\u00eda mundial del Turismo. Este d\u00eda tiene por finalidad fomentar el conocimiento entre la poblaci\u00f3n sobre la importancia del turismo, resaltando sus valores sociales, culturales, pol\u00edticos y econ\u00f3micos.<\/p><p>Desde entonces no ha dejado de celebrarse y lo hace cada a\u00f1o con un lema. El de este a\u00f1o 2022 es \u201cRepensando el turismo\u201d, un lema que invita a centrarse en replantear el crecimiento del sector, tanto en t\u00e9rminos de alcance como de trascendencia. Las celebraciones oficiales tendr\u00e1n este a\u00f1o a Indonesia como pa\u00eds anfitri\u00f3n, invit\u00e1ndose a todos los pa\u00edses de los Estados miembros de la OMT, as\u00ed como a los no miembros y a las partes interesadas de todo el sector privado, a organizar sus propias celebraciones y a promover este d\u00eda y su tema principal.<\/p><p>Por ello muchas ciudades realizan este d\u00eda actividades culturales y jornadas de puertas abiertas en museos y en otros establecimientos de inter\u00e9s tur\u00edstico. Tambi\u00e9n la Di\u00f3cesis de Ciudad Rodrigo se suma a esta iniciativa, al igual que lo hace cada 18 de mayo en el D\u00eda internacional de los Museos, seg\u00fan la programaci\u00f3n anual de la Delegaci\u00f3n diocesana de Patrimonio Cultural, a\u00f1adiendo a los fines propios de este d\u00eda el de evangelizar a trav\u00e9s de Arte.<\/p><p>Como actividad concreta en este D\u00eda mundial del Turismo la entrada a la Catedral y al Museo Diocesano y Catedralicio ser\u00e1 gratuita en horario de 11:30 a 14:00 horas y de 17:00 a 20:00 horas.<\/p><p>El lema mundial de la jornada de este a\u00f1o 2022 es \u201cRepensando el turismo\u201d, un lema que invita a centrarse en replantear el crecimiento del sector, tanto en t\u00e9rminos de alcance como de trascendencia. Las celebraciones oficiales tendr\u00e1n este a\u00f1o a Indonesia como pa\u00eds anfitri\u00f3n, invit\u00e1ndose a todos los pa\u00edses de los Estados miembros de la OMT, as\u00ed como a los no miembros y a las partes interesadas de todo el sector privado, a organizar sus propias celebraciones y a promover este d\u00eda y su tema principal.<\/p><p>\u00a0<\/p>\t\t\t\t\t<\/div>\n\t\t\t\t\t\t<\/div>\n\t\t\t\t<\/div>\n\t\t\t\t\t\t<\/div>\n\t\t\t\t\t<\/div>\n\t\t<\/div>\n\t\t\t\t\t\t\t\t<\/div>\n\t\t\t\t\t<\/div>\n\t\t<\/section>\n\t\t\t\t<section class=\"elementor-section elementor-top-section elementor-element elementor-element-bc774c0 elementor-section-boxed elementor-section-height-default elementor-section-height-default\" data-id=\"bc774c0\" data-element_type=\"section\">\n\t\t\t\t\t\t<div class=\"elementor-container elementor-column-gap-default\">\n\t\t\t\t\t\t\t<div class=\"elementor-row\">\n\t\t\t\t\t<div class=\"elementor-column elementor-col-100 elementor-top-column elementor-element elementor-element-c4c4722\" data-id=\"c4c4722\" data-element_type=\"column\">\n\t\t\t<div class=\"elementor-column-wrap elementor-element-populated\">\n\t\t\t\t\t\t\t<div class=\"elementor-widget-wrap\">\n\t\t\t\t\t\t<div class=\"elementor-element elementor-element-2204a05 elementor-widget elementor-widget-image-gallery\" data-id=\"2204a05\" data-element_type=\"widget\" data-widget_type=\"image-gallery.default\">\n\t\t\t\t<div class=\"elementor-widget-container\">\n\t\t\t\t\t<div class=\"elementor-image-gallery\">\n\t\t\t<div id='gallery-1' class='gallery galleryid-25540 gallery-columns-2 gallery-size-medium'><figure class='gallery-item'>\n\t\t\t<div class='gallery-icon landscape'>\n\t\t\t\t<a  href='https:\/\/www.diocesisciudadrodrigo.org\/blog4\/wp-content\/uploads\/2022\/09\/61d5d8d9-8b97-421e-96f2-64cab94bf87c.jpg'><img loading=\"lazy\" decoding=\"async\" width=\"300\" height=\"225\" src=\"https:\/\/www.diocesisciudadrodrigo.org\/blog4\/wp-content\/uploads\/2022\/09\/61d5d8d9-8b97-421e-96f2-64cab94bf87c-300x225.jpg\" class=\"attachment-medium size-medium\" alt=\"\" srcset=\"https:\/\/www.diocesisciudadrodrigo.org\/blog4\/wp-content\/uploads\/2022\/09\/61d5d8d9-8b97-421e-96f2-64cab94bf87c-300x225.jpg 300w, https:\/\/www.diocesisciudadrodrigo.org\/blog4\/wp-content\/uploads\/2022\/09\/61d5d8d9-8b97-421e-96f2-64cab94bf87c-1024x768.jpg 1024w, https:\/\/www.diocesisciudadrodrigo.org\/blog4\/wp-content\/uploads\/2022\/09\/61d5d8d9-8b97-421e-96f2-64cab94bf87c-768x576.jpg 768w, https:\/\/www.diocesisciudadrodrigo.org\/blog4\/wp-content\/uploads\/2022\/09\/61d5d8d9-8b97-421e-96f2-64cab94bf87c-1536x1152.jpg 1536w, https:\/\/www.diocesisciudadrodrigo.org\/blog4\/wp-content\/uploads\/2022\/09\/61d5d8d9-8b97-421e-96f2-64cab94bf87c-350x263.jpg 350w, https:\/\/www.diocesisciudadrodrigo.org\/blog4\/wp-content\/uploads\/2022\/09\/61d5d8d9-8b97-421e-96f2-64cab94bf87c.jpg 2016w\" sizes=\"auto, (max-width: 300px) 100vw, 300px\" \/><\/a>\n\t\t\t<\/div><\/figure><figure class='gallery-item'>\n\t\t\t<div class='gallery-icon landscape'>\n\t\t\t\t<a  href='https:\/\/www.diocesisciudadrodrigo.org\/blog4\/wp-content\/uploads\/2022\/09\/df18c1c4-29b6-4a74-8bcd-a4e1aa27cce5.jpg'><img loading=\"lazy\" decoding=\"async\" width=\"300\" height=\"225\" src=\"https:\/\/www.diocesisciudadrodrigo.org\/blog4\/wp-content\/uploads\/2022\/09\/df18c1c4-29b6-4a74-8bcd-a4e1aa27cce5-300x225.jpg\" class=\"attachment-medium size-medium\" alt=\"\" srcset=\"https:\/\/www.diocesisciudadrodrigo.org\/blog4\/wp-content\/uploads\/2022\/09\/df18c1c4-29b6-4a74-8bcd-a4e1aa27cce5-300x225.jpg 300w, https:\/\/www.diocesisciudadrodrigo.org\/blog4\/wp-content\/uploads\/2022\/09\/df18c1c4-29b6-4a74-8bcd-a4e1aa27cce5-1024x768.jpg 1024w, https:\/\/www.diocesisciudadrodrigo.org\/blog4\/wp-content\/uploads\/2022\/09\/df18c1c4-29b6-4a74-8bcd-a4e1aa27cce5-768x576.jpg 768w, https:\/\/www.diocesisciudadrodrigo.org\/blog4\/wp-content\/uploads\/2022\/09\/df18c1c4-29b6-4a74-8bcd-a4e1aa27cce5-1536x1152.jpg 1536w, https:\/\/www.diocesisciudadrodrigo.org\/blog4\/wp-content\/uploads\/2022\/09\/df18c1c4-29b6-4a74-8bcd-a4e1aa27cce5-350x263.jpg 350w, https:\/\/www.diocesisciudadrodrigo.org\/blog4\/wp-content\/uploads\/2022\/09\/df18c1c4-29b6-4a74-8bcd-a4e1aa27cce5.jpg 2016w\" sizes=\"auto, (max-width: 300px) 100vw, 300px\" \/><\/a>\n\t\t\t<\/div><\/figure>\n\t\t<\/div>\n\t\t<\/div>\n\t\t\t\t<\/div>\n\t\t\t\t<\/div>\n\t\t\t\t\t\t<\/div>\n\t\t\t\t\t<\/div>\n\t\t<\/div>\n\t\t\t\t\t\t\t\t<\/div>\n\t\t\t\t\t<\/div>\n\t\t<\/section>\n\t\t\t\t\t\t<\/div>\n\t\t\t\t\t\t<\/div>\n\t\t\t\t\t<\/div>\n\t\t","protected":false},"excerpt":{"rendered":"<p>El 27 de septiembre de 1970, se aprobaron los estatutos de la Organizaci\u00f3n Mundial del Turismo. Aquello que fue considerado como un hito en el turismo mundial porque marc\u00f3 el &#8230; <\/p>\n<p class=\"read-more-container\"><a title=\"La Catedral y el Museo Catedralicio se suman al D\u00eda Mundial del Turismo con la visita gratuita\" class=\"read-more button\" href=\"https:\/\/www.diocesisciudadrodrigo.org\/blog4\/la-catedral-y-el-museo-catedralicio-se-suman-al-dia-mundial-del-turismo-con-la-visita-gratuita\/#more-25540\" aria-label=\"M\u00e1s en La Catedral y el Museo Catedralicio se suman al D\u00eda Mundial del Turismo con la visita gratuita\">Leer m\u00e1s &#8230;<\/a><\/p>\n","protected":false},"author":1,"featured_media":25542,"comment_status":"closed","ping_status":"closed","sticky":false,"template":"","format":"standard","meta":{"footnotes":""},"categories":[6],"tags":[],"class_list":["post-25540","post","type-post","status-publish","format-standard","has-post-thumbnail","hentry","category-noticias","masonry-post","generate-columns","tablet-grid-50","mobile-grid-100","grid-parent","grid-50"],"yoast_head":"<!-- This site is optimized with the Yoast SEO plugin v27.3 - https:\/\/yoast.com\/product\/yoast-seo-wordpress\/ -->\n<title>La Catedral y el Museo Catedralicio se suman al D\u00eda Mundial del Turismo con la visita gratuita - Di\u00f3cesis de Ciudad Rodrigo<\/title>\n<meta name=\"robots\" content=\"index, follow, max-snippet:-1, max-image-preview:large, max-video-preview:-1\" \/>\n<link rel=\"canonical\" href=\"https:\/\/www.diocesisciudadrodrigo.org\/blog4\/la-catedral-y-el-museo-catedralicio-se-suman-al-dia-mundial-del-turismo-con-la-visita-gratuita\/\" \/>\n<meta property=\"og:locale\" content=\"es_ES\" \/>\n<meta property=\"og:type\" content=\"article\" \/>\n<meta property=\"og:title\" content=\"La Catedral y el Museo Catedralicio se suman al D\u00eda Mundial del Turismo con la visita gratuita - Di\u00f3cesis de Ciudad Rodrigo\" \/>\n<meta property=\"og:description\" content=\"El 27 de septiembre de 1970, se aprobaron los estatutos de la Organizaci\u00f3n Mundial del Turismo. Aquello que fue considerado como un hito en el turismo mundial porque marc\u00f3 el ... Leer m\u00e1s ...\" \/>\n<meta property=\"og:url\" content=\"https:\/\/www.diocesisciudadrodrigo.org\/blog4\/la-catedral-y-el-museo-catedralicio-se-suman-al-dia-mundial-del-turismo-con-la-visita-gratuita\/\" \/>\n<meta property=\"og:site_name\" content=\"Di\u00f3cesis de Ciudad Rodrigo\" \/>\n<meta property=\"article:publisher\" content=\"https:\/\/www.facebook.com\/people\/Dicesis-Ciudad-Rodrigo-MCS\/100076471923419\/#\" \/>\n<meta property=\"article:published_time\" content=\"2022-09-27T06:31:35+00:00\" \/>\n<meta property=\"article:modified_time\" content=\"2022-09-27T06:33:36+00:00\" \/>\n<meta property=\"og:image\" content=\"https:\/\/www.diocesisciudadrodrigo.org\/blog4\/wp-content\/uploads\/2022\/09\/df18c1c4-29b6-4a74-8bcd-a4e1aa27cce5.jpg\" \/>\n\t<meta property=\"og:image:width\" content=\"2016\" \/>\n\t<meta property=\"og:image:height\" content=\"1512\" \/>\n\t<meta property=\"og:image:type\" content=\"image\/jpeg\" \/>\n<meta name=\"author\" content=\"medios CR\" \/>\n<meta name=\"twitter:card\" content=\"summary_large_image\" \/>\n<meta name=\"twitter:label1\" content=\"Escrito por\" \/>\n\t<meta name=\"twitter:data1\" content=\"medios CR\" \/>\n\t<meta name=\"twitter:label2\" content=\"Tiempo de lectura\" \/>\n\t<meta name=\"twitter:data2\" content=\"2 minutos\" \/>\n<script type=\"application\/ld+json\" class=\"yoast-schema-graph\">{\"@context\":\"https:\\\/\\\/schema.org\",\"@graph\":[{\"@type\":\"Article\",\"@id\":\"https:\\\/\\\/www.diocesisciudadrodrigo.org\\\/blog4\\\/la-catedral-y-el-museo-catedralicio-se-suman-al-dia-mundial-del-turismo-con-la-visita-gratuita\\\/#article\",\"isPartOf\":{\"@id\":\"https:\\\/\\\/www.diocesisciudadrodrigo.org\\\/blog4\\\/la-catedral-y-el-museo-catedralicio-se-suman-al-dia-mundial-del-turismo-con-la-visita-gratuita\\\/\"},\"author\":{\"name\":\"medios CR\",\"@id\":\"https:\\\/\\\/www.diocesisciudadrodrigo.org\\\/blog4\\\/#\\\/schema\\\/person\\\/5fcf0ca636a75766ff70e6417b6ed052\"},\"headline\":\"La Catedral y el Museo Catedralicio se suman al D\u00eda Mundial del Turismo con la visita gratuita\",\"datePublished\":\"2022-09-27T06:31:35+00:00\",\"dateModified\":\"2022-09-27T06:33:36+00:00\",\"mainEntityOfPage\":{\"@id\":\"https:\\\/\\\/www.diocesisciudadrodrigo.org\\\/blog4\\\/la-catedral-y-el-museo-catedralicio-se-suman-al-dia-mundial-del-turismo-con-la-visita-gratuita\\\/\"},\"wordCount\":514,\"publisher\":{\"@id\":\"https:\\\/\\\/www.diocesisciudadrodrigo.org\\\/blog4\\\/#organization\"},\"image\":{\"@id\":\"https:\\\/\\\/www.diocesisciudadrodrigo.org\\\/blog4\\\/la-catedral-y-el-museo-catedralicio-se-suman-al-dia-mundial-del-turismo-con-la-visita-gratuita\\\/#primaryimage\"},\"thumbnailUrl\":\"https:\\\/\\\/www.diocesisciudadrodrigo.org\\\/blog4\\\/wp-content\\\/uploads\\\/2022\\\/09\\\/df18c1c4-29b6-4a74-8bcd-a4e1aa27cce5.jpg\",\"articleSection\":[\"Noticias\"],\"inLanguage\":\"es\"},{\"@type\":\"WebPage\",\"@id\":\"https:\\\/\\\/www.diocesisciudadrodrigo.org\\\/blog4\\\/la-catedral-y-el-museo-catedralicio-se-suman-al-dia-mundial-del-turismo-con-la-visita-gratuita\\\/\",\"url\":\"https:\\\/\\\/www.diocesisciudadrodrigo.org\\\/blog4\\\/la-catedral-y-el-museo-catedralicio-se-suman-al-dia-mundial-del-turismo-con-la-visita-gratuita\\\/\",\"name\":\"La Catedral y el Museo Catedralicio se suman al D\u00eda Mundial del Turismo con la visita gratuita - Di\u00f3cesis de Ciudad Rodrigo\",\"isPartOf\":{\"@id\":\"https:\\\/\\\/www.diocesisciudadrodrigo.org\\\/blog4\\\/#website\"},\"primaryImageOfPage\":{\"@id\":\"https:\\\/\\\/www.diocesisciudadrodrigo.org\\\/blog4\\\/la-catedral-y-el-museo-catedralicio-se-suman-al-dia-mundial-del-turismo-con-la-visita-gratuita\\\/#primaryimage\"},\"image\":{\"@id\":\"https:\\\/\\\/www.diocesisciudadrodrigo.org\\\/blog4\\\/la-catedral-y-el-museo-catedralicio-se-suman-al-dia-mundial-del-turismo-con-la-visita-gratuita\\\/#primaryimage\"},\"thumbnailUrl\":\"https:\\\/\\\/www.diocesisciudadrodrigo.org\\\/blog4\\\/wp-content\\\/uploads\\\/2022\\\/09\\\/df18c1c4-29b6-4a74-8bcd-a4e1aa27cce5.jpg\",\"datePublished\":\"2022-09-27T06:31:35+00:00\",\"dateModified\":\"2022-09-27T06:33:36+00:00\",\"breadcrumb\":{\"@id\":\"https:\\\/\\\/www.diocesisciudadrodrigo.org\\\/blog4\\\/la-catedral-y-el-museo-catedralicio-se-suman-al-dia-mundial-del-turismo-con-la-visita-gratuita\\\/#breadcrumb\"},\"inLanguage\":\"es\",\"potentialAction\":[{\"@type\":\"ReadAction\",\"target\":[\"https:\\\/\\\/www.diocesisciudadrodrigo.org\\\/blog4\\\/la-catedral-y-el-museo-catedralicio-se-suman-al-dia-mundial-del-turismo-con-la-visita-gratuita\\\/\"]}]},{\"@type\":\"ImageObject\",\"inLanguage\":\"es\",\"@id\":\"https:\\\/\\\/www.diocesisciudadrodrigo.org\\\/blog4\\\/la-catedral-y-el-museo-catedralicio-se-suman-al-dia-mundial-del-turismo-con-la-visita-gratuita\\\/#primaryimage\",\"url\":\"https:\\\/\\\/www.diocesisciudadrodrigo.org\\\/blog4\\\/wp-content\\\/uploads\\\/2022\\\/09\\\/df18c1c4-29b6-4a74-8bcd-a4e1aa27cce5.jpg\",\"contentUrl\":\"https:\\\/\\\/www.diocesisciudadrodrigo.org\\\/blog4\\\/wp-content\\\/uploads\\\/2022\\\/09\\\/df18c1c4-29b6-4a74-8bcd-a4e1aa27cce5.jpg\",\"width\":2016,\"height\":1512},{\"@type\":\"BreadcrumbList\",\"@id\":\"https:\\\/\\\/www.diocesisciudadrodrigo.org\\\/blog4\\\/la-catedral-y-el-museo-catedralicio-se-suman-al-dia-mundial-del-turismo-con-la-visita-gratuita\\\/#breadcrumb\",\"itemListElement\":[{\"@type\":\"ListItem\",\"position\":1,\"name\":\"Portada\",\"item\":\"https:\\\/\\\/www.diocesisciudadrodrigo.org\\\/blog4\\\/\"},{\"@type\":\"ListItem\",\"position\":2,\"name\":\"La Catedral y el Museo Catedralicio se suman al D\u00eda Mundial del Turismo con la visita gratuita\"}]},{\"@type\":\"WebSite\",\"@id\":\"https:\\\/\\\/www.diocesisciudadrodrigo.org\\\/blog4\\\/#website\",\"url\":\"https:\\\/\\\/www.diocesisciudadrodrigo.org\\\/blog4\\\/\",\"name\":\"Di\u00f3cesis de Ciudad Rodrigo\",\"description\":\"Sitio web oficial de la di\u00f3cesis civitatense\",\"publisher\":{\"@id\":\"https:\\\/\\\/www.diocesisciudadrodrigo.org\\\/blog4\\\/#organization\"},\"potentialAction\":[{\"@type\":\"SearchAction\",\"target\":{\"@type\":\"EntryPoint\",\"urlTemplate\":\"https:\\\/\\\/www.diocesisciudadrodrigo.org\\\/blog4\\\/?s={search_term_string}\"},\"query-input\":{\"@type\":\"PropertyValueSpecification\",\"valueRequired\":true,\"valueName\":\"search_term_string\"}}],\"inLanguage\":\"es\"},{\"@type\":\"Organization\",\"@id\":\"https:\\\/\\\/www.diocesisciudadrodrigo.org\\\/blog4\\\/#organization\",\"name\":\"Di\u00f3cesis de Ciudad Rodrigo\",\"url\":\"https:\\\/\\\/www.diocesisciudadrodrigo.org\\\/blog4\\\/\",\"logo\":{\"@type\":\"ImageObject\",\"inLanguage\":\"es\",\"@id\":\"https:\\\/\\\/www.diocesisciudadrodrigo.org\\\/blog4\\\/#\\\/schema\\\/logo\\\/image\\\/\",\"url\":\"https:\\\/\\\/www.diocesisciudadrodrigo.org\\\/blog4\\\/wp-content\\\/uploads\\\/2024\\\/12\\\/Diocesis.CMYK_-768x480-1.jpg\",\"contentUrl\":\"https:\\\/\\\/www.diocesisciudadrodrigo.org\\\/blog4\\\/wp-content\\\/uploads\\\/2024\\\/12\\\/Diocesis.CMYK_-768x480-1.jpg\",\"width\":768,\"height\":480,\"caption\":\"Di\u00f3cesis de Ciudad Rodrigo\"},\"image\":{\"@id\":\"https:\\\/\\\/www.diocesisciudadrodrigo.org\\\/blog4\\\/#\\\/schema\\\/logo\\\/image\\\/\"},\"sameAs\":[\"https:\\\/\\\/www.facebook.com\\\/people\\\/Dicesis-Ciudad-Rodrigo-MCS\\\/100076471923419\\\/#\"]},{\"@type\":\"Person\",\"@id\":\"https:\\\/\\\/www.diocesisciudadrodrigo.org\\\/blog4\\\/#\\\/schema\\\/person\\\/5fcf0ca636a75766ff70e6417b6ed052\",\"name\":\"medios CR\",\"image\":{\"@type\":\"ImageObject\",\"inLanguage\":\"es\",\"@id\":\"https:\\\/\\\/secure.gravatar.com\\\/avatar\\\/4a619fd0c7e36bd570f4e6e15eb09a2191185d0f63d8dbfdffe848af141ab87e?s=96&d=mm&r=g\",\"url\":\"https:\\\/\\\/secure.gravatar.com\\\/avatar\\\/4a619fd0c7e36bd570f4e6e15eb09a2191185d0f63d8dbfdffe848af141ab87e?s=96&d=mm&r=g\",\"contentUrl\":\"https:\\\/\\\/secure.gravatar.com\\\/avatar\\\/4a619fd0c7e36bd570f4e6e15eb09a2191185d0f63d8dbfdffe848af141ab87e?s=96&d=mm&r=g\",\"caption\":\"medios CR\"},\"url\":\"https:\\\/\\\/www.diocesisciudadrodrigo.org\\\/blog4\\\/author\\\/admin4\\\/\"}]}<\/script>\n<!-- \/ Yoast SEO plugin. -->","yoast_head_json":{"title":"La Catedral y el Museo Catedralicio se suman al D\u00eda Mundial del Turismo con la visita gratuita - Di\u00f3cesis de Ciudad Rodrigo","robots":{"index":"index","follow":"follow","max-snippet":"max-snippet:-1","max-image-preview":"max-image-preview:large","max-video-preview":"max-video-preview:-1"},"canonical":"https:\/\/www.diocesisciudadrodrigo.org\/blog4\/la-catedral-y-el-museo-catedralicio-se-suman-al-dia-mundial-del-turismo-con-la-visita-gratuita\/","og_locale":"es_ES","og_type":"article","og_title":"La Catedral y el Museo Catedralicio se suman al D\u00eda Mundial del Turismo con la visita gratuita - Di\u00f3cesis de Ciudad Rodrigo","og_description":"El 27 de septiembre de 1970, se aprobaron los estatutos de la Organizaci\u00f3n Mundial del Turismo. Aquello que fue considerado como un hito en el turismo mundial porque marc\u00f3 el ... Leer m\u00e1s ...","og_url":"https:\/\/www.diocesisciudadrodrigo.org\/blog4\/la-catedral-y-el-museo-catedralicio-se-suman-al-dia-mundial-del-turismo-con-la-visita-gratuita\/","og_site_name":"Di\u00f3cesis de Ciudad Rodrigo","article_publisher":"https:\/\/www.facebook.com\/people\/Dicesis-Ciudad-Rodrigo-MCS\/100076471923419\/#","article_published_time":"2022-09-27T06:31:35+00:00","article_modified_time":"2022-09-27T06:33:36+00:00","og_image":[{"width":2016,"height":1512,"url":"https:\/\/www.diocesisciudadrodrigo.org\/blog4\/wp-content\/uploads\/2022\/09\/df18c1c4-29b6-4a74-8bcd-a4e1aa27cce5.jpg","type":"image\/jpeg"}],"author":"medios CR","twitter_card":"summary_large_image","twitter_misc":{"Escrito por":"medios CR","Tiempo de lectura":"2 minutos"},"schema":{"@context":"https:\/\/schema.org","@graph":[{"@type":"Article","@id":"https:\/\/www.diocesisciudadrodrigo.org\/blog4\/la-catedral-y-el-museo-catedralicio-se-suman-al-dia-mundial-del-turismo-con-la-visita-gratuita\/#article","isPartOf":{"@id":"https:\/\/www.diocesisciudadrodrigo.org\/blog4\/la-catedral-y-el-museo-catedralicio-se-suman-al-dia-mundial-del-turismo-con-la-visita-gratuita\/"},"author":{"name":"medios CR","@id":"https:\/\/www.diocesisciudadrodrigo.org\/blog4\/#\/schema\/person\/5fcf0ca636a75766ff70e6417b6ed052"},"headline":"La Catedral y el Museo Catedralicio se suman al D\u00eda Mundial del Turismo con la visita gratuita","datePublished":"2022-09-27T06:31:35+00:00","dateModified":"2022-09-27T06:33:36+00:00","mainEntityOfPage":{"@id":"https:\/\/www.diocesisciudadrodrigo.org\/blog4\/la-catedral-y-el-museo-catedralicio-se-suman-al-dia-mundial-del-turismo-con-la-visita-gratuita\/"},"wordCount":514,"publisher":{"@id":"https:\/\/www.diocesisciudadrodrigo.org\/blog4\/#organization"},"image":{"@id":"https:\/\/www.diocesisciudadrodrigo.org\/blog4\/la-catedral-y-el-museo-catedralicio-se-suman-al-dia-mundial-del-turismo-con-la-visita-gratuita\/#primaryimage"},"thumbnailUrl":"https:\/\/www.diocesisciudadrodrigo.org\/blog4\/wp-content\/uploads\/2022\/09\/df18c1c4-29b6-4a74-8bcd-a4e1aa27cce5.jpg","articleSection":["Noticias"],"inLanguage":"es"},{"@type":"WebPage","@id":"https:\/\/www.diocesisciudadrodrigo.org\/blog4\/la-catedral-y-el-museo-catedralicio-se-suman-al-dia-mundial-del-turismo-con-la-visita-gratuita\/","url":"https:\/\/www.diocesisciudadrodrigo.org\/blog4\/la-catedral-y-el-museo-catedralicio-se-suman-al-dia-mundial-del-turismo-con-la-visita-gratuita\/","name":"La Catedral y el Museo Catedralicio se suman al D\u00eda Mundial del Turismo con la visita gratuita - Di\u00f3cesis de Ciudad Rodrigo","isPartOf":{"@id":"https:\/\/www.diocesisciudadrodrigo.org\/blog4\/#website"},"primaryImageOfPage":{"@id":"https:\/\/www.diocesisciudadrodrigo.org\/blog4\/la-catedral-y-el-museo-catedralicio-se-suman-al-dia-mundial-del-turismo-con-la-visita-gratuita\/#primaryimage"},"image":{"@id":"https:\/\/www.diocesisciudadrodrigo.org\/blog4\/la-catedral-y-el-museo-catedralicio-se-suman-al-dia-mundial-del-turismo-con-la-visita-gratuita\/#primaryimage"},"thumbnailUrl":"https:\/\/www.diocesisciudadrodrigo.org\/blog4\/wp-content\/uploads\/2022\/09\/df18c1c4-29b6-4a74-8bcd-a4e1aa27cce5.jpg","datePublished":"2022-09-27T06:31:35+00:00","dateModified":"2022-09-27T06:33:36+00:00","breadcrumb":{"@id":"https:\/\/www.diocesisciudadrodrigo.org\/blog4\/la-catedral-y-el-museo-catedralicio-se-suman-al-dia-mundial-del-turismo-con-la-visita-gratuita\/#breadcrumb"},"inLanguage":"es","potentialAction":[{"@type":"ReadAction","target":["https:\/\/www.diocesisciudadrodrigo.org\/blog4\/la-catedral-y-el-museo-catedralicio-se-suman-al-dia-mundial-del-turismo-con-la-visita-gratuita\/"]}]},{"@type":"ImageObject","inLanguage":"es","@id":"https:\/\/www.diocesisciudadrodrigo.org\/blog4\/la-catedral-y-el-museo-catedralicio-se-suman-al-dia-mundial-del-turismo-con-la-visita-gratuita\/#primaryimage","url":"https:\/\/www.diocesisciudadrodrigo.org\/blog4\/wp-content\/uploads\/2022\/09\/df18c1c4-29b6-4a74-8bcd-a4e1aa27cce5.jpg","contentUrl":"https:\/\/www.diocesisciudadrodrigo.org\/blog4\/wp-content\/uploads\/2022\/09\/df18c1c4-29b6-4a74-8bcd-a4e1aa27cce5.jpg","width":2016,"height":1512},{"@type":"BreadcrumbList","@id":"https:\/\/www.diocesisciudadrodrigo.org\/blog4\/la-catedral-y-el-museo-catedralicio-se-suman-al-dia-mundial-del-turismo-con-la-visita-gratuita\/#breadcrumb","itemListElement":[{"@type":"ListItem","position":1,"name":"Portada","item":"https:\/\/www.diocesisciudadrodrigo.org\/blog4\/"},{"@type":"ListItem","position":2,"name":"La Catedral y el Museo Catedralicio se suman al D\u00eda Mundial del Turismo con la visita gratuita"}]},{"@type":"WebSite","@id":"https:\/\/www.diocesisciudadrodrigo.org\/blog4\/#website","url":"https:\/\/www.diocesisciudadrodrigo.org\/blog4\/","name":"Di\u00f3cesis de Ciudad Rodrigo","description":"Sitio web oficial de la di\u00f3cesis civitatense","publisher":{"@id":"https:\/\/www.diocesisciudadrodrigo.org\/blog4\/#organization"},"potentialAction":[{"@type":"SearchAction","target":{"@type":"EntryPoint","urlTemplate":"https:\/\/www.diocesisciudadrodrigo.org\/blog4\/?s={search_term_string}"},"query-input":{"@type":"PropertyValueSpecification","valueRequired":true,"valueName":"search_term_string"}}],"inLanguage":"es"},{"@type":"Organization","@id":"https:\/\/www.diocesisciudadrodrigo.org\/blog4\/#organization","name":"Di\u00f3cesis de Ciudad Rodrigo","url":"https:\/\/www.diocesisciudadrodrigo.org\/blog4\/","logo":{"@type":"ImageObject","inLanguage":"es","@id":"https:\/\/www.diocesisciudadrodrigo.org\/blog4\/#\/schema\/logo\/image\/","url":"https:\/\/www.diocesisciudadrodrigo.org\/blog4\/wp-content\/uploads\/2024\/12\/Diocesis.CMYK_-768x480-1.jpg","contentUrl":"https:\/\/www.diocesisciudadrodrigo.org\/blog4\/wp-content\/uploads\/2024\/12\/Diocesis.CMYK_-768x480-1.jpg","width":768,"height":480,"caption":"Di\u00f3cesis de Ciudad Rodrigo"},"image":{"@id":"https:\/\/www.diocesisciudadrodrigo.org\/blog4\/#\/schema\/logo\/image\/"},"sameAs":["https:\/\/www.facebook.com\/people\/Dicesis-Ciudad-Rodrigo-MCS\/100076471923419\/#"]},{"@type":"Person","@id":"https:\/\/www.diocesisciudadrodrigo.org\/blog4\/#\/schema\/person\/5fcf0ca636a75766ff70e6417b6ed052","name":"medios CR","image":{"@type":"ImageObject","inLanguage":"es","@id":"https:\/\/secure.gravatar.com\/avatar\/4a619fd0c7e36bd570f4e6e15eb09a2191185d0f63d8dbfdffe848af141ab87e?s=96&d=mm&r=g","url":"https:\/\/secure.gravatar.com\/avatar\/4a619fd0c7e36bd570f4e6e15eb09a2191185d0f63d8dbfdffe848af141ab87e?s=96&d=mm&r=g","contentUrl":"https:\/\/secure.gravatar.com\/avatar\/4a619fd0c7e36bd570f4e6e15eb09a2191185d0f63d8dbfdffe848af141ab87e?s=96&d=mm&r=g","caption":"medios CR"},"url":"https:\/\/www.diocesisciudadrodrigo.org\/blog4\/author\/admin4\/"}]}},"_links":{"self":[{"href":"https:\/\/www.diocesisciudadrodrigo.org\/blog4\/wp-json\/wp\/v2\/posts\/25540","targetHints":{"allow":["GET"]}}],"collection":[{"href":"https:\/\/www.diocesisciudadrodrigo.org\/blog4\/wp-json\/wp\/v2\/posts"}],"about":[{"href":"https:\/\/www.diocesisciudadrodrigo.org\/blog4\/wp-json\/wp\/v2\/types\/post"}],"author":[{"embeddable":true,"href":"https:\/\/www.diocesisciudadrodrigo.org\/blog4\/wp-json\/wp\/v2\/users\/1"}],"replies":[{"embeddable":true,"href":"https:\/\/www.diocesisciudadrodrigo.org\/blog4\/wp-json\/wp\/v2\/comments?post=25540"}],"version-history":[{"count":4,"href":"https:\/\/www.diocesisciudadrodrigo.org\/blog4\/wp-json\/wp\/v2\/posts\/25540\/revisions"}],"predecessor-version":[{"id":25546,"href":"https:\/\/www.diocesisciudadrodrigo.org\/blog4\/wp-json\/wp\/v2\/posts\/25540\/revisions\/25546"}],"wp:featuredmedia":[{"embeddable":true,"href":"https:\/\/www.diocesisciudadrodrigo.org\/blog4\/wp-json\/wp\/v2\/media\/25542"}],"wp:attachment":[{"href":"https:\/\/www.diocesisciudadrodrigo.org\/blog4\/wp-json\/wp\/v2\/media?parent=25540"}],"wp:term":[{"taxonomy":"category","embeddable":true,"href":"https:\/\/www.diocesisciudadrodrigo.org\/blog4\/wp-json\/wp\/v2\/categories?post=25540"},{"taxonomy":"post_tag","embeddable":true,"href":"https:\/\/www.diocesisciudadrodrigo.org\/blog4\/wp-json\/wp\/v2\/tags?post=25540"}],"curies":[{"name":"wp","href":"https:\/\/api.w.org\/{rel}","templated":true}]}}