{"id":25470,"date":"2022-09-23T10:29:39","date_gmt":"2022-09-23T08:29:39","guid":{"rendered":"https:\/\/www.diocesisciudadrodrigo.org\/blog4\/?p=25470"},"modified":"2022-09-23T10:38:43","modified_gmt":"2022-09-23T08:38:43","slug":"el-obispo-presidira-la-misa-funeral-por-d-antonio-ceballos-este-martes-en-la-catedral","status":"publish","type":"post","link":"https:\/\/www.diocesisciudadrodrigo.org\/blog4\/el-obispo-presidira-la-misa-funeral-por-d-antonio-ceballos-este-martes-en-la-catedral\/","title":{"rendered":"El Obispo presidir\u00e1 la Misa funeral por D. Antonio Ceballos este martes en la Catedral"},"content":{"rendered":"\t\t<div data-elementor-type=\"wp-post\" data-elementor-id=\"25470\" class=\"elementor elementor-25470\" data-elementor-settings=\"[]\">\n\t\t\t\t\t\t<div class=\"elementor-inner\">\n\t\t\t\t\t\t\t<div class=\"elementor-section-wrap\">\n\t\t\t\t\t\t\t<section class=\"elementor-section elementor-top-section elementor-element elementor-element-26c1e97 elementor-section-boxed elementor-section-height-default elementor-section-height-default\" data-id=\"26c1e97\" data-element_type=\"section\">\n\t\t\t\t\t\t<div class=\"elementor-container elementor-column-gap-default\">\n\t\t\t\t\t\t\t<div class=\"elementor-row\">\n\t\t\t\t\t<div class=\"elementor-column elementor-col-100 elementor-top-column elementor-element elementor-element-e8d1a55\" data-id=\"e8d1a55\" data-element_type=\"column\">\n\t\t\t<div class=\"elementor-column-wrap elementor-element-populated\">\n\t\t\t\t\t\t\t<div class=\"elementor-widget-wrap\">\n\t\t\t\t\t\t<div class=\"elementor-element elementor-element-019a34d elementor-widget elementor-widget-text-editor\" data-id=\"019a34d\" data-element_type=\"widget\" data-widget_type=\"text-editor.default\">\n\t\t\t\t<div class=\"elementor-widget-container\">\n\t\t\t\t\t\t\t\t<div class=\"elementor-text-editor elementor-clearfix\">\n\t\t\t\t<p>El Obispo de la Di\u00f3cesis de Ciudad Rodrigo, Mons. Jos\u00e9 Luis Retana, presidir\u00e1 la Misa Funeral por D. Antonio Ceballos, que se celebrar\u00e1 el martes, d\u00eda 27, a las 11:00 horas en la Catedral.<\/p><p>La Di\u00f3cesis tambi\u00e9n se ha hecho presente en la Misa de entierro que se celebra hoy viernes, a las 12:00 horas en la Catedral de C\u00e1diz y hasta all\u00ed se ha trasladado el Vicario General, D. Jos\u00e9 Mar\u00eda Rodr\u00edguez-Veleiro.<\/p><p>Mons. Antonio Ceballos recibi\u00f3 la ordenaci\u00f3n episcopal en la Catedral civitatense el 25 de marzo de 1988 y estuvo al frente de la di\u00f3cesis hasta el 10 de diciembre de 1993, en que fue nombrado Obispo de C\u00e1diz y Ceuta. Tom\u00f3 posesi\u00f3n de esta di\u00f3cesis el 29 de enero de 1994, donde permaneci\u00f3 como obispo hasta el 30 de agosto de 2011, fecha en que fue aceptada su renuncia por edad en conformidad con el canon 401\/1 del C\u00f3digo de Derecho Can\u00f3nico, convirti\u00e9ndose en em\u00e9rito y retir\u00e1ndose a descansar en la residencia de las Hermanitas de los Pobres de Ja\u00e9n.<\/p><p>\u00a0<\/p>\t\t\t\t\t<\/div>\n\t\t\t\t\t\t<\/div>\n\t\t\t\t<\/div>\n\t\t\t\t\t\t<\/div>\n\t\t\t\t\t<\/div>\n\t\t<\/div>\n\t\t\t\t\t\t\t\t<\/div>\n\t\t\t\t\t<\/div>\n\t\t<\/section>\n\t\t\t\t<section class=\"elementor-section elementor-top-section elementor-element elementor-element-8995f0b elementor-section-boxed elementor-section-height-default elementor-section-height-default\" data-id=\"8995f0b\" data-element_type=\"section\">\n\t\t\t\t\t\t<div class=\"elementor-container elementor-column-gap-default\">\n\t\t\t\t\t\t\t<div class=\"elementor-row\">\n\t\t\t\t\t<div class=\"elementor-column elementor-col-100 elementor-top-column elementor-element elementor-element-88525c2\" data-id=\"88525c2\" data-element_type=\"column\">\n\t\t\t<div class=\"elementor-column-wrap elementor-element-populated\">\n\t\t\t\t\t\t\t<div class=\"elementor-widget-wrap\">\n\t\t\t\t\t\t<div class=\"elementor-element elementor-element-72681ac elementor-widget elementor-widget-image\" data-id=\"72681ac\" data-element_type=\"widget\" data-widget_type=\"image.default\">\n\t\t\t\t<div class=\"elementor-widget-container\">\n\t\t\t\t\t\t\t\t<div class=\"elementor-image\">\n\t\t\t\t\t\t\t\t\t\t\t\t<img loading=\"lazy\" decoding=\"async\" width=\"1024\" height=\"892\" src=\"https:\/\/www.diocesisciudadrodrigo.org\/blog4\/wp-content\/uploads\/2022\/09\/20220921_antonio_ceballos-scaled-2-e1663787927962-1024x892.jpg\" class=\"attachment-large size-large\" alt=\"\" srcset=\"https:\/\/www.diocesisciudadrodrigo.org\/blog4\/wp-content\/uploads\/2022\/09\/20220921_antonio_ceballos-scaled-2-e1663787927962-1024x892.jpg 1024w, https:\/\/www.diocesisciudadrodrigo.org\/blog4\/wp-content\/uploads\/2022\/09\/20220921_antonio_ceballos-scaled-2-e1663787927962-300x261.jpg 300w, https:\/\/www.diocesisciudadrodrigo.org\/blog4\/wp-content\/uploads\/2022\/09\/20220921_antonio_ceballos-scaled-2-e1663787927962-768x669.jpg 768w, https:\/\/www.diocesisciudadrodrigo.org\/blog4\/wp-content\/uploads\/2022\/09\/20220921_antonio_ceballos-scaled-2-e1663787927962-1536x1339.jpg 1536w, https:\/\/www.diocesisciudadrodrigo.org\/blog4\/wp-content\/uploads\/2022\/09\/20220921_antonio_ceballos-scaled-2-e1663787927962-350x305.jpg 350w, https:\/\/www.diocesisciudadrodrigo.org\/blog4\/wp-content\/uploads\/2022\/09\/20220921_antonio_ceballos-scaled-2-e1663787927962.jpg 1642w\" sizes=\"auto, (max-width: 1024px) 100vw, 1024px\" \/>\t\t\t\t\t\t\t\t\t\t\t\t\t\t<\/div>\n\t\t\t\t\t\t<\/div>\n\t\t\t\t<\/div>\n\t\t\t\t\t\t<\/div>\n\t\t\t\t\t<\/div>\n\t\t<\/div>\n\t\t\t\t\t\t\t\t<\/div>\n\t\t\t\t\t<\/div>\n\t\t<\/section>\n\t\t\t\t\t\t<\/div>\n\t\t\t\t\t\t<\/div>\n\t\t\t\t\t<\/div>\n\t\t","protected":false},"excerpt":{"rendered":"<p>El Obispo de la Di\u00f3cesis de Ciudad Rodrigo, Mons. Jos\u00e9 Luis Retana, presidir\u00e1 la Misa Funeral por D. Antonio Ceballos, que se celebrar\u00e1 el martes, d\u00eda 27, a las 11:00 &#8230; <\/p>\n<p class=\"read-more-container\"><a title=\"El Obispo presidir\u00e1 la Misa funeral por D. Antonio Ceballos este martes en la Catedral\" class=\"read-more button\" href=\"https:\/\/www.diocesisciudadrodrigo.org\/blog4\/el-obispo-presidira-la-misa-funeral-por-d-antonio-ceballos-este-martes-en-la-catedral\/#more-25470\" aria-label=\"M\u00e1s en El Obispo presidir\u00e1 la Misa funeral por D. Antonio Ceballos este martes en la Catedral\">Leer m\u00e1s &#8230;<\/a><\/p>\n","protected":false},"author":1,"featured_media":25424,"comment_status":"closed","ping_status":"closed","sticky":false,"template":"","format":"standard","meta":{"footnotes":""},"categories":[6],"tags":[],"class_list":["post-25470","post","type-post","status-publish","format-standard","has-post-thumbnail","hentry","category-noticias","masonry-post","generate-columns","tablet-grid-50","mobile-grid-100","grid-parent","grid-50"],"yoast_head":"<!-- This site is optimized with the Yoast SEO plugin v27.3 - https:\/\/yoast.com\/product\/yoast-seo-wordpress\/ -->\n<title>El Obispo presidir\u00e1 la Misa funeral por D. Antonio Ceballos este martes en la Catedral - Di\u00f3cesis de Ciudad Rodrigo<\/title>\n<meta name=\"robots\" content=\"index, follow, max-snippet:-1, max-image-preview:large, max-video-preview:-1\" \/>\n<link rel=\"canonical\" href=\"https:\/\/www.diocesisciudadrodrigo.org\/blog4\/el-obispo-presidira-la-misa-funeral-por-d-antonio-ceballos-este-martes-en-la-catedral\/\" \/>\n<meta property=\"og:locale\" content=\"es_ES\" \/>\n<meta property=\"og:type\" content=\"article\" \/>\n<meta property=\"og:title\" content=\"El Obispo presidir\u00e1 la Misa funeral por D. Antonio Ceballos este martes en la Catedral - Di\u00f3cesis de Ciudad Rodrigo\" \/>\n<meta property=\"og:description\" content=\"El Obispo de la Di\u00f3cesis de Ciudad Rodrigo, Mons. Jos\u00e9 Luis Retana, presidir\u00e1 la Misa Funeral por D. Antonio Ceballos, que se celebrar\u00e1 el martes, d\u00eda 27, a las 11:00 ... Leer m\u00e1s ...\" \/>\n<meta property=\"og:url\" content=\"https:\/\/www.diocesisciudadrodrigo.org\/blog4\/el-obispo-presidira-la-misa-funeral-por-d-antonio-ceballos-este-martes-en-la-catedral\/\" \/>\n<meta property=\"og:site_name\" content=\"Di\u00f3cesis de Ciudad Rodrigo\" \/>\n<meta property=\"article:publisher\" content=\"https:\/\/www.facebook.com\/people\/Dicesis-Ciudad-Rodrigo-MCS\/100076471923419\/#\" \/>\n<meta property=\"article:published_time\" content=\"2022-09-23T08:29:39+00:00\" \/>\n<meta property=\"article:modified_time\" content=\"2022-09-23T08:38:43+00:00\" \/>\n<meta property=\"og:image\" content=\"https:\/\/www.diocesisciudadrodrigo.org\/blog4\/wp-content\/uploads\/2022\/09\/20220921_antonio_ceballos-scaled-2-e1663787927962.jpg\" \/>\n\t<meta property=\"og:image:width\" content=\"1642\" \/>\n\t<meta property=\"og:image:height\" content=\"1431\" \/>\n\t<meta property=\"og:image:type\" content=\"image\/jpeg\" \/>\n<meta name=\"author\" content=\"medios CR\" \/>\n<meta name=\"twitter:card\" content=\"summary_large_image\" \/>\n<meta name=\"twitter:label1\" content=\"Escrito por\" \/>\n\t<meta name=\"twitter:data1\" content=\"medios CR\" \/>\n\t<meta name=\"twitter:label2\" content=\"Tiempo de lectura\" \/>\n\t<meta name=\"twitter:data2\" content=\"1 minuto\" \/>\n<script type=\"application\/ld+json\" class=\"yoast-schema-graph\">{\"@context\":\"https:\\\/\\\/schema.org\",\"@graph\":[{\"@type\":\"Article\",\"@id\":\"https:\\\/\\\/www.diocesisciudadrodrigo.org\\\/blog4\\\/el-obispo-presidira-la-misa-funeral-por-d-antonio-ceballos-este-martes-en-la-catedral\\\/#article\",\"isPartOf\":{\"@id\":\"https:\\\/\\\/www.diocesisciudadrodrigo.org\\\/blog4\\\/el-obispo-presidira-la-misa-funeral-por-d-antonio-ceballos-este-martes-en-la-catedral\\\/\"},\"author\":{\"name\":\"medios CR\",\"@id\":\"https:\\\/\\\/www.diocesisciudadrodrigo.org\\\/blog4\\\/#\\\/schema\\\/person\\\/5fcf0ca636a75766ff70e6417b6ed052\"},\"headline\":\"El Obispo presidir\u00e1 la Misa funeral por D. Antonio Ceballos este martes en la Catedral\",\"datePublished\":\"2022-09-23T08:29:39+00:00\",\"dateModified\":\"2022-09-23T08:38:43+00:00\",\"mainEntityOfPage\":{\"@id\":\"https:\\\/\\\/www.diocesisciudadrodrigo.org\\\/blog4\\\/el-obispo-presidira-la-misa-funeral-por-d-antonio-ceballos-este-martes-en-la-catedral\\\/\"},\"wordCount\":194,\"publisher\":{\"@id\":\"https:\\\/\\\/www.diocesisciudadrodrigo.org\\\/blog4\\\/#organization\"},\"image\":{\"@id\":\"https:\\\/\\\/www.diocesisciudadrodrigo.org\\\/blog4\\\/el-obispo-presidira-la-misa-funeral-por-d-antonio-ceballos-este-martes-en-la-catedral\\\/#primaryimage\"},\"thumbnailUrl\":\"https:\\\/\\\/www.diocesisciudadrodrigo.org\\\/blog4\\\/wp-content\\\/uploads\\\/2022\\\/09\\\/20220921_antonio_ceballos-scaled-2-e1663787927962.jpg\",\"articleSection\":[\"Noticias\"],\"inLanguage\":\"es\"},{\"@type\":\"WebPage\",\"@id\":\"https:\\\/\\\/www.diocesisciudadrodrigo.org\\\/blog4\\\/el-obispo-presidira-la-misa-funeral-por-d-antonio-ceballos-este-martes-en-la-catedral\\\/\",\"url\":\"https:\\\/\\\/www.diocesisciudadrodrigo.org\\\/blog4\\\/el-obispo-presidira-la-misa-funeral-por-d-antonio-ceballos-este-martes-en-la-catedral\\\/\",\"name\":\"El Obispo presidir\u00e1 la Misa funeral por D. Antonio Ceballos este martes en la Catedral - Di\u00f3cesis de Ciudad Rodrigo\",\"isPartOf\":{\"@id\":\"https:\\\/\\\/www.diocesisciudadrodrigo.org\\\/blog4\\\/#website\"},\"primaryImageOfPage\":{\"@id\":\"https:\\\/\\\/www.diocesisciudadrodrigo.org\\\/blog4\\\/el-obispo-presidira-la-misa-funeral-por-d-antonio-ceballos-este-martes-en-la-catedral\\\/#primaryimage\"},\"image\":{\"@id\":\"https:\\\/\\\/www.diocesisciudadrodrigo.org\\\/blog4\\\/el-obispo-presidira-la-misa-funeral-por-d-antonio-ceballos-este-martes-en-la-catedral\\\/#primaryimage\"},\"thumbnailUrl\":\"https:\\\/\\\/www.diocesisciudadrodrigo.org\\\/blog4\\\/wp-content\\\/uploads\\\/2022\\\/09\\\/20220921_antonio_ceballos-scaled-2-e1663787927962.jpg\",\"datePublished\":\"2022-09-23T08:29:39+00:00\",\"dateModified\":\"2022-09-23T08:38:43+00:00\",\"breadcrumb\":{\"@id\":\"https:\\\/\\\/www.diocesisciudadrodrigo.org\\\/blog4\\\/el-obispo-presidira-la-misa-funeral-por-d-antonio-ceballos-este-martes-en-la-catedral\\\/#breadcrumb\"},\"inLanguage\":\"es\",\"potentialAction\":[{\"@type\":\"ReadAction\",\"target\":[\"https:\\\/\\\/www.diocesisciudadrodrigo.org\\\/blog4\\\/el-obispo-presidira-la-misa-funeral-por-d-antonio-ceballos-este-martes-en-la-catedral\\\/\"]}]},{\"@type\":\"ImageObject\",\"inLanguage\":\"es\",\"@id\":\"https:\\\/\\\/www.diocesisciudadrodrigo.org\\\/blog4\\\/el-obispo-presidira-la-misa-funeral-por-d-antonio-ceballos-este-martes-en-la-catedral\\\/#primaryimage\",\"url\":\"https:\\\/\\\/www.diocesisciudadrodrigo.org\\\/blog4\\\/wp-content\\\/uploads\\\/2022\\\/09\\\/20220921_antonio_ceballos-scaled-2-e1663787927962.jpg\",\"contentUrl\":\"https:\\\/\\\/www.diocesisciudadrodrigo.org\\\/blog4\\\/wp-content\\\/uploads\\\/2022\\\/09\\\/20220921_antonio_ceballos-scaled-2-e1663787927962.jpg\",\"width\":1642,\"height\":1431},{\"@type\":\"BreadcrumbList\",\"@id\":\"https:\\\/\\\/www.diocesisciudadrodrigo.org\\\/blog4\\\/el-obispo-presidira-la-misa-funeral-por-d-antonio-ceballos-este-martes-en-la-catedral\\\/#breadcrumb\",\"itemListElement\":[{\"@type\":\"ListItem\",\"position\":1,\"name\":\"Portada\",\"item\":\"https:\\\/\\\/www.diocesisciudadrodrigo.org\\\/blog4\\\/\"},{\"@type\":\"ListItem\",\"position\":2,\"name\":\"El Obispo presidir\u00e1 la Misa funeral por D. Antonio Ceballos este martes en la Catedral\"}]},{\"@type\":\"WebSite\",\"@id\":\"https:\\\/\\\/www.diocesisciudadrodrigo.org\\\/blog4\\\/#website\",\"url\":\"https:\\\/\\\/www.diocesisciudadrodrigo.org\\\/blog4\\\/\",\"name\":\"Di\u00f3cesis de Ciudad Rodrigo\",\"description\":\"Sitio web oficial de la di\u00f3cesis civitatense\",\"publisher\":{\"@id\":\"https:\\\/\\\/www.diocesisciudadrodrigo.org\\\/blog4\\\/#organization\"},\"potentialAction\":[{\"@type\":\"SearchAction\",\"target\":{\"@type\":\"EntryPoint\",\"urlTemplate\":\"https:\\\/\\\/www.diocesisciudadrodrigo.org\\\/blog4\\\/?s={search_term_string}\"},\"query-input\":{\"@type\":\"PropertyValueSpecification\",\"valueRequired\":true,\"valueName\":\"search_term_string\"}}],\"inLanguage\":\"es\"},{\"@type\":\"Organization\",\"@id\":\"https:\\\/\\\/www.diocesisciudadrodrigo.org\\\/blog4\\\/#organization\",\"name\":\"Di\u00f3cesis de Ciudad Rodrigo\",\"url\":\"https:\\\/\\\/www.diocesisciudadrodrigo.org\\\/blog4\\\/\",\"logo\":{\"@type\":\"ImageObject\",\"inLanguage\":\"es\",\"@id\":\"https:\\\/\\\/www.diocesisciudadrodrigo.org\\\/blog4\\\/#\\\/schema\\\/logo\\\/image\\\/\",\"url\":\"https:\\\/\\\/www.diocesisciudadrodrigo.org\\\/blog4\\\/wp-content\\\/uploads\\\/2024\\\/12\\\/Diocesis.CMYK_-768x480-1.jpg\",\"contentUrl\":\"https:\\\/\\\/www.diocesisciudadrodrigo.org\\\/blog4\\\/wp-content\\\/uploads\\\/2024\\\/12\\\/Diocesis.CMYK_-768x480-1.jpg\",\"width\":768,\"height\":480,\"caption\":\"Di\u00f3cesis de Ciudad Rodrigo\"},\"image\":{\"@id\":\"https:\\\/\\\/www.diocesisciudadrodrigo.org\\\/blog4\\\/#\\\/schema\\\/logo\\\/image\\\/\"},\"sameAs\":[\"https:\\\/\\\/www.facebook.com\\\/people\\\/Dicesis-Ciudad-Rodrigo-MCS\\\/100076471923419\\\/#\"]},{\"@type\":\"Person\",\"@id\":\"https:\\\/\\\/www.diocesisciudadrodrigo.org\\\/blog4\\\/#\\\/schema\\\/person\\\/5fcf0ca636a75766ff70e6417b6ed052\",\"name\":\"medios CR\",\"image\":{\"@type\":\"ImageObject\",\"inLanguage\":\"es\",\"@id\":\"https:\\\/\\\/secure.gravatar.com\\\/avatar\\\/4a619fd0c7e36bd570f4e6e15eb09a2191185d0f63d8dbfdffe848af141ab87e?s=96&d=mm&r=g\",\"url\":\"https:\\\/\\\/secure.gravatar.com\\\/avatar\\\/4a619fd0c7e36bd570f4e6e15eb09a2191185d0f63d8dbfdffe848af141ab87e?s=96&d=mm&r=g\",\"contentUrl\":\"https:\\\/\\\/secure.gravatar.com\\\/avatar\\\/4a619fd0c7e36bd570f4e6e15eb09a2191185d0f63d8dbfdffe848af141ab87e?s=96&d=mm&r=g\",\"caption\":\"medios CR\"},\"url\":\"https:\\\/\\\/www.diocesisciudadrodrigo.org\\\/blog4\\\/author\\\/admin4\\\/\"}]}<\/script>\n<!-- \/ Yoast SEO plugin. -->","yoast_head_json":{"title":"El Obispo presidir\u00e1 la Misa funeral por D. Antonio Ceballos este martes en la Catedral - Di\u00f3cesis de Ciudad Rodrigo","robots":{"index":"index","follow":"follow","max-snippet":"max-snippet:-1","max-image-preview":"max-image-preview:large","max-video-preview":"max-video-preview:-1"},"canonical":"https:\/\/www.diocesisciudadrodrigo.org\/blog4\/el-obispo-presidira-la-misa-funeral-por-d-antonio-ceballos-este-martes-en-la-catedral\/","og_locale":"es_ES","og_type":"article","og_title":"El Obispo presidir\u00e1 la Misa funeral por D. Antonio Ceballos este martes en la Catedral - Di\u00f3cesis de Ciudad Rodrigo","og_description":"El Obispo de la Di\u00f3cesis de Ciudad Rodrigo, Mons. Jos\u00e9 Luis Retana, presidir\u00e1 la Misa Funeral por D. Antonio Ceballos, que se celebrar\u00e1 el martes, d\u00eda 27, a las 11:00 ... Leer m\u00e1s ...","og_url":"https:\/\/www.diocesisciudadrodrigo.org\/blog4\/el-obispo-presidira-la-misa-funeral-por-d-antonio-ceballos-este-martes-en-la-catedral\/","og_site_name":"Di\u00f3cesis de Ciudad Rodrigo","article_publisher":"https:\/\/www.facebook.com\/people\/Dicesis-Ciudad-Rodrigo-MCS\/100076471923419\/#","article_published_time":"2022-09-23T08:29:39+00:00","article_modified_time":"2022-09-23T08:38:43+00:00","og_image":[{"width":1642,"height":1431,"url":"https:\/\/www.diocesisciudadrodrigo.org\/blog4\/wp-content\/uploads\/2022\/09\/20220921_antonio_ceballos-scaled-2-e1663787927962.jpg","type":"image\/jpeg"}],"author":"medios CR","twitter_card":"summary_large_image","twitter_misc":{"Escrito por":"medios CR","Tiempo de lectura":"1 minuto"},"schema":{"@context":"https:\/\/schema.org","@graph":[{"@type":"Article","@id":"https:\/\/www.diocesisciudadrodrigo.org\/blog4\/el-obispo-presidira-la-misa-funeral-por-d-antonio-ceballos-este-martes-en-la-catedral\/#article","isPartOf":{"@id":"https:\/\/www.diocesisciudadrodrigo.org\/blog4\/el-obispo-presidira-la-misa-funeral-por-d-antonio-ceballos-este-martes-en-la-catedral\/"},"author":{"name":"medios CR","@id":"https:\/\/www.diocesisciudadrodrigo.org\/blog4\/#\/schema\/person\/5fcf0ca636a75766ff70e6417b6ed052"},"headline":"El Obispo presidir\u00e1 la Misa funeral por D. Antonio Ceballos este martes en la Catedral","datePublished":"2022-09-23T08:29:39+00:00","dateModified":"2022-09-23T08:38:43+00:00","mainEntityOfPage":{"@id":"https:\/\/www.diocesisciudadrodrigo.org\/blog4\/el-obispo-presidira-la-misa-funeral-por-d-antonio-ceballos-este-martes-en-la-catedral\/"},"wordCount":194,"publisher":{"@id":"https:\/\/www.diocesisciudadrodrigo.org\/blog4\/#organization"},"image":{"@id":"https:\/\/www.diocesisciudadrodrigo.org\/blog4\/el-obispo-presidira-la-misa-funeral-por-d-antonio-ceballos-este-martes-en-la-catedral\/#primaryimage"},"thumbnailUrl":"https:\/\/www.diocesisciudadrodrigo.org\/blog4\/wp-content\/uploads\/2022\/09\/20220921_antonio_ceballos-scaled-2-e1663787927962.jpg","articleSection":["Noticias"],"inLanguage":"es"},{"@type":"WebPage","@id":"https:\/\/www.diocesisciudadrodrigo.org\/blog4\/el-obispo-presidira-la-misa-funeral-por-d-antonio-ceballos-este-martes-en-la-catedral\/","url":"https:\/\/www.diocesisciudadrodrigo.org\/blog4\/el-obispo-presidira-la-misa-funeral-por-d-antonio-ceballos-este-martes-en-la-catedral\/","name":"El Obispo presidir\u00e1 la Misa funeral por D. Antonio Ceballos este martes en la Catedral - Di\u00f3cesis de Ciudad Rodrigo","isPartOf":{"@id":"https:\/\/www.diocesisciudadrodrigo.org\/blog4\/#website"},"primaryImageOfPage":{"@id":"https:\/\/www.diocesisciudadrodrigo.org\/blog4\/el-obispo-presidira-la-misa-funeral-por-d-antonio-ceballos-este-martes-en-la-catedral\/#primaryimage"},"image":{"@id":"https:\/\/www.diocesisciudadrodrigo.org\/blog4\/el-obispo-presidira-la-misa-funeral-por-d-antonio-ceballos-este-martes-en-la-catedral\/#primaryimage"},"thumbnailUrl":"https:\/\/www.diocesisciudadrodrigo.org\/blog4\/wp-content\/uploads\/2022\/09\/20220921_antonio_ceballos-scaled-2-e1663787927962.jpg","datePublished":"2022-09-23T08:29:39+00:00","dateModified":"2022-09-23T08:38:43+00:00","breadcrumb":{"@id":"https:\/\/www.diocesisciudadrodrigo.org\/blog4\/el-obispo-presidira-la-misa-funeral-por-d-antonio-ceballos-este-martes-en-la-catedral\/#breadcrumb"},"inLanguage":"es","potentialAction":[{"@type":"ReadAction","target":["https:\/\/www.diocesisciudadrodrigo.org\/blog4\/el-obispo-presidira-la-misa-funeral-por-d-antonio-ceballos-este-martes-en-la-catedral\/"]}]},{"@type":"ImageObject","inLanguage":"es","@id":"https:\/\/www.diocesisciudadrodrigo.org\/blog4\/el-obispo-presidira-la-misa-funeral-por-d-antonio-ceballos-este-martes-en-la-catedral\/#primaryimage","url":"https:\/\/www.diocesisciudadrodrigo.org\/blog4\/wp-content\/uploads\/2022\/09\/20220921_antonio_ceballos-scaled-2-e1663787927962.jpg","contentUrl":"https:\/\/www.diocesisciudadrodrigo.org\/blog4\/wp-content\/uploads\/2022\/09\/20220921_antonio_ceballos-scaled-2-e1663787927962.jpg","width":1642,"height":1431},{"@type":"BreadcrumbList","@id":"https:\/\/www.diocesisciudadrodrigo.org\/blog4\/el-obispo-presidira-la-misa-funeral-por-d-antonio-ceballos-este-martes-en-la-catedral\/#breadcrumb","itemListElement":[{"@type":"ListItem","position":1,"name":"Portada","item":"https:\/\/www.diocesisciudadrodrigo.org\/blog4\/"},{"@type":"ListItem","position":2,"name":"El Obispo presidir\u00e1 la Misa funeral por D. Antonio Ceballos este martes en la Catedral"}]},{"@type":"WebSite","@id":"https:\/\/www.diocesisciudadrodrigo.org\/blog4\/#website","url":"https:\/\/www.diocesisciudadrodrigo.org\/blog4\/","name":"Di\u00f3cesis de Ciudad Rodrigo","description":"Sitio web oficial de la di\u00f3cesis civitatense","publisher":{"@id":"https:\/\/www.diocesisciudadrodrigo.org\/blog4\/#organization"},"potentialAction":[{"@type":"SearchAction","target":{"@type":"EntryPoint","urlTemplate":"https:\/\/www.diocesisciudadrodrigo.org\/blog4\/?s={search_term_string}"},"query-input":{"@type":"PropertyValueSpecification","valueRequired":true,"valueName":"search_term_string"}}],"inLanguage":"es"},{"@type":"Organization","@id":"https:\/\/www.diocesisciudadrodrigo.org\/blog4\/#organization","name":"Di\u00f3cesis de Ciudad Rodrigo","url":"https:\/\/www.diocesisciudadrodrigo.org\/blog4\/","logo":{"@type":"ImageObject","inLanguage":"es","@id":"https:\/\/www.diocesisciudadrodrigo.org\/blog4\/#\/schema\/logo\/image\/","url":"https:\/\/www.diocesisciudadrodrigo.org\/blog4\/wp-content\/uploads\/2024\/12\/Diocesis.CMYK_-768x480-1.jpg","contentUrl":"https:\/\/www.diocesisciudadrodrigo.org\/blog4\/wp-content\/uploads\/2024\/12\/Diocesis.CMYK_-768x480-1.jpg","width":768,"height":480,"caption":"Di\u00f3cesis de Ciudad Rodrigo"},"image":{"@id":"https:\/\/www.diocesisciudadrodrigo.org\/blog4\/#\/schema\/logo\/image\/"},"sameAs":["https:\/\/www.facebook.com\/people\/Dicesis-Ciudad-Rodrigo-MCS\/100076471923419\/#"]},{"@type":"Person","@id":"https:\/\/www.diocesisciudadrodrigo.org\/blog4\/#\/schema\/person\/5fcf0ca636a75766ff70e6417b6ed052","name":"medios CR","image":{"@type":"ImageObject","inLanguage":"es","@id":"https:\/\/secure.gravatar.com\/avatar\/4a619fd0c7e36bd570f4e6e15eb09a2191185d0f63d8dbfdffe848af141ab87e?s=96&d=mm&r=g","url":"https:\/\/secure.gravatar.com\/avatar\/4a619fd0c7e36bd570f4e6e15eb09a2191185d0f63d8dbfdffe848af141ab87e?s=96&d=mm&r=g","contentUrl":"https:\/\/secure.gravatar.com\/avatar\/4a619fd0c7e36bd570f4e6e15eb09a2191185d0f63d8dbfdffe848af141ab87e?s=96&d=mm&r=g","caption":"medios CR"},"url":"https:\/\/www.diocesisciudadrodrigo.org\/blog4\/author\/admin4\/"}]}},"_links":{"self":[{"href":"https:\/\/www.diocesisciudadrodrigo.org\/blog4\/wp-json\/wp\/v2\/posts\/25470","targetHints":{"allow":["GET"]}}],"collection":[{"href":"https:\/\/www.diocesisciudadrodrigo.org\/blog4\/wp-json\/wp\/v2\/posts"}],"about":[{"href":"https:\/\/www.diocesisciudadrodrigo.org\/blog4\/wp-json\/wp\/v2\/types\/post"}],"author":[{"embeddable":true,"href":"https:\/\/www.diocesisciudadrodrigo.org\/blog4\/wp-json\/wp\/v2\/users\/1"}],"replies":[{"embeddable":true,"href":"https:\/\/www.diocesisciudadrodrigo.org\/blog4\/wp-json\/wp\/v2\/comments?post=25470"}],"version-history":[{"count":4,"href":"https:\/\/www.diocesisciudadrodrigo.org\/blog4\/wp-json\/wp\/v2\/posts\/25470\/revisions"}],"predecessor-version":[{"id":25474,"href":"https:\/\/www.diocesisciudadrodrigo.org\/blog4\/wp-json\/wp\/v2\/posts\/25470\/revisions\/25474"}],"wp:featuredmedia":[{"embeddable":true,"href":"https:\/\/www.diocesisciudadrodrigo.org\/blog4\/wp-json\/wp\/v2\/media\/25424"}],"wp:attachment":[{"href":"https:\/\/www.diocesisciudadrodrigo.org\/blog4\/wp-json\/wp\/v2\/media?parent=25470"}],"wp:term":[{"taxonomy":"category","embeddable":true,"href":"https:\/\/www.diocesisciudadrodrigo.org\/blog4\/wp-json\/wp\/v2\/categories?post=25470"},{"taxonomy":"post_tag","embeddable":true,"href":"https:\/\/www.diocesisciudadrodrigo.org\/blog4\/wp-json\/wp\/v2\/tags?post=25470"}],"curies":[{"name":"wp","href":"https:\/\/api.w.org\/{rel}","templated":true}]}}