{"id":25454,"date":"2022-09-22T14:36:10","date_gmt":"2022-09-22T12:36:10","guid":{"rendered":"https:\/\/www.diocesisciudadrodrigo.org\/blog4\/?p=25454"},"modified":"2022-09-22T14:47:47","modified_gmt":"2022-09-22T12:47:47","slug":"los-nuevos-parrocos-de-arganan-y-campo-charro-realizan-la-profesion-de-fe-y-el-juramento-de-fidelidad","status":"publish","type":"post","link":"https:\/\/www.diocesisciudadrodrigo.org\/blog4\/los-nuevos-parrocos-de-arganan-y-campo-charro-realizan-la-profesion-de-fe-y-el-juramento-de-fidelidad\/","title":{"rendered":"Los nuevos p\u00e1rrocos de Arga\u00f1\u00e1n y Campo Charro realizan la profesi\u00f3n de fe y el juramento de fidelidad"},"content":{"rendered":"\t\t<div data-elementor-type=\"wp-post\" data-elementor-id=\"25454\" class=\"elementor elementor-25454\" data-elementor-settings=\"[]\">\n\t\t\t\t\t\t<div class=\"elementor-inner\">\n\t\t\t\t\t\t\t<div class=\"elementor-section-wrap\">\n\t\t\t\t\t\t\t<section class=\"elementor-section elementor-top-section elementor-element elementor-element-787ffd6 elementor-section-boxed elementor-section-height-default elementor-section-height-default\" data-id=\"787ffd6\" data-element_type=\"section\">\n\t\t\t\t\t\t<div class=\"elementor-container elementor-column-gap-default\">\n\t\t\t\t\t\t\t<div class=\"elementor-row\">\n\t\t\t\t\t<div class=\"elementor-column elementor-col-100 elementor-top-column elementor-element elementor-element-3cc8aa2\" data-id=\"3cc8aa2\" data-element_type=\"column\">\n\t\t\t<div class=\"elementor-column-wrap elementor-element-populated\">\n\t\t\t\t\t\t\t<div class=\"elementor-widget-wrap\">\n\t\t\t\t\t\t<div class=\"elementor-element elementor-element-97443c5 elementor-widget elementor-widget-text-editor\" data-id=\"97443c5\" data-element_type=\"widget\" data-widget_type=\"text-editor.default\">\n\t\t\t\t<div class=\"elementor-widget-container\">\n\t\t\t\t\t\t\t\t<div class=\"elementor-text-editor elementor-clearfix\">\n\t\t\t\t<p>El Sal\u00f3n Obispo Mazarrasa del Palacio Episcopal ha acogido esta ma\u00f1ana de jueves, la profesi\u00f3n de fe y el juramento de fidelidad de los sacerdotes que inician su ministerio en los arciprestazgos de Campo Charro y Arga\u00f1\u00e1n, tras los nombramientos efectuados por Mons. Jos\u00e9 Luis Retana el pasado mes de julio.<\/p><p>As\u00ed, D. Gabriel \u00c1ngel Cid L\u00f3pez, asume desde este momento las parroquias de Mar\u00eda Auxiliadora y La Asunci\u00f3n de Fuentes de O\u00f1oro, Gallegos de Arga\u00f1\u00e1n, Espeja, Puebla de Azaba, La Alamedilla, Alberguer\u00eda, La Alameda de Gard\u00f3n, Castillejo de dos Casas y Villar de Arga\u00f1\u00e1n.<\/p><p>D. Juan Carlos Bernardos Garc\u00eda, asume Villar de la Yegua y Serranillo mientras que D. Vidal Rodr\u00edguez Encinas hace lo propio con Carpio de Azaba.<\/p><p>A este Arciprestazgo de Arga\u00f1\u00e1n tambi\u00e9n se incorpora D. Jos\u00e9 Mar\u00eda Rodr\u00edguez-Veleiro Rodr\u00edguez, que pasa a ser p\u00e1rroco de Ituero de Azaba, Campillo de Azaba y Castillejo de Azaba.<\/p><p>En el caso del Arciprestazgo Campo Charro, han realizado la profesi\u00f3n de fe y el juramento de fidelidad D. Jes\u00fas Guti\u00e9rrez Mart\u00edn, que se hace cargo de la parroquia de Retortillo. D. Anselmo Matilla Santos har\u00e1 lo propio con Boada y D. Rafael Ca\u00f1o Santos pasa a ser p\u00e1rroco de Sancti Spiritus-Paradinas, Mart\u00edn de Yeltes y Castraz.<\/p><p>En todos los casos, estas parroquias se suman a las previamente asignadas.<\/p><p>La profesi\u00f3n de fe se realiza cada vez que un sacerdote toma posesi\u00f3n de una nueva parroquia, al igual que el juramento de fidelidad, lo que supone cumplir su ministerio sirviendo a la Iglesia y el mandato del Obispo.<\/p><p>De manera m\u00e1s exacta, la posesi\u00f3n can\u00f3nica de este oficio pastoral, a tenor del canon 527, supone hacerse cargo de las parroquias asignadas con todos sus derechos y obligaciones.<\/p><p>De igual modo, ante el Sr. Arcipreste de cada uno de los arciprestazgos, se ha efectuado la entrega can\u00f3nica de los bienes pertenecientes a la parroquia y sus instituciones, conforme a lo dispuesto en el canon 1.283. Se han hecho cargo cada uno de ellos, de los libros parroquiales, libros de cuentas y fundaciones y otros documentos que se guarden en el archivo parroquial.<\/p>\t\t\t\t\t<\/div>\n\t\t\t\t\t\t<\/div>\n\t\t\t\t<\/div>\n\t\t\t\t\t\t<\/div>\n\t\t\t\t\t<\/div>\n\t\t<\/div>\n\t\t\t\t\t\t\t\t<\/div>\n\t\t\t\t\t<\/div>\n\t\t<\/section>\n\t\t\t\t<section class=\"elementor-section elementor-top-section elementor-element elementor-element-1360872 elementor-section-boxed elementor-section-height-default elementor-section-height-default\" data-id=\"1360872\" data-element_type=\"section\">\n\t\t\t\t\t\t<div class=\"elementor-container elementor-column-gap-default\">\n\t\t\t\t\t\t\t<div class=\"elementor-row\">\n\t\t\t\t\t<div class=\"elementor-column elementor-col-100 elementor-top-column elementor-element elementor-element-0794d0e\" data-id=\"0794d0e\" data-element_type=\"column\">\n\t\t\t<div class=\"elementor-column-wrap elementor-element-populated\">\n\t\t\t\t\t\t\t<div class=\"elementor-widget-wrap\">\n\t\t\t\t\t\t<div class=\"elementor-element elementor-element-3fb2b04 elementor-widget elementor-widget-image-gallery\" data-id=\"3fb2b04\" data-element_type=\"widget\" data-widget_type=\"image-gallery.default\">\n\t\t\t\t<div class=\"elementor-widget-container\">\n\t\t\t\t\t<div class=\"elementor-image-gallery\">\n\t\t\t<div id='gallery-1' class='gallery galleryid-25454 gallery-columns-3 gallery-size-medium'><figure class='gallery-item'>\n\t\t\t<div class='gallery-icon landscape'>\n\t\t\t\t<a  href='https:\/\/www.diocesisciudadrodrigo.org\/blog4\/wp-content\/uploads\/2022\/09\/thumbnail_IMG_7742-e1663850467270.jpg'><img loading=\"lazy\" decoding=\"async\" width=\"300\" height=\"215\" src=\"https:\/\/www.diocesisciudadrodrigo.org\/blog4\/wp-content\/uploads\/2022\/09\/thumbnail_IMG_7742-e1663850467270-300x215.jpg\" class=\"attachment-medium size-medium\" alt=\"\" srcset=\"https:\/\/www.diocesisciudadrodrigo.org\/blog4\/wp-content\/uploads\/2022\/09\/thumbnail_IMG_7742-e1663850467270-300x215.jpg 300w, https:\/\/www.diocesisciudadrodrigo.org\/blog4\/wp-content\/uploads\/2022\/09\/thumbnail_IMG_7742-e1663850467270-1024x733.jpg 1024w, https:\/\/www.diocesisciudadrodrigo.org\/blog4\/wp-content\/uploads\/2022\/09\/thumbnail_IMG_7742-e1663850467270-768x549.jpg 768w, https:\/\/www.diocesisciudadrodrigo.org\/blog4\/wp-content\/uploads\/2022\/09\/thumbnail_IMG_7742-e1663850467270-350x250.jpg 350w, https:\/\/www.diocesisciudadrodrigo.org\/blog4\/wp-content\/uploads\/2022\/09\/thumbnail_IMG_7742-e1663850467270.jpg 1068w\" sizes=\"auto, (max-width: 300px) 100vw, 300px\" \/><\/a>\n\t\t\t<\/div><\/figure><figure class='gallery-item'>\n\t\t\t<div class='gallery-icon portrait'>\n\t\t\t\t<a  href='https:\/\/www.diocesisciudadrodrigo.org\/blog4\/wp-content\/uploads\/2022\/09\/thumbnail_IMG_7745-e1663850496469.jpg'><img loading=\"lazy\" decoding=\"async\" width=\"290\" height=\"300\" src=\"https:\/\/www.diocesisciudadrodrigo.org\/blog4\/wp-content\/uploads\/2022\/09\/thumbnail_IMG_7745-e1663850496469-290x300.jpg\" class=\"attachment-medium size-medium\" alt=\"\" srcset=\"https:\/\/www.diocesisciudadrodrigo.org\/blog4\/wp-content\/uploads\/2022\/09\/thumbnail_IMG_7745-e1663850496469-290x300.jpg 290w, https:\/\/www.diocesisciudadrodrigo.org\/blog4\/wp-content\/uploads\/2022\/09\/thumbnail_IMG_7745-e1663850496469-768x794.jpg 768w, https:\/\/www.diocesisciudadrodrigo.org\/blog4\/wp-content\/uploads\/2022\/09\/thumbnail_IMG_7745-e1663850496469-350x362.jpg 350w, https:\/\/www.diocesisciudadrodrigo.org\/blog4\/wp-content\/uploads\/2022\/09\/thumbnail_IMG_7745-e1663850496469.jpg 870w\" sizes=\"auto, (max-width: 290px) 100vw, 290px\" \/><\/a>\n\t\t\t<\/div><\/figure><figure class='gallery-item'>\n\t\t\t<div class='gallery-icon landscape'>\n\t\t\t\t<a  href='https:\/\/www.diocesisciudadrodrigo.org\/blog4\/wp-content\/uploads\/2022\/09\/thumbnail_IMG_7746.jpg'><img loading=\"lazy\" decoding=\"async\" width=\"300\" height=\"225\" src=\"https:\/\/www.diocesisciudadrodrigo.org\/blog4\/wp-content\/uploads\/2022\/09\/thumbnail_IMG_7746-300x225.jpg\" class=\"attachment-medium size-medium\" alt=\"\" srcset=\"https:\/\/www.diocesisciudadrodrigo.org\/blog4\/wp-content\/uploads\/2022\/09\/thumbnail_IMG_7746-300x225.jpg 300w, https:\/\/www.diocesisciudadrodrigo.org\/blog4\/wp-content\/uploads\/2022\/09\/thumbnail_IMG_7746-1024x768.jpg 1024w, https:\/\/www.diocesisciudadrodrigo.org\/blog4\/wp-content\/uploads\/2022\/09\/thumbnail_IMG_7746-768x576.jpg 768w, https:\/\/www.diocesisciudadrodrigo.org\/blog4\/wp-content\/uploads\/2022\/09\/thumbnail_IMG_7746-350x263.jpg 350w, https:\/\/www.diocesisciudadrodrigo.org\/blog4\/wp-content\/uploads\/2022\/09\/thumbnail_IMG_7746.jpg 1280w\" sizes=\"auto, (max-width: 300px) 100vw, 300px\" \/><\/a>\n\t\t\t<\/div><\/figure>\n\t\t<\/div>\n\t\t<\/div>\n\t\t\t\t<\/div>\n\t\t\t\t<\/div>\n\t\t\t\t\t\t<\/div>\n\t\t\t\t\t<\/div>\n\t\t<\/div>\n\t\t\t\t\t\t\t\t<\/div>\n\t\t\t\t\t<\/div>\n\t\t<\/section>\n\t\t\t\t\t\t<\/div>\n\t\t\t\t\t\t<\/div>\n\t\t\t\t\t<\/div>\n\t\t","protected":false},"excerpt":{"rendered":"<p>El Sal\u00f3n Obispo Mazarrasa del Palacio Episcopal ha acogido esta ma\u00f1ana de jueves, la profesi\u00f3n de fe y el juramento de fidelidad de los sacerdotes que inician su ministerio en &#8230; <\/p>\n<p class=\"read-more-container\"><a title=\"Los nuevos p\u00e1rrocos de Arga\u00f1\u00e1n y Campo Charro realizan la profesi\u00f3n de fe y el juramento de fidelidad\" class=\"read-more button\" href=\"https:\/\/www.diocesisciudadrodrigo.org\/blog4\/los-nuevos-parrocos-de-arganan-y-campo-charro-realizan-la-profesion-de-fe-y-el-juramento-de-fidelidad\/#more-25454\" aria-label=\"M\u00e1s en Los nuevos p\u00e1rrocos de Arga\u00f1\u00e1n y Campo Charro realizan la profesi\u00f3n de fe y el juramento de fidelidad\">Leer m\u00e1s &#8230;<\/a><\/p>\n","protected":false},"author":1,"featured_media":25456,"comment_status":"closed","ping_status":"closed","sticky":false,"template":"","format":"standard","meta":{"footnotes":""},"categories":[6],"tags":[],"class_list":["post-25454","post","type-post","status-publish","format-standard","has-post-thumbnail","hentry","category-noticias","masonry-post","generate-columns","tablet-grid-50","mobile-grid-100","grid-parent","grid-50"],"yoast_head":"<!-- This site is optimized with the Yoast SEO plugin v27.3 - https:\/\/yoast.com\/product\/yoast-seo-wordpress\/ -->\n<title>Los nuevos p\u00e1rrocos de Arga\u00f1\u00e1n y Campo Charro realizan la profesi\u00f3n de fe y el juramento de fidelidad - Di\u00f3cesis de Ciudad Rodrigo<\/title>\n<meta name=\"robots\" content=\"index, follow, max-snippet:-1, max-image-preview:large, max-video-preview:-1\" \/>\n<link rel=\"canonical\" href=\"https:\/\/www.diocesisciudadrodrigo.org\/blog4\/los-nuevos-parrocos-de-arganan-y-campo-charro-realizan-la-profesion-de-fe-y-el-juramento-de-fidelidad\/\" \/>\n<meta property=\"og:locale\" content=\"es_ES\" \/>\n<meta property=\"og:type\" content=\"article\" \/>\n<meta property=\"og:title\" content=\"Los nuevos p\u00e1rrocos de Arga\u00f1\u00e1n y Campo Charro realizan la profesi\u00f3n de fe y el juramento de fidelidad - Di\u00f3cesis de Ciudad Rodrigo\" \/>\n<meta property=\"og:description\" content=\"El Sal\u00f3n Obispo Mazarrasa del Palacio Episcopal ha acogido esta ma\u00f1ana de jueves, la profesi\u00f3n de fe y el juramento de fidelidad de los sacerdotes que inician su ministerio en ... Leer m\u00e1s ...\" \/>\n<meta property=\"og:url\" content=\"https:\/\/www.diocesisciudadrodrigo.org\/blog4\/los-nuevos-parrocos-de-arganan-y-campo-charro-realizan-la-profesion-de-fe-y-el-juramento-de-fidelidad\/\" \/>\n<meta property=\"og:site_name\" content=\"Di\u00f3cesis de Ciudad Rodrigo\" \/>\n<meta property=\"article:publisher\" content=\"https:\/\/www.facebook.com\/people\/Dicesis-Ciudad-Rodrigo-MCS\/100076471923419\/#\" \/>\n<meta property=\"article:published_time\" content=\"2022-09-22T12:36:10+00:00\" \/>\n<meta property=\"article:modified_time\" content=\"2022-09-22T12:47:47+00:00\" \/>\n<meta property=\"og:image\" content=\"https:\/\/www.diocesisciudadrodrigo.org\/blog4\/wp-content\/uploads\/2022\/09\/thumbnail_IMG_7745-e1663850496469.jpg\" \/>\n\t<meta property=\"og:image:width\" content=\"870\" \/>\n\t<meta property=\"og:image:height\" content=\"899\" \/>\n\t<meta property=\"og:image:type\" content=\"image\/jpeg\" \/>\n<meta name=\"author\" content=\"medios CR\" \/>\n<meta name=\"twitter:card\" content=\"summary_large_image\" \/>\n<meta name=\"twitter:label1\" content=\"Escrito por\" \/>\n\t<meta name=\"twitter:data1\" content=\"medios CR\" \/>\n\t<meta name=\"twitter:label2\" content=\"Tiempo de lectura\" \/>\n\t<meta name=\"twitter:data2\" content=\"2 minutos\" \/>\n<script type=\"application\/ld+json\" class=\"yoast-schema-graph\">{\"@context\":\"https:\\\/\\\/schema.org\",\"@graph\":[{\"@type\":\"Article\",\"@id\":\"https:\\\/\\\/www.diocesisciudadrodrigo.org\\\/blog4\\\/los-nuevos-parrocos-de-arganan-y-campo-charro-realizan-la-profesion-de-fe-y-el-juramento-de-fidelidad\\\/#article\",\"isPartOf\":{\"@id\":\"https:\\\/\\\/www.diocesisciudadrodrigo.org\\\/blog4\\\/los-nuevos-parrocos-de-arganan-y-campo-charro-realizan-la-profesion-de-fe-y-el-juramento-de-fidelidad\\\/\"},\"author\":{\"name\":\"medios CR\",\"@id\":\"https:\\\/\\\/www.diocesisciudadrodrigo.org\\\/blog4\\\/#\\\/schema\\\/person\\\/5fcf0ca636a75766ff70e6417b6ed052\"},\"headline\":\"Los nuevos p\u00e1rrocos de Arga\u00f1\u00e1n y Campo Charro realizan la profesi\u00f3n de fe y el juramento de fidelidad\",\"datePublished\":\"2022-09-22T12:36:10+00:00\",\"dateModified\":\"2022-09-22T12:47:47+00:00\",\"mainEntityOfPage\":{\"@id\":\"https:\\\/\\\/www.diocesisciudadrodrigo.org\\\/blog4\\\/los-nuevos-parrocos-de-arganan-y-campo-charro-realizan-la-profesion-de-fe-y-el-juramento-de-fidelidad\\\/\"},\"wordCount\":402,\"publisher\":{\"@id\":\"https:\\\/\\\/www.diocesisciudadrodrigo.org\\\/blog4\\\/#organization\"},\"image\":{\"@id\":\"https:\\\/\\\/www.diocesisciudadrodrigo.org\\\/blog4\\\/los-nuevos-parrocos-de-arganan-y-campo-charro-realizan-la-profesion-de-fe-y-el-juramento-de-fidelidad\\\/#primaryimage\"},\"thumbnailUrl\":\"https:\\\/\\\/www.diocesisciudadrodrigo.org\\\/blog4\\\/wp-content\\\/uploads\\\/2022\\\/09\\\/thumbnail_IMG_7745-e1663850496469.jpg\",\"articleSection\":[\"Noticias\"],\"inLanguage\":\"es\"},{\"@type\":\"WebPage\",\"@id\":\"https:\\\/\\\/www.diocesisciudadrodrigo.org\\\/blog4\\\/los-nuevos-parrocos-de-arganan-y-campo-charro-realizan-la-profesion-de-fe-y-el-juramento-de-fidelidad\\\/\",\"url\":\"https:\\\/\\\/www.diocesisciudadrodrigo.org\\\/blog4\\\/los-nuevos-parrocos-de-arganan-y-campo-charro-realizan-la-profesion-de-fe-y-el-juramento-de-fidelidad\\\/\",\"name\":\"Los nuevos p\u00e1rrocos de Arga\u00f1\u00e1n y Campo Charro realizan la profesi\u00f3n de fe y el juramento de fidelidad - Di\u00f3cesis de Ciudad Rodrigo\",\"isPartOf\":{\"@id\":\"https:\\\/\\\/www.diocesisciudadrodrigo.org\\\/blog4\\\/#website\"},\"primaryImageOfPage\":{\"@id\":\"https:\\\/\\\/www.diocesisciudadrodrigo.org\\\/blog4\\\/los-nuevos-parrocos-de-arganan-y-campo-charro-realizan-la-profesion-de-fe-y-el-juramento-de-fidelidad\\\/#primaryimage\"},\"image\":{\"@id\":\"https:\\\/\\\/www.diocesisciudadrodrigo.org\\\/blog4\\\/los-nuevos-parrocos-de-arganan-y-campo-charro-realizan-la-profesion-de-fe-y-el-juramento-de-fidelidad\\\/#primaryimage\"},\"thumbnailUrl\":\"https:\\\/\\\/www.diocesisciudadrodrigo.org\\\/blog4\\\/wp-content\\\/uploads\\\/2022\\\/09\\\/thumbnail_IMG_7745-e1663850496469.jpg\",\"datePublished\":\"2022-09-22T12:36:10+00:00\",\"dateModified\":\"2022-09-22T12:47:47+00:00\",\"breadcrumb\":{\"@id\":\"https:\\\/\\\/www.diocesisciudadrodrigo.org\\\/blog4\\\/los-nuevos-parrocos-de-arganan-y-campo-charro-realizan-la-profesion-de-fe-y-el-juramento-de-fidelidad\\\/#breadcrumb\"},\"inLanguage\":\"es\",\"potentialAction\":[{\"@type\":\"ReadAction\",\"target\":[\"https:\\\/\\\/www.diocesisciudadrodrigo.org\\\/blog4\\\/los-nuevos-parrocos-de-arganan-y-campo-charro-realizan-la-profesion-de-fe-y-el-juramento-de-fidelidad\\\/\"]}]},{\"@type\":\"ImageObject\",\"inLanguage\":\"es\",\"@id\":\"https:\\\/\\\/www.diocesisciudadrodrigo.org\\\/blog4\\\/los-nuevos-parrocos-de-arganan-y-campo-charro-realizan-la-profesion-de-fe-y-el-juramento-de-fidelidad\\\/#primaryimage\",\"url\":\"https:\\\/\\\/www.diocesisciudadrodrigo.org\\\/blog4\\\/wp-content\\\/uploads\\\/2022\\\/09\\\/thumbnail_IMG_7745-e1663850496469.jpg\",\"contentUrl\":\"https:\\\/\\\/www.diocesisciudadrodrigo.org\\\/blog4\\\/wp-content\\\/uploads\\\/2022\\\/09\\\/thumbnail_IMG_7745-e1663850496469.jpg\",\"width\":870,\"height\":899},{\"@type\":\"BreadcrumbList\",\"@id\":\"https:\\\/\\\/www.diocesisciudadrodrigo.org\\\/blog4\\\/los-nuevos-parrocos-de-arganan-y-campo-charro-realizan-la-profesion-de-fe-y-el-juramento-de-fidelidad\\\/#breadcrumb\",\"itemListElement\":[{\"@type\":\"ListItem\",\"position\":1,\"name\":\"Portada\",\"item\":\"https:\\\/\\\/www.diocesisciudadrodrigo.org\\\/blog4\\\/\"},{\"@type\":\"ListItem\",\"position\":2,\"name\":\"Los nuevos p\u00e1rrocos de Arga\u00f1\u00e1n y Campo Charro realizan la profesi\u00f3n de fe y el juramento de fidelidad\"}]},{\"@type\":\"WebSite\",\"@id\":\"https:\\\/\\\/www.diocesisciudadrodrigo.org\\\/blog4\\\/#website\",\"url\":\"https:\\\/\\\/www.diocesisciudadrodrigo.org\\\/blog4\\\/\",\"name\":\"Di\u00f3cesis de Ciudad Rodrigo\",\"description\":\"Sitio web oficial de la di\u00f3cesis civitatense\",\"publisher\":{\"@id\":\"https:\\\/\\\/www.diocesisciudadrodrigo.org\\\/blog4\\\/#organization\"},\"potentialAction\":[{\"@type\":\"SearchAction\",\"target\":{\"@type\":\"EntryPoint\",\"urlTemplate\":\"https:\\\/\\\/www.diocesisciudadrodrigo.org\\\/blog4\\\/?s={search_term_string}\"},\"query-input\":{\"@type\":\"PropertyValueSpecification\",\"valueRequired\":true,\"valueName\":\"search_term_string\"}}],\"inLanguage\":\"es\"},{\"@type\":\"Organization\",\"@id\":\"https:\\\/\\\/www.diocesisciudadrodrigo.org\\\/blog4\\\/#organization\",\"name\":\"Di\u00f3cesis de Ciudad Rodrigo\",\"url\":\"https:\\\/\\\/www.diocesisciudadrodrigo.org\\\/blog4\\\/\",\"logo\":{\"@type\":\"ImageObject\",\"inLanguage\":\"es\",\"@id\":\"https:\\\/\\\/www.diocesisciudadrodrigo.org\\\/blog4\\\/#\\\/schema\\\/logo\\\/image\\\/\",\"url\":\"https:\\\/\\\/www.diocesisciudadrodrigo.org\\\/blog4\\\/wp-content\\\/uploads\\\/2024\\\/12\\\/Diocesis.CMYK_-768x480-1.jpg\",\"contentUrl\":\"https:\\\/\\\/www.diocesisciudadrodrigo.org\\\/blog4\\\/wp-content\\\/uploads\\\/2024\\\/12\\\/Diocesis.CMYK_-768x480-1.jpg\",\"width\":768,\"height\":480,\"caption\":\"Di\u00f3cesis de Ciudad Rodrigo\"},\"image\":{\"@id\":\"https:\\\/\\\/www.diocesisciudadrodrigo.org\\\/blog4\\\/#\\\/schema\\\/logo\\\/image\\\/\"},\"sameAs\":[\"https:\\\/\\\/www.facebook.com\\\/people\\\/Dicesis-Ciudad-Rodrigo-MCS\\\/100076471923419\\\/#\"]},{\"@type\":\"Person\",\"@id\":\"https:\\\/\\\/www.diocesisciudadrodrigo.org\\\/blog4\\\/#\\\/schema\\\/person\\\/5fcf0ca636a75766ff70e6417b6ed052\",\"name\":\"medios CR\",\"image\":{\"@type\":\"ImageObject\",\"inLanguage\":\"es\",\"@id\":\"https:\\\/\\\/secure.gravatar.com\\\/avatar\\\/4a619fd0c7e36bd570f4e6e15eb09a2191185d0f63d8dbfdffe848af141ab87e?s=96&d=mm&r=g\",\"url\":\"https:\\\/\\\/secure.gravatar.com\\\/avatar\\\/4a619fd0c7e36bd570f4e6e15eb09a2191185d0f63d8dbfdffe848af141ab87e?s=96&d=mm&r=g\",\"contentUrl\":\"https:\\\/\\\/secure.gravatar.com\\\/avatar\\\/4a619fd0c7e36bd570f4e6e15eb09a2191185d0f63d8dbfdffe848af141ab87e?s=96&d=mm&r=g\",\"caption\":\"medios CR\"},\"url\":\"https:\\\/\\\/www.diocesisciudadrodrigo.org\\\/blog4\\\/author\\\/admin4\\\/\"}]}<\/script>\n<!-- \/ Yoast SEO plugin. -->","yoast_head_json":{"title":"Los nuevos p\u00e1rrocos de Arga\u00f1\u00e1n y Campo Charro realizan la profesi\u00f3n de fe y el juramento de fidelidad - Di\u00f3cesis de Ciudad Rodrigo","robots":{"index":"index","follow":"follow","max-snippet":"max-snippet:-1","max-image-preview":"max-image-preview:large","max-video-preview":"max-video-preview:-1"},"canonical":"https:\/\/www.diocesisciudadrodrigo.org\/blog4\/los-nuevos-parrocos-de-arganan-y-campo-charro-realizan-la-profesion-de-fe-y-el-juramento-de-fidelidad\/","og_locale":"es_ES","og_type":"article","og_title":"Los nuevos p\u00e1rrocos de Arga\u00f1\u00e1n y Campo Charro realizan la profesi\u00f3n de fe y el juramento de fidelidad - Di\u00f3cesis de Ciudad Rodrigo","og_description":"El Sal\u00f3n Obispo Mazarrasa del Palacio Episcopal ha acogido esta ma\u00f1ana de jueves, la profesi\u00f3n de fe y el juramento de fidelidad de los sacerdotes que inician su ministerio en ... Leer m\u00e1s ...","og_url":"https:\/\/www.diocesisciudadrodrigo.org\/blog4\/los-nuevos-parrocos-de-arganan-y-campo-charro-realizan-la-profesion-de-fe-y-el-juramento-de-fidelidad\/","og_site_name":"Di\u00f3cesis de Ciudad Rodrigo","article_publisher":"https:\/\/www.facebook.com\/people\/Dicesis-Ciudad-Rodrigo-MCS\/100076471923419\/#","article_published_time":"2022-09-22T12:36:10+00:00","article_modified_time":"2022-09-22T12:47:47+00:00","og_image":[{"width":870,"height":899,"url":"https:\/\/www.diocesisciudadrodrigo.org\/blog4\/wp-content\/uploads\/2022\/09\/thumbnail_IMG_7745-e1663850496469.jpg","type":"image\/jpeg"}],"author":"medios CR","twitter_card":"summary_large_image","twitter_misc":{"Escrito por":"medios CR","Tiempo de lectura":"2 minutos"},"schema":{"@context":"https:\/\/schema.org","@graph":[{"@type":"Article","@id":"https:\/\/www.diocesisciudadrodrigo.org\/blog4\/los-nuevos-parrocos-de-arganan-y-campo-charro-realizan-la-profesion-de-fe-y-el-juramento-de-fidelidad\/#article","isPartOf":{"@id":"https:\/\/www.diocesisciudadrodrigo.org\/blog4\/los-nuevos-parrocos-de-arganan-y-campo-charro-realizan-la-profesion-de-fe-y-el-juramento-de-fidelidad\/"},"author":{"name":"medios CR","@id":"https:\/\/www.diocesisciudadrodrigo.org\/blog4\/#\/schema\/person\/5fcf0ca636a75766ff70e6417b6ed052"},"headline":"Los nuevos p\u00e1rrocos de Arga\u00f1\u00e1n y Campo Charro realizan la profesi\u00f3n de fe y el juramento de fidelidad","datePublished":"2022-09-22T12:36:10+00:00","dateModified":"2022-09-22T12:47:47+00:00","mainEntityOfPage":{"@id":"https:\/\/www.diocesisciudadrodrigo.org\/blog4\/los-nuevos-parrocos-de-arganan-y-campo-charro-realizan-la-profesion-de-fe-y-el-juramento-de-fidelidad\/"},"wordCount":402,"publisher":{"@id":"https:\/\/www.diocesisciudadrodrigo.org\/blog4\/#organization"},"image":{"@id":"https:\/\/www.diocesisciudadrodrigo.org\/blog4\/los-nuevos-parrocos-de-arganan-y-campo-charro-realizan-la-profesion-de-fe-y-el-juramento-de-fidelidad\/#primaryimage"},"thumbnailUrl":"https:\/\/www.diocesisciudadrodrigo.org\/blog4\/wp-content\/uploads\/2022\/09\/thumbnail_IMG_7745-e1663850496469.jpg","articleSection":["Noticias"],"inLanguage":"es"},{"@type":"WebPage","@id":"https:\/\/www.diocesisciudadrodrigo.org\/blog4\/los-nuevos-parrocos-de-arganan-y-campo-charro-realizan-la-profesion-de-fe-y-el-juramento-de-fidelidad\/","url":"https:\/\/www.diocesisciudadrodrigo.org\/blog4\/los-nuevos-parrocos-de-arganan-y-campo-charro-realizan-la-profesion-de-fe-y-el-juramento-de-fidelidad\/","name":"Los nuevos p\u00e1rrocos de Arga\u00f1\u00e1n y Campo Charro realizan la profesi\u00f3n de fe y el juramento de fidelidad - Di\u00f3cesis de Ciudad Rodrigo","isPartOf":{"@id":"https:\/\/www.diocesisciudadrodrigo.org\/blog4\/#website"},"primaryImageOfPage":{"@id":"https:\/\/www.diocesisciudadrodrigo.org\/blog4\/los-nuevos-parrocos-de-arganan-y-campo-charro-realizan-la-profesion-de-fe-y-el-juramento-de-fidelidad\/#primaryimage"},"image":{"@id":"https:\/\/www.diocesisciudadrodrigo.org\/blog4\/los-nuevos-parrocos-de-arganan-y-campo-charro-realizan-la-profesion-de-fe-y-el-juramento-de-fidelidad\/#primaryimage"},"thumbnailUrl":"https:\/\/www.diocesisciudadrodrigo.org\/blog4\/wp-content\/uploads\/2022\/09\/thumbnail_IMG_7745-e1663850496469.jpg","datePublished":"2022-09-22T12:36:10+00:00","dateModified":"2022-09-22T12:47:47+00:00","breadcrumb":{"@id":"https:\/\/www.diocesisciudadrodrigo.org\/blog4\/los-nuevos-parrocos-de-arganan-y-campo-charro-realizan-la-profesion-de-fe-y-el-juramento-de-fidelidad\/#breadcrumb"},"inLanguage":"es","potentialAction":[{"@type":"ReadAction","target":["https:\/\/www.diocesisciudadrodrigo.org\/blog4\/los-nuevos-parrocos-de-arganan-y-campo-charro-realizan-la-profesion-de-fe-y-el-juramento-de-fidelidad\/"]}]},{"@type":"ImageObject","inLanguage":"es","@id":"https:\/\/www.diocesisciudadrodrigo.org\/blog4\/los-nuevos-parrocos-de-arganan-y-campo-charro-realizan-la-profesion-de-fe-y-el-juramento-de-fidelidad\/#primaryimage","url":"https:\/\/www.diocesisciudadrodrigo.org\/blog4\/wp-content\/uploads\/2022\/09\/thumbnail_IMG_7745-e1663850496469.jpg","contentUrl":"https:\/\/www.diocesisciudadrodrigo.org\/blog4\/wp-content\/uploads\/2022\/09\/thumbnail_IMG_7745-e1663850496469.jpg","width":870,"height":899},{"@type":"BreadcrumbList","@id":"https:\/\/www.diocesisciudadrodrigo.org\/blog4\/los-nuevos-parrocos-de-arganan-y-campo-charro-realizan-la-profesion-de-fe-y-el-juramento-de-fidelidad\/#breadcrumb","itemListElement":[{"@type":"ListItem","position":1,"name":"Portada","item":"https:\/\/www.diocesisciudadrodrigo.org\/blog4\/"},{"@type":"ListItem","position":2,"name":"Los nuevos p\u00e1rrocos de Arga\u00f1\u00e1n y Campo Charro realizan la profesi\u00f3n de fe y el juramento de fidelidad"}]},{"@type":"WebSite","@id":"https:\/\/www.diocesisciudadrodrigo.org\/blog4\/#website","url":"https:\/\/www.diocesisciudadrodrigo.org\/blog4\/","name":"Di\u00f3cesis de Ciudad Rodrigo","description":"Sitio web oficial de la di\u00f3cesis civitatense","publisher":{"@id":"https:\/\/www.diocesisciudadrodrigo.org\/blog4\/#organization"},"potentialAction":[{"@type":"SearchAction","target":{"@type":"EntryPoint","urlTemplate":"https:\/\/www.diocesisciudadrodrigo.org\/blog4\/?s={search_term_string}"},"query-input":{"@type":"PropertyValueSpecification","valueRequired":true,"valueName":"search_term_string"}}],"inLanguage":"es"},{"@type":"Organization","@id":"https:\/\/www.diocesisciudadrodrigo.org\/blog4\/#organization","name":"Di\u00f3cesis de Ciudad Rodrigo","url":"https:\/\/www.diocesisciudadrodrigo.org\/blog4\/","logo":{"@type":"ImageObject","inLanguage":"es","@id":"https:\/\/www.diocesisciudadrodrigo.org\/blog4\/#\/schema\/logo\/image\/","url":"https:\/\/www.diocesisciudadrodrigo.org\/blog4\/wp-content\/uploads\/2024\/12\/Diocesis.CMYK_-768x480-1.jpg","contentUrl":"https:\/\/www.diocesisciudadrodrigo.org\/blog4\/wp-content\/uploads\/2024\/12\/Diocesis.CMYK_-768x480-1.jpg","width":768,"height":480,"caption":"Di\u00f3cesis de Ciudad Rodrigo"},"image":{"@id":"https:\/\/www.diocesisciudadrodrigo.org\/blog4\/#\/schema\/logo\/image\/"},"sameAs":["https:\/\/www.facebook.com\/people\/Dicesis-Ciudad-Rodrigo-MCS\/100076471923419\/#"]},{"@type":"Person","@id":"https:\/\/www.diocesisciudadrodrigo.org\/blog4\/#\/schema\/person\/5fcf0ca636a75766ff70e6417b6ed052","name":"medios CR","image":{"@type":"ImageObject","inLanguage":"es","@id":"https:\/\/secure.gravatar.com\/avatar\/4a619fd0c7e36bd570f4e6e15eb09a2191185d0f63d8dbfdffe848af141ab87e?s=96&d=mm&r=g","url":"https:\/\/secure.gravatar.com\/avatar\/4a619fd0c7e36bd570f4e6e15eb09a2191185d0f63d8dbfdffe848af141ab87e?s=96&d=mm&r=g","contentUrl":"https:\/\/secure.gravatar.com\/avatar\/4a619fd0c7e36bd570f4e6e15eb09a2191185d0f63d8dbfdffe848af141ab87e?s=96&d=mm&r=g","caption":"medios CR"},"url":"https:\/\/www.diocesisciudadrodrigo.org\/blog4\/author\/admin4\/"}]}},"_links":{"self":[{"href":"https:\/\/www.diocesisciudadrodrigo.org\/blog4\/wp-json\/wp\/v2\/posts\/25454","targetHints":{"allow":["GET"]}}],"collection":[{"href":"https:\/\/www.diocesisciudadrodrigo.org\/blog4\/wp-json\/wp\/v2\/posts"}],"about":[{"href":"https:\/\/www.diocesisciudadrodrigo.org\/blog4\/wp-json\/wp\/v2\/types\/post"}],"author":[{"embeddable":true,"href":"https:\/\/www.diocesisciudadrodrigo.org\/blog4\/wp-json\/wp\/v2\/users\/1"}],"replies":[{"embeddable":true,"href":"https:\/\/www.diocesisciudadrodrigo.org\/blog4\/wp-json\/wp\/v2\/comments?post=25454"}],"version-history":[{"count":12,"href":"https:\/\/www.diocesisciudadrodrigo.org\/blog4\/wp-json\/wp\/v2\/posts\/25454\/revisions"}],"predecessor-version":[{"id":25469,"href":"https:\/\/www.diocesisciudadrodrigo.org\/blog4\/wp-json\/wp\/v2\/posts\/25454\/revisions\/25469"}],"wp:featuredmedia":[{"embeddable":true,"href":"https:\/\/www.diocesisciudadrodrigo.org\/blog4\/wp-json\/wp\/v2\/media\/25456"}],"wp:attachment":[{"href":"https:\/\/www.diocesisciudadrodrigo.org\/blog4\/wp-json\/wp\/v2\/media?parent=25454"}],"wp:term":[{"taxonomy":"category","embeddable":true,"href":"https:\/\/www.diocesisciudadrodrigo.org\/blog4\/wp-json\/wp\/v2\/categories?post=25454"},{"taxonomy":"post_tag","embeddable":true,"href":"https:\/\/www.diocesisciudadrodrigo.org\/blog4\/wp-json\/wp\/v2\/tags?post=25454"}],"curies":[{"name":"wp","href":"https:\/\/api.w.org\/{rel}","templated":true}]}}