{"id":25418,"date":"2022-09-21T21:02:42","date_gmt":"2022-09-21T19:02:42","guid":{"rendered":"https:\/\/www.diocesisciudadrodrigo.org\/blog4\/?p=25418"},"modified":"2022-09-22T11:07:42","modified_gmt":"2022-09-22T09:07:42","slug":"fallece-d-antonio-ceballos-obispo-de-la-diocesis-de-ciudad-rodrigo-entre-1988-y-1994","status":"publish","type":"post","link":"https:\/\/www.diocesisciudadrodrigo.org\/blog4\/fallece-d-antonio-ceballos-obispo-de-la-diocesis-de-ciudad-rodrigo-entre-1988-y-1994\/","title":{"rendered":"Fallece D. Antonio Ceballos, Obispo de la Di\u00f3cesis de Ciudad Rodrigo entre 1988 y 1994"},"content":{"rendered":"\t\t<div data-elementor-type=\"wp-post\" data-elementor-id=\"25418\" class=\"elementor elementor-25418\" data-elementor-settings=\"[]\">\n\t\t\t\t\t\t<div class=\"elementor-inner\">\n\t\t\t\t\t\t\t<div class=\"elementor-section-wrap\">\n\t\t\t\t\t\t\t<section class=\"elementor-section elementor-top-section elementor-element elementor-element-1f6d2e4 elementor-section-boxed elementor-section-height-default elementor-section-height-default\" data-id=\"1f6d2e4\" data-element_type=\"section\">\n\t\t\t\t\t\t<div class=\"elementor-container elementor-column-gap-default\">\n\t\t\t\t\t\t\t<div class=\"elementor-row\">\n\t\t\t\t\t<div class=\"elementor-column elementor-col-100 elementor-top-column elementor-element elementor-element-1aaedfe\" data-id=\"1aaedfe\" data-element_type=\"column\">\n\t\t\t<div class=\"elementor-column-wrap elementor-element-populated\">\n\t\t\t\t\t\t\t<div class=\"elementor-widget-wrap\">\n\t\t\t\t\t\t<div class=\"elementor-element elementor-element-ce166fc elementor-widget elementor-widget-text-editor\" data-id=\"ce166fc\" data-element_type=\"widget\" data-widget_type=\"text-editor.default\">\n\t\t\t\t<div class=\"elementor-widget-container\">\n\t\t\t\t\t\t\t\t<div class=\"elementor-text-editor elementor-clearfix\">\n\t\t\t\t<p>La Di\u00f3cesis de C\u00e1diz y Ceuta ha comunicado el fallecimiento, a los 87 a\u00f1os de edad, de su Obispo Em\u00e9rito, Mons. Antonio Ceballos Atienza, que ha tenido lugar a las 18:30h de la tarde de hoy en Ja\u00e9n, donde resid\u00eda.<\/p><p>Mons. Ceballos fue Obispo de la Di\u00f3cesis de Ciudad Rodrigo entre los a\u00f1os 1988 y 1994, y a pesar del paso del tiempo ha tenido siempre presente a la di\u00f3cesis civitatense.\u00a0<\/p><p>Hace exactamente un a\u00f1o, entreg\u00f3 al Museo Diocesano y Catedralicio de la Catedral de Santa Mar\u00eda de Ciudad Rodrigo, el anillo de su consagraci\u00f3n episcopal,\u00a0 adem\u00e1s de una casulla y una mitra de su propiedad. Unos objetos que como se reconoci\u00f3 en su momento, ten\u00edan un gran valor sentimental para el prelado.\u00a0<\/p><p>Mons. Antonio Ceballos recibi\u00f3 la ordenaci\u00f3n episcopal en la Catedral civitatense el 25 de marzo de 1988 y estuvo al frente de la di\u00f3cesis hasta el 10 de diciembre de 1993, en que fue nombrado Obispo de C\u00e1diz y Ceuta. Tom\u00f3 posesi\u00f3n de esta di\u00f3cesis el 29 de enero de 1994, donde permaneci\u00f3 como obispo hasta el 30 de agosto de 2011, fecha en que fue aceptada su renuncia por edad en conformidad con el canon 401\/1 del C\u00f3digo de Derecho Can\u00f3nico, convirti\u00e9ndose en em\u00e9rito y retir\u00e1ndose a descansar en la residencia de las Hermanitas de los Pobres de Ja\u00e9n.<br \/>El anillo episcopal que recibi\u00f3 en la ordenaci\u00f3n fue regalo de todo el presbiterio diocesano. Es un anillo de oro realizado por el artesano mirobrigense Miguel \u2018el Joyero\u2019, con la inscripci\u00f3n \u2018in omnibus caritas\u2019, lema de su episcopado y con la fecha de su consagraci\u00f3n episcopal.<\/p><p>Este jueves, 22 de septiembre, se celebrar\u00e1 un funeral por su eterno descanso en la Catedral de Ja\u00e9n, a las 11:00 horas. La Misa de entierro ser\u00e1 en la Catedral de C\u00e1diz, el viernes 23, a las 12:00 horas.<\/p><p>En el caso de la Di\u00f3cesis de Ciudad Rodrigo tambi\u00e9n se celebrar\u00e1 la Misa Funeral el martes, d\u00eda 27, a las 11:00 horas en la Catedral presidida por Mons. Retana.<\/p>\t\t\t\t\t<\/div>\n\t\t\t\t\t\t<\/div>\n\t\t\t\t<\/div>\n\t\t\t\t\t\t<\/div>\n\t\t\t\t\t<\/div>\n\t\t<\/div>\n\t\t\t\t\t\t\t\t<\/div>\n\t\t\t\t\t<\/div>\n\t\t<\/section>\n\t\t\t\t<section class=\"elementor-section elementor-top-section elementor-element elementor-element-5dea543 elementor-section-boxed elementor-section-height-default elementor-section-height-default\" data-id=\"5dea543\" data-element_type=\"section\">\n\t\t\t\t\t\t<div class=\"elementor-container elementor-column-gap-default\">\n\t\t\t\t\t\t\t<div class=\"elementor-row\">\n\t\t\t\t\t<div class=\"elementor-column elementor-col-100 elementor-top-column elementor-element elementor-element-368b2be\" data-id=\"368b2be\" data-element_type=\"column\">\n\t\t\t<div class=\"elementor-column-wrap elementor-element-populated\">\n\t\t\t\t\t\t\t<div class=\"elementor-widget-wrap\">\n\t\t\t\t\t\t<div class=\"elementor-element elementor-element-4e8db84 elementor-widget elementor-widget-image\" data-id=\"4e8db84\" data-element_type=\"widget\" data-widget_type=\"image.default\">\n\t\t\t\t<div class=\"elementor-widget-container\">\n\t\t\t\t\t\t\t\t<div class=\"elementor-image\">\n\t\t\t\t\t\t\t\t\t\t\t\t<img loading=\"lazy\" decoding=\"async\" width=\"1024\" height=\"892\" src=\"https:\/\/www.diocesisciudadrodrigo.org\/blog4\/wp-content\/uploads\/2022\/09\/20220921_antonio_ceballos-scaled-2-e1663787927962-1024x892.jpg\" class=\"attachment-large size-large\" alt=\"\" srcset=\"https:\/\/www.diocesisciudadrodrigo.org\/blog4\/wp-content\/uploads\/2022\/09\/20220921_antonio_ceballos-scaled-2-e1663787927962-1024x892.jpg 1024w, https:\/\/www.diocesisciudadrodrigo.org\/blog4\/wp-content\/uploads\/2022\/09\/20220921_antonio_ceballos-scaled-2-e1663787927962-300x261.jpg 300w, https:\/\/www.diocesisciudadrodrigo.org\/blog4\/wp-content\/uploads\/2022\/09\/20220921_antonio_ceballos-scaled-2-e1663787927962-768x669.jpg 768w, https:\/\/www.diocesisciudadrodrigo.org\/blog4\/wp-content\/uploads\/2022\/09\/20220921_antonio_ceballos-scaled-2-e1663787927962-1536x1339.jpg 1536w, https:\/\/www.diocesisciudadrodrigo.org\/blog4\/wp-content\/uploads\/2022\/09\/20220921_antonio_ceballos-scaled-2-e1663787927962-350x305.jpg 350w, https:\/\/www.diocesisciudadrodrigo.org\/blog4\/wp-content\/uploads\/2022\/09\/20220921_antonio_ceballos-scaled-2-e1663787927962.jpg 1642w\" sizes=\"auto, (max-width: 1024px) 100vw, 1024px\" \/>\t\t\t\t\t\t\t\t\t\t\t\t\t\t<\/div>\n\t\t\t\t\t\t<\/div>\n\t\t\t\t<\/div>\n\t\t\t\t\t\t<\/div>\n\t\t\t\t\t<\/div>\n\t\t<\/div>\n\t\t\t\t\t\t\t\t<\/div>\n\t\t\t\t\t<\/div>\n\t\t<\/section>\n\t\t\t\t\t\t<\/div>\n\t\t\t\t\t\t<\/div>\n\t\t\t\t\t<\/div>\n\t\t","protected":false},"excerpt":{"rendered":"<p>La Di\u00f3cesis de C\u00e1diz y Ceuta ha comunicado el fallecimiento, a los 87 a\u00f1os de edad, de su Obispo Em\u00e9rito, Mons. Antonio Ceballos Atienza, que ha tenido lugar a las &#8230; <\/p>\n<p class=\"read-more-container\"><a title=\"Fallece D. Antonio Ceballos, Obispo de la Di\u00f3cesis de Ciudad Rodrigo entre 1988 y 1994\" class=\"read-more button\" href=\"https:\/\/www.diocesisciudadrodrigo.org\/blog4\/fallece-d-antonio-ceballos-obispo-de-la-diocesis-de-ciudad-rodrigo-entre-1988-y-1994\/#more-25418\" aria-label=\"M\u00e1s en Fallece D. Antonio Ceballos, Obispo de la Di\u00f3cesis de Ciudad Rodrigo entre 1988 y 1994\">Leer m\u00e1s &#8230;<\/a><\/p>\n","protected":false},"author":1,"featured_media":25424,"comment_status":"closed","ping_status":"closed","sticky":false,"template":"","format":"standard","meta":{"footnotes":""},"categories":[6],"tags":[],"class_list":["post-25418","post","type-post","status-publish","format-standard","has-post-thumbnail","hentry","category-noticias","masonry-post","generate-columns","tablet-grid-50","mobile-grid-100","grid-parent","grid-50"],"yoast_head":"<!-- This site is optimized with the Yoast SEO plugin v27.3 - https:\/\/yoast.com\/product\/yoast-seo-wordpress\/ -->\n<title>Fallece D. Antonio Ceballos, Obispo de la Di\u00f3cesis de Ciudad Rodrigo entre 1988 y 1994 - Di\u00f3cesis de Ciudad Rodrigo<\/title>\n<meta name=\"robots\" content=\"index, follow, max-snippet:-1, max-image-preview:large, max-video-preview:-1\" \/>\n<link rel=\"canonical\" href=\"https:\/\/www.diocesisciudadrodrigo.org\/blog4\/fallece-d-antonio-ceballos-obispo-de-la-diocesis-de-ciudad-rodrigo-entre-1988-y-1994\/\" \/>\n<meta property=\"og:locale\" content=\"es_ES\" \/>\n<meta property=\"og:type\" content=\"article\" \/>\n<meta property=\"og:title\" content=\"Fallece D. Antonio Ceballos, Obispo de la Di\u00f3cesis de Ciudad Rodrigo entre 1988 y 1994 - Di\u00f3cesis de Ciudad Rodrigo\" \/>\n<meta property=\"og:description\" content=\"La Di\u00f3cesis de C\u00e1diz y Ceuta ha comunicado el fallecimiento, a los 87 a\u00f1os de edad, de su Obispo Em\u00e9rito, Mons. Antonio Ceballos Atienza, que ha tenido lugar a las ... Leer m\u00e1s ...\" \/>\n<meta property=\"og:url\" content=\"https:\/\/www.diocesisciudadrodrigo.org\/blog4\/fallece-d-antonio-ceballos-obispo-de-la-diocesis-de-ciudad-rodrigo-entre-1988-y-1994\/\" \/>\n<meta property=\"og:site_name\" content=\"Di\u00f3cesis de Ciudad Rodrigo\" \/>\n<meta property=\"article:publisher\" content=\"https:\/\/www.facebook.com\/people\/Dicesis-Ciudad-Rodrigo-MCS\/100076471923419\/#\" \/>\n<meta property=\"article:published_time\" content=\"2022-09-21T19:02:42+00:00\" \/>\n<meta property=\"article:modified_time\" content=\"2022-09-22T09:07:42+00:00\" \/>\n<meta property=\"og:image\" content=\"https:\/\/www.diocesisciudadrodrigo.org\/blog4\/wp-content\/uploads\/2022\/09\/20220921_antonio_ceballos-scaled-2-e1663787927962.jpg\" \/>\n\t<meta property=\"og:image:width\" content=\"1642\" \/>\n\t<meta property=\"og:image:height\" content=\"1431\" \/>\n\t<meta property=\"og:image:type\" content=\"image\/jpeg\" \/>\n<meta name=\"author\" content=\"medios CR\" \/>\n<meta name=\"twitter:card\" content=\"summary_large_image\" \/>\n<meta name=\"twitter:label1\" content=\"Escrito por\" \/>\n\t<meta name=\"twitter:data1\" content=\"medios CR\" \/>\n\t<meta name=\"twitter:label2\" content=\"Tiempo de lectura\" \/>\n\t<meta name=\"twitter:data2\" content=\"2 minutos\" \/>\n<script type=\"application\/ld+json\" class=\"yoast-schema-graph\">{\"@context\":\"https:\\\/\\\/schema.org\",\"@graph\":[{\"@type\":\"Article\",\"@id\":\"https:\\\/\\\/www.diocesisciudadrodrigo.org\\\/blog4\\\/fallece-d-antonio-ceballos-obispo-de-la-diocesis-de-ciudad-rodrigo-entre-1988-y-1994\\\/#article\",\"isPartOf\":{\"@id\":\"https:\\\/\\\/www.diocesisciudadrodrigo.org\\\/blog4\\\/fallece-d-antonio-ceballos-obispo-de-la-diocesis-de-ciudad-rodrigo-entre-1988-y-1994\\\/\"},\"author\":{\"name\":\"medios CR\",\"@id\":\"https:\\\/\\\/www.diocesisciudadrodrigo.org\\\/blog4\\\/#\\\/schema\\\/person\\\/5fcf0ca636a75766ff70e6417b6ed052\"},\"headline\":\"Fallece D. Antonio Ceballos, Obispo de la Di\u00f3cesis de Ciudad Rodrigo entre 1988 y 1994\",\"datePublished\":\"2022-09-21T19:02:42+00:00\",\"dateModified\":\"2022-09-22T09:07:42+00:00\",\"mainEntityOfPage\":{\"@id\":\"https:\\\/\\\/www.diocesisciudadrodrigo.org\\\/blog4\\\/fallece-d-antonio-ceballos-obispo-de-la-diocesis-de-ciudad-rodrigo-entre-1988-y-1994\\\/\"},\"wordCount\":367,\"publisher\":{\"@id\":\"https:\\\/\\\/www.diocesisciudadrodrigo.org\\\/blog4\\\/#organization\"},\"image\":{\"@id\":\"https:\\\/\\\/www.diocesisciudadrodrigo.org\\\/blog4\\\/fallece-d-antonio-ceballos-obispo-de-la-diocesis-de-ciudad-rodrigo-entre-1988-y-1994\\\/#primaryimage\"},\"thumbnailUrl\":\"https:\\\/\\\/www.diocesisciudadrodrigo.org\\\/blog4\\\/wp-content\\\/uploads\\\/2022\\\/09\\\/20220921_antonio_ceballos-scaled-2-e1663787927962.jpg\",\"articleSection\":[\"Noticias\"],\"inLanguage\":\"es\"},{\"@type\":\"WebPage\",\"@id\":\"https:\\\/\\\/www.diocesisciudadrodrigo.org\\\/blog4\\\/fallece-d-antonio-ceballos-obispo-de-la-diocesis-de-ciudad-rodrigo-entre-1988-y-1994\\\/\",\"url\":\"https:\\\/\\\/www.diocesisciudadrodrigo.org\\\/blog4\\\/fallece-d-antonio-ceballos-obispo-de-la-diocesis-de-ciudad-rodrigo-entre-1988-y-1994\\\/\",\"name\":\"Fallece D. Antonio Ceballos, Obispo de la Di\u00f3cesis de Ciudad Rodrigo entre 1988 y 1994 - Di\u00f3cesis de Ciudad Rodrigo\",\"isPartOf\":{\"@id\":\"https:\\\/\\\/www.diocesisciudadrodrigo.org\\\/blog4\\\/#website\"},\"primaryImageOfPage\":{\"@id\":\"https:\\\/\\\/www.diocesisciudadrodrigo.org\\\/blog4\\\/fallece-d-antonio-ceballos-obispo-de-la-diocesis-de-ciudad-rodrigo-entre-1988-y-1994\\\/#primaryimage\"},\"image\":{\"@id\":\"https:\\\/\\\/www.diocesisciudadrodrigo.org\\\/blog4\\\/fallece-d-antonio-ceballos-obispo-de-la-diocesis-de-ciudad-rodrigo-entre-1988-y-1994\\\/#primaryimage\"},\"thumbnailUrl\":\"https:\\\/\\\/www.diocesisciudadrodrigo.org\\\/blog4\\\/wp-content\\\/uploads\\\/2022\\\/09\\\/20220921_antonio_ceballos-scaled-2-e1663787927962.jpg\",\"datePublished\":\"2022-09-21T19:02:42+00:00\",\"dateModified\":\"2022-09-22T09:07:42+00:00\",\"breadcrumb\":{\"@id\":\"https:\\\/\\\/www.diocesisciudadrodrigo.org\\\/blog4\\\/fallece-d-antonio-ceballos-obispo-de-la-diocesis-de-ciudad-rodrigo-entre-1988-y-1994\\\/#breadcrumb\"},\"inLanguage\":\"es\",\"potentialAction\":[{\"@type\":\"ReadAction\",\"target\":[\"https:\\\/\\\/www.diocesisciudadrodrigo.org\\\/blog4\\\/fallece-d-antonio-ceballos-obispo-de-la-diocesis-de-ciudad-rodrigo-entre-1988-y-1994\\\/\"]}]},{\"@type\":\"ImageObject\",\"inLanguage\":\"es\",\"@id\":\"https:\\\/\\\/www.diocesisciudadrodrigo.org\\\/blog4\\\/fallece-d-antonio-ceballos-obispo-de-la-diocesis-de-ciudad-rodrigo-entre-1988-y-1994\\\/#primaryimage\",\"url\":\"https:\\\/\\\/www.diocesisciudadrodrigo.org\\\/blog4\\\/wp-content\\\/uploads\\\/2022\\\/09\\\/20220921_antonio_ceballos-scaled-2-e1663787927962.jpg\",\"contentUrl\":\"https:\\\/\\\/www.diocesisciudadrodrigo.org\\\/blog4\\\/wp-content\\\/uploads\\\/2022\\\/09\\\/20220921_antonio_ceballos-scaled-2-e1663787927962.jpg\",\"width\":1642,\"height\":1431},{\"@type\":\"BreadcrumbList\",\"@id\":\"https:\\\/\\\/www.diocesisciudadrodrigo.org\\\/blog4\\\/fallece-d-antonio-ceballos-obispo-de-la-diocesis-de-ciudad-rodrigo-entre-1988-y-1994\\\/#breadcrumb\",\"itemListElement\":[{\"@type\":\"ListItem\",\"position\":1,\"name\":\"Portada\",\"item\":\"https:\\\/\\\/www.diocesisciudadrodrigo.org\\\/blog4\\\/\"},{\"@type\":\"ListItem\",\"position\":2,\"name\":\"Fallece D. Antonio Ceballos, Obispo de la Di\u00f3cesis de Ciudad Rodrigo entre 1988 y 1994\"}]},{\"@type\":\"WebSite\",\"@id\":\"https:\\\/\\\/www.diocesisciudadrodrigo.org\\\/blog4\\\/#website\",\"url\":\"https:\\\/\\\/www.diocesisciudadrodrigo.org\\\/blog4\\\/\",\"name\":\"Di\u00f3cesis de Ciudad Rodrigo\",\"description\":\"Sitio web oficial de la di\u00f3cesis civitatense\",\"publisher\":{\"@id\":\"https:\\\/\\\/www.diocesisciudadrodrigo.org\\\/blog4\\\/#organization\"},\"potentialAction\":[{\"@type\":\"SearchAction\",\"target\":{\"@type\":\"EntryPoint\",\"urlTemplate\":\"https:\\\/\\\/www.diocesisciudadrodrigo.org\\\/blog4\\\/?s={search_term_string}\"},\"query-input\":{\"@type\":\"PropertyValueSpecification\",\"valueRequired\":true,\"valueName\":\"search_term_string\"}}],\"inLanguage\":\"es\"},{\"@type\":\"Organization\",\"@id\":\"https:\\\/\\\/www.diocesisciudadrodrigo.org\\\/blog4\\\/#organization\",\"name\":\"Di\u00f3cesis de Ciudad Rodrigo\",\"url\":\"https:\\\/\\\/www.diocesisciudadrodrigo.org\\\/blog4\\\/\",\"logo\":{\"@type\":\"ImageObject\",\"inLanguage\":\"es\",\"@id\":\"https:\\\/\\\/www.diocesisciudadrodrigo.org\\\/blog4\\\/#\\\/schema\\\/logo\\\/image\\\/\",\"url\":\"https:\\\/\\\/www.diocesisciudadrodrigo.org\\\/blog4\\\/wp-content\\\/uploads\\\/2024\\\/12\\\/Diocesis.CMYK_-768x480-1.jpg\",\"contentUrl\":\"https:\\\/\\\/www.diocesisciudadrodrigo.org\\\/blog4\\\/wp-content\\\/uploads\\\/2024\\\/12\\\/Diocesis.CMYK_-768x480-1.jpg\",\"width\":768,\"height\":480,\"caption\":\"Di\u00f3cesis de Ciudad Rodrigo\"},\"image\":{\"@id\":\"https:\\\/\\\/www.diocesisciudadrodrigo.org\\\/blog4\\\/#\\\/schema\\\/logo\\\/image\\\/\"},\"sameAs\":[\"https:\\\/\\\/www.facebook.com\\\/people\\\/Dicesis-Ciudad-Rodrigo-MCS\\\/100076471923419\\\/#\"]},{\"@type\":\"Person\",\"@id\":\"https:\\\/\\\/www.diocesisciudadrodrigo.org\\\/blog4\\\/#\\\/schema\\\/person\\\/5fcf0ca636a75766ff70e6417b6ed052\",\"name\":\"medios CR\",\"image\":{\"@type\":\"ImageObject\",\"inLanguage\":\"es\",\"@id\":\"https:\\\/\\\/secure.gravatar.com\\\/avatar\\\/4a619fd0c7e36bd570f4e6e15eb09a2191185d0f63d8dbfdffe848af141ab87e?s=96&d=mm&r=g\",\"url\":\"https:\\\/\\\/secure.gravatar.com\\\/avatar\\\/4a619fd0c7e36bd570f4e6e15eb09a2191185d0f63d8dbfdffe848af141ab87e?s=96&d=mm&r=g\",\"contentUrl\":\"https:\\\/\\\/secure.gravatar.com\\\/avatar\\\/4a619fd0c7e36bd570f4e6e15eb09a2191185d0f63d8dbfdffe848af141ab87e?s=96&d=mm&r=g\",\"caption\":\"medios CR\"},\"url\":\"https:\\\/\\\/www.diocesisciudadrodrigo.org\\\/blog4\\\/author\\\/admin4\\\/\"}]}<\/script>\n<!-- \/ Yoast SEO plugin. -->","yoast_head_json":{"title":"Fallece D. Antonio Ceballos, Obispo de la Di\u00f3cesis de Ciudad Rodrigo entre 1988 y 1994 - Di\u00f3cesis de Ciudad Rodrigo","robots":{"index":"index","follow":"follow","max-snippet":"max-snippet:-1","max-image-preview":"max-image-preview:large","max-video-preview":"max-video-preview:-1"},"canonical":"https:\/\/www.diocesisciudadrodrigo.org\/blog4\/fallece-d-antonio-ceballos-obispo-de-la-diocesis-de-ciudad-rodrigo-entre-1988-y-1994\/","og_locale":"es_ES","og_type":"article","og_title":"Fallece D. Antonio Ceballos, Obispo de la Di\u00f3cesis de Ciudad Rodrigo entre 1988 y 1994 - Di\u00f3cesis de Ciudad Rodrigo","og_description":"La Di\u00f3cesis de C\u00e1diz y Ceuta ha comunicado el fallecimiento, a los 87 a\u00f1os de edad, de su Obispo Em\u00e9rito, Mons. Antonio Ceballos Atienza, que ha tenido lugar a las ... Leer m\u00e1s ...","og_url":"https:\/\/www.diocesisciudadrodrigo.org\/blog4\/fallece-d-antonio-ceballos-obispo-de-la-diocesis-de-ciudad-rodrigo-entre-1988-y-1994\/","og_site_name":"Di\u00f3cesis de Ciudad Rodrigo","article_publisher":"https:\/\/www.facebook.com\/people\/Dicesis-Ciudad-Rodrigo-MCS\/100076471923419\/#","article_published_time":"2022-09-21T19:02:42+00:00","article_modified_time":"2022-09-22T09:07:42+00:00","og_image":[{"width":1642,"height":1431,"url":"https:\/\/www.diocesisciudadrodrigo.org\/blog4\/wp-content\/uploads\/2022\/09\/20220921_antonio_ceballos-scaled-2-e1663787927962.jpg","type":"image\/jpeg"}],"author":"medios CR","twitter_card":"summary_large_image","twitter_misc":{"Escrito por":"medios CR","Tiempo de lectura":"2 minutos"},"schema":{"@context":"https:\/\/schema.org","@graph":[{"@type":"Article","@id":"https:\/\/www.diocesisciudadrodrigo.org\/blog4\/fallece-d-antonio-ceballos-obispo-de-la-diocesis-de-ciudad-rodrigo-entre-1988-y-1994\/#article","isPartOf":{"@id":"https:\/\/www.diocesisciudadrodrigo.org\/blog4\/fallece-d-antonio-ceballos-obispo-de-la-diocesis-de-ciudad-rodrigo-entre-1988-y-1994\/"},"author":{"name":"medios CR","@id":"https:\/\/www.diocesisciudadrodrigo.org\/blog4\/#\/schema\/person\/5fcf0ca636a75766ff70e6417b6ed052"},"headline":"Fallece D. Antonio Ceballos, Obispo de la Di\u00f3cesis de Ciudad Rodrigo entre 1988 y 1994","datePublished":"2022-09-21T19:02:42+00:00","dateModified":"2022-09-22T09:07:42+00:00","mainEntityOfPage":{"@id":"https:\/\/www.diocesisciudadrodrigo.org\/blog4\/fallece-d-antonio-ceballos-obispo-de-la-diocesis-de-ciudad-rodrigo-entre-1988-y-1994\/"},"wordCount":367,"publisher":{"@id":"https:\/\/www.diocesisciudadrodrigo.org\/blog4\/#organization"},"image":{"@id":"https:\/\/www.diocesisciudadrodrigo.org\/blog4\/fallece-d-antonio-ceballos-obispo-de-la-diocesis-de-ciudad-rodrigo-entre-1988-y-1994\/#primaryimage"},"thumbnailUrl":"https:\/\/www.diocesisciudadrodrigo.org\/blog4\/wp-content\/uploads\/2022\/09\/20220921_antonio_ceballos-scaled-2-e1663787927962.jpg","articleSection":["Noticias"],"inLanguage":"es"},{"@type":"WebPage","@id":"https:\/\/www.diocesisciudadrodrigo.org\/blog4\/fallece-d-antonio-ceballos-obispo-de-la-diocesis-de-ciudad-rodrigo-entre-1988-y-1994\/","url":"https:\/\/www.diocesisciudadrodrigo.org\/blog4\/fallece-d-antonio-ceballos-obispo-de-la-diocesis-de-ciudad-rodrigo-entre-1988-y-1994\/","name":"Fallece D. Antonio Ceballos, Obispo de la Di\u00f3cesis de Ciudad Rodrigo entre 1988 y 1994 - Di\u00f3cesis de Ciudad Rodrigo","isPartOf":{"@id":"https:\/\/www.diocesisciudadrodrigo.org\/blog4\/#website"},"primaryImageOfPage":{"@id":"https:\/\/www.diocesisciudadrodrigo.org\/blog4\/fallece-d-antonio-ceballos-obispo-de-la-diocesis-de-ciudad-rodrigo-entre-1988-y-1994\/#primaryimage"},"image":{"@id":"https:\/\/www.diocesisciudadrodrigo.org\/blog4\/fallece-d-antonio-ceballos-obispo-de-la-diocesis-de-ciudad-rodrigo-entre-1988-y-1994\/#primaryimage"},"thumbnailUrl":"https:\/\/www.diocesisciudadrodrigo.org\/blog4\/wp-content\/uploads\/2022\/09\/20220921_antonio_ceballos-scaled-2-e1663787927962.jpg","datePublished":"2022-09-21T19:02:42+00:00","dateModified":"2022-09-22T09:07:42+00:00","breadcrumb":{"@id":"https:\/\/www.diocesisciudadrodrigo.org\/blog4\/fallece-d-antonio-ceballos-obispo-de-la-diocesis-de-ciudad-rodrigo-entre-1988-y-1994\/#breadcrumb"},"inLanguage":"es","potentialAction":[{"@type":"ReadAction","target":["https:\/\/www.diocesisciudadrodrigo.org\/blog4\/fallece-d-antonio-ceballos-obispo-de-la-diocesis-de-ciudad-rodrigo-entre-1988-y-1994\/"]}]},{"@type":"ImageObject","inLanguage":"es","@id":"https:\/\/www.diocesisciudadrodrigo.org\/blog4\/fallece-d-antonio-ceballos-obispo-de-la-diocesis-de-ciudad-rodrigo-entre-1988-y-1994\/#primaryimage","url":"https:\/\/www.diocesisciudadrodrigo.org\/blog4\/wp-content\/uploads\/2022\/09\/20220921_antonio_ceballos-scaled-2-e1663787927962.jpg","contentUrl":"https:\/\/www.diocesisciudadrodrigo.org\/blog4\/wp-content\/uploads\/2022\/09\/20220921_antonio_ceballos-scaled-2-e1663787927962.jpg","width":1642,"height":1431},{"@type":"BreadcrumbList","@id":"https:\/\/www.diocesisciudadrodrigo.org\/blog4\/fallece-d-antonio-ceballos-obispo-de-la-diocesis-de-ciudad-rodrigo-entre-1988-y-1994\/#breadcrumb","itemListElement":[{"@type":"ListItem","position":1,"name":"Portada","item":"https:\/\/www.diocesisciudadrodrigo.org\/blog4\/"},{"@type":"ListItem","position":2,"name":"Fallece D. Antonio Ceballos, Obispo de la Di\u00f3cesis de Ciudad Rodrigo entre 1988 y 1994"}]},{"@type":"WebSite","@id":"https:\/\/www.diocesisciudadrodrigo.org\/blog4\/#website","url":"https:\/\/www.diocesisciudadrodrigo.org\/blog4\/","name":"Di\u00f3cesis de Ciudad Rodrigo","description":"Sitio web oficial de la di\u00f3cesis civitatense","publisher":{"@id":"https:\/\/www.diocesisciudadrodrigo.org\/blog4\/#organization"},"potentialAction":[{"@type":"SearchAction","target":{"@type":"EntryPoint","urlTemplate":"https:\/\/www.diocesisciudadrodrigo.org\/blog4\/?s={search_term_string}"},"query-input":{"@type":"PropertyValueSpecification","valueRequired":true,"valueName":"search_term_string"}}],"inLanguage":"es"},{"@type":"Organization","@id":"https:\/\/www.diocesisciudadrodrigo.org\/blog4\/#organization","name":"Di\u00f3cesis de Ciudad Rodrigo","url":"https:\/\/www.diocesisciudadrodrigo.org\/blog4\/","logo":{"@type":"ImageObject","inLanguage":"es","@id":"https:\/\/www.diocesisciudadrodrigo.org\/blog4\/#\/schema\/logo\/image\/","url":"https:\/\/www.diocesisciudadrodrigo.org\/blog4\/wp-content\/uploads\/2024\/12\/Diocesis.CMYK_-768x480-1.jpg","contentUrl":"https:\/\/www.diocesisciudadrodrigo.org\/blog4\/wp-content\/uploads\/2024\/12\/Diocesis.CMYK_-768x480-1.jpg","width":768,"height":480,"caption":"Di\u00f3cesis de Ciudad Rodrigo"},"image":{"@id":"https:\/\/www.diocesisciudadrodrigo.org\/blog4\/#\/schema\/logo\/image\/"},"sameAs":["https:\/\/www.facebook.com\/people\/Dicesis-Ciudad-Rodrigo-MCS\/100076471923419\/#"]},{"@type":"Person","@id":"https:\/\/www.diocesisciudadrodrigo.org\/blog4\/#\/schema\/person\/5fcf0ca636a75766ff70e6417b6ed052","name":"medios CR","image":{"@type":"ImageObject","inLanguage":"es","@id":"https:\/\/secure.gravatar.com\/avatar\/4a619fd0c7e36bd570f4e6e15eb09a2191185d0f63d8dbfdffe848af141ab87e?s=96&d=mm&r=g","url":"https:\/\/secure.gravatar.com\/avatar\/4a619fd0c7e36bd570f4e6e15eb09a2191185d0f63d8dbfdffe848af141ab87e?s=96&d=mm&r=g","contentUrl":"https:\/\/secure.gravatar.com\/avatar\/4a619fd0c7e36bd570f4e6e15eb09a2191185d0f63d8dbfdffe848af141ab87e?s=96&d=mm&r=g","caption":"medios CR"},"url":"https:\/\/www.diocesisciudadrodrigo.org\/blog4\/author\/admin4\/"}]}},"_links":{"self":[{"href":"https:\/\/www.diocesisciudadrodrigo.org\/blog4\/wp-json\/wp\/v2\/posts\/25418","targetHints":{"allow":["GET"]}}],"collection":[{"href":"https:\/\/www.diocesisciudadrodrigo.org\/blog4\/wp-json\/wp\/v2\/posts"}],"about":[{"href":"https:\/\/www.diocesisciudadrodrigo.org\/blog4\/wp-json\/wp\/v2\/types\/post"}],"author":[{"embeddable":true,"href":"https:\/\/www.diocesisciudadrodrigo.org\/blog4\/wp-json\/wp\/v2\/users\/1"}],"replies":[{"embeddable":true,"href":"https:\/\/www.diocesisciudadrodrigo.org\/blog4\/wp-json\/wp\/v2\/comments?post=25418"}],"version-history":[{"count":23,"href":"https:\/\/www.diocesisciudadrodrigo.org\/blog4\/wp-json\/wp\/v2\/posts\/25418\/revisions"}],"predecessor-version":[{"id":25444,"href":"https:\/\/www.diocesisciudadrodrigo.org\/blog4\/wp-json\/wp\/v2\/posts\/25418\/revisions\/25444"}],"wp:featuredmedia":[{"embeddable":true,"href":"https:\/\/www.diocesisciudadrodrigo.org\/blog4\/wp-json\/wp\/v2\/media\/25424"}],"wp:attachment":[{"href":"https:\/\/www.diocesisciudadrodrigo.org\/blog4\/wp-json\/wp\/v2\/media?parent=25418"}],"wp:term":[{"taxonomy":"category","embeddable":true,"href":"https:\/\/www.diocesisciudadrodrigo.org\/blog4\/wp-json\/wp\/v2\/categories?post=25418"},{"taxonomy":"post_tag","embeddable":true,"href":"https:\/\/www.diocesisciudadrodrigo.org\/blog4\/wp-json\/wp\/v2\/tags?post=25418"}],"curies":[{"name":"wp","href":"https:\/\/api.w.org\/{rel}","templated":true}]}}