{"id":21107,"date":"2021-12-10T19:12:48","date_gmt":"2021-12-10T18:12:48","guid":{"rendered":"https:\/\/www.diocesisciudadrodrigo.org\/blog4\/?p=21107"},"modified":"2021-12-10T19:14:52","modified_gmt":"2021-12-10T18:14:52","slug":"esta-navidad-cada-portal-importa-el-lema-de-la-campana-de-esta-navidad-de-caritas-espanola","status":"publish","type":"post","link":"https:\/\/www.diocesisciudadrodrigo.org\/blog4\/esta-navidad-cada-portal-importa-el-lema-de-la-campana-de-esta-navidad-de-caritas-espanola\/","title":{"rendered":"\u201cEsta Navidad, cada portal importa\u201d, el lema de la campa\u00f1a de esta Navidad de C\u00e1ritas Espa\u00f1ola"},"content":{"rendered":"\t\t<div data-elementor-type=\"wp-post\" data-elementor-id=\"21107\" class=\"elementor elementor-21107\" data-elementor-settings=\"[]\">\n\t\t\t\t\t\t<div class=\"elementor-inner\">\n\t\t\t\t\t\t\t<div class=\"elementor-section-wrap\">\n\t\t\t\t\t\t\t<section class=\"elementor-section elementor-top-section elementor-element elementor-element-074d35c elementor-section-boxed elementor-section-height-default elementor-section-height-default\" data-id=\"074d35c\" data-element_type=\"section\">\n\t\t\t\t\t\t<div class=\"elementor-container elementor-column-gap-default\">\n\t\t\t\t\t\t\t<div class=\"elementor-row\">\n\t\t\t\t\t<div class=\"elementor-column elementor-col-100 elementor-top-column elementor-element elementor-element-99ff09b\" data-id=\"99ff09b\" data-element_type=\"column\">\n\t\t\t<div class=\"elementor-column-wrap elementor-element-populated\">\n\t\t\t\t\t\t\t<div class=\"elementor-widget-wrap\">\n\t\t\t\t\t\t<div class=\"elementor-element elementor-element-b1a77d9 elementor-widget elementor-widget-text-editor\" data-id=\"b1a77d9\" data-element_type=\"widget\" data-widget_type=\"text-editor.default\">\n\t\t\t\t<div class=\"elementor-widget-container\">\n\t\t\t\t\t\t\t\t<div class=\"elementor-text-editor elementor-clearfix\">\n\t\t\t\t<p><strong>\u201cEsta Navidad, cada portal importa\u201d<\/strong> es el lema de la campa\u00f1a de esta Navidad de C\u00e1ritas Espa\u00f1ola, que nos invita a poner la mirada en <em>\u201clos miles de portales donde no hay mula ni buey, pero s\u00ed familias que no llegan a fin de mes\u201d.<\/em> C\u00e1ritas lanza una llamada a la solidaridad y a poner en pr\u00e1ctica la generosidad con las personas en situaci\u00f3n m\u00e1s vulnerable.<\/p><p>Como se constata en el \u00faltimo estudio de la Fundaci\u00f3n FOESSA, \u201cson ya 11 millones de personas las que se encuentran en una situaci\u00f3n de exclusi\u00f3n social en Espa\u00f1a, 2,5 millones m\u00e1s que en el 2018\u201d. A pesar de todo esto, la Navidad llega como el tiempo favorable en el que Dios se hace presente en medio de nuestra historia, en medio de una sociedad desigual, en la vida de las personas que est\u00e1n sufriendo pobreza y injusticias.<\/p><p>Desde C\u00e1ritas Diocesana Ciudad Rodrigo se invita a colaborar, a compartir, para llegar y ayudar a las personas m\u00e1s necesitadas de nuestra di\u00f3cesis. Para ello, esta entidad vuelve a poner en marcha los <strong>\u201cVales Solidarios\u201d<\/strong> a trav\u00e9s de los <strong>\u00c1rboles de Navidad solidarios<\/strong> en las parroquias y de los <strong>\u201cRegalos solidarios\u201d en los centros escolares<\/strong>. Con estos vales de 1,2 y 5 euros se podr\u00e1 ayudar a personas en situaci\u00f3n de vulnerabilidad para cubrir necesidades b\u00e1sicas: agua corriente, luz, calefacci\u00f3n, vestimenta, medicamentos, transporte, alquiler, medicamentos, \u2026<\/p><p>Adem\u00e1s, con esta campa\u00f1a se pretende seguir avanzando en el derecho a la alimentaci\u00f3n. El objetivo es sensibilizar y dar a conocer un modelo de solidaridad basado en la justicia, la dignidad de las personas, el acompa\u00f1amiento y la autonom\u00eda.\u00a0 En este sentido, hay prevista una charla sobre esta tem\u00e1tica el d\u00eda 13 de diciembre a las 12 de la ma\u00f1ana en el sal\u00f3n Mazarrasa del Palacio Episcopal en Ciudad Rodrigo, que correr\u00e1 a cargo de Mar\u00eda Jes\u00fas Mart\u00ednez Ruperez, del equipo de inclusi\u00f3n de C\u00e1ritas Espa\u00f1ola.<\/p><p><strong>Datos en lo que va de a\u00f1o<\/strong><\/p><p>Desde que comenz\u00f3 el a\u00f1o 2021, C\u00e1ritas Diocesana Ciudad Rodrigo en todos sus servicios ha atendido a 490 personas pertenecientes a 432 hogares de Ciudad Rodrigo y su comarca<strong>.<\/strong> Se han entregado ayudas econ\u00f3micas por una cantidad cercana a 100.000\u20ac, destacando que el 35% han sido ayudas de emergencia adelantadas a la Diputaci\u00f3n de Salamanca, el 29% se ha destinado a ayudas relacionadas con la vivienda, el 15% a alimentaci\u00f3n y el 12% a becas para la formaci\u00f3n, entre otros.<\/p><p>La presentaci\u00f3n de esta campa\u00f1a a nivel diocesano se ha llevado a cabo en el Sal\u00f3n Obispo Mazarrasa del Obispado y ha contado con la presencia del Obispo Administrador Apost\u00f3lico, Mons. Jes\u00fas Garc\u00eda Burillo, quien ha destacado que \u00abla Navidad quiere penetrar en todos los hogares\u00bb en los que no hay ni mulas ni buey \u00abpero hay familias que no llegan a fin de mes\u00bb.<\/p><p>La directora de C\u00e1ritas, D\u00f1a. Mar Manzano, explic\u00f3 los t\u00e9rminos en los que se va a desarrollar la campa\u00f1a \u00abseguimos plantando pinos en todas parroquias y vendiendo bolas\u00bb.<\/p><p><strong>Otras formas de colaborar<\/strong><\/p><p>Para aquellas personas que quieran colaborar directamente con C\u00e1ritas Diocesana Ciudad Rodrigo, es posible hacerlo a trav\u00e9s de las siguientes cuentas:<\/p><p>Unicaja: ES86-2103-2221-9700-3001-2404<\/p><p>La Caixa: ES11-2100 4838 01 2200034941<\/p><p>Banco Santander: ES27 0049 2418 28 2114872604<\/p><p>Tambi\u00e9n pueden hacerlo a trav\u00e9s de la web de C\u00e1ritas Diocesana Ciudad Rodrigo:<\/p><p><a href=\"https:\/\/caritas.es\/ciudadrodrigo\/colabora_empresaDonanteComp.aspx\" target=\"_blank\" rel=\"noopener\">https:\/\/caritas.es\/ciudadrodrigo\/colabora_empresaDonanteComp.aspx<\/a><\/p>\t\t\t\t\t<\/div>\n\t\t\t\t\t\t<\/div>\n\t\t\t\t<\/div>\n\t\t\t\t\t\t<\/div>\n\t\t\t\t\t<\/div>\n\t\t<\/div>\n\t\t\t\t\t\t\t\t<\/div>\n\t\t\t\t\t<\/div>\n\t\t<\/section>\n\t\t\t\t\t\t<\/div>\n\t\t\t\t\t\t<\/div>\n\t\t\t\t\t<\/div>\n\t\t","protected":false},"excerpt":{"rendered":"<p>\u201cEsta Navidad, cada portal importa\u201d es el lema de la campa\u00f1a de esta Navidad de C\u00e1ritas Espa\u00f1ola, que nos invita a poner la mirada en \u201clos miles de portales donde &#8230; <\/p>\n<p class=\"read-more-container\"><a title=\"\u201cEsta Navidad, cada portal importa\u201d, el lema de la campa\u00f1a de esta Navidad de C\u00e1ritas Espa\u00f1ola\" class=\"read-more button\" href=\"https:\/\/www.diocesisciudadrodrigo.org\/blog4\/esta-navidad-cada-portal-importa-el-lema-de-la-campana-de-esta-navidad-de-caritas-espanola\/#more-21107\" aria-label=\"M\u00e1s en \u201cEsta Navidad, cada portal importa\u201d, el lema de la campa\u00f1a de esta Navidad de C\u00e1ritas Espa\u00f1ola\">Leer m\u00e1s &#8230;<\/a><\/p>\n","protected":false},"author":1,"featured_media":21111,"comment_status":"closed","ping_status":"closed","sticky":false,"template":"","format":"standard","meta":{"footnotes":""},"categories":[6],"tags":[],"class_list":["post-21107","post","type-post","status-publish","format-standard","has-post-thumbnail","hentry","category-noticias","masonry-post","generate-columns","tablet-grid-50","mobile-grid-100","grid-parent","grid-50"],"yoast_head":"<!-- This site is optimized with the Yoast SEO plugin v27.3 - https:\/\/yoast.com\/product\/yoast-seo-wordpress\/ -->\n<title>\u201cEsta Navidad, cada portal importa\u201d, el lema de la campa\u00f1a de esta Navidad de C\u00e1ritas Espa\u00f1ola - Di\u00f3cesis de Ciudad Rodrigo<\/title>\n<meta name=\"robots\" content=\"index, follow, max-snippet:-1, max-image-preview:large, max-video-preview:-1\" \/>\n<link rel=\"canonical\" href=\"https:\/\/www.diocesisciudadrodrigo.org\/blog4\/esta-navidad-cada-portal-importa-el-lema-de-la-campana-de-esta-navidad-de-caritas-espanola\/\" \/>\n<meta property=\"og:locale\" content=\"es_ES\" \/>\n<meta property=\"og:type\" content=\"article\" \/>\n<meta property=\"og:title\" content=\"\u201cEsta Navidad, cada portal importa\u201d, el lema de la campa\u00f1a de esta Navidad de C\u00e1ritas Espa\u00f1ola - Di\u00f3cesis de Ciudad Rodrigo\" \/>\n<meta property=\"og:description\" content=\"\u201cEsta Navidad, cada portal importa\u201d es el lema de la campa\u00f1a de esta Navidad de C\u00e1ritas Espa\u00f1ola, que nos invita a poner la mirada en \u201clos miles de portales donde ... Leer m\u00e1s ...\" \/>\n<meta property=\"og:url\" content=\"https:\/\/www.diocesisciudadrodrigo.org\/blog4\/esta-navidad-cada-portal-importa-el-lema-de-la-campana-de-esta-navidad-de-caritas-espanola\/\" \/>\n<meta property=\"og:site_name\" content=\"Di\u00f3cesis de Ciudad Rodrigo\" \/>\n<meta property=\"article:publisher\" content=\"https:\/\/www.facebook.com\/people\/Dicesis-Ciudad-Rodrigo-MCS\/100076471923419\/#\" \/>\n<meta property=\"article:published_time\" content=\"2021-12-10T18:12:48+00:00\" \/>\n<meta property=\"article:modified_time\" content=\"2021-12-10T18:14:52+00:00\" \/>\n<meta property=\"og:image\" content=\"https:\/\/www.diocesisciudadrodrigo.org\/blog4\/wp-content\/uploads\/2021\/12\/IMG_2997.jpg\" \/>\n\t<meta property=\"og:image:width\" content=\"2016\" \/>\n\t<meta property=\"og:image:height\" content=\"1512\" \/>\n\t<meta property=\"og:image:type\" content=\"image\/jpeg\" \/>\n<meta name=\"author\" content=\"medios CR\" \/>\n<meta name=\"twitter:card\" content=\"summary_large_image\" \/>\n<meta name=\"twitter:label1\" content=\"Escrito por\" \/>\n\t<meta name=\"twitter:data1\" content=\"medios CR\" \/>\n\t<meta name=\"twitter:label2\" content=\"Tiempo de lectura\" \/>\n\t<meta name=\"twitter:data2\" content=\"3 minutos\" \/>\n<script type=\"application\/ld+json\" class=\"yoast-schema-graph\">{\"@context\":\"https:\\\/\\\/schema.org\",\"@graph\":[{\"@type\":\"Article\",\"@id\":\"https:\\\/\\\/www.diocesisciudadrodrigo.org\\\/blog4\\\/esta-navidad-cada-portal-importa-el-lema-de-la-campana-de-esta-navidad-de-caritas-espanola\\\/#article\",\"isPartOf\":{\"@id\":\"https:\\\/\\\/www.diocesisciudadrodrigo.org\\\/blog4\\\/esta-navidad-cada-portal-importa-el-lema-de-la-campana-de-esta-navidad-de-caritas-espanola\\\/\"},\"author\":{\"name\":\"medios CR\",\"@id\":\"https:\\\/\\\/www.diocesisciudadrodrigo.org\\\/blog4\\\/#\\\/schema\\\/person\\\/5fcf0ca636a75766ff70e6417b6ed052\"},\"headline\":\"\u201cEsta Navidad, cada portal importa\u201d, el lema de la campa\u00f1a de esta Navidad de C\u00e1ritas Espa\u00f1ola\",\"datePublished\":\"2021-12-10T18:12:48+00:00\",\"dateModified\":\"2021-12-10T18:14:52+00:00\",\"mainEntityOfPage\":{\"@id\":\"https:\\\/\\\/www.diocesisciudadrodrigo.org\\\/blog4\\\/esta-navidad-cada-portal-importa-el-lema-de-la-campana-de-esta-navidad-de-caritas-espanola\\\/\"},\"wordCount\":616,\"publisher\":{\"@id\":\"https:\\\/\\\/www.diocesisciudadrodrigo.org\\\/blog4\\\/#organization\"},\"image\":{\"@id\":\"https:\\\/\\\/www.diocesisciudadrodrigo.org\\\/blog4\\\/esta-navidad-cada-portal-importa-el-lema-de-la-campana-de-esta-navidad-de-caritas-espanola\\\/#primaryimage\"},\"thumbnailUrl\":\"https:\\\/\\\/www.diocesisciudadrodrigo.org\\\/blog4\\\/wp-content\\\/uploads\\\/2021\\\/12\\\/IMG_2997.jpg\",\"articleSection\":[\"Noticias\"],\"inLanguage\":\"es\"},{\"@type\":\"WebPage\",\"@id\":\"https:\\\/\\\/www.diocesisciudadrodrigo.org\\\/blog4\\\/esta-navidad-cada-portal-importa-el-lema-de-la-campana-de-esta-navidad-de-caritas-espanola\\\/\",\"url\":\"https:\\\/\\\/www.diocesisciudadrodrigo.org\\\/blog4\\\/esta-navidad-cada-portal-importa-el-lema-de-la-campana-de-esta-navidad-de-caritas-espanola\\\/\",\"name\":\"\u201cEsta Navidad, cada portal importa\u201d, el lema de la campa\u00f1a de esta Navidad de C\u00e1ritas Espa\u00f1ola - Di\u00f3cesis de Ciudad Rodrigo\",\"isPartOf\":{\"@id\":\"https:\\\/\\\/www.diocesisciudadrodrigo.org\\\/blog4\\\/#website\"},\"primaryImageOfPage\":{\"@id\":\"https:\\\/\\\/www.diocesisciudadrodrigo.org\\\/blog4\\\/esta-navidad-cada-portal-importa-el-lema-de-la-campana-de-esta-navidad-de-caritas-espanola\\\/#primaryimage\"},\"image\":{\"@id\":\"https:\\\/\\\/www.diocesisciudadrodrigo.org\\\/blog4\\\/esta-navidad-cada-portal-importa-el-lema-de-la-campana-de-esta-navidad-de-caritas-espanola\\\/#primaryimage\"},\"thumbnailUrl\":\"https:\\\/\\\/www.diocesisciudadrodrigo.org\\\/blog4\\\/wp-content\\\/uploads\\\/2021\\\/12\\\/IMG_2997.jpg\",\"datePublished\":\"2021-12-10T18:12:48+00:00\",\"dateModified\":\"2021-12-10T18:14:52+00:00\",\"breadcrumb\":{\"@id\":\"https:\\\/\\\/www.diocesisciudadrodrigo.org\\\/blog4\\\/esta-navidad-cada-portal-importa-el-lema-de-la-campana-de-esta-navidad-de-caritas-espanola\\\/#breadcrumb\"},\"inLanguage\":\"es\",\"potentialAction\":[{\"@type\":\"ReadAction\",\"target\":[\"https:\\\/\\\/www.diocesisciudadrodrigo.org\\\/blog4\\\/esta-navidad-cada-portal-importa-el-lema-de-la-campana-de-esta-navidad-de-caritas-espanola\\\/\"]}]},{\"@type\":\"ImageObject\",\"inLanguage\":\"es\",\"@id\":\"https:\\\/\\\/www.diocesisciudadrodrigo.org\\\/blog4\\\/esta-navidad-cada-portal-importa-el-lema-de-la-campana-de-esta-navidad-de-caritas-espanola\\\/#primaryimage\",\"url\":\"https:\\\/\\\/www.diocesisciudadrodrigo.org\\\/blog4\\\/wp-content\\\/uploads\\\/2021\\\/12\\\/IMG_2997.jpg\",\"contentUrl\":\"https:\\\/\\\/www.diocesisciudadrodrigo.org\\\/blog4\\\/wp-content\\\/uploads\\\/2021\\\/12\\\/IMG_2997.jpg\",\"width\":2016,\"height\":1512},{\"@type\":\"BreadcrumbList\",\"@id\":\"https:\\\/\\\/www.diocesisciudadrodrigo.org\\\/blog4\\\/esta-navidad-cada-portal-importa-el-lema-de-la-campana-de-esta-navidad-de-caritas-espanola\\\/#breadcrumb\",\"itemListElement\":[{\"@type\":\"ListItem\",\"position\":1,\"name\":\"Portada\",\"item\":\"https:\\\/\\\/www.diocesisciudadrodrigo.org\\\/blog4\\\/\"},{\"@type\":\"ListItem\",\"position\":2,\"name\":\"\u201cEsta Navidad, cada portal importa\u201d, el lema de la campa\u00f1a de esta Navidad de C\u00e1ritas Espa\u00f1ola\"}]},{\"@type\":\"WebSite\",\"@id\":\"https:\\\/\\\/www.diocesisciudadrodrigo.org\\\/blog4\\\/#website\",\"url\":\"https:\\\/\\\/www.diocesisciudadrodrigo.org\\\/blog4\\\/\",\"name\":\"Di\u00f3cesis de Ciudad Rodrigo\",\"description\":\"Sitio web oficial de la di\u00f3cesis civitatense\",\"publisher\":{\"@id\":\"https:\\\/\\\/www.diocesisciudadrodrigo.org\\\/blog4\\\/#organization\"},\"potentialAction\":[{\"@type\":\"SearchAction\",\"target\":{\"@type\":\"EntryPoint\",\"urlTemplate\":\"https:\\\/\\\/www.diocesisciudadrodrigo.org\\\/blog4\\\/?s={search_term_string}\"},\"query-input\":{\"@type\":\"PropertyValueSpecification\",\"valueRequired\":true,\"valueName\":\"search_term_string\"}}],\"inLanguage\":\"es\"},{\"@type\":\"Organization\",\"@id\":\"https:\\\/\\\/www.diocesisciudadrodrigo.org\\\/blog4\\\/#organization\",\"name\":\"Di\u00f3cesis de Ciudad Rodrigo\",\"url\":\"https:\\\/\\\/www.diocesisciudadrodrigo.org\\\/blog4\\\/\",\"logo\":{\"@type\":\"ImageObject\",\"inLanguage\":\"es\",\"@id\":\"https:\\\/\\\/www.diocesisciudadrodrigo.org\\\/blog4\\\/#\\\/schema\\\/logo\\\/image\\\/\",\"url\":\"https:\\\/\\\/www.diocesisciudadrodrigo.org\\\/blog4\\\/wp-content\\\/uploads\\\/2024\\\/12\\\/Diocesis.CMYK_-768x480-1.jpg\",\"contentUrl\":\"https:\\\/\\\/www.diocesisciudadrodrigo.org\\\/blog4\\\/wp-content\\\/uploads\\\/2024\\\/12\\\/Diocesis.CMYK_-768x480-1.jpg\",\"width\":768,\"height\":480,\"caption\":\"Di\u00f3cesis de Ciudad Rodrigo\"},\"image\":{\"@id\":\"https:\\\/\\\/www.diocesisciudadrodrigo.org\\\/blog4\\\/#\\\/schema\\\/logo\\\/image\\\/\"},\"sameAs\":[\"https:\\\/\\\/www.facebook.com\\\/people\\\/Dicesis-Ciudad-Rodrigo-MCS\\\/100076471923419\\\/#\"]},{\"@type\":\"Person\",\"@id\":\"https:\\\/\\\/www.diocesisciudadrodrigo.org\\\/blog4\\\/#\\\/schema\\\/person\\\/5fcf0ca636a75766ff70e6417b6ed052\",\"name\":\"medios CR\",\"image\":{\"@type\":\"ImageObject\",\"inLanguage\":\"es\",\"@id\":\"https:\\\/\\\/secure.gravatar.com\\\/avatar\\\/4a619fd0c7e36bd570f4e6e15eb09a2191185d0f63d8dbfdffe848af141ab87e?s=96&d=mm&r=g\",\"url\":\"https:\\\/\\\/secure.gravatar.com\\\/avatar\\\/4a619fd0c7e36bd570f4e6e15eb09a2191185d0f63d8dbfdffe848af141ab87e?s=96&d=mm&r=g\",\"contentUrl\":\"https:\\\/\\\/secure.gravatar.com\\\/avatar\\\/4a619fd0c7e36bd570f4e6e15eb09a2191185d0f63d8dbfdffe848af141ab87e?s=96&d=mm&r=g\",\"caption\":\"medios CR\"},\"url\":\"https:\\\/\\\/www.diocesisciudadrodrigo.org\\\/blog4\\\/author\\\/admin4\\\/\"}]}<\/script>\n<!-- \/ Yoast SEO plugin. -->","yoast_head_json":{"title":"\u201cEsta Navidad, cada portal importa\u201d, el lema de la campa\u00f1a de esta Navidad de C\u00e1ritas Espa\u00f1ola - Di\u00f3cesis de Ciudad Rodrigo","robots":{"index":"index","follow":"follow","max-snippet":"max-snippet:-1","max-image-preview":"max-image-preview:large","max-video-preview":"max-video-preview:-1"},"canonical":"https:\/\/www.diocesisciudadrodrigo.org\/blog4\/esta-navidad-cada-portal-importa-el-lema-de-la-campana-de-esta-navidad-de-caritas-espanola\/","og_locale":"es_ES","og_type":"article","og_title":"\u201cEsta Navidad, cada portal importa\u201d, el lema de la campa\u00f1a de esta Navidad de C\u00e1ritas Espa\u00f1ola - Di\u00f3cesis de Ciudad Rodrigo","og_description":"\u201cEsta Navidad, cada portal importa\u201d es el lema de la campa\u00f1a de esta Navidad de C\u00e1ritas Espa\u00f1ola, que nos invita a poner la mirada en \u201clos miles de portales donde ... Leer m\u00e1s ...","og_url":"https:\/\/www.diocesisciudadrodrigo.org\/blog4\/esta-navidad-cada-portal-importa-el-lema-de-la-campana-de-esta-navidad-de-caritas-espanola\/","og_site_name":"Di\u00f3cesis de Ciudad Rodrigo","article_publisher":"https:\/\/www.facebook.com\/people\/Dicesis-Ciudad-Rodrigo-MCS\/100076471923419\/#","article_published_time":"2021-12-10T18:12:48+00:00","article_modified_time":"2021-12-10T18:14:52+00:00","og_image":[{"width":2016,"height":1512,"url":"https:\/\/www.diocesisciudadrodrigo.org\/blog4\/wp-content\/uploads\/2021\/12\/IMG_2997.jpg","type":"image\/jpeg"}],"author":"medios CR","twitter_card":"summary_large_image","twitter_misc":{"Escrito por":"medios CR","Tiempo de lectura":"3 minutos"},"schema":{"@context":"https:\/\/schema.org","@graph":[{"@type":"Article","@id":"https:\/\/www.diocesisciudadrodrigo.org\/blog4\/esta-navidad-cada-portal-importa-el-lema-de-la-campana-de-esta-navidad-de-caritas-espanola\/#article","isPartOf":{"@id":"https:\/\/www.diocesisciudadrodrigo.org\/blog4\/esta-navidad-cada-portal-importa-el-lema-de-la-campana-de-esta-navidad-de-caritas-espanola\/"},"author":{"name":"medios CR","@id":"https:\/\/www.diocesisciudadrodrigo.org\/blog4\/#\/schema\/person\/5fcf0ca636a75766ff70e6417b6ed052"},"headline":"\u201cEsta Navidad, cada portal importa\u201d, el lema de la campa\u00f1a de esta Navidad de C\u00e1ritas Espa\u00f1ola","datePublished":"2021-12-10T18:12:48+00:00","dateModified":"2021-12-10T18:14:52+00:00","mainEntityOfPage":{"@id":"https:\/\/www.diocesisciudadrodrigo.org\/blog4\/esta-navidad-cada-portal-importa-el-lema-de-la-campana-de-esta-navidad-de-caritas-espanola\/"},"wordCount":616,"publisher":{"@id":"https:\/\/www.diocesisciudadrodrigo.org\/blog4\/#organization"},"image":{"@id":"https:\/\/www.diocesisciudadrodrigo.org\/blog4\/esta-navidad-cada-portal-importa-el-lema-de-la-campana-de-esta-navidad-de-caritas-espanola\/#primaryimage"},"thumbnailUrl":"https:\/\/www.diocesisciudadrodrigo.org\/blog4\/wp-content\/uploads\/2021\/12\/IMG_2997.jpg","articleSection":["Noticias"],"inLanguage":"es"},{"@type":"WebPage","@id":"https:\/\/www.diocesisciudadrodrigo.org\/blog4\/esta-navidad-cada-portal-importa-el-lema-de-la-campana-de-esta-navidad-de-caritas-espanola\/","url":"https:\/\/www.diocesisciudadrodrigo.org\/blog4\/esta-navidad-cada-portal-importa-el-lema-de-la-campana-de-esta-navidad-de-caritas-espanola\/","name":"\u201cEsta Navidad, cada portal importa\u201d, el lema de la campa\u00f1a de esta Navidad de C\u00e1ritas Espa\u00f1ola - Di\u00f3cesis de Ciudad Rodrigo","isPartOf":{"@id":"https:\/\/www.diocesisciudadrodrigo.org\/blog4\/#website"},"primaryImageOfPage":{"@id":"https:\/\/www.diocesisciudadrodrigo.org\/blog4\/esta-navidad-cada-portal-importa-el-lema-de-la-campana-de-esta-navidad-de-caritas-espanola\/#primaryimage"},"image":{"@id":"https:\/\/www.diocesisciudadrodrigo.org\/blog4\/esta-navidad-cada-portal-importa-el-lema-de-la-campana-de-esta-navidad-de-caritas-espanola\/#primaryimage"},"thumbnailUrl":"https:\/\/www.diocesisciudadrodrigo.org\/blog4\/wp-content\/uploads\/2021\/12\/IMG_2997.jpg","datePublished":"2021-12-10T18:12:48+00:00","dateModified":"2021-12-10T18:14:52+00:00","breadcrumb":{"@id":"https:\/\/www.diocesisciudadrodrigo.org\/blog4\/esta-navidad-cada-portal-importa-el-lema-de-la-campana-de-esta-navidad-de-caritas-espanola\/#breadcrumb"},"inLanguage":"es","potentialAction":[{"@type":"ReadAction","target":["https:\/\/www.diocesisciudadrodrigo.org\/blog4\/esta-navidad-cada-portal-importa-el-lema-de-la-campana-de-esta-navidad-de-caritas-espanola\/"]}]},{"@type":"ImageObject","inLanguage":"es","@id":"https:\/\/www.diocesisciudadrodrigo.org\/blog4\/esta-navidad-cada-portal-importa-el-lema-de-la-campana-de-esta-navidad-de-caritas-espanola\/#primaryimage","url":"https:\/\/www.diocesisciudadrodrigo.org\/blog4\/wp-content\/uploads\/2021\/12\/IMG_2997.jpg","contentUrl":"https:\/\/www.diocesisciudadrodrigo.org\/blog4\/wp-content\/uploads\/2021\/12\/IMG_2997.jpg","width":2016,"height":1512},{"@type":"BreadcrumbList","@id":"https:\/\/www.diocesisciudadrodrigo.org\/blog4\/esta-navidad-cada-portal-importa-el-lema-de-la-campana-de-esta-navidad-de-caritas-espanola\/#breadcrumb","itemListElement":[{"@type":"ListItem","position":1,"name":"Portada","item":"https:\/\/www.diocesisciudadrodrigo.org\/blog4\/"},{"@type":"ListItem","position":2,"name":"\u201cEsta Navidad, cada portal importa\u201d, el lema de la campa\u00f1a de esta Navidad de C\u00e1ritas Espa\u00f1ola"}]},{"@type":"WebSite","@id":"https:\/\/www.diocesisciudadrodrigo.org\/blog4\/#website","url":"https:\/\/www.diocesisciudadrodrigo.org\/blog4\/","name":"Di\u00f3cesis de Ciudad Rodrigo","description":"Sitio web oficial de la di\u00f3cesis civitatense","publisher":{"@id":"https:\/\/www.diocesisciudadrodrigo.org\/blog4\/#organization"},"potentialAction":[{"@type":"SearchAction","target":{"@type":"EntryPoint","urlTemplate":"https:\/\/www.diocesisciudadrodrigo.org\/blog4\/?s={search_term_string}"},"query-input":{"@type":"PropertyValueSpecification","valueRequired":true,"valueName":"search_term_string"}}],"inLanguage":"es"},{"@type":"Organization","@id":"https:\/\/www.diocesisciudadrodrigo.org\/blog4\/#organization","name":"Di\u00f3cesis de Ciudad Rodrigo","url":"https:\/\/www.diocesisciudadrodrigo.org\/blog4\/","logo":{"@type":"ImageObject","inLanguage":"es","@id":"https:\/\/www.diocesisciudadrodrigo.org\/blog4\/#\/schema\/logo\/image\/","url":"https:\/\/www.diocesisciudadrodrigo.org\/blog4\/wp-content\/uploads\/2024\/12\/Diocesis.CMYK_-768x480-1.jpg","contentUrl":"https:\/\/www.diocesisciudadrodrigo.org\/blog4\/wp-content\/uploads\/2024\/12\/Diocesis.CMYK_-768x480-1.jpg","width":768,"height":480,"caption":"Di\u00f3cesis de Ciudad Rodrigo"},"image":{"@id":"https:\/\/www.diocesisciudadrodrigo.org\/blog4\/#\/schema\/logo\/image\/"},"sameAs":["https:\/\/www.facebook.com\/people\/Dicesis-Ciudad-Rodrigo-MCS\/100076471923419\/#"]},{"@type":"Person","@id":"https:\/\/www.diocesisciudadrodrigo.org\/blog4\/#\/schema\/person\/5fcf0ca636a75766ff70e6417b6ed052","name":"medios CR","image":{"@type":"ImageObject","inLanguage":"es","@id":"https:\/\/secure.gravatar.com\/avatar\/4a619fd0c7e36bd570f4e6e15eb09a2191185d0f63d8dbfdffe848af141ab87e?s=96&d=mm&r=g","url":"https:\/\/secure.gravatar.com\/avatar\/4a619fd0c7e36bd570f4e6e15eb09a2191185d0f63d8dbfdffe848af141ab87e?s=96&d=mm&r=g","contentUrl":"https:\/\/secure.gravatar.com\/avatar\/4a619fd0c7e36bd570f4e6e15eb09a2191185d0f63d8dbfdffe848af141ab87e?s=96&d=mm&r=g","caption":"medios CR"},"url":"https:\/\/www.diocesisciudadrodrigo.org\/blog4\/author\/admin4\/"}]}},"_links":{"self":[{"href":"https:\/\/www.diocesisciudadrodrigo.org\/blog4\/wp-json\/wp\/v2\/posts\/21107","targetHints":{"allow":["GET"]}}],"collection":[{"href":"https:\/\/www.diocesisciudadrodrigo.org\/blog4\/wp-json\/wp\/v2\/posts"}],"about":[{"href":"https:\/\/www.diocesisciudadrodrigo.org\/blog4\/wp-json\/wp\/v2\/types\/post"}],"author":[{"embeddable":true,"href":"https:\/\/www.diocesisciudadrodrigo.org\/blog4\/wp-json\/wp\/v2\/users\/1"}],"replies":[{"embeddable":true,"href":"https:\/\/www.diocesisciudadrodrigo.org\/blog4\/wp-json\/wp\/v2\/comments?post=21107"}],"version-history":[{"count":4,"href":"https:\/\/www.diocesisciudadrodrigo.org\/blog4\/wp-json\/wp\/v2\/posts\/21107\/revisions"}],"predecessor-version":[{"id":21112,"href":"https:\/\/www.diocesisciudadrodrigo.org\/blog4\/wp-json\/wp\/v2\/posts\/21107\/revisions\/21112"}],"wp:featuredmedia":[{"embeddable":true,"href":"https:\/\/www.diocesisciudadrodrigo.org\/blog4\/wp-json\/wp\/v2\/media\/21111"}],"wp:attachment":[{"href":"https:\/\/www.diocesisciudadrodrigo.org\/blog4\/wp-json\/wp\/v2\/media?parent=21107"}],"wp:term":[{"taxonomy":"category","embeddable":true,"href":"https:\/\/www.diocesisciudadrodrigo.org\/blog4\/wp-json\/wp\/v2\/categories?post=21107"},{"taxonomy":"post_tag","embeddable":true,"href":"https:\/\/www.diocesisciudadrodrigo.org\/blog4\/wp-json\/wp\/v2\/tags?post=21107"}],"curies":[{"name":"wp","href":"https:\/\/api.w.org\/{rel}","templated":true}]}}