{"id":19331,"date":"2021-09-30T19:28:00","date_gmt":"2021-09-30T17:28:00","guid":{"rendered":"https:\/\/www.diocesisciudadrodrigo.org\/blog4\/?p=19331"},"modified":"2021-10-01T11:52:33","modified_gmt":"2021-10-01T09:52:33","slug":"el-vicario-general-y-el-economo-participan-en-las-jornadas-de-responsables-de-economia-de-la-diocesis-espanolas","status":"publish","type":"post","link":"https:\/\/www.diocesisciudadrodrigo.org\/blog4\/el-vicario-general-y-el-economo-participan-en-las-jornadas-de-responsables-de-economia-de-la-diocesis-espanolas\/","title":{"rendered":"El Vicario General y el Ec\u00f3nomo participan en las Jornadas de Responsables de Econom\u00eda de las Di\u00f3cesis Espa\u00f1olas"},"content":{"rendered":"\t\t<div data-elementor-type=\"wp-post\" data-elementor-id=\"19331\" class=\"elementor elementor-19331\" data-elementor-settings=\"[]\">\n\t\t\t\t\t\t<div class=\"elementor-inner\">\n\t\t\t\t\t\t\t<div class=\"elementor-section-wrap\">\n\t\t\t\t\t\t\t<section class=\"elementor-section elementor-top-section elementor-element elementor-element-c886626 elementor-section-boxed elementor-section-height-default elementor-section-height-default\" data-id=\"c886626\" data-element_type=\"section\">\n\t\t\t\t\t\t<div class=\"elementor-container elementor-column-gap-default\">\n\t\t\t\t\t\t\t<div class=\"elementor-row\">\n\t\t\t\t\t<div class=\"elementor-column elementor-col-100 elementor-top-column elementor-element elementor-element-bcd7e8b\" data-id=\"bcd7e8b\" data-element_type=\"column\">\n\t\t\t<div class=\"elementor-column-wrap elementor-element-populated\">\n\t\t\t\t\t\t\t<div class=\"elementor-widget-wrap\">\n\t\t\t\t\t\t<div class=\"elementor-element elementor-element-5b867a5 elementor-widget elementor-widget-text-editor\" data-id=\"5b867a5\" data-element_type=\"widget\" data-widget_type=\"text-editor.default\">\n\t\t\t\t<div class=\"elementor-widget-container\">\n\t\t\t\t\t\t\t\t<div class=\"elementor-text-editor elementor-clearfix\">\n\t\t\t\t<p>El Vicario General de la Di\u00f3cesis, D. Jos\u00e9 Mar\u00eda Rodr\u00edguez-Veleiro, y el Ec\u00f3nomo, D. Manuel Dom\u00ednguez, participan en las V Jornadas de Responsables de Econom\u00eda de las Di\u00f3cesis Espa\u00f1olas que durante hoy y ma\u00f1ana se celebran en Madrid bajo el t\u00edtulo &#8216;El control interno y la mejora de la gesti\u00f3n econ\u00f3mica en las di\u00f3cesis&#8217;.<\/p><p>Organizadas por la Vicesecretar\u00eda para Asuntos Econ\u00f3micos de la Conferencia Episcopal Espa\u00f1ola, en este primer d\u00eda, entre otras sesiones, se ha presentado el proyecto para avanzar en el sistema de control interno de las di\u00f3cesis. La sesi\u00f3n de la tarde ha consistido en una serie de talleres de trabajo.<\/p>\t\t\t\t\t<\/div>\n\t\t\t\t\t\t<\/div>\n\t\t\t\t<\/div>\n\t\t\t\t\t\t<\/div>\n\t\t\t\t\t<\/div>\n\t\t<\/div>\n\t\t\t\t\t\t\t\t<\/div>\n\t\t\t\t\t<\/div>\n\t\t<\/section>\n\t\t\t\t<section class=\"elementor-section elementor-top-section elementor-element elementor-element-a398ba8 elementor-section-boxed elementor-section-height-default elementor-section-height-default\" data-id=\"a398ba8\" data-element_type=\"section\">\n\t\t\t\t\t\t<div class=\"elementor-container elementor-column-gap-default\">\n\t\t\t\t\t\t\t<div class=\"elementor-row\">\n\t\t\t\t\t<div class=\"elementor-column elementor-col-100 elementor-top-column elementor-element elementor-element-b1e6c69\" data-id=\"b1e6c69\" data-element_type=\"column\">\n\t\t\t<div class=\"elementor-column-wrap elementor-element-populated\">\n\t\t\t\t\t\t\t<div class=\"elementor-widget-wrap\">\n\t\t\t\t\t\t<div class=\"elementor-element elementor-element-01a8ce2 elementor-widget elementor-widget-image\" data-id=\"01a8ce2\" data-element_type=\"widget\" data-widget_type=\"image.default\">\n\t\t\t\t<div class=\"elementor-widget-container\">\n\t\t\t\t\t\t\t\t<div class=\"elementor-image\">\n\t\t\t\t\t\t\t\t\t\t\t\t<img loading=\"lazy\" decoding=\"async\" width=\"1024\" height=\"577\" src=\"https:\/\/www.diocesisciudadrodrigo.org\/blog4\/wp-content\/uploads\/2021\/09\/PHOTO-2021-09-30-16-03-36-1024x577.jpg\" class=\"attachment-large size-large\" alt=\"\" srcset=\"https:\/\/www.diocesisciudadrodrigo.org\/blog4\/wp-content\/uploads\/2021\/09\/PHOTO-2021-09-30-16-03-36-1024x577.jpg 1024w, https:\/\/www.diocesisciudadrodrigo.org\/blog4\/wp-content\/uploads\/2021\/09\/PHOTO-2021-09-30-16-03-36-300x169.jpg 300w, https:\/\/www.diocesisciudadrodrigo.org\/blog4\/wp-content\/uploads\/2021\/09\/PHOTO-2021-09-30-16-03-36-768x433.jpg 768w, https:\/\/www.diocesisciudadrodrigo.org\/blog4\/wp-content\/uploads\/2021\/09\/PHOTO-2021-09-30-16-03-36-1536x866.jpg 1536w, https:\/\/www.diocesisciudadrodrigo.org\/blog4\/wp-content\/uploads\/2021\/09\/PHOTO-2021-09-30-16-03-36-350x197.jpg 350w, https:\/\/www.diocesisciudadrodrigo.org\/blog4\/wp-content\/uploads\/2021\/09\/PHOTO-2021-09-30-16-03-36.jpg 2048w\" sizes=\"auto, (max-width: 1024px) 100vw, 1024px\" \/>\t\t\t\t\t\t\t\t\t\t\t\t\t\t<\/div>\n\t\t\t\t\t\t<\/div>\n\t\t\t\t<\/div>\n\t\t\t\t\t\t<\/div>\n\t\t\t\t\t<\/div>\n\t\t<\/div>\n\t\t\t\t\t\t\t\t<\/div>\n\t\t\t\t\t<\/div>\n\t\t<\/section>\n\t\t\t\t\t\t<\/div>\n\t\t\t\t\t\t<\/div>\n\t\t\t\t\t<\/div>\n\t\t","protected":false},"excerpt":{"rendered":"<p>El Vicario General de la Di\u00f3cesis, D. Jos\u00e9 Mar\u00eda Rodr\u00edguez-Veleiro, y el Ec\u00f3nomo, D. Manuel Dom\u00ednguez, participan en las V Jornadas de Responsables de Econom\u00eda de las Di\u00f3cesis Espa\u00f1olas que &#8230; <\/p>\n<p class=\"read-more-container\"><a title=\"El Vicario General y el Ec\u00f3nomo participan en las Jornadas de Responsables de Econom\u00eda de las Di\u00f3cesis Espa\u00f1olas\" class=\"read-more button\" href=\"https:\/\/www.diocesisciudadrodrigo.org\/blog4\/el-vicario-general-y-el-economo-participan-en-las-jornadas-de-responsables-de-economia-de-la-diocesis-espanolas\/#more-19331\" aria-label=\"M\u00e1s en El Vicario General y el Ec\u00f3nomo participan en las Jornadas de Responsables de Econom\u00eda de las Di\u00f3cesis Espa\u00f1olas\">Leer m\u00e1s &#8230;<\/a><\/p>\n","protected":false},"author":1,"featured_media":19332,"comment_status":"closed","ping_status":"closed","sticky":false,"template":"","format":"standard","meta":{"footnotes":""},"categories":[6],"tags":[],"class_list":["post-19331","post","type-post","status-publish","format-standard","has-post-thumbnail","hentry","category-noticias","masonry-post","generate-columns","tablet-grid-50","mobile-grid-100","grid-parent","grid-50"],"yoast_head":"<!-- This site is optimized with the Yoast SEO plugin v27.3 - https:\/\/yoast.com\/product\/yoast-seo-wordpress\/ -->\n<title>El Vicario General y el Ec\u00f3nomo participan en las Jornadas de Responsables de Econom\u00eda de las Di\u00f3cesis Espa\u00f1olas - Di\u00f3cesis de Ciudad Rodrigo<\/title>\n<meta name=\"robots\" content=\"index, follow, max-snippet:-1, max-image-preview:large, max-video-preview:-1\" \/>\n<link rel=\"canonical\" href=\"https:\/\/www.diocesisciudadrodrigo.org\/blog4\/el-vicario-general-y-el-economo-participan-en-las-jornadas-de-responsables-de-economia-de-la-diocesis-espanolas\/\" \/>\n<meta property=\"og:locale\" content=\"es_ES\" \/>\n<meta property=\"og:type\" content=\"article\" \/>\n<meta property=\"og:title\" content=\"El Vicario General y el Ec\u00f3nomo participan en las Jornadas de Responsables de Econom\u00eda de las Di\u00f3cesis Espa\u00f1olas - Di\u00f3cesis de Ciudad Rodrigo\" \/>\n<meta property=\"og:description\" content=\"El Vicario General de la Di\u00f3cesis, D. Jos\u00e9 Mar\u00eda Rodr\u00edguez-Veleiro, y el Ec\u00f3nomo, D. Manuel Dom\u00ednguez, participan en las V Jornadas de Responsables de Econom\u00eda de las Di\u00f3cesis Espa\u00f1olas que ... Leer m\u00e1s ...\" \/>\n<meta property=\"og:url\" content=\"https:\/\/www.diocesisciudadrodrigo.org\/blog4\/el-vicario-general-y-el-economo-participan-en-las-jornadas-de-responsables-de-economia-de-la-diocesis-espanolas\/\" \/>\n<meta property=\"og:site_name\" content=\"Di\u00f3cesis de Ciudad Rodrigo\" \/>\n<meta property=\"article:publisher\" content=\"https:\/\/www.facebook.com\/people\/Dicesis-Ciudad-Rodrigo-MCS\/100076471923419\/#\" \/>\n<meta property=\"article:published_time\" content=\"2021-09-30T17:28:00+00:00\" \/>\n<meta property=\"article:modified_time\" content=\"2021-10-01T09:52:33+00:00\" \/>\n<meta property=\"og:image\" content=\"https:\/\/www.diocesisciudadrodrigo.org\/blog4\/wp-content\/uploads\/2021\/09\/PHOTO-2021-09-30-16-03-36.jpg\" \/>\n\t<meta property=\"og:image:width\" content=\"2048\" \/>\n\t<meta property=\"og:image:height\" content=\"1154\" \/>\n\t<meta property=\"og:image:type\" content=\"image\/jpeg\" \/>\n<meta name=\"author\" content=\"medios CR\" \/>\n<meta name=\"twitter:card\" content=\"summary_large_image\" \/>\n<meta name=\"twitter:label1\" content=\"Escrito por\" \/>\n\t<meta name=\"twitter:data1\" content=\"medios CR\" \/>\n\t<meta name=\"twitter:label2\" content=\"Tiempo de lectura\" \/>\n\t<meta name=\"twitter:data2\" content=\"1 minuto\" \/>\n<script type=\"application\/ld+json\" class=\"yoast-schema-graph\">{\"@context\":\"https:\\\/\\\/schema.org\",\"@graph\":[{\"@type\":\"Article\",\"@id\":\"https:\\\/\\\/www.diocesisciudadrodrigo.org\\\/blog4\\\/el-vicario-general-y-el-economo-participan-en-las-jornadas-de-responsables-de-economia-de-la-diocesis-espanolas\\\/#article\",\"isPartOf\":{\"@id\":\"https:\\\/\\\/www.diocesisciudadrodrigo.org\\\/blog4\\\/el-vicario-general-y-el-economo-participan-en-las-jornadas-de-responsables-de-economia-de-la-diocesis-espanolas\\\/\"},\"author\":{\"name\":\"medios CR\",\"@id\":\"https:\\\/\\\/www.diocesisciudadrodrigo.org\\\/blog4\\\/#\\\/schema\\\/person\\\/5fcf0ca636a75766ff70e6417b6ed052\"},\"headline\":\"El Vicario General y el Ec\u00f3nomo participan en las Jornadas de Responsables de Econom\u00eda de las Di\u00f3cesis Espa\u00f1olas\",\"datePublished\":\"2021-09-30T17:28:00+00:00\",\"dateModified\":\"2021-10-01T09:52:33+00:00\",\"mainEntityOfPage\":{\"@id\":\"https:\\\/\\\/www.diocesisciudadrodrigo.org\\\/blog4\\\/el-vicario-general-y-el-economo-participan-en-las-jornadas-de-responsables-de-economia-de-la-diocesis-espanolas\\\/\"},\"wordCount\":144,\"publisher\":{\"@id\":\"https:\\\/\\\/www.diocesisciudadrodrigo.org\\\/blog4\\\/#organization\"},\"image\":{\"@id\":\"https:\\\/\\\/www.diocesisciudadrodrigo.org\\\/blog4\\\/el-vicario-general-y-el-economo-participan-en-las-jornadas-de-responsables-de-economia-de-la-diocesis-espanolas\\\/#primaryimage\"},\"thumbnailUrl\":\"https:\\\/\\\/www.diocesisciudadrodrigo.org\\\/blog4\\\/wp-content\\\/uploads\\\/2021\\\/09\\\/PHOTO-2021-09-30-16-03-36.jpg\",\"articleSection\":[\"Noticias\"],\"inLanguage\":\"es\"},{\"@type\":\"WebPage\",\"@id\":\"https:\\\/\\\/www.diocesisciudadrodrigo.org\\\/blog4\\\/el-vicario-general-y-el-economo-participan-en-las-jornadas-de-responsables-de-economia-de-la-diocesis-espanolas\\\/\",\"url\":\"https:\\\/\\\/www.diocesisciudadrodrigo.org\\\/blog4\\\/el-vicario-general-y-el-economo-participan-en-las-jornadas-de-responsables-de-economia-de-la-diocesis-espanolas\\\/\",\"name\":\"El Vicario General y el Ec\u00f3nomo participan en las Jornadas de Responsables de Econom\u00eda de las Di\u00f3cesis Espa\u00f1olas - Di\u00f3cesis de Ciudad Rodrigo\",\"isPartOf\":{\"@id\":\"https:\\\/\\\/www.diocesisciudadrodrigo.org\\\/blog4\\\/#website\"},\"primaryImageOfPage\":{\"@id\":\"https:\\\/\\\/www.diocesisciudadrodrigo.org\\\/blog4\\\/el-vicario-general-y-el-economo-participan-en-las-jornadas-de-responsables-de-economia-de-la-diocesis-espanolas\\\/#primaryimage\"},\"image\":{\"@id\":\"https:\\\/\\\/www.diocesisciudadrodrigo.org\\\/blog4\\\/el-vicario-general-y-el-economo-participan-en-las-jornadas-de-responsables-de-economia-de-la-diocesis-espanolas\\\/#primaryimage\"},\"thumbnailUrl\":\"https:\\\/\\\/www.diocesisciudadrodrigo.org\\\/blog4\\\/wp-content\\\/uploads\\\/2021\\\/09\\\/PHOTO-2021-09-30-16-03-36.jpg\",\"datePublished\":\"2021-09-30T17:28:00+00:00\",\"dateModified\":\"2021-10-01T09:52:33+00:00\",\"breadcrumb\":{\"@id\":\"https:\\\/\\\/www.diocesisciudadrodrigo.org\\\/blog4\\\/el-vicario-general-y-el-economo-participan-en-las-jornadas-de-responsables-de-economia-de-la-diocesis-espanolas\\\/#breadcrumb\"},\"inLanguage\":\"es\",\"potentialAction\":[{\"@type\":\"ReadAction\",\"target\":[\"https:\\\/\\\/www.diocesisciudadrodrigo.org\\\/blog4\\\/el-vicario-general-y-el-economo-participan-en-las-jornadas-de-responsables-de-economia-de-la-diocesis-espanolas\\\/\"]}]},{\"@type\":\"ImageObject\",\"inLanguage\":\"es\",\"@id\":\"https:\\\/\\\/www.diocesisciudadrodrigo.org\\\/blog4\\\/el-vicario-general-y-el-economo-participan-en-las-jornadas-de-responsables-de-economia-de-la-diocesis-espanolas\\\/#primaryimage\",\"url\":\"https:\\\/\\\/www.diocesisciudadrodrigo.org\\\/blog4\\\/wp-content\\\/uploads\\\/2021\\\/09\\\/PHOTO-2021-09-30-16-03-36.jpg\",\"contentUrl\":\"https:\\\/\\\/www.diocesisciudadrodrigo.org\\\/blog4\\\/wp-content\\\/uploads\\\/2021\\\/09\\\/PHOTO-2021-09-30-16-03-36.jpg\",\"width\":2048,\"height\":1154},{\"@type\":\"BreadcrumbList\",\"@id\":\"https:\\\/\\\/www.diocesisciudadrodrigo.org\\\/blog4\\\/el-vicario-general-y-el-economo-participan-en-las-jornadas-de-responsables-de-economia-de-la-diocesis-espanolas\\\/#breadcrumb\",\"itemListElement\":[{\"@type\":\"ListItem\",\"position\":1,\"name\":\"Portada\",\"item\":\"https:\\\/\\\/www.diocesisciudadrodrigo.org\\\/blog4\\\/\"},{\"@type\":\"ListItem\",\"position\":2,\"name\":\"El Vicario General y el Ec\u00f3nomo participan en las Jornadas de Responsables de Econom\u00eda de las Di\u00f3cesis Espa\u00f1olas\"}]},{\"@type\":\"WebSite\",\"@id\":\"https:\\\/\\\/www.diocesisciudadrodrigo.org\\\/blog4\\\/#website\",\"url\":\"https:\\\/\\\/www.diocesisciudadrodrigo.org\\\/blog4\\\/\",\"name\":\"Di\u00f3cesis de Ciudad Rodrigo\",\"description\":\"Sitio web oficial de la di\u00f3cesis civitatense\",\"publisher\":{\"@id\":\"https:\\\/\\\/www.diocesisciudadrodrigo.org\\\/blog4\\\/#organization\"},\"potentialAction\":[{\"@type\":\"SearchAction\",\"target\":{\"@type\":\"EntryPoint\",\"urlTemplate\":\"https:\\\/\\\/www.diocesisciudadrodrigo.org\\\/blog4\\\/?s={search_term_string}\"},\"query-input\":{\"@type\":\"PropertyValueSpecification\",\"valueRequired\":true,\"valueName\":\"search_term_string\"}}],\"inLanguage\":\"es\"},{\"@type\":\"Organization\",\"@id\":\"https:\\\/\\\/www.diocesisciudadrodrigo.org\\\/blog4\\\/#organization\",\"name\":\"Di\u00f3cesis de Ciudad Rodrigo\",\"url\":\"https:\\\/\\\/www.diocesisciudadrodrigo.org\\\/blog4\\\/\",\"logo\":{\"@type\":\"ImageObject\",\"inLanguage\":\"es\",\"@id\":\"https:\\\/\\\/www.diocesisciudadrodrigo.org\\\/blog4\\\/#\\\/schema\\\/logo\\\/image\\\/\",\"url\":\"https:\\\/\\\/www.diocesisciudadrodrigo.org\\\/blog4\\\/wp-content\\\/uploads\\\/2024\\\/12\\\/Diocesis.CMYK_-768x480-1.jpg\",\"contentUrl\":\"https:\\\/\\\/www.diocesisciudadrodrigo.org\\\/blog4\\\/wp-content\\\/uploads\\\/2024\\\/12\\\/Diocesis.CMYK_-768x480-1.jpg\",\"width\":768,\"height\":480,\"caption\":\"Di\u00f3cesis de Ciudad Rodrigo\"},\"image\":{\"@id\":\"https:\\\/\\\/www.diocesisciudadrodrigo.org\\\/blog4\\\/#\\\/schema\\\/logo\\\/image\\\/\"},\"sameAs\":[\"https:\\\/\\\/www.facebook.com\\\/people\\\/Dicesis-Ciudad-Rodrigo-MCS\\\/100076471923419\\\/#\"]},{\"@type\":\"Person\",\"@id\":\"https:\\\/\\\/www.diocesisciudadrodrigo.org\\\/blog4\\\/#\\\/schema\\\/person\\\/5fcf0ca636a75766ff70e6417b6ed052\",\"name\":\"medios CR\",\"image\":{\"@type\":\"ImageObject\",\"inLanguage\":\"es\",\"@id\":\"https:\\\/\\\/secure.gravatar.com\\\/avatar\\\/4a619fd0c7e36bd570f4e6e15eb09a2191185d0f63d8dbfdffe848af141ab87e?s=96&d=mm&r=g\",\"url\":\"https:\\\/\\\/secure.gravatar.com\\\/avatar\\\/4a619fd0c7e36bd570f4e6e15eb09a2191185d0f63d8dbfdffe848af141ab87e?s=96&d=mm&r=g\",\"contentUrl\":\"https:\\\/\\\/secure.gravatar.com\\\/avatar\\\/4a619fd0c7e36bd570f4e6e15eb09a2191185d0f63d8dbfdffe848af141ab87e?s=96&d=mm&r=g\",\"caption\":\"medios CR\"},\"url\":\"https:\\\/\\\/www.diocesisciudadrodrigo.org\\\/blog4\\\/author\\\/admin4\\\/\"}]}<\/script>\n<!-- \/ Yoast SEO plugin. -->","yoast_head_json":{"title":"El Vicario General y el Ec\u00f3nomo participan en las Jornadas de Responsables de Econom\u00eda de las Di\u00f3cesis Espa\u00f1olas - Di\u00f3cesis de Ciudad Rodrigo","robots":{"index":"index","follow":"follow","max-snippet":"max-snippet:-1","max-image-preview":"max-image-preview:large","max-video-preview":"max-video-preview:-1"},"canonical":"https:\/\/www.diocesisciudadrodrigo.org\/blog4\/el-vicario-general-y-el-economo-participan-en-las-jornadas-de-responsables-de-economia-de-la-diocesis-espanolas\/","og_locale":"es_ES","og_type":"article","og_title":"El Vicario General y el Ec\u00f3nomo participan en las Jornadas de Responsables de Econom\u00eda de las Di\u00f3cesis Espa\u00f1olas - Di\u00f3cesis de Ciudad Rodrigo","og_description":"El Vicario General de la Di\u00f3cesis, D. Jos\u00e9 Mar\u00eda Rodr\u00edguez-Veleiro, y el Ec\u00f3nomo, D. Manuel Dom\u00ednguez, participan en las V Jornadas de Responsables de Econom\u00eda de las Di\u00f3cesis Espa\u00f1olas que ... Leer m\u00e1s ...","og_url":"https:\/\/www.diocesisciudadrodrigo.org\/blog4\/el-vicario-general-y-el-economo-participan-en-las-jornadas-de-responsables-de-economia-de-la-diocesis-espanolas\/","og_site_name":"Di\u00f3cesis de Ciudad Rodrigo","article_publisher":"https:\/\/www.facebook.com\/people\/Dicesis-Ciudad-Rodrigo-MCS\/100076471923419\/#","article_published_time":"2021-09-30T17:28:00+00:00","article_modified_time":"2021-10-01T09:52:33+00:00","og_image":[{"width":2048,"height":1154,"url":"https:\/\/www.diocesisciudadrodrigo.org\/blog4\/wp-content\/uploads\/2021\/09\/PHOTO-2021-09-30-16-03-36.jpg","type":"image\/jpeg"}],"author":"medios CR","twitter_card":"summary_large_image","twitter_misc":{"Escrito por":"medios CR","Tiempo de lectura":"1 minuto"},"schema":{"@context":"https:\/\/schema.org","@graph":[{"@type":"Article","@id":"https:\/\/www.diocesisciudadrodrigo.org\/blog4\/el-vicario-general-y-el-economo-participan-en-las-jornadas-de-responsables-de-economia-de-la-diocesis-espanolas\/#article","isPartOf":{"@id":"https:\/\/www.diocesisciudadrodrigo.org\/blog4\/el-vicario-general-y-el-economo-participan-en-las-jornadas-de-responsables-de-economia-de-la-diocesis-espanolas\/"},"author":{"name":"medios CR","@id":"https:\/\/www.diocesisciudadrodrigo.org\/blog4\/#\/schema\/person\/5fcf0ca636a75766ff70e6417b6ed052"},"headline":"El Vicario General y el Ec\u00f3nomo participan en las Jornadas de Responsables de Econom\u00eda de las Di\u00f3cesis Espa\u00f1olas","datePublished":"2021-09-30T17:28:00+00:00","dateModified":"2021-10-01T09:52:33+00:00","mainEntityOfPage":{"@id":"https:\/\/www.diocesisciudadrodrigo.org\/blog4\/el-vicario-general-y-el-economo-participan-en-las-jornadas-de-responsables-de-economia-de-la-diocesis-espanolas\/"},"wordCount":144,"publisher":{"@id":"https:\/\/www.diocesisciudadrodrigo.org\/blog4\/#organization"},"image":{"@id":"https:\/\/www.diocesisciudadrodrigo.org\/blog4\/el-vicario-general-y-el-economo-participan-en-las-jornadas-de-responsables-de-economia-de-la-diocesis-espanolas\/#primaryimage"},"thumbnailUrl":"https:\/\/www.diocesisciudadrodrigo.org\/blog4\/wp-content\/uploads\/2021\/09\/PHOTO-2021-09-30-16-03-36.jpg","articleSection":["Noticias"],"inLanguage":"es"},{"@type":"WebPage","@id":"https:\/\/www.diocesisciudadrodrigo.org\/blog4\/el-vicario-general-y-el-economo-participan-en-las-jornadas-de-responsables-de-economia-de-la-diocesis-espanolas\/","url":"https:\/\/www.diocesisciudadrodrigo.org\/blog4\/el-vicario-general-y-el-economo-participan-en-las-jornadas-de-responsables-de-economia-de-la-diocesis-espanolas\/","name":"El Vicario General y el Ec\u00f3nomo participan en las Jornadas de Responsables de Econom\u00eda de las Di\u00f3cesis Espa\u00f1olas - Di\u00f3cesis de Ciudad Rodrigo","isPartOf":{"@id":"https:\/\/www.diocesisciudadrodrigo.org\/blog4\/#website"},"primaryImageOfPage":{"@id":"https:\/\/www.diocesisciudadrodrigo.org\/blog4\/el-vicario-general-y-el-economo-participan-en-las-jornadas-de-responsables-de-economia-de-la-diocesis-espanolas\/#primaryimage"},"image":{"@id":"https:\/\/www.diocesisciudadrodrigo.org\/blog4\/el-vicario-general-y-el-economo-participan-en-las-jornadas-de-responsables-de-economia-de-la-diocesis-espanolas\/#primaryimage"},"thumbnailUrl":"https:\/\/www.diocesisciudadrodrigo.org\/blog4\/wp-content\/uploads\/2021\/09\/PHOTO-2021-09-30-16-03-36.jpg","datePublished":"2021-09-30T17:28:00+00:00","dateModified":"2021-10-01T09:52:33+00:00","breadcrumb":{"@id":"https:\/\/www.diocesisciudadrodrigo.org\/blog4\/el-vicario-general-y-el-economo-participan-en-las-jornadas-de-responsables-de-economia-de-la-diocesis-espanolas\/#breadcrumb"},"inLanguage":"es","potentialAction":[{"@type":"ReadAction","target":["https:\/\/www.diocesisciudadrodrigo.org\/blog4\/el-vicario-general-y-el-economo-participan-en-las-jornadas-de-responsables-de-economia-de-la-diocesis-espanolas\/"]}]},{"@type":"ImageObject","inLanguage":"es","@id":"https:\/\/www.diocesisciudadrodrigo.org\/blog4\/el-vicario-general-y-el-economo-participan-en-las-jornadas-de-responsables-de-economia-de-la-diocesis-espanolas\/#primaryimage","url":"https:\/\/www.diocesisciudadrodrigo.org\/blog4\/wp-content\/uploads\/2021\/09\/PHOTO-2021-09-30-16-03-36.jpg","contentUrl":"https:\/\/www.diocesisciudadrodrigo.org\/blog4\/wp-content\/uploads\/2021\/09\/PHOTO-2021-09-30-16-03-36.jpg","width":2048,"height":1154},{"@type":"BreadcrumbList","@id":"https:\/\/www.diocesisciudadrodrigo.org\/blog4\/el-vicario-general-y-el-economo-participan-en-las-jornadas-de-responsables-de-economia-de-la-diocesis-espanolas\/#breadcrumb","itemListElement":[{"@type":"ListItem","position":1,"name":"Portada","item":"https:\/\/www.diocesisciudadrodrigo.org\/blog4\/"},{"@type":"ListItem","position":2,"name":"El Vicario General y el Ec\u00f3nomo participan en las Jornadas de Responsables de Econom\u00eda de las Di\u00f3cesis Espa\u00f1olas"}]},{"@type":"WebSite","@id":"https:\/\/www.diocesisciudadrodrigo.org\/blog4\/#website","url":"https:\/\/www.diocesisciudadrodrigo.org\/blog4\/","name":"Di\u00f3cesis de Ciudad Rodrigo","description":"Sitio web oficial de la di\u00f3cesis civitatense","publisher":{"@id":"https:\/\/www.diocesisciudadrodrigo.org\/blog4\/#organization"},"potentialAction":[{"@type":"SearchAction","target":{"@type":"EntryPoint","urlTemplate":"https:\/\/www.diocesisciudadrodrigo.org\/blog4\/?s={search_term_string}"},"query-input":{"@type":"PropertyValueSpecification","valueRequired":true,"valueName":"search_term_string"}}],"inLanguage":"es"},{"@type":"Organization","@id":"https:\/\/www.diocesisciudadrodrigo.org\/blog4\/#organization","name":"Di\u00f3cesis de Ciudad Rodrigo","url":"https:\/\/www.diocesisciudadrodrigo.org\/blog4\/","logo":{"@type":"ImageObject","inLanguage":"es","@id":"https:\/\/www.diocesisciudadrodrigo.org\/blog4\/#\/schema\/logo\/image\/","url":"https:\/\/www.diocesisciudadrodrigo.org\/blog4\/wp-content\/uploads\/2024\/12\/Diocesis.CMYK_-768x480-1.jpg","contentUrl":"https:\/\/www.diocesisciudadrodrigo.org\/blog4\/wp-content\/uploads\/2024\/12\/Diocesis.CMYK_-768x480-1.jpg","width":768,"height":480,"caption":"Di\u00f3cesis de Ciudad Rodrigo"},"image":{"@id":"https:\/\/www.diocesisciudadrodrigo.org\/blog4\/#\/schema\/logo\/image\/"},"sameAs":["https:\/\/www.facebook.com\/people\/Dicesis-Ciudad-Rodrigo-MCS\/100076471923419\/#"]},{"@type":"Person","@id":"https:\/\/www.diocesisciudadrodrigo.org\/blog4\/#\/schema\/person\/5fcf0ca636a75766ff70e6417b6ed052","name":"medios CR","image":{"@type":"ImageObject","inLanguage":"es","@id":"https:\/\/secure.gravatar.com\/avatar\/4a619fd0c7e36bd570f4e6e15eb09a2191185d0f63d8dbfdffe848af141ab87e?s=96&d=mm&r=g","url":"https:\/\/secure.gravatar.com\/avatar\/4a619fd0c7e36bd570f4e6e15eb09a2191185d0f63d8dbfdffe848af141ab87e?s=96&d=mm&r=g","contentUrl":"https:\/\/secure.gravatar.com\/avatar\/4a619fd0c7e36bd570f4e6e15eb09a2191185d0f63d8dbfdffe848af141ab87e?s=96&d=mm&r=g","caption":"medios CR"},"url":"https:\/\/www.diocesisciudadrodrigo.org\/blog4\/author\/admin4\/"}]}},"_links":{"self":[{"href":"https:\/\/www.diocesisciudadrodrigo.org\/blog4\/wp-json\/wp\/v2\/posts\/19331","targetHints":{"allow":["GET"]}}],"collection":[{"href":"https:\/\/www.diocesisciudadrodrigo.org\/blog4\/wp-json\/wp\/v2\/posts"}],"about":[{"href":"https:\/\/www.diocesisciudadrodrigo.org\/blog4\/wp-json\/wp\/v2\/types\/post"}],"author":[{"embeddable":true,"href":"https:\/\/www.diocesisciudadrodrigo.org\/blog4\/wp-json\/wp\/v2\/users\/1"}],"replies":[{"embeddable":true,"href":"https:\/\/www.diocesisciudadrodrigo.org\/blog4\/wp-json\/wp\/v2\/comments?post=19331"}],"version-history":[{"count":5,"href":"https:\/\/www.diocesisciudadrodrigo.org\/blog4\/wp-json\/wp\/v2\/posts\/19331\/revisions"}],"predecessor-version":[{"id":19351,"href":"https:\/\/www.diocesisciudadrodrigo.org\/blog4\/wp-json\/wp\/v2\/posts\/19331\/revisions\/19351"}],"wp:featuredmedia":[{"embeddable":true,"href":"https:\/\/www.diocesisciudadrodrigo.org\/blog4\/wp-json\/wp\/v2\/media\/19332"}],"wp:attachment":[{"href":"https:\/\/www.diocesisciudadrodrigo.org\/blog4\/wp-json\/wp\/v2\/media?parent=19331"}],"wp:term":[{"taxonomy":"category","embeddable":true,"href":"https:\/\/www.diocesisciudadrodrigo.org\/blog4\/wp-json\/wp\/v2\/categories?post=19331"},{"taxonomy":"post_tag","embeddable":true,"href":"https:\/\/www.diocesisciudadrodrigo.org\/blog4\/wp-json\/wp\/v2\/tags?post=19331"}],"curies":[{"name":"wp","href":"https:\/\/api.w.org\/{rel}","templated":true}]}}