{"id":15022,"date":"2020-11-24T11:44:52","date_gmt":"2020-11-24T10:44:52","guid":{"rendered":"https:\/\/www.diocesisciudadrodrigo.org\/blog4\/?p=15022"},"modified":"2020-11-24T11:51:18","modified_gmt":"2020-11-24T10:51:18","slug":"restauracion-de-la-imagen-de-la-virgen-del-rosario-de-la-parroquia-de-san-miguel-arcangel-de-la-atalaya","status":"publish","type":"post","link":"https:\/\/www.diocesisciudadrodrigo.org\/blog4\/restauracion-de-la-imagen-de-la-virgen-del-rosario-de-la-parroquia-de-san-miguel-arcangel-de-la-atalaya\/","title":{"rendered":"Restauraci\u00f3n de la imagen de la Virgen del Rosario de la Parroquia de San Miguel Arc\u00e1ngel de La Atalaya"},"content":{"rendered":"\t\t<div data-elementor-type=\"wp-post\" data-elementor-id=\"15022\" class=\"elementor elementor-15022\" data-elementor-settings=\"[]\">\n\t\t\t\t\t\t<div class=\"elementor-inner\">\n\t\t\t\t\t\t\t<div class=\"elementor-section-wrap\">\n\t\t\t\t\t\t\t<section class=\"elementor-section elementor-top-section elementor-element elementor-element-213cab6 elementor-section-boxed elementor-section-height-default elementor-section-height-default\" data-id=\"213cab6\" data-element_type=\"section\">\n\t\t\t\t\t\t<div class=\"elementor-container elementor-column-gap-default\">\n\t\t\t\t\t\t\t<div class=\"elementor-row\">\n\t\t\t\t\t<div class=\"elementor-column elementor-col-100 elementor-top-column elementor-element elementor-element-83e26d9\" data-id=\"83e26d9\" data-element_type=\"column\">\n\t\t\t<div class=\"elementor-column-wrap elementor-element-populated\">\n\t\t\t\t\t\t\t<div class=\"elementor-widget-wrap\">\n\t\t\t\t\t\t<div class=\"elementor-element elementor-element-5403d1e elementor-widget elementor-widget-text-editor\" data-id=\"5403d1e\" data-element_type=\"widget\" data-widget_type=\"text-editor.default\">\n\t\t\t\t<div class=\"elementor-widget-container\">\n\t\t\t\t\t\t\t\t<div class=\"elementor-text-editor elementor-clearfix\">\n\t\t\t\t<p>Hace un a\u00f1o la comunidad parroquial de La Atalaya, despu\u00e9s de celebrar la fiesta de la Virgen del Rosario, decidi\u00f3 comenzar a hacer gestiones para la posible restauraci\u00f3n de la escultura del siglo XVII, poni\u00e9ndose en contacto con la Delegaci\u00f3n diocesana de Patrimonio cultural.<\/p><p>El estado de conservaci\u00f3n de la imagen de 90 cm de alto era p\u00e9simo debido al paso de los a\u00f1os y al uso en el pasado de velas que se pon\u00edan junto a las im\u00e1genes. La Parroquia, con escasos medios econ\u00f3micos, comenz\u00f3 en octubre de 2019 a ahorrar para hacer frente a esta restauraci\u00f3n. En noviembre de 2019 las restauradoras Carmen Diego Espinel y Carmina Fern\u00e1ndez Bermejo hicieron el informe y el presupuesto de restauraci\u00f3n.<\/p><p>Pasado el verano de 2020 la Parroquia contaba con un fondo de 1500 euros a los que se a\u00f1adieron 1600 euros de la rifa de unos lotes de productos regalados por la gente del pueblo. Reunidos los 3100 euros y teniendo margen para los gastos ordinarios de la Parroquia, se decidi\u00f3 en octubre mandarla a restaurar.<\/p><p>El 23 de noviembre de 2020, las restauradoras han entregado a la Parroquia la imagen restaurada y han explicado el proceso de restauraci\u00f3n en presencia de un grupo de fieles.<\/p><p>El importe total de la restauraci\u00f3n finalmente ha sido de 2904 euros. Al terminar el proceso de restauraci\u00f3n un fiel de la Parroquia decidi\u00f3 asumir el coste de la restauraci\u00f3n, con lo cual todo el dinero ahorrado se emplear\u00e1 en la restauraci\u00f3n de otra imagen de la Parroquia, la Virgen de las Nieves.<\/p>\t\t\t\t\t<\/div>\n\t\t\t\t\t\t<\/div>\n\t\t\t\t<\/div>\n\t\t\t\t\t\t<\/div>\n\t\t\t\t\t<\/div>\n\t\t<\/div>\n\t\t\t\t\t\t\t\t<\/div>\n\t\t\t\t\t<\/div>\n\t\t<\/section>\n\t\t\t\t<section class=\"elementor-section elementor-top-section elementor-element elementor-element-721668c elementor-section-boxed elementor-section-height-default elementor-section-height-default\" data-id=\"721668c\" data-element_type=\"section\">\n\t\t\t\t\t\t<div class=\"elementor-container elementor-column-gap-default\">\n\t\t\t\t\t\t\t<div class=\"elementor-row\">\n\t\t\t\t\t<div class=\"elementor-column elementor-col-100 elementor-top-column elementor-element elementor-element-c5243a4\" data-id=\"c5243a4\" data-element_type=\"column\">\n\t\t\t<div class=\"elementor-column-wrap elementor-element-populated\">\n\t\t\t\t\t\t\t<div class=\"elementor-widget-wrap\">\n\t\t\t\t\t\t<div class=\"elementor-element elementor-element-69c9c3b elementor-widget elementor-widget-image\" data-id=\"69c9c3b\" data-element_type=\"widget\" data-widget_type=\"image.default\">\n\t\t\t\t<div class=\"elementor-widget-container\">\n\t\t\t\t\t\t\t\t<div class=\"elementor-image\">\n\t\t\t\t\t\t\t\t\t\t\t\t<img loading=\"lazy\" decoding=\"async\" width=\"768\" height=\"1024\" src=\"https:\/\/www.diocesisciudadrodrigo.org\/blog4\/wp-content\/uploads\/2020\/11\/Virgen-del-Rosario-La-Atalaya.-Restaurada-en-octubre-de-2020-768x1024.jpg\" class=\"attachment-large size-large\" alt=\"\" srcset=\"https:\/\/www.diocesisciudadrodrigo.org\/blog4\/wp-content\/uploads\/2020\/11\/Virgen-del-Rosario-La-Atalaya.-Restaurada-en-octubre-de-2020-768x1024.jpg 768w, https:\/\/www.diocesisciudadrodrigo.org\/blog4\/wp-content\/uploads\/2020\/11\/Virgen-del-Rosario-La-Atalaya.-Restaurada-en-octubre-de-2020-225x300.jpg 225w, https:\/\/www.diocesisciudadrodrigo.org\/blog4\/wp-content\/uploads\/2020\/11\/Virgen-del-Rosario-La-Atalaya.-Restaurada-en-octubre-de-2020-1152x1536.jpg 1152w, https:\/\/www.diocesisciudadrodrigo.org\/blog4\/wp-content\/uploads\/2020\/11\/Virgen-del-Rosario-La-Atalaya.-Restaurada-en-octubre-de-2020-1536x2048.jpg 1536w, https:\/\/www.diocesisciudadrodrigo.org\/blog4\/wp-content\/uploads\/2020\/11\/Virgen-del-Rosario-La-Atalaya.-Restaurada-en-octubre-de-2020-350x467.jpg 350w, https:\/\/www.diocesisciudadrodrigo.org\/blog4\/wp-content\/uploads\/2020\/11\/Virgen-del-Rosario-La-Atalaya.-Restaurada-en-octubre-de-2020-scaled.jpg 1920w\" sizes=\"auto, (max-width: 768px) 100vw, 768px\" \/>\t\t\t\t\t\t\t\t\t\t\t\t\t\t<\/div>\n\t\t\t\t\t\t<\/div>\n\t\t\t\t<\/div>\n\t\t\t\t\t\t<\/div>\n\t\t\t\t\t<\/div>\n\t\t<\/div>\n\t\t\t\t\t\t\t\t<\/div>\n\t\t\t\t\t<\/div>\n\t\t<\/section>\n\t\t\t\t\t\t<\/div>\n\t\t\t\t\t\t<\/div>\n\t\t\t\t\t<\/div>\n\t\t","protected":false},"excerpt":{"rendered":"<p>Hace un a\u00f1o la comunidad parroquial de La Atalaya, despu\u00e9s de celebrar la fiesta de la Virgen del Rosario, decidi\u00f3 comenzar a hacer gestiones para la posible restauraci\u00f3n de la &#8230; <\/p>\n<p class=\"read-more-container\"><a title=\"Restauraci\u00f3n de la imagen de la Virgen del Rosario de la Parroquia de San Miguel Arc\u00e1ngel de La Atalaya\" class=\"read-more button\" href=\"https:\/\/www.diocesisciudadrodrigo.org\/blog4\/restauracion-de-la-imagen-de-la-virgen-del-rosario-de-la-parroquia-de-san-miguel-arcangel-de-la-atalaya\/#more-15022\" aria-label=\"M\u00e1s en Restauraci\u00f3n de la imagen de la Virgen del Rosario de la Parroquia de San Miguel Arc\u00e1ngel de La Atalaya\">Leer m\u00e1s &#8230;<\/a><\/p>\n","protected":false},"author":1,"featured_media":15028,"comment_status":"closed","ping_status":"closed","sticky":false,"template":"","format":"standard","meta":{"footnotes":""},"categories":[6],"tags":[],"class_list":["post-15022","post","type-post","status-publish","format-standard","has-post-thumbnail","hentry","category-noticias","masonry-post","generate-columns","tablet-grid-50","mobile-grid-100","grid-parent","grid-50"],"yoast_head":"<!-- This site is optimized with the Yoast SEO plugin v27.3 - https:\/\/yoast.com\/product\/yoast-seo-wordpress\/ -->\n<title>Restauraci\u00f3n de la imagen de la Virgen del Rosario de la Parroquia de San Miguel Arc\u00e1ngel de La Atalaya - Di\u00f3cesis de Ciudad Rodrigo<\/title>\n<meta name=\"robots\" content=\"index, follow, max-snippet:-1, max-image-preview:large, max-video-preview:-1\" \/>\n<link rel=\"canonical\" href=\"https:\/\/www.diocesisciudadrodrigo.org\/blog4\/restauracion-de-la-imagen-de-la-virgen-del-rosario-de-la-parroquia-de-san-miguel-arcangel-de-la-atalaya\/\" \/>\n<meta property=\"og:locale\" content=\"es_ES\" \/>\n<meta property=\"og:type\" content=\"article\" \/>\n<meta property=\"og:title\" content=\"Restauraci\u00f3n de la imagen de la Virgen del Rosario de la Parroquia de San Miguel Arc\u00e1ngel de La Atalaya - Di\u00f3cesis de Ciudad Rodrigo\" \/>\n<meta property=\"og:description\" content=\"Hace un a\u00f1o la comunidad parroquial de La Atalaya, despu\u00e9s de celebrar la fiesta de la Virgen del Rosario, decidi\u00f3 comenzar a hacer gestiones para la posible restauraci\u00f3n de la ... Leer m\u00e1s ...\" \/>\n<meta property=\"og:url\" content=\"https:\/\/www.diocesisciudadrodrigo.org\/blog4\/restauracion-de-la-imagen-de-la-virgen-del-rosario-de-la-parroquia-de-san-miguel-arcangel-de-la-atalaya\/\" \/>\n<meta property=\"og:site_name\" content=\"Di\u00f3cesis de Ciudad Rodrigo\" \/>\n<meta property=\"article:publisher\" content=\"https:\/\/www.facebook.com\/people\/Dicesis-Ciudad-Rodrigo-MCS\/100076471923419\/#\" \/>\n<meta property=\"article:published_time\" content=\"2020-11-24T10:44:52+00:00\" \/>\n<meta property=\"article:modified_time\" content=\"2020-11-24T10:51:18+00:00\" \/>\n<meta property=\"og:image\" content=\"https:\/\/www.diocesisciudadrodrigo.org\/blog4\/wp-content\/uploads\/2020\/11\/Virgen-del-Rosario-La-Atalaya.-Restaurada-en-octubre-de-2020-1-scaled-e1606215066685.jpg\" \/>\n\t<meta property=\"og:image:width\" content=\"1469\" \/>\n\t<meta property=\"og:image:height\" content=\"1112\" \/>\n\t<meta property=\"og:image:type\" content=\"image\/jpeg\" \/>\n<meta name=\"author\" content=\"medios CR\" \/>\n<meta name=\"twitter:card\" content=\"summary_large_image\" \/>\n<meta name=\"twitter:label1\" content=\"Escrito por\" \/>\n\t<meta name=\"twitter:data1\" content=\"medios CR\" \/>\n\t<meta name=\"twitter:label2\" content=\"Tiempo de lectura\" \/>\n\t<meta name=\"twitter:data2\" content=\"1 minuto\" \/>\n<script type=\"application\/ld+json\" class=\"yoast-schema-graph\">{\"@context\":\"https:\\\/\\\/schema.org\",\"@graph\":[{\"@type\":\"Article\",\"@id\":\"https:\\\/\\\/www.diocesisciudadrodrigo.org\\\/blog4\\\/restauracion-de-la-imagen-de-la-virgen-del-rosario-de-la-parroquia-de-san-miguel-arcangel-de-la-atalaya\\\/#article\",\"isPartOf\":{\"@id\":\"https:\\\/\\\/www.diocesisciudadrodrigo.org\\\/blog4\\\/restauracion-de-la-imagen-de-la-virgen-del-rosario-de-la-parroquia-de-san-miguel-arcangel-de-la-atalaya\\\/\"},\"author\":{\"name\":\"medios CR\",\"@id\":\"https:\\\/\\\/www.diocesisciudadrodrigo.org\\\/blog4\\\/#\\\/schema\\\/person\\\/5fcf0ca636a75766ff70e6417b6ed052\"},\"headline\":\"Restauraci\u00f3n de la imagen de la Virgen del Rosario de la Parroquia de San Miguel Arc\u00e1ngel de La Atalaya\",\"datePublished\":\"2020-11-24T10:44:52+00:00\",\"dateModified\":\"2020-11-24T10:51:18+00:00\",\"mainEntityOfPage\":{\"@id\":\"https:\\\/\\\/www.diocesisciudadrodrigo.org\\\/blog4\\\/restauracion-de-la-imagen-de-la-virgen-del-rosario-de-la-parroquia-de-san-miguel-arcangel-de-la-atalaya\\\/\"},\"wordCount\":289,\"publisher\":{\"@id\":\"https:\\\/\\\/www.diocesisciudadrodrigo.org\\\/blog4\\\/#organization\"},\"image\":{\"@id\":\"https:\\\/\\\/www.diocesisciudadrodrigo.org\\\/blog4\\\/restauracion-de-la-imagen-de-la-virgen-del-rosario-de-la-parroquia-de-san-miguel-arcangel-de-la-atalaya\\\/#primaryimage\"},\"thumbnailUrl\":\"https:\\\/\\\/www.diocesisciudadrodrigo.org\\\/blog4\\\/wp-content\\\/uploads\\\/2020\\\/11\\\/Virgen-del-Rosario-La-Atalaya.-Restaurada-en-octubre-de-2020-1-scaled-e1606215066685.jpg\",\"articleSection\":[\"Noticias\"],\"inLanguage\":\"es\"},{\"@type\":\"WebPage\",\"@id\":\"https:\\\/\\\/www.diocesisciudadrodrigo.org\\\/blog4\\\/restauracion-de-la-imagen-de-la-virgen-del-rosario-de-la-parroquia-de-san-miguel-arcangel-de-la-atalaya\\\/\",\"url\":\"https:\\\/\\\/www.diocesisciudadrodrigo.org\\\/blog4\\\/restauracion-de-la-imagen-de-la-virgen-del-rosario-de-la-parroquia-de-san-miguel-arcangel-de-la-atalaya\\\/\",\"name\":\"Restauraci\u00f3n de la imagen de la Virgen del Rosario de la Parroquia de San Miguel Arc\u00e1ngel de La Atalaya - Di\u00f3cesis de Ciudad Rodrigo\",\"isPartOf\":{\"@id\":\"https:\\\/\\\/www.diocesisciudadrodrigo.org\\\/blog4\\\/#website\"},\"primaryImageOfPage\":{\"@id\":\"https:\\\/\\\/www.diocesisciudadrodrigo.org\\\/blog4\\\/restauracion-de-la-imagen-de-la-virgen-del-rosario-de-la-parroquia-de-san-miguel-arcangel-de-la-atalaya\\\/#primaryimage\"},\"image\":{\"@id\":\"https:\\\/\\\/www.diocesisciudadrodrigo.org\\\/blog4\\\/restauracion-de-la-imagen-de-la-virgen-del-rosario-de-la-parroquia-de-san-miguel-arcangel-de-la-atalaya\\\/#primaryimage\"},\"thumbnailUrl\":\"https:\\\/\\\/www.diocesisciudadrodrigo.org\\\/blog4\\\/wp-content\\\/uploads\\\/2020\\\/11\\\/Virgen-del-Rosario-La-Atalaya.-Restaurada-en-octubre-de-2020-1-scaled-e1606215066685.jpg\",\"datePublished\":\"2020-11-24T10:44:52+00:00\",\"dateModified\":\"2020-11-24T10:51:18+00:00\",\"breadcrumb\":{\"@id\":\"https:\\\/\\\/www.diocesisciudadrodrigo.org\\\/blog4\\\/restauracion-de-la-imagen-de-la-virgen-del-rosario-de-la-parroquia-de-san-miguel-arcangel-de-la-atalaya\\\/#breadcrumb\"},\"inLanguage\":\"es\",\"potentialAction\":[{\"@type\":\"ReadAction\",\"target\":[\"https:\\\/\\\/www.diocesisciudadrodrigo.org\\\/blog4\\\/restauracion-de-la-imagen-de-la-virgen-del-rosario-de-la-parroquia-de-san-miguel-arcangel-de-la-atalaya\\\/\"]}]},{\"@type\":\"ImageObject\",\"inLanguage\":\"es\",\"@id\":\"https:\\\/\\\/www.diocesisciudadrodrigo.org\\\/blog4\\\/restauracion-de-la-imagen-de-la-virgen-del-rosario-de-la-parroquia-de-san-miguel-arcangel-de-la-atalaya\\\/#primaryimage\",\"url\":\"https:\\\/\\\/www.diocesisciudadrodrigo.org\\\/blog4\\\/wp-content\\\/uploads\\\/2020\\\/11\\\/Virgen-del-Rosario-La-Atalaya.-Restaurada-en-octubre-de-2020-1-scaled-e1606215066685.jpg\",\"contentUrl\":\"https:\\\/\\\/www.diocesisciudadrodrigo.org\\\/blog4\\\/wp-content\\\/uploads\\\/2020\\\/11\\\/Virgen-del-Rosario-La-Atalaya.-Restaurada-en-octubre-de-2020-1-scaled-e1606215066685.jpg\",\"width\":1469,\"height\":1112},{\"@type\":\"BreadcrumbList\",\"@id\":\"https:\\\/\\\/www.diocesisciudadrodrigo.org\\\/blog4\\\/restauracion-de-la-imagen-de-la-virgen-del-rosario-de-la-parroquia-de-san-miguel-arcangel-de-la-atalaya\\\/#breadcrumb\",\"itemListElement\":[{\"@type\":\"ListItem\",\"position\":1,\"name\":\"Portada\",\"item\":\"https:\\\/\\\/www.diocesisciudadrodrigo.org\\\/blog4\\\/\"},{\"@type\":\"ListItem\",\"position\":2,\"name\":\"Restauraci\u00f3n de la imagen de la Virgen del Rosario de la Parroquia de San Miguel Arc\u00e1ngel de La Atalaya\"}]},{\"@type\":\"WebSite\",\"@id\":\"https:\\\/\\\/www.diocesisciudadrodrigo.org\\\/blog4\\\/#website\",\"url\":\"https:\\\/\\\/www.diocesisciudadrodrigo.org\\\/blog4\\\/\",\"name\":\"Di\u00f3cesis de Ciudad Rodrigo\",\"description\":\"Sitio web oficial de la di\u00f3cesis civitatense\",\"publisher\":{\"@id\":\"https:\\\/\\\/www.diocesisciudadrodrigo.org\\\/blog4\\\/#organization\"},\"potentialAction\":[{\"@type\":\"SearchAction\",\"target\":{\"@type\":\"EntryPoint\",\"urlTemplate\":\"https:\\\/\\\/www.diocesisciudadrodrigo.org\\\/blog4\\\/?s={search_term_string}\"},\"query-input\":{\"@type\":\"PropertyValueSpecification\",\"valueRequired\":true,\"valueName\":\"search_term_string\"}}],\"inLanguage\":\"es\"},{\"@type\":\"Organization\",\"@id\":\"https:\\\/\\\/www.diocesisciudadrodrigo.org\\\/blog4\\\/#organization\",\"name\":\"Di\u00f3cesis de Ciudad Rodrigo\",\"url\":\"https:\\\/\\\/www.diocesisciudadrodrigo.org\\\/blog4\\\/\",\"logo\":{\"@type\":\"ImageObject\",\"inLanguage\":\"es\",\"@id\":\"https:\\\/\\\/www.diocesisciudadrodrigo.org\\\/blog4\\\/#\\\/schema\\\/logo\\\/image\\\/\",\"url\":\"https:\\\/\\\/www.diocesisciudadrodrigo.org\\\/blog4\\\/wp-content\\\/uploads\\\/2024\\\/12\\\/Diocesis.CMYK_-768x480-1.jpg\",\"contentUrl\":\"https:\\\/\\\/www.diocesisciudadrodrigo.org\\\/blog4\\\/wp-content\\\/uploads\\\/2024\\\/12\\\/Diocesis.CMYK_-768x480-1.jpg\",\"width\":768,\"height\":480,\"caption\":\"Di\u00f3cesis de Ciudad Rodrigo\"},\"image\":{\"@id\":\"https:\\\/\\\/www.diocesisciudadrodrigo.org\\\/blog4\\\/#\\\/schema\\\/logo\\\/image\\\/\"},\"sameAs\":[\"https:\\\/\\\/www.facebook.com\\\/people\\\/Dicesis-Ciudad-Rodrigo-MCS\\\/100076471923419\\\/#\"]},{\"@type\":\"Person\",\"@id\":\"https:\\\/\\\/www.diocesisciudadrodrigo.org\\\/blog4\\\/#\\\/schema\\\/person\\\/5fcf0ca636a75766ff70e6417b6ed052\",\"name\":\"medios CR\",\"image\":{\"@type\":\"ImageObject\",\"inLanguage\":\"es\",\"@id\":\"https:\\\/\\\/secure.gravatar.com\\\/avatar\\\/4a619fd0c7e36bd570f4e6e15eb09a2191185d0f63d8dbfdffe848af141ab87e?s=96&d=mm&r=g\",\"url\":\"https:\\\/\\\/secure.gravatar.com\\\/avatar\\\/4a619fd0c7e36bd570f4e6e15eb09a2191185d0f63d8dbfdffe848af141ab87e?s=96&d=mm&r=g\",\"contentUrl\":\"https:\\\/\\\/secure.gravatar.com\\\/avatar\\\/4a619fd0c7e36bd570f4e6e15eb09a2191185d0f63d8dbfdffe848af141ab87e?s=96&d=mm&r=g\",\"caption\":\"medios CR\"},\"url\":\"https:\\\/\\\/www.diocesisciudadrodrigo.org\\\/blog4\\\/author\\\/admin4\\\/\"}]}<\/script>\n<!-- \/ Yoast SEO plugin. -->","yoast_head_json":{"title":"Restauraci\u00f3n de la imagen de la Virgen del Rosario de la Parroquia de San Miguel Arc\u00e1ngel de La Atalaya - Di\u00f3cesis de Ciudad Rodrigo","robots":{"index":"index","follow":"follow","max-snippet":"max-snippet:-1","max-image-preview":"max-image-preview:large","max-video-preview":"max-video-preview:-1"},"canonical":"https:\/\/www.diocesisciudadrodrigo.org\/blog4\/restauracion-de-la-imagen-de-la-virgen-del-rosario-de-la-parroquia-de-san-miguel-arcangel-de-la-atalaya\/","og_locale":"es_ES","og_type":"article","og_title":"Restauraci\u00f3n de la imagen de la Virgen del Rosario de la Parroquia de San Miguel Arc\u00e1ngel de La Atalaya - Di\u00f3cesis de Ciudad Rodrigo","og_description":"Hace un a\u00f1o la comunidad parroquial de La Atalaya, despu\u00e9s de celebrar la fiesta de la Virgen del Rosario, decidi\u00f3 comenzar a hacer gestiones para la posible restauraci\u00f3n de la ... Leer m\u00e1s ...","og_url":"https:\/\/www.diocesisciudadrodrigo.org\/blog4\/restauracion-de-la-imagen-de-la-virgen-del-rosario-de-la-parroquia-de-san-miguel-arcangel-de-la-atalaya\/","og_site_name":"Di\u00f3cesis de Ciudad Rodrigo","article_publisher":"https:\/\/www.facebook.com\/people\/Dicesis-Ciudad-Rodrigo-MCS\/100076471923419\/#","article_published_time":"2020-11-24T10:44:52+00:00","article_modified_time":"2020-11-24T10:51:18+00:00","og_image":[{"width":1469,"height":1112,"url":"https:\/\/www.diocesisciudadrodrigo.org\/blog4\/wp-content\/uploads\/2020\/11\/Virgen-del-Rosario-La-Atalaya.-Restaurada-en-octubre-de-2020-1-scaled-e1606215066685.jpg","type":"image\/jpeg"}],"author":"medios CR","twitter_card":"summary_large_image","twitter_misc":{"Escrito por":"medios CR","Tiempo de lectura":"1 minuto"},"schema":{"@context":"https:\/\/schema.org","@graph":[{"@type":"Article","@id":"https:\/\/www.diocesisciudadrodrigo.org\/blog4\/restauracion-de-la-imagen-de-la-virgen-del-rosario-de-la-parroquia-de-san-miguel-arcangel-de-la-atalaya\/#article","isPartOf":{"@id":"https:\/\/www.diocesisciudadrodrigo.org\/blog4\/restauracion-de-la-imagen-de-la-virgen-del-rosario-de-la-parroquia-de-san-miguel-arcangel-de-la-atalaya\/"},"author":{"name":"medios CR","@id":"https:\/\/www.diocesisciudadrodrigo.org\/blog4\/#\/schema\/person\/5fcf0ca636a75766ff70e6417b6ed052"},"headline":"Restauraci\u00f3n de la imagen de la Virgen del Rosario de la Parroquia de San Miguel Arc\u00e1ngel de La Atalaya","datePublished":"2020-11-24T10:44:52+00:00","dateModified":"2020-11-24T10:51:18+00:00","mainEntityOfPage":{"@id":"https:\/\/www.diocesisciudadrodrigo.org\/blog4\/restauracion-de-la-imagen-de-la-virgen-del-rosario-de-la-parroquia-de-san-miguel-arcangel-de-la-atalaya\/"},"wordCount":289,"publisher":{"@id":"https:\/\/www.diocesisciudadrodrigo.org\/blog4\/#organization"},"image":{"@id":"https:\/\/www.diocesisciudadrodrigo.org\/blog4\/restauracion-de-la-imagen-de-la-virgen-del-rosario-de-la-parroquia-de-san-miguel-arcangel-de-la-atalaya\/#primaryimage"},"thumbnailUrl":"https:\/\/www.diocesisciudadrodrigo.org\/blog4\/wp-content\/uploads\/2020\/11\/Virgen-del-Rosario-La-Atalaya.-Restaurada-en-octubre-de-2020-1-scaled-e1606215066685.jpg","articleSection":["Noticias"],"inLanguage":"es"},{"@type":"WebPage","@id":"https:\/\/www.diocesisciudadrodrigo.org\/blog4\/restauracion-de-la-imagen-de-la-virgen-del-rosario-de-la-parroquia-de-san-miguel-arcangel-de-la-atalaya\/","url":"https:\/\/www.diocesisciudadrodrigo.org\/blog4\/restauracion-de-la-imagen-de-la-virgen-del-rosario-de-la-parroquia-de-san-miguel-arcangel-de-la-atalaya\/","name":"Restauraci\u00f3n de la imagen de la Virgen del Rosario de la Parroquia de San Miguel Arc\u00e1ngel de La Atalaya - Di\u00f3cesis de Ciudad Rodrigo","isPartOf":{"@id":"https:\/\/www.diocesisciudadrodrigo.org\/blog4\/#website"},"primaryImageOfPage":{"@id":"https:\/\/www.diocesisciudadrodrigo.org\/blog4\/restauracion-de-la-imagen-de-la-virgen-del-rosario-de-la-parroquia-de-san-miguel-arcangel-de-la-atalaya\/#primaryimage"},"image":{"@id":"https:\/\/www.diocesisciudadrodrigo.org\/blog4\/restauracion-de-la-imagen-de-la-virgen-del-rosario-de-la-parroquia-de-san-miguel-arcangel-de-la-atalaya\/#primaryimage"},"thumbnailUrl":"https:\/\/www.diocesisciudadrodrigo.org\/blog4\/wp-content\/uploads\/2020\/11\/Virgen-del-Rosario-La-Atalaya.-Restaurada-en-octubre-de-2020-1-scaled-e1606215066685.jpg","datePublished":"2020-11-24T10:44:52+00:00","dateModified":"2020-11-24T10:51:18+00:00","breadcrumb":{"@id":"https:\/\/www.diocesisciudadrodrigo.org\/blog4\/restauracion-de-la-imagen-de-la-virgen-del-rosario-de-la-parroquia-de-san-miguel-arcangel-de-la-atalaya\/#breadcrumb"},"inLanguage":"es","potentialAction":[{"@type":"ReadAction","target":["https:\/\/www.diocesisciudadrodrigo.org\/blog4\/restauracion-de-la-imagen-de-la-virgen-del-rosario-de-la-parroquia-de-san-miguel-arcangel-de-la-atalaya\/"]}]},{"@type":"ImageObject","inLanguage":"es","@id":"https:\/\/www.diocesisciudadrodrigo.org\/blog4\/restauracion-de-la-imagen-de-la-virgen-del-rosario-de-la-parroquia-de-san-miguel-arcangel-de-la-atalaya\/#primaryimage","url":"https:\/\/www.diocesisciudadrodrigo.org\/blog4\/wp-content\/uploads\/2020\/11\/Virgen-del-Rosario-La-Atalaya.-Restaurada-en-octubre-de-2020-1-scaled-e1606215066685.jpg","contentUrl":"https:\/\/www.diocesisciudadrodrigo.org\/blog4\/wp-content\/uploads\/2020\/11\/Virgen-del-Rosario-La-Atalaya.-Restaurada-en-octubre-de-2020-1-scaled-e1606215066685.jpg","width":1469,"height":1112},{"@type":"BreadcrumbList","@id":"https:\/\/www.diocesisciudadrodrigo.org\/blog4\/restauracion-de-la-imagen-de-la-virgen-del-rosario-de-la-parroquia-de-san-miguel-arcangel-de-la-atalaya\/#breadcrumb","itemListElement":[{"@type":"ListItem","position":1,"name":"Portada","item":"https:\/\/www.diocesisciudadrodrigo.org\/blog4\/"},{"@type":"ListItem","position":2,"name":"Restauraci\u00f3n de la imagen de la Virgen del Rosario de la Parroquia de San Miguel Arc\u00e1ngel de La Atalaya"}]},{"@type":"WebSite","@id":"https:\/\/www.diocesisciudadrodrigo.org\/blog4\/#website","url":"https:\/\/www.diocesisciudadrodrigo.org\/blog4\/","name":"Di\u00f3cesis de Ciudad Rodrigo","description":"Sitio web oficial de la di\u00f3cesis civitatense","publisher":{"@id":"https:\/\/www.diocesisciudadrodrigo.org\/blog4\/#organization"},"potentialAction":[{"@type":"SearchAction","target":{"@type":"EntryPoint","urlTemplate":"https:\/\/www.diocesisciudadrodrigo.org\/blog4\/?s={search_term_string}"},"query-input":{"@type":"PropertyValueSpecification","valueRequired":true,"valueName":"search_term_string"}}],"inLanguage":"es"},{"@type":"Organization","@id":"https:\/\/www.diocesisciudadrodrigo.org\/blog4\/#organization","name":"Di\u00f3cesis de Ciudad Rodrigo","url":"https:\/\/www.diocesisciudadrodrigo.org\/blog4\/","logo":{"@type":"ImageObject","inLanguage":"es","@id":"https:\/\/www.diocesisciudadrodrigo.org\/blog4\/#\/schema\/logo\/image\/","url":"https:\/\/www.diocesisciudadrodrigo.org\/blog4\/wp-content\/uploads\/2024\/12\/Diocesis.CMYK_-768x480-1.jpg","contentUrl":"https:\/\/www.diocesisciudadrodrigo.org\/blog4\/wp-content\/uploads\/2024\/12\/Diocesis.CMYK_-768x480-1.jpg","width":768,"height":480,"caption":"Di\u00f3cesis de Ciudad Rodrigo"},"image":{"@id":"https:\/\/www.diocesisciudadrodrigo.org\/blog4\/#\/schema\/logo\/image\/"},"sameAs":["https:\/\/www.facebook.com\/people\/Dicesis-Ciudad-Rodrigo-MCS\/100076471923419\/#"]},{"@type":"Person","@id":"https:\/\/www.diocesisciudadrodrigo.org\/blog4\/#\/schema\/person\/5fcf0ca636a75766ff70e6417b6ed052","name":"medios CR","image":{"@type":"ImageObject","inLanguage":"es","@id":"https:\/\/secure.gravatar.com\/avatar\/4a619fd0c7e36bd570f4e6e15eb09a2191185d0f63d8dbfdffe848af141ab87e?s=96&d=mm&r=g","url":"https:\/\/secure.gravatar.com\/avatar\/4a619fd0c7e36bd570f4e6e15eb09a2191185d0f63d8dbfdffe848af141ab87e?s=96&d=mm&r=g","contentUrl":"https:\/\/secure.gravatar.com\/avatar\/4a619fd0c7e36bd570f4e6e15eb09a2191185d0f63d8dbfdffe848af141ab87e?s=96&d=mm&r=g","caption":"medios CR"},"url":"https:\/\/www.diocesisciudadrodrigo.org\/blog4\/author\/admin4\/"}]}},"_links":{"self":[{"href":"https:\/\/www.diocesisciudadrodrigo.org\/blog4\/wp-json\/wp\/v2\/posts\/15022","targetHints":{"allow":["GET"]}}],"collection":[{"href":"https:\/\/www.diocesisciudadrodrigo.org\/blog4\/wp-json\/wp\/v2\/posts"}],"about":[{"href":"https:\/\/www.diocesisciudadrodrigo.org\/blog4\/wp-json\/wp\/v2\/types\/post"}],"author":[{"embeddable":true,"href":"https:\/\/www.diocesisciudadrodrigo.org\/blog4\/wp-json\/wp\/v2\/users\/1"}],"replies":[{"embeddable":true,"href":"https:\/\/www.diocesisciudadrodrigo.org\/blog4\/wp-json\/wp\/v2\/comments?post=15022"}],"version-history":[{"count":4,"href":"https:\/\/www.diocesisciudadrodrigo.org\/blog4\/wp-json\/wp\/v2\/posts\/15022\/revisions"}],"predecessor-version":[{"id":15027,"href":"https:\/\/www.diocesisciudadrodrigo.org\/blog4\/wp-json\/wp\/v2\/posts\/15022\/revisions\/15027"}],"wp:featuredmedia":[{"embeddable":true,"href":"https:\/\/www.diocesisciudadrodrigo.org\/blog4\/wp-json\/wp\/v2\/media\/15028"}],"wp:attachment":[{"href":"https:\/\/www.diocesisciudadrodrigo.org\/blog4\/wp-json\/wp\/v2\/media?parent=15022"}],"wp:term":[{"taxonomy":"category","embeddable":true,"href":"https:\/\/www.diocesisciudadrodrigo.org\/blog4\/wp-json\/wp\/v2\/categories?post=15022"},{"taxonomy":"post_tag","embeddable":true,"href":"https:\/\/www.diocesisciudadrodrigo.org\/blog4\/wp-json\/wp\/v2\/tags?post=15022"}],"curies":[{"name":"wp","href":"https:\/\/api.w.org\/{rel}","templated":true}]}}