{"id":13399,"date":"2020-06-08T19:17:41","date_gmt":"2020-06-08T17:17:41","guid":{"rendered":"https:\/\/www.diocesisciudadrodrigo.org\/blog4\/?p=13399"},"modified":"2020-06-09T11:02:30","modified_gmt":"2020-06-09T09:02:30","slug":"presentada-la-semana-de-la-caridad-que-culminara-con-la-celebracion-del-corpus","status":"publish","type":"post","link":"https:\/\/www.diocesisciudadrodrigo.org\/blog4\/presentada-la-semana-de-la-caridad-que-culminara-con-la-celebracion-del-corpus\/","title":{"rendered":"Presentada la Semana de la Caridad que culminar\u00e1 con la celebraci\u00f3n del Corpus"},"content":{"rendered":"\t\t<div data-elementor-type=\"wp-post\" data-elementor-id=\"13399\" class=\"elementor elementor-13399\" data-elementor-settings=\"[]\">\n\t\t\t\t\t\t<div class=\"elementor-inner\">\n\t\t\t\t\t\t\t<div class=\"elementor-section-wrap\">\n\t\t\t\t\t\t\t<section class=\"elementor-section elementor-top-section elementor-element elementor-element-b23d75a elementor-section-boxed elementor-section-height-default elementor-section-height-default\" data-id=\"b23d75a\" data-element_type=\"section\">\n\t\t\t\t\t\t<div class=\"elementor-container elementor-column-gap-default\">\n\t\t\t\t\t\t\t<div class=\"elementor-row\">\n\t\t\t\t\t<div class=\"elementor-column elementor-col-100 elementor-top-column elementor-element elementor-element-32f07bb\" data-id=\"32f07bb\" data-element_type=\"column\">\n\t\t\t<div class=\"elementor-column-wrap elementor-element-populated\">\n\t\t\t\t\t\t\t<div class=\"elementor-widget-wrap\">\n\t\t\t\t\t\t<div class=\"elementor-element elementor-element-a92cde5 elementor-widget elementor-widget-text-editor\" data-id=\"a92cde5\" data-element_type=\"widget\" data-widget_type=\"text-editor.default\">\n\t\t\t\t<div class=\"elementor-widget-container\">\n\t\t\t\t\t\t\t\t<div class=\"elementor-text-editor elementor-clearfix\">\n\t\t\t\t<p>El Obispo Administrador Apost\u00f3lico, Mons. Jes\u00fas Garc\u00eda Burillo, ha presentado junto a los responsables de la Delegaci\u00f3n Diocesana de C\u00e1ritas las actividades previstas con motivo de la Semana de la Caridad que concluir\u00e1 el domingo con la celebraci\u00f3n del Corpus.<\/p><p>As\u00ed, el martes d\u00eda 9 tendr\u00e1 lugar a las 13:00 horas la Eucarist\u00eda en la capilla del Seminario y un d\u00eda despu\u00e9s, reun\u00f3n del Consejo y Asamblea de C\u00e1ritas.<\/p><p>Entre el martes y el viernes se ir\u00e1n publicando diversos v\u00eddeos sobre c\u00f3mo ven el futuro de nuestra di\u00f3cesis tras la crisis del Covid-19 diversas personas y desde distintos puntos de vista.<\/p><p>Esta presentaci\u00f3n tambi\u00e9n sirvi\u00f3 para dar a conocer la memoria 2019 de la entidad y se profundiz\u00f3 en los datos que ha dejado el coronavirus desde el punto de vista de la acci\u00f3n sociocaritativa de la Iglesia.<\/p><p>Entre el 16 de marzo y el 4 de junio, C\u00e1ritas Ciudad Rodrigo ha atendido a 496 personas, 393 hogares, 1.879 beneficiarios. Las ayudas han ascendido a 25.672,68 euros, la mitad de lo que que ser\u00eda todo un a\u00f1o en circunstancias normales.<\/p><p>Mons. Garc\u00eda Burillo ofreci\u00f3 otra serie de datos generales. Estas fueron sus palabras ante los medios de comunicaci\u00f3n:<\/p><p style=\"padding-left: 80px;\"><em>Durante este tiempo de pandemia han aparecido largas colas, colas kilom\u00e9tricas que se acercaban a las parroquias o a otros centros sociales de la Iglesia los cuales respond\u00edan a una necesidad primaria del ser humano, la de comer. Es un ejemplo de c\u00f3mo la Iglesia es sensible a las necesidades de las personas m\u00e1s vulnerables y trata de poner el remedio. La semana pasada el secretario general de la CEE daba a conocer un largu\u00edsimo, un ingente informe sobre la labor sociocaritativa de la Iglesia en Espa\u00f1a. Pues bien, una gran parte de esta labor la realiza C\u00e1ritas.<\/em><\/p><p style=\"padding-left: 80px;\"><em>\u00bfQu\u00e9 es C\u00e1ritas? Es un organismo de la Iglesia Cat\u00f3lica que la Conferencia Episcopal Espa\u00f1ola cre\u00f3 hace 73 a\u00f1os (1947) para realizar la acci\u00f3n sociocaritativa de la Iglesia en Espa\u00f1a. Est\u00e1 formada por 70 C\u00e1ritas diocesanas, 6.000 C\u00e1ritas parroquiales, 84.500 personas voluntarias y 5.600 contratadas. El a\u00f1o pasado invirti\u00f3 353 millones de euros, el 73 % proveniente de aportaciones privadas y el 27 % de aportaciones p\u00fablicas. En este tiempo C\u00e1ritas ha atendido a 1.522.000 personas en acogida y asistencia y a 1.165.000 personas en lucha contra la desigualdad. En total, la Iglesia cat\u00f3lica en Espa\u00f1a ha atendido a unos 4.000.000 de personas en 9.000 centros sociales.<\/em><\/p><p style=\"padding-left: 80px;\"><em>\u00bfDe d\u00f3nde nace esta enorme fuerza socializante, esta cultura social? Se podr\u00eda resumir diciendo que todas estas cantidades son una historia de fe, que produce caridad y alienta la esperanza de la sociedad.<\/em><\/p><p style=\"padding-left: 80px;\"><em>Y ahora, ponemos el foco en nuestra di\u00f3cesis de Ciudad Rodrigo para conocer el granito de arena que nosotros, en nuestra humildad, hemos aportado a esta gran obra de la Iglesia el a\u00f1o pasado.<\/em><\/p>\t\t\t\t\t<\/div>\n\t\t\t\t\t\t<\/div>\n\t\t\t\t<\/div>\n\t\t\t\t\t\t<\/div>\n\t\t\t\t\t<\/div>\n\t\t<\/div>\n\t\t\t\t\t\t\t\t<\/div>\n\t\t\t\t\t<\/div>\n\t\t<\/section>\n\t\t\t\t<section class=\"elementor-section elementor-top-section elementor-element elementor-element-e2afe4f elementor-section-boxed elementor-section-height-default elementor-section-height-default\" data-id=\"e2afe4f\" data-element_type=\"section\">\n\t\t\t\t\t\t<div class=\"elementor-container elementor-column-gap-default\">\n\t\t\t\t\t\t\t<div class=\"elementor-row\">\n\t\t\t\t\t<div class=\"elementor-column elementor-col-100 elementor-top-column elementor-element elementor-element-d46c693\" data-id=\"d46c693\" data-element_type=\"column\">\n\t\t\t<div class=\"elementor-column-wrap elementor-element-populated\">\n\t\t\t\t\t\t\t<div class=\"elementor-widget-wrap\">\n\t\t\t\t\t\t<div class=\"elementor-element elementor-element-8c15877 elementor-widget elementor-widget-image\" data-id=\"8c15877\" data-element_type=\"widget\" data-widget_type=\"image.default\">\n\t\t\t\t<div class=\"elementor-widget-container\">\n\t\t\t\t\t\t\t\t<div class=\"elementor-image\">\n\t\t\t\t\t\t\t\t\t\t\t\t<img loading=\"lazy\" decoding=\"async\" width=\"1024\" height=\"527\" src=\"https:\/\/www.diocesisciudadrodrigo.org\/blog4\/wp-content\/uploads\/2020\/06\/IMG_20200608_151406-1024x527.jpg\" class=\"attachment-large size-large\" alt=\"\" srcset=\"https:\/\/www.diocesisciudadrodrigo.org\/blog4\/wp-content\/uploads\/2020\/06\/IMG_20200608_151406-1024x527.jpg 1024w, https:\/\/www.diocesisciudadrodrigo.org\/blog4\/wp-content\/uploads\/2020\/06\/IMG_20200608_151406-300x154.jpg 300w, https:\/\/www.diocesisciudadrodrigo.org\/blog4\/wp-content\/uploads\/2020\/06\/IMG_20200608_151406-768x395.jpg 768w, https:\/\/www.diocesisciudadrodrigo.org\/blog4\/wp-content\/uploads\/2020\/06\/IMG_20200608_151406-1536x790.jpg 1536w, https:\/\/www.diocesisciudadrodrigo.org\/blog4\/wp-content\/uploads\/2020\/06\/IMG_20200608_151406-2048x1053.jpg 2048w, https:\/\/www.diocesisciudadrodrigo.org\/blog4\/wp-content\/uploads\/2020\/06\/IMG_20200608_151406-350x180.jpg 350w\" sizes=\"auto, (max-width: 1024px) 100vw, 1024px\" \/>\t\t\t\t\t\t\t\t\t\t\t\t\t\t<\/div>\n\t\t\t\t\t\t<\/div>\n\t\t\t\t<\/div>\n\t\t\t\t\t\t<\/div>\n\t\t\t\t\t<\/div>\n\t\t<\/div>\n\t\t\t\t\t\t\t\t<\/div>\n\t\t\t\t\t<\/div>\n\t\t<\/section>\n\t\t\t\t\t\t<\/div>\n\t\t\t\t\t\t<\/div>\n\t\t\t\t\t<\/div>\n\t\t","protected":false},"excerpt":{"rendered":"<p>El Obispo Administrador Apost\u00f3lico, Mons. Jes\u00fas Garc\u00eda Burillo, ha presentado junto a los responsables de la Delegaci\u00f3n Diocesana de C\u00e1ritas las actividades previstas con motivo de la Semana de la &#8230; <\/p>\n<p class=\"read-more-container\"><a title=\"Presentada la Semana de la Caridad que culminar\u00e1 con la celebraci\u00f3n del Corpus\" class=\"read-more button\" href=\"https:\/\/www.diocesisciudadrodrigo.org\/blog4\/presentada-la-semana-de-la-caridad-que-culminara-con-la-celebracion-del-corpus\/#more-13399\" aria-label=\"M\u00e1s en Presentada la Semana de la Caridad que culminar\u00e1 con la celebraci\u00f3n del Corpus\">Leer m\u00e1s &#8230;<\/a><\/p>\n","protected":false},"author":1,"featured_media":13400,"comment_status":"closed","ping_status":"closed","sticky":false,"template":"","format":"standard","meta":{"footnotes":""},"categories":[6],"tags":[],"class_list":["post-13399","post","type-post","status-publish","format-standard","has-post-thumbnail","hentry","category-noticias","masonry-post","generate-columns","tablet-grid-50","mobile-grid-100","grid-parent","grid-50"],"yoast_head":"<!-- This site is optimized with the Yoast SEO plugin v27.3 - https:\/\/yoast.com\/product\/yoast-seo-wordpress\/ -->\n<title>Presentada la Semana de la Caridad que culminar\u00e1 con la celebraci\u00f3n del Corpus - Di\u00f3cesis de Ciudad Rodrigo<\/title>\n<meta name=\"robots\" content=\"index, follow, max-snippet:-1, max-image-preview:large, max-video-preview:-1\" \/>\n<link rel=\"canonical\" href=\"https:\/\/www.diocesisciudadrodrigo.org\/blog4\/presentada-la-semana-de-la-caridad-que-culminara-con-la-celebracion-del-corpus\/\" \/>\n<meta property=\"og:locale\" content=\"es_ES\" \/>\n<meta property=\"og:type\" content=\"article\" \/>\n<meta property=\"og:title\" content=\"Presentada la Semana de la Caridad que culminar\u00e1 con la celebraci\u00f3n del Corpus - Di\u00f3cesis de Ciudad Rodrigo\" \/>\n<meta property=\"og:description\" content=\"El Obispo Administrador Apost\u00f3lico, Mons. Jes\u00fas Garc\u00eda Burillo, ha presentado junto a los responsables de la Delegaci\u00f3n Diocesana de C\u00e1ritas las actividades previstas con motivo de la Semana de la ... Leer m\u00e1s ...\" \/>\n<meta property=\"og:url\" content=\"https:\/\/www.diocesisciudadrodrigo.org\/blog4\/presentada-la-semana-de-la-caridad-que-culminara-con-la-celebracion-del-corpus\/\" \/>\n<meta property=\"og:site_name\" content=\"Di\u00f3cesis de Ciudad Rodrigo\" \/>\n<meta property=\"article:publisher\" content=\"https:\/\/www.facebook.com\/people\/Dicesis-Ciudad-Rodrigo-MCS\/100076471923419\/#\" \/>\n<meta property=\"article:published_time\" content=\"2020-06-08T17:17:41+00:00\" \/>\n<meta property=\"article:modified_time\" content=\"2020-06-09T09:02:30+00:00\" \/>\n<meta property=\"og:image\" content=\"https:\/\/www.diocesisciudadrodrigo.org\/blog4\/wp-content\/uploads\/2020\/06\/IMG_20200608_151406-scaled.jpg\" \/>\n\t<meta property=\"og:image:width\" content=\"2560\" \/>\n\t<meta property=\"og:image:height\" content=\"1316\" \/>\n\t<meta property=\"og:image:type\" content=\"image\/jpeg\" \/>\n<meta name=\"author\" content=\"medios CR\" \/>\n<meta name=\"twitter:card\" content=\"summary_large_image\" \/>\n<meta name=\"twitter:label1\" content=\"Escrito por\" \/>\n\t<meta name=\"twitter:data1\" content=\"medios CR\" \/>\n\t<meta name=\"twitter:label2\" content=\"Tiempo de lectura\" \/>\n\t<meta name=\"twitter:data2\" content=\"2 minutos\" \/>\n<script type=\"application\/ld+json\" class=\"yoast-schema-graph\">{\"@context\":\"https:\\\/\\\/schema.org\",\"@graph\":[{\"@type\":\"Article\",\"@id\":\"https:\\\/\\\/www.diocesisciudadrodrigo.org\\\/blog4\\\/presentada-la-semana-de-la-caridad-que-culminara-con-la-celebracion-del-corpus\\\/#article\",\"isPartOf\":{\"@id\":\"https:\\\/\\\/www.diocesisciudadrodrigo.org\\\/blog4\\\/presentada-la-semana-de-la-caridad-que-culminara-con-la-celebracion-del-corpus\\\/\"},\"author\":{\"name\":\"medios CR\",\"@id\":\"https:\\\/\\\/www.diocesisciudadrodrigo.org\\\/blog4\\\/#\\\/schema\\\/person\\\/5fcf0ca636a75766ff70e6417b6ed052\"},\"headline\":\"Presentada la Semana de la Caridad que culminar\u00e1 con la celebraci\u00f3n del Corpus\",\"datePublished\":\"2020-06-08T17:17:41+00:00\",\"dateModified\":\"2020-06-09T09:02:30+00:00\",\"mainEntityOfPage\":{\"@id\":\"https:\\\/\\\/www.diocesisciudadrodrigo.org\\\/blog4\\\/presentada-la-semana-de-la-caridad-que-culminara-con-la-celebracion-del-corpus\\\/\"},\"wordCount\":508,\"publisher\":{\"@id\":\"https:\\\/\\\/www.diocesisciudadrodrigo.org\\\/blog4\\\/#organization\"},\"image\":{\"@id\":\"https:\\\/\\\/www.diocesisciudadrodrigo.org\\\/blog4\\\/presentada-la-semana-de-la-caridad-que-culminara-con-la-celebracion-del-corpus\\\/#primaryimage\"},\"thumbnailUrl\":\"https:\\\/\\\/www.diocesisciudadrodrigo.org\\\/blog4\\\/wp-content\\\/uploads\\\/2020\\\/06\\\/IMG_20200608_151406-scaled.jpg\",\"articleSection\":[\"Noticias\"],\"inLanguage\":\"es\"},{\"@type\":\"WebPage\",\"@id\":\"https:\\\/\\\/www.diocesisciudadrodrigo.org\\\/blog4\\\/presentada-la-semana-de-la-caridad-que-culminara-con-la-celebracion-del-corpus\\\/\",\"url\":\"https:\\\/\\\/www.diocesisciudadrodrigo.org\\\/blog4\\\/presentada-la-semana-de-la-caridad-que-culminara-con-la-celebracion-del-corpus\\\/\",\"name\":\"Presentada la Semana de la Caridad que culminar\u00e1 con la celebraci\u00f3n del Corpus - Di\u00f3cesis de Ciudad Rodrigo\",\"isPartOf\":{\"@id\":\"https:\\\/\\\/www.diocesisciudadrodrigo.org\\\/blog4\\\/#website\"},\"primaryImageOfPage\":{\"@id\":\"https:\\\/\\\/www.diocesisciudadrodrigo.org\\\/blog4\\\/presentada-la-semana-de-la-caridad-que-culminara-con-la-celebracion-del-corpus\\\/#primaryimage\"},\"image\":{\"@id\":\"https:\\\/\\\/www.diocesisciudadrodrigo.org\\\/blog4\\\/presentada-la-semana-de-la-caridad-que-culminara-con-la-celebracion-del-corpus\\\/#primaryimage\"},\"thumbnailUrl\":\"https:\\\/\\\/www.diocesisciudadrodrigo.org\\\/blog4\\\/wp-content\\\/uploads\\\/2020\\\/06\\\/IMG_20200608_151406-scaled.jpg\",\"datePublished\":\"2020-06-08T17:17:41+00:00\",\"dateModified\":\"2020-06-09T09:02:30+00:00\",\"breadcrumb\":{\"@id\":\"https:\\\/\\\/www.diocesisciudadrodrigo.org\\\/blog4\\\/presentada-la-semana-de-la-caridad-que-culminara-con-la-celebracion-del-corpus\\\/#breadcrumb\"},\"inLanguage\":\"es\",\"potentialAction\":[{\"@type\":\"ReadAction\",\"target\":[\"https:\\\/\\\/www.diocesisciudadrodrigo.org\\\/blog4\\\/presentada-la-semana-de-la-caridad-que-culminara-con-la-celebracion-del-corpus\\\/\"]}]},{\"@type\":\"ImageObject\",\"inLanguage\":\"es\",\"@id\":\"https:\\\/\\\/www.diocesisciudadrodrigo.org\\\/blog4\\\/presentada-la-semana-de-la-caridad-que-culminara-con-la-celebracion-del-corpus\\\/#primaryimage\",\"url\":\"https:\\\/\\\/www.diocesisciudadrodrigo.org\\\/blog4\\\/wp-content\\\/uploads\\\/2020\\\/06\\\/IMG_20200608_151406-scaled.jpg\",\"contentUrl\":\"https:\\\/\\\/www.diocesisciudadrodrigo.org\\\/blog4\\\/wp-content\\\/uploads\\\/2020\\\/06\\\/IMG_20200608_151406-scaled.jpg\",\"width\":2560,\"height\":1316,\"caption\":\"Domingo Mat\u00edas, Maribel Yugueros, Mons. Jes\u00fas Garc\u00eda y M\u00aa Paz Diago durante la presentaci\u00f3n de la Semana de la Caridad.\"},{\"@type\":\"BreadcrumbList\",\"@id\":\"https:\\\/\\\/www.diocesisciudadrodrigo.org\\\/blog4\\\/presentada-la-semana-de-la-caridad-que-culminara-con-la-celebracion-del-corpus\\\/#breadcrumb\",\"itemListElement\":[{\"@type\":\"ListItem\",\"position\":1,\"name\":\"Portada\",\"item\":\"https:\\\/\\\/www.diocesisciudadrodrigo.org\\\/blog4\\\/\"},{\"@type\":\"ListItem\",\"position\":2,\"name\":\"Presentada la Semana de la Caridad que culminar\u00e1 con la celebraci\u00f3n del Corpus\"}]},{\"@type\":\"WebSite\",\"@id\":\"https:\\\/\\\/www.diocesisciudadrodrigo.org\\\/blog4\\\/#website\",\"url\":\"https:\\\/\\\/www.diocesisciudadrodrigo.org\\\/blog4\\\/\",\"name\":\"Di\u00f3cesis de Ciudad Rodrigo\",\"description\":\"Sitio web oficial de la di\u00f3cesis civitatense\",\"publisher\":{\"@id\":\"https:\\\/\\\/www.diocesisciudadrodrigo.org\\\/blog4\\\/#organization\"},\"potentialAction\":[{\"@type\":\"SearchAction\",\"target\":{\"@type\":\"EntryPoint\",\"urlTemplate\":\"https:\\\/\\\/www.diocesisciudadrodrigo.org\\\/blog4\\\/?s={search_term_string}\"},\"query-input\":{\"@type\":\"PropertyValueSpecification\",\"valueRequired\":true,\"valueName\":\"search_term_string\"}}],\"inLanguage\":\"es\"},{\"@type\":\"Organization\",\"@id\":\"https:\\\/\\\/www.diocesisciudadrodrigo.org\\\/blog4\\\/#organization\",\"name\":\"Di\u00f3cesis de Ciudad Rodrigo\",\"url\":\"https:\\\/\\\/www.diocesisciudadrodrigo.org\\\/blog4\\\/\",\"logo\":{\"@type\":\"ImageObject\",\"inLanguage\":\"es\",\"@id\":\"https:\\\/\\\/www.diocesisciudadrodrigo.org\\\/blog4\\\/#\\\/schema\\\/logo\\\/image\\\/\",\"url\":\"https:\\\/\\\/www.diocesisciudadrodrigo.org\\\/blog4\\\/wp-content\\\/uploads\\\/2024\\\/12\\\/Diocesis.CMYK_-768x480-1.jpg\",\"contentUrl\":\"https:\\\/\\\/www.diocesisciudadrodrigo.org\\\/blog4\\\/wp-content\\\/uploads\\\/2024\\\/12\\\/Diocesis.CMYK_-768x480-1.jpg\",\"width\":768,\"height\":480,\"caption\":\"Di\u00f3cesis de Ciudad Rodrigo\"},\"image\":{\"@id\":\"https:\\\/\\\/www.diocesisciudadrodrigo.org\\\/blog4\\\/#\\\/schema\\\/logo\\\/image\\\/\"},\"sameAs\":[\"https:\\\/\\\/www.facebook.com\\\/people\\\/Dicesis-Ciudad-Rodrigo-MCS\\\/100076471923419\\\/#\"]},{\"@type\":\"Person\",\"@id\":\"https:\\\/\\\/www.diocesisciudadrodrigo.org\\\/blog4\\\/#\\\/schema\\\/person\\\/5fcf0ca636a75766ff70e6417b6ed052\",\"name\":\"medios CR\",\"image\":{\"@type\":\"ImageObject\",\"inLanguage\":\"es\",\"@id\":\"https:\\\/\\\/secure.gravatar.com\\\/avatar\\\/4a619fd0c7e36bd570f4e6e15eb09a2191185d0f63d8dbfdffe848af141ab87e?s=96&d=mm&r=g\",\"url\":\"https:\\\/\\\/secure.gravatar.com\\\/avatar\\\/4a619fd0c7e36bd570f4e6e15eb09a2191185d0f63d8dbfdffe848af141ab87e?s=96&d=mm&r=g\",\"contentUrl\":\"https:\\\/\\\/secure.gravatar.com\\\/avatar\\\/4a619fd0c7e36bd570f4e6e15eb09a2191185d0f63d8dbfdffe848af141ab87e?s=96&d=mm&r=g\",\"caption\":\"medios CR\"},\"url\":\"https:\\\/\\\/www.diocesisciudadrodrigo.org\\\/blog4\\\/author\\\/admin4\\\/\"}]}<\/script>\n<!-- \/ Yoast SEO plugin. -->","yoast_head_json":{"title":"Presentada la Semana de la Caridad que culminar\u00e1 con la celebraci\u00f3n del Corpus - Di\u00f3cesis de Ciudad Rodrigo","robots":{"index":"index","follow":"follow","max-snippet":"max-snippet:-1","max-image-preview":"max-image-preview:large","max-video-preview":"max-video-preview:-1"},"canonical":"https:\/\/www.diocesisciudadrodrigo.org\/blog4\/presentada-la-semana-de-la-caridad-que-culminara-con-la-celebracion-del-corpus\/","og_locale":"es_ES","og_type":"article","og_title":"Presentada la Semana de la Caridad que culminar\u00e1 con la celebraci\u00f3n del Corpus - Di\u00f3cesis de Ciudad Rodrigo","og_description":"El Obispo Administrador Apost\u00f3lico, Mons. Jes\u00fas Garc\u00eda Burillo, ha presentado junto a los responsables de la Delegaci\u00f3n Diocesana de C\u00e1ritas las actividades previstas con motivo de la Semana de la ... Leer m\u00e1s ...","og_url":"https:\/\/www.diocesisciudadrodrigo.org\/blog4\/presentada-la-semana-de-la-caridad-que-culminara-con-la-celebracion-del-corpus\/","og_site_name":"Di\u00f3cesis de Ciudad Rodrigo","article_publisher":"https:\/\/www.facebook.com\/people\/Dicesis-Ciudad-Rodrigo-MCS\/100076471923419\/#","article_published_time":"2020-06-08T17:17:41+00:00","article_modified_time":"2020-06-09T09:02:30+00:00","og_image":[{"width":2560,"height":1316,"url":"https:\/\/www.diocesisciudadrodrigo.org\/blog4\/wp-content\/uploads\/2020\/06\/IMG_20200608_151406-scaled.jpg","type":"image\/jpeg"}],"author":"medios CR","twitter_card":"summary_large_image","twitter_misc":{"Escrito por":"medios CR","Tiempo de lectura":"2 minutos"},"schema":{"@context":"https:\/\/schema.org","@graph":[{"@type":"Article","@id":"https:\/\/www.diocesisciudadrodrigo.org\/blog4\/presentada-la-semana-de-la-caridad-que-culminara-con-la-celebracion-del-corpus\/#article","isPartOf":{"@id":"https:\/\/www.diocesisciudadrodrigo.org\/blog4\/presentada-la-semana-de-la-caridad-que-culminara-con-la-celebracion-del-corpus\/"},"author":{"name":"medios CR","@id":"https:\/\/www.diocesisciudadrodrigo.org\/blog4\/#\/schema\/person\/5fcf0ca636a75766ff70e6417b6ed052"},"headline":"Presentada la Semana de la Caridad que culminar\u00e1 con la celebraci\u00f3n del Corpus","datePublished":"2020-06-08T17:17:41+00:00","dateModified":"2020-06-09T09:02:30+00:00","mainEntityOfPage":{"@id":"https:\/\/www.diocesisciudadrodrigo.org\/blog4\/presentada-la-semana-de-la-caridad-que-culminara-con-la-celebracion-del-corpus\/"},"wordCount":508,"publisher":{"@id":"https:\/\/www.diocesisciudadrodrigo.org\/blog4\/#organization"},"image":{"@id":"https:\/\/www.diocesisciudadrodrigo.org\/blog4\/presentada-la-semana-de-la-caridad-que-culminara-con-la-celebracion-del-corpus\/#primaryimage"},"thumbnailUrl":"https:\/\/www.diocesisciudadrodrigo.org\/blog4\/wp-content\/uploads\/2020\/06\/IMG_20200608_151406-scaled.jpg","articleSection":["Noticias"],"inLanguage":"es"},{"@type":"WebPage","@id":"https:\/\/www.diocesisciudadrodrigo.org\/blog4\/presentada-la-semana-de-la-caridad-que-culminara-con-la-celebracion-del-corpus\/","url":"https:\/\/www.diocesisciudadrodrigo.org\/blog4\/presentada-la-semana-de-la-caridad-que-culminara-con-la-celebracion-del-corpus\/","name":"Presentada la Semana de la Caridad que culminar\u00e1 con la celebraci\u00f3n del Corpus - Di\u00f3cesis de Ciudad Rodrigo","isPartOf":{"@id":"https:\/\/www.diocesisciudadrodrigo.org\/blog4\/#website"},"primaryImageOfPage":{"@id":"https:\/\/www.diocesisciudadrodrigo.org\/blog4\/presentada-la-semana-de-la-caridad-que-culminara-con-la-celebracion-del-corpus\/#primaryimage"},"image":{"@id":"https:\/\/www.diocesisciudadrodrigo.org\/blog4\/presentada-la-semana-de-la-caridad-que-culminara-con-la-celebracion-del-corpus\/#primaryimage"},"thumbnailUrl":"https:\/\/www.diocesisciudadrodrigo.org\/blog4\/wp-content\/uploads\/2020\/06\/IMG_20200608_151406-scaled.jpg","datePublished":"2020-06-08T17:17:41+00:00","dateModified":"2020-06-09T09:02:30+00:00","breadcrumb":{"@id":"https:\/\/www.diocesisciudadrodrigo.org\/blog4\/presentada-la-semana-de-la-caridad-que-culminara-con-la-celebracion-del-corpus\/#breadcrumb"},"inLanguage":"es","potentialAction":[{"@type":"ReadAction","target":["https:\/\/www.diocesisciudadrodrigo.org\/blog4\/presentada-la-semana-de-la-caridad-que-culminara-con-la-celebracion-del-corpus\/"]}]},{"@type":"ImageObject","inLanguage":"es","@id":"https:\/\/www.diocesisciudadrodrigo.org\/blog4\/presentada-la-semana-de-la-caridad-que-culminara-con-la-celebracion-del-corpus\/#primaryimage","url":"https:\/\/www.diocesisciudadrodrigo.org\/blog4\/wp-content\/uploads\/2020\/06\/IMG_20200608_151406-scaled.jpg","contentUrl":"https:\/\/www.diocesisciudadrodrigo.org\/blog4\/wp-content\/uploads\/2020\/06\/IMG_20200608_151406-scaled.jpg","width":2560,"height":1316,"caption":"Domingo Mat\u00edas, Maribel Yugueros, Mons. Jes\u00fas Garc\u00eda y M\u00aa Paz Diago durante la presentaci\u00f3n de la Semana de la Caridad."},{"@type":"BreadcrumbList","@id":"https:\/\/www.diocesisciudadrodrigo.org\/blog4\/presentada-la-semana-de-la-caridad-que-culminara-con-la-celebracion-del-corpus\/#breadcrumb","itemListElement":[{"@type":"ListItem","position":1,"name":"Portada","item":"https:\/\/www.diocesisciudadrodrigo.org\/blog4\/"},{"@type":"ListItem","position":2,"name":"Presentada la Semana de la Caridad que culminar\u00e1 con la celebraci\u00f3n del Corpus"}]},{"@type":"WebSite","@id":"https:\/\/www.diocesisciudadrodrigo.org\/blog4\/#website","url":"https:\/\/www.diocesisciudadrodrigo.org\/blog4\/","name":"Di\u00f3cesis de Ciudad Rodrigo","description":"Sitio web oficial de la di\u00f3cesis civitatense","publisher":{"@id":"https:\/\/www.diocesisciudadrodrigo.org\/blog4\/#organization"},"potentialAction":[{"@type":"SearchAction","target":{"@type":"EntryPoint","urlTemplate":"https:\/\/www.diocesisciudadrodrigo.org\/blog4\/?s={search_term_string}"},"query-input":{"@type":"PropertyValueSpecification","valueRequired":true,"valueName":"search_term_string"}}],"inLanguage":"es"},{"@type":"Organization","@id":"https:\/\/www.diocesisciudadrodrigo.org\/blog4\/#organization","name":"Di\u00f3cesis de Ciudad Rodrigo","url":"https:\/\/www.diocesisciudadrodrigo.org\/blog4\/","logo":{"@type":"ImageObject","inLanguage":"es","@id":"https:\/\/www.diocesisciudadrodrigo.org\/blog4\/#\/schema\/logo\/image\/","url":"https:\/\/www.diocesisciudadrodrigo.org\/blog4\/wp-content\/uploads\/2024\/12\/Diocesis.CMYK_-768x480-1.jpg","contentUrl":"https:\/\/www.diocesisciudadrodrigo.org\/blog4\/wp-content\/uploads\/2024\/12\/Diocesis.CMYK_-768x480-1.jpg","width":768,"height":480,"caption":"Di\u00f3cesis de Ciudad Rodrigo"},"image":{"@id":"https:\/\/www.diocesisciudadrodrigo.org\/blog4\/#\/schema\/logo\/image\/"},"sameAs":["https:\/\/www.facebook.com\/people\/Dicesis-Ciudad-Rodrigo-MCS\/100076471923419\/#"]},{"@type":"Person","@id":"https:\/\/www.diocesisciudadrodrigo.org\/blog4\/#\/schema\/person\/5fcf0ca636a75766ff70e6417b6ed052","name":"medios CR","image":{"@type":"ImageObject","inLanguage":"es","@id":"https:\/\/secure.gravatar.com\/avatar\/4a619fd0c7e36bd570f4e6e15eb09a2191185d0f63d8dbfdffe848af141ab87e?s=96&d=mm&r=g","url":"https:\/\/secure.gravatar.com\/avatar\/4a619fd0c7e36bd570f4e6e15eb09a2191185d0f63d8dbfdffe848af141ab87e?s=96&d=mm&r=g","contentUrl":"https:\/\/secure.gravatar.com\/avatar\/4a619fd0c7e36bd570f4e6e15eb09a2191185d0f63d8dbfdffe848af141ab87e?s=96&d=mm&r=g","caption":"medios CR"},"url":"https:\/\/www.diocesisciudadrodrigo.org\/blog4\/author\/admin4\/"}]}},"_links":{"self":[{"href":"https:\/\/www.diocesisciudadrodrigo.org\/blog4\/wp-json\/wp\/v2\/posts\/13399","targetHints":{"allow":["GET"]}}],"collection":[{"href":"https:\/\/www.diocesisciudadrodrigo.org\/blog4\/wp-json\/wp\/v2\/posts"}],"about":[{"href":"https:\/\/www.diocesisciudadrodrigo.org\/blog4\/wp-json\/wp\/v2\/types\/post"}],"author":[{"embeddable":true,"href":"https:\/\/www.diocesisciudadrodrigo.org\/blog4\/wp-json\/wp\/v2\/users\/1"}],"replies":[{"embeddable":true,"href":"https:\/\/www.diocesisciudadrodrigo.org\/blog4\/wp-json\/wp\/v2\/comments?post=13399"}],"version-history":[{"count":5,"href":"https:\/\/www.diocesisciudadrodrigo.org\/blog4\/wp-json\/wp\/v2\/posts\/13399\/revisions"}],"predecessor-version":[{"id":13405,"href":"https:\/\/www.diocesisciudadrodrigo.org\/blog4\/wp-json\/wp\/v2\/posts\/13399\/revisions\/13405"}],"wp:featuredmedia":[{"embeddable":true,"href":"https:\/\/www.diocesisciudadrodrigo.org\/blog4\/wp-json\/wp\/v2\/media\/13400"}],"wp:attachment":[{"href":"https:\/\/www.diocesisciudadrodrigo.org\/blog4\/wp-json\/wp\/v2\/media?parent=13399"}],"wp:term":[{"taxonomy":"category","embeddable":true,"href":"https:\/\/www.diocesisciudadrodrigo.org\/blog4\/wp-json\/wp\/v2\/categories?post=13399"},{"taxonomy":"post_tag","embeddable":true,"href":"https:\/\/www.diocesisciudadrodrigo.org\/blog4\/wp-json\/wp\/v2\/tags?post=13399"}],"curies":[{"name":"wp","href":"https:\/\/api.w.org\/{rel}","templated":true}]}}