{"id":11951,"date":"2020-03-01T17:54:23","date_gmt":"2020-03-01T16:54:23","guid":{"rendered":"https:\/\/www.diocesisciudadrodrigo.org\/blog4\/?p=11951"},"modified":"2020-03-01T17:58:05","modified_gmt":"2020-03-01T16:58:05","slug":"la-conferencia-episcopal-celebrara-la-asamblea-plenaria-del-2-al-6-de-marzo","status":"publish","type":"post","link":"https:\/\/www.diocesisciudadrodrigo.org\/blog4\/la-conferencia-episcopal-celebrara-la-asamblea-plenaria-del-2-al-6-de-marzo\/","title":{"rendered":"La Conferencia Episcopal celebrar\u00e1 la Asamblea Plenaria del 2 al 6 de marzo"},"content":{"rendered":"\t\t<div data-elementor-type=\"wp-post\" data-elementor-id=\"11951\" class=\"elementor elementor-11951\" data-elementor-settings=\"[]\">\n\t\t\t\t\t\t<div class=\"elementor-inner\">\n\t\t\t\t\t\t\t<div class=\"elementor-section-wrap\">\n\t\t\t\t\t\t\t<section class=\"elementor-section elementor-top-section elementor-element elementor-element-4b494c1 elementor-section-boxed elementor-section-height-default elementor-section-height-default\" data-id=\"4b494c1\" data-element_type=\"section\">\n\t\t\t\t\t\t<div class=\"elementor-container elementor-column-gap-default\">\n\t\t\t\t\t\t\t<div class=\"elementor-row\">\n\t\t\t\t\t<div class=\"elementor-column elementor-col-100 elementor-top-column elementor-element elementor-element-4e81f8c\" data-id=\"4e81f8c\" data-element_type=\"column\">\n\t\t\t<div class=\"elementor-column-wrap elementor-element-populated\">\n\t\t\t\t\t\t\t<div class=\"elementor-widget-wrap\">\n\t\t\t\t\t\t<div class=\"elementor-element elementor-element-37f5826 elementor-widget elementor-widget-text-editor\" data-id=\"37f5826\" data-element_type=\"widget\" data-widget_type=\"text-editor.default\">\n\t\t\t\t<div class=\"elementor-widget-container\">\n\t\t\t\t\t\t\t\t<div class=\"elementor-text-editor elementor-clearfix\">\n\t\t\t\t<p>Los obispos espa\u00f1oles celebran\u00a0<strong>Asamblea Plenaria<\/strong>\u00a0en la sede de la Conferencia Episcopal Espa\u00f1ola (CEE) del\u00a0<strong>2 al 6 de marzo de 2020<\/strong>.\u00a0Durante estos d\u00edas se proceder\u00e1 a la\u00a0<strong>renovaci\u00f3n de cargos\u00a0<\/strong>para el\u00a0<strong>cuatrienio\u00a02020-2024<\/strong>, excepto el de secretario general, que se elige para un per\u00edodo de cinco a\u00f1os. Con estas elecciones\u00a0<strong>se pone en marcha el nuevo organigrama\u00a0<\/strong>de la CEE. En esta reuni\u00f3n participar\u00e1 el Obispo Administrador Apost\u00f3lico de la di\u00f3cesis, Mons. Jes\u00fas Garc\u00eda Burillo.<\/p><p>La Asamblea comenzar\u00e1 el lunes, d\u00eda\u00a0<strong>2 de marzo<\/strong>, a las\u00a0<strong>11.00 horas<\/strong>,\u00a0con el\u00a0<strong>discurso<\/strong>\u00a0del arzobispo de Valladolid y presidente de la CEE, cardenal\u00a0<strong>Ricardo Bl\u00e1zquez<\/strong>,\u00a0y\u00a0el\u00a0saludo del nuncio apost\u00f3lico en Espa\u00f1a, Mons.\u00a0<strong>Bernardito C. Auza.\u00a0<\/strong>El representante pontificio asiste por primera vez a la Plenaria tras su llegada a Espa\u00f1a el pasado mes de diciembre.<\/p><p><strong>Renovaci\u00f3n de cargos<\/strong><\/p><p>La renovaci\u00f3n de cargos se har\u00e1 conforme a los\u00a0<strong>nuevos estatutos<\/strong>\u00a0y la\u00a0<strong>nueva estructura de la CEE<\/strong>, que ya han recibido la\u00a0<em>Recognitio\u00a0<\/em>de la Santa Sede. Los obispos elegir\u00e1n al Presidente; Vicepresidente; miembros de la Comisi\u00f3n Ejecutiva; los Presidentes de las Comisiones y Subcomisiones Episcopales; el Presidente del Consejo Episcopal de Asuntos Jur\u00eddicos; y los tres miembros del Consejo Episcopal de Econom\u00eda. Todos los obispos miembros de la CEE sin cargo por elecci\u00f3n de la Plenaria se incorporar\u00e1n a uno de estos organismos.<\/p><p>Las elecciones comenzar\u00e1n el martes 3 de marzo por la ma\u00f1ana. Pero antes se\u00a0<strong>repasar\u00e1n las actividades y el funcionamiento de la CEE durante el trienio que ahora termina, el 2017-2020.<\/strong><\/p><p><strong>Obispos con derecho a voto<\/strong><\/p><p>En esta reuni\u00f3n de la Asamblea Plenaria ser\u00e1n\u00a0<strong>87 electores<\/strong>: 4 cardenales; 12 arzobispos; 48 obispos; y 18 auxiliares. Adem\u00e1s del administrador apost\u00f3lico de Ciudad Rodrigo y los administradores diocesanos de Astorga, Coria-C\u00e1ceres, Ibiza y Zamora. (Para m\u00e1s informaci\u00f3n sobre el proceso de las elecciones, se puede consultar el Especial Plenaria en la p\u00e1gina web de la CEE).<\/p><p><strong>Documentos de estudio e informaciones<\/strong><\/p><p><strong>\u00a0\u00a0\u00a0\u00a0\u00a0\u00a0\u00a0\u00a0\u00a0\u00a0\u00a0\u00a0\u00a0\u00a0\u00a0\u00a0<\/strong>El orden del d\u00eda incluye, entre otros, el estudio de los siguientes temas:<\/p><p>\u2013\u00a0\u00a0\u00a0\u00a0\u00a0\u00a0\u00a0\u00a0\u00a0\u00a0Proyecto de la elaboraci\u00f3n de los criterios pastorales de la Conferencia Episcopal Espa\u00f1ola para el quinquenio 2021 \u2013 2026.<\/p><p>\u2013\u00a0\u00a0\u00a0\u00a0\u00a0\u00a0\u00a0\u00a0\u00a0\u00a0Situaci\u00f3n de los trabajos relativos a la prevenci\u00f3n, actuaci\u00f3n y atenci\u00f3n pastoral ante los abusos de menores y personas vulnerables en el \u00e1mbito de la Conferencia Episcopal Espa\u00f1ola.\u00a0<\/p><p>\u2013\u00a0\u00a0\u00a0\u00a0\u00a0\u00a0\u00a0\u00a0\u00a0\u00a0<em>Instrucci\u00f3n pastoral sobre el acompa\u00f1amiento en la muerte y el duelo. Anuncio de la Vida eterna. La celebraci\u00f3n de exequias e inhumaciones.<\/em>\u00a0Han redactado este documento de manera conjunta las Comisiones Episcopales para la Doctrina de la Fe y para la Liturgia.<\/p><p>\u2013\u00a0\u00a0\u00a0\u00a0\u00a0\u00a0\u00a0\u00a0\u00a0\u00a0Renovaci\u00f3n de las Normas b\u00e1sicas para la formaci\u00f3n de los di\u00e1conos permanentes en las di\u00f3cesis espa\u00f1olas, en las que trabaja la Comisi\u00f3n Episcopal para el Clero y Seminarios.<\/p><p><strong>Otras informaciones<\/strong><\/p><p>La Comisi\u00f3n Episcopal para los Laicos, la Familia y la Vida informar\u00e1 sobre el Congreso de Laicos \u201cPueblo de Dios en Salida\u201d que se ha celebrado en Madrid del 14 al 16 de febrero de 2020. Los obispos tambi\u00e9n recibir\u00e1n informaci\u00f3n sobre el Instituto Espa\u00f1ol de Misiones Extranjeras (IEME) por parte de su presidente.<\/p><p>Adem\u00e1s, la Comisi\u00f3n Episcopal para las Misiones y Cooperaci\u00f3n con las Iglesias llevar\u00e1 a la Plenaria la solicitud de adelantar la Jornada de Infancia Misionera al tercer domingo de enero. Actualmente se celebra el cuarto domingo.<\/p><p><strong>\u00a0Otros temas del orden del d\u00eda<\/strong><\/p><p>Como es habitual en la primera Plenaria del a\u00f1o, se aprobar\u00e1n las Intenciones de la Conferencia Episcopal Espa\u00f1ola del a\u00f1o 2021 por las que reza la Red Mundial de Oraci\u00f3n del Papa (Apostolado de la Oraci\u00f3n).<\/p><p>La Plenaria tratar\u00e1 tambi\u00e9n diversos asuntos de seguimiento y econ\u00f3micos y proceder\u00e1 a la aprobaci\u00f3n de distintas Asociaciones Nacionales.<\/p><p>\u00a0<\/p>\t\t\t\t\t<\/div>\n\t\t\t\t\t\t<\/div>\n\t\t\t\t<\/div>\n\t\t\t\t\t\t<\/div>\n\t\t\t\t\t<\/div>\n\t\t<\/div>\n\t\t\t\t\t\t\t\t<\/div>\n\t\t\t\t\t<\/div>\n\t\t<\/section>\n\t\t\t\t<section class=\"elementor-section elementor-top-section elementor-element elementor-element-fbdb8f0 elementor-section-boxed elementor-section-height-default elementor-section-height-default\" data-id=\"fbdb8f0\" data-element_type=\"section\">\n\t\t\t\t\t\t<div class=\"elementor-container elementor-column-gap-default\">\n\t\t\t\t\t\t\t<div class=\"elementor-row\">\n\t\t\t\t\t<div class=\"elementor-column elementor-col-100 elementor-top-column elementor-element elementor-element-285535c\" data-id=\"285535c\" data-element_type=\"column\">\n\t\t\t<div class=\"elementor-column-wrap elementor-element-populated\">\n\t\t\t\t\t\t\t<div class=\"elementor-widget-wrap\">\n\t\t\t\t\t\t<div class=\"elementor-element elementor-element-d907a21 elementor-widget elementor-widget-image\" data-id=\"d907a21\" data-element_type=\"widget\" data-widget_type=\"image.default\">\n\t\t\t\t<div class=\"elementor-widget-container\">\n\t\t\t\t\t\t\t\t<div class=\"elementor-image\">\n\t\t\t\t\t\t\t\t\t\t\t\t<img loading=\"lazy\" decoding=\"async\" width=\"702\" height=\"526\" src=\"https:\/\/www.diocesisciudadrodrigo.org\/blog4\/wp-content\/uploads\/2020\/03\/2019-asamblea-plenaria-noviembre-plenaria-sala-702x526-1.jpg\" class=\"attachment-large size-large\" alt=\"\" srcset=\"https:\/\/www.diocesisciudadrodrigo.org\/blog4\/wp-content\/uploads\/2020\/03\/2019-asamblea-plenaria-noviembre-plenaria-sala-702x526-1.jpg 702w, https:\/\/www.diocesisciudadrodrigo.org\/blog4\/wp-content\/uploads\/2020\/03\/2019-asamblea-plenaria-noviembre-plenaria-sala-702x526-1-300x225.jpg 300w, https:\/\/www.diocesisciudadrodrigo.org\/blog4\/wp-content\/uploads\/2020\/03\/2019-asamblea-plenaria-noviembre-plenaria-sala-702x526-1-350x262.jpg 350w\" sizes=\"auto, (max-width: 702px) 100vw, 702px\" \/>\t\t\t\t\t\t\t\t\t\t\t\t\t\t<\/div>\n\t\t\t\t\t\t<\/div>\n\t\t\t\t<\/div>\n\t\t\t\t\t\t<\/div>\n\t\t\t\t\t<\/div>\n\t\t<\/div>\n\t\t\t\t\t\t\t\t<\/div>\n\t\t\t\t\t<\/div>\n\t\t<\/section>\n\t\t\t\t\t\t<\/div>\n\t\t\t\t\t\t<\/div>\n\t\t\t\t\t<\/div>\n\t\t","protected":false},"excerpt":{"rendered":"<p>Los obispos espa\u00f1oles celebran\u00a0Asamblea Plenaria\u00a0en la sede de la Conferencia Episcopal Espa\u00f1ola (CEE) del\u00a02 al 6 de marzo de 2020.\u00a0Durante estos d\u00edas se proceder\u00e1 a la\u00a0renovaci\u00f3n de cargos\u00a0para el\u00a0cuatrienio\u00a02020-2024, excepto &#8230; <\/p>\n<p class=\"read-more-container\"><a title=\"La Conferencia Episcopal celebrar\u00e1 la Asamblea Plenaria del 2 al 6 de marzo\" class=\"read-more button\" href=\"https:\/\/www.diocesisciudadrodrigo.org\/blog4\/la-conferencia-episcopal-celebrara-la-asamblea-plenaria-del-2-al-6-de-marzo\/#more-11951\" aria-label=\"M\u00e1s en La Conferencia Episcopal celebrar\u00e1 la Asamblea Plenaria del 2 al 6 de marzo\">Leer m\u00e1s &#8230;<\/a><\/p>\n","protected":false},"author":1,"featured_media":11952,"comment_status":"closed","ping_status":"closed","sticky":false,"template":"","format":"standard","meta":{"footnotes":""},"categories":[6],"tags":[],"class_list":["post-11951","post","type-post","status-publish","format-standard","has-post-thumbnail","hentry","category-noticias","masonry-post","generate-columns","tablet-grid-50","mobile-grid-100","grid-parent","grid-50"],"yoast_head":"<!-- This site is optimized with the Yoast SEO plugin v27.3 - https:\/\/yoast.com\/product\/yoast-seo-wordpress\/ -->\n<title>La Conferencia Episcopal celebrar\u00e1 la Asamblea Plenaria del 2 al 6 de marzo - Di\u00f3cesis de Ciudad Rodrigo<\/title>\n<meta name=\"robots\" content=\"index, follow, max-snippet:-1, max-image-preview:large, max-video-preview:-1\" \/>\n<link rel=\"canonical\" href=\"https:\/\/www.diocesisciudadrodrigo.org\/blog4\/la-conferencia-episcopal-celebrara-la-asamblea-plenaria-del-2-al-6-de-marzo\/\" \/>\n<meta property=\"og:locale\" content=\"es_ES\" \/>\n<meta property=\"og:type\" content=\"article\" \/>\n<meta property=\"og:title\" content=\"La Conferencia Episcopal celebrar\u00e1 la Asamblea Plenaria del 2 al 6 de marzo - Di\u00f3cesis de Ciudad Rodrigo\" \/>\n<meta property=\"og:description\" content=\"Los obispos espa\u00f1oles celebran\u00a0Asamblea Plenaria\u00a0en la sede de la Conferencia Episcopal Espa\u00f1ola (CEE) del\u00a02 al 6 de marzo de 2020.\u00a0Durante estos d\u00edas se proceder\u00e1 a la\u00a0renovaci\u00f3n de cargos\u00a0para el\u00a0cuatrienio\u00a02020-2024, excepto ... Leer m\u00e1s ...\" \/>\n<meta property=\"og:url\" content=\"https:\/\/www.diocesisciudadrodrigo.org\/blog4\/la-conferencia-episcopal-celebrara-la-asamblea-plenaria-del-2-al-6-de-marzo\/\" \/>\n<meta property=\"og:site_name\" content=\"Di\u00f3cesis de Ciudad Rodrigo\" \/>\n<meta property=\"article:publisher\" content=\"https:\/\/www.facebook.com\/people\/Dicesis-Ciudad-Rodrigo-MCS\/100076471923419\/#\" \/>\n<meta property=\"article:published_time\" content=\"2020-03-01T16:54:23+00:00\" \/>\n<meta property=\"article:modified_time\" content=\"2020-03-01T16:58:05+00:00\" \/>\n<meta property=\"og:image\" content=\"https:\/\/www.diocesisciudadrodrigo.org\/blog4\/wp-content\/uploads\/2020\/03\/2019-asamblea-plenaria-noviembre-plenaria-sala-702x526-1.jpg\" \/>\n\t<meta property=\"og:image:width\" content=\"702\" \/>\n\t<meta property=\"og:image:height\" content=\"526\" \/>\n\t<meta property=\"og:image:type\" content=\"image\/jpeg\" \/>\n<meta name=\"author\" content=\"medios CR\" \/>\n<meta name=\"twitter:card\" content=\"summary_large_image\" \/>\n<meta name=\"twitter:label1\" content=\"Escrito por\" \/>\n\t<meta name=\"twitter:data1\" content=\"medios CR\" \/>\n\t<meta name=\"twitter:label2\" content=\"Tiempo de lectura\" \/>\n\t<meta name=\"twitter:data2\" content=\"3 minutos\" \/>\n<script type=\"application\/ld+json\" class=\"yoast-schema-graph\">{\"@context\":\"https:\\\/\\\/schema.org\",\"@graph\":[{\"@type\":\"Article\",\"@id\":\"https:\\\/\\\/www.diocesisciudadrodrigo.org\\\/blog4\\\/la-conferencia-episcopal-celebrara-la-asamblea-plenaria-del-2-al-6-de-marzo\\\/#article\",\"isPartOf\":{\"@id\":\"https:\\\/\\\/www.diocesisciudadrodrigo.org\\\/blog4\\\/la-conferencia-episcopal-celebrara-la-asamblea-plenaria-del-2-al-6-de-marzo\\\/\"},\"author\":{\"name\":\"medios CR\",\"@id\":\"https:\\\/\\\/www.diocesisciudadrodrigo.org\\\/blog4\\\/#\\\/schema\\\/person\\\/5fcf0ca636a75766ff70e6417b6ed052\"},\"headline\":\"La Conferencia Episcopal celebrar\u00e1 la Asamblea Plenaria del 2 al 6 de marzo\",\"datePublished\":\"2020-03-01T16:54:23+00:00\",\"dateModified\":\"2020-03-01T16:58:05+00:00\",\"mainEntityOfPage\":{\"@id\":\"https:\\\/\\\/www.diocesisciudadrodrigo.org\\\/blog4\\\/la-conferencia-episcopal-celebrara-la-asamblea-plenaria-del-2-al-6-de-marzo\\\/\"},\"wordCount\":673,\"publisher\":{\"@id\":\"https:\\\/\\\/www.diocesisciudadrodrigo.org\\\/blog4\\\/#organization\"},\"image\":{\"@id\":\"https:\\\/\\\/www.diocesisciudadrodrigo.org\\\/blog4\\\/la-conferencia-episcopal-celebrara-la-asamblea-plenaria-del-2-al-6-de-marzo\\\/#primaryimage\"},\"thumbnailUrl\":\"https:\\\/\\\/www.diocesisciudadrodrigo.org\\\/blog4\\\/wp-content\\\/uploads\\\/2020\\\/03\\\/2019-asamblea-plenaria-noviembre-plenaria-sala-702x526-1.jpg\",\"articleSection\":[\"Noticias\"],\"inLanguage\":\"es\"},{\"@type\":\"WebPage\",\"@id\":\"https:\\\/\\\/www.diocesisciudadrodrigo.org\\\/blog4\\\/la-conferencia-episcopal-celebrara-la-asamblea-plenaria-del-2-al-6-de-marzo\\\/\",\"url\":\"https:\\\/\\\/www.diocesisciudadrodrigo.org\\\/blog4\\\/la-conferencia-episcopal-celebrara-la-asamblea-plenaria-del-2-al-6-de-marzo\\\/\",\"name\":\"La Conferencia Episcopal celebrar\u00e1 la Asamblea Plenaria del 2 al 6 de marzo - Di\u00f3cesis de Ciudad Rodrigo\",\"isPartOf\":{\"@id\":\"https:\\\/\\\/www.diocesisciudadrodrigo.org\\\/blog4\\\/#website\"},\"primaryImageOfPage\":{\"@id\":\"https:\\\/\\\/www.diocesisciudadrodrigo.org\\\/blog4\\\/la-conferencia-episcopal-celebrara-la-asamblea-plenaria-del-2-al-6-de-marzo\\\/#primaryimage\"},\"image\":{\"@id\":\"https:\\\/\\\/www.diocesisciudadrodrigo.org\\\/blog4\\\/la-conferencia-episcopal-celebrara-la-asamblea-plenaria-del-2-al-6-de-marzo\\\/#primaryimage\"},\"thumbnailUrl\":\"https:\\\/\\\/www.diocesisciudadrodrigo.org\\\/blog4\\\/wp-content\\\/uploads\\\/2020\\\/03\\\/2019-asamblea-plenaria-noviembre-plenaria-sala-702x526-1.jpg\",\"datePublished\":\"2020-03-01T16:54:23+00:00\",\"dateModified\":\"2020-03-01T16:58:05+00:00\",\"breadcrumb\":{\"@id\":\"https:\\\/\\\/www.diocesisciudadrodrigo.org\\\/blog4\\\/la-conferencia-episcopal-celebrara-la-asamblea-plenaria-del-2-al-6-de-marzo\\\/#breadcrumb\"},\"inLanguage\":\"es\",\"potentialAction\":[{\"@type\":\"ReadAction\",\"target\":[\"https:\\\/\\\/www.diocesisciudadrodrigo.org\\\/blog4\\\/la-conferencia-episcopal-celebrara-la-asamblea-plenaria-del-2-al-6-de-marzo\\\/\"]}]},{\"@type\":\"ImageObject\",\"inLanguage\":\"es\",\"@id\":\"https:\\\/\\\/www.diocesisciudadrodrigo.org\\\/blog4\\\/la-conferencia-episcopal-celebrara-la-asamblea-plenaria-del-2-al-6-de-marzo\\\/#primaryimage\",\"url\":\"https:\\\/\\\/www.diocesisciudadrodrigo.org\\\/blog4\\\/wp-content\\\/uploads\\\/2020\\\/03\\\/2019-asamblea-plenaria-noviembre-plenaria-sala-702x526-1.jpg\",\"contentUrl\":\"https:\\\/\\\/www.diocesisciudadrodrigo.org\\\/blog4\\\/wp-content\\\/uploads\\\/2020\\\/03\\\/2019-asamblea-plenaria-noviembre-plenaria-sala-702x526-1.jpg\",\"width\":702,\"height\":526,\"caption\":\"Plenaria celebrada el pasado es de noviembre\"},{\"@type\":\"BreadcrumbList\",\"@id\":\"https:\\\/\\\/www.diocesisciudadrodrigo.org\\\/blog4\\\/la-conferencia-episcopal-celebrara-la-asamblea-plenaria-del-2-al-6-de-marzo\\\/#breadcrumb\",\"itemListElement\":[{\"@type\":\"ListItem\",\"position\":1,\"name\":\"Portada\",\"item\":\"https:\\\/\\\/www.diocesisciudadrodrigo.org\\\/blog4\\\/\"},{\"@type\":\"ListItem\",\"position\":2,\"name\":\"La Conferencia Episcopal celebrar\u00e1 la Asamblea Plenaria del 2 al 6 de marzo\"}]},{\"@type\":\"WebSite\",\"@id\":\"https:\\\/\\\/www.diocesisciudadrodrigo.org\\\/blog4\\\/#website\",\"url\":\"https:\\\/\\\/www.diocesisciudadrodrigo.org\\\/blog4\\\/\",\"name\":\"Di\u00f3cesis de Ciudad Rodrigo\",\"description\":\"Sitio web oficial de la di\u00f3cesis civitatense\",\"publisher\":{\"@id\":\"https:\\\/\\\/www.diocesisciudadrodrigo.org\\\/blog4\\\/#organization\"},\"potentialAction\":[{\"@type\":\"SearchAction\",\"target\":{\"@type\":\"EntryPoint\",\"urlTemplate\":\"https:\\\/\\\/www.diocesisciudadrodrigo.org\\\/blog4\\\/?s={search_term_string}\"},\"query-input\":{\"@type\":\"PropertyValueSpecification\",\"valueRequired\":true,\"valueName\":\"search_term_string\"}}],\"inLanguage\":\"es\"},{\"@type\":\"Organization\",\"@id\":\"https:\\\/\\\/www.diocesisciudadrodrigo.org\\\/blog4\\\/#organization\",\"name\":\"Di\u00f3cesis de Ciudad Rodrigo\",\"url\":\"https:\\\/\\\/www.diocesisciudadrodrigo.org\\\/blog4\\\/\",\"logo\":{\"@type\":\"ImageObject\",\"inLanguage\":\"es\",\"@id\":\"https:\\\/\\\/www.diocesisciudadrodrigo.org\\\/blog4\\\/#\\\/schema\\\/logo\\\/image\\\/\",\"url\":\"https:\\\/\\\/www.diocesisciudadrodrigo.org\\\/blog4\\\/wp-content\\\/uploads\\\/2024\\\/12\\\/Diocesis.CMYK_-768x480-1.jpg\",\"contentUrl\":\"https:\\\/\\\/www.diocesisciudadrodrigo.org\\\/blog4\\\/wp-content\\\/uploads\\\/2024\\\/12\\\/Diocesis.CMYK_-768x480-1.jpg\",\"width\":768,\"height\":480,\"caption\":\"Di\u00f3cesis de Ciudad Rodrigo\"},\"image\":{\"@id\":\"https:\\\/\\\/www.diocesisciudadrodrigo.org\\\/blog4\\\/#\\\/schema\\\/logo\\\/image\\\/\"},\"sameAs\":[\"https:\\\/\\\/www.facebook.com\\\/people\\\/Dicesis-Ciudad-Rodrigo-MCS\\\/100076471923419\\\/#\"]},{\"@type\":\"Person\",\"@id\":\"https:\\\/\\\/www.diocesisciudadrodrigo.org\\\/blog4\\\/#\\\/schema\\\/person\\\/5fcf0ca636a75766ff70e6417b6ed052\",\"name\":\"medios CR\",\"image\":{\"@type\":\"ImageObject\",\"inLanguage\":\"es\",\"@id\":\"https:\\\/\\\/secure.gravatar.com\\\/avatar\\\/4a619fd0c7e36bd570f4e6e15eb09a2191185d0f63d8dbfdffe848af141ab87e?s=96&d=mm&r=g\",\"url\":\"https:\\\/\\\/secure.gravatar.com\\\/avatar\\\/4a619fd0c7e36bd570f4e6e15eb09a2191185d0f63d8dbfdffe848af141ab87e?s=96&d=mm&r=g\",\"contentUrl\":\"https:\\\/\\\/secure.gravatar.com\\\/avatar\\\/4a619fd0c7e36bd570f4e6e15eb09a2191185d0f63d8dbfdffe848af141ab87e?s=96&d=mm&r=g\",\"caption\":\"medios CR\"},\"url\":\"https:\\\/\\\/www.diocesisciudadrodrigo.org\\\/blog4\\\/author\\\/admin4\\\/\"}]}<\/script>\n<!-- \/ Yoast SEO plugin. -->","yoast_head_json":{"title":"La Conferencia Episcopal celebrar\u00e1 la Asamblea Plenaria del 2 al 6 de marzo - Di\u00f3cesis de Ciudad Rodrigo","robots":{"index":"index","follow":"follow","max-snippet":"max-snippet:-1","max-image-preview":"max-image-preview:large","max-video-preview":"max-video-preview:-1"},"canonical":"https:\/\/www.diocesisciudadrodrigo.org\/blog4\/la-conferencia-episcopal-celebrara-la-asamblea-plenaria-del-2-al-6-de-marzo\/","og_locale":"es_ES","og_type":"article","og_title":"La Conferencia Episcopal celebrar\u00e1 la Asamblea Plenaria del 2 al 6 de marzo - Di\u00f3cesis de Ciudad Rodrigo","og_description":"Los obispos espa\u00f1oles celebran\u00a0Asamblea Plenaria\u00a0en la sede de la Conferencia Episcopal Espa\u00f1ola (CEE) del\u00a02 al 6 de marzo de 2020.\u00a0Durante estos d\u00edas se proceder\u00e1 a la\u00a0renovaci\u00f3n de cargos\u00a0para el\u00a0cuatrienio\u00a02020-2024, excepto ... Leer m\u00e1s ...","og_url":"https:\/\/www.diocesisciudadrodrigo.org\/blog4\/la-conferencia-episcopal-celebrara-la-asamblea-plenaria-del-2-al-6-de-marzo\/","og_site_name":"Di\u00f3cesis de Ciudad Rodrigo","article_publisher":"https:\/\/www.facebook.com\/people\/Dicesis-Ciudad-Rodrigo-MCS\/100076471923419\/#","article_published_time":"2020-03-01T16:54:23+00:00","article_modified_time":"2020-03-01T16:58:05+00:00","og_image":[{"width":702,"height":526,"url":"https:\/\/www.diocesisciudadrodrigo.org\/blog4\/wp-content\/uploads\/2020\/03\/2019-asamblea-plenaria-noviembre-plenaria-sala-702x526-1.jpg","type":"image\/jpeg"}],"author":"medios CR","twitter_card":"summary_large_image","twitter_misc":{"Escrito por":"medios CR","Tiempo de lectura":"3 minutos"},"schema":{"@context":"https:\/\/schema.org","@graph":[{"@type":"Article","@id":"https:\/\/www.diocesisciudadrodrigo.org\/blog4\/la-conferencia-episcopal-celebrara-la-asamblea-plenaria-del-2-al-6-de-marzo\/#article","isPartOf":{"@id":"https:\/\/www.diocesisciudadrodrigo.org\/blog4\/la-conferencia-episcopal-celebrara-la-asamblea-plenaria-del-2-al-6-de-marzo\/"},"author":{"name":"medios CR","@id":"https:\/\/www.diocesisciudadrodrigo.org\/blog4\/#\/schema\/person\/5fcf0ca636a75766ff70e6417b6ed052"},"headline":"La Conferencia Episcopal celebrar\u00e1 la Asamblea Plenaria del 2 al 6 de marzo","datePublished":"2020-03-01T16:54:23+00:00","dateModified":"2020-03-01T16:58:05+00:00","mainEntityOfPage":{"@id":"https:\/\/www.diocesisciudadrodrigo.org\/blog4\/la-conferencia-episcopal-celebrara-la-asamblea-plenaria-del-2-al-6-de-marzo\/"},"wordCount":673,"publisher":{"@id":"https:\/\/www.diocesisciudadrodrigo.org\/blog4\/#organization"},"image":{"@id":"https:\/\/www.diocesisciudadrodrigo.org\/blog4\/la-conferencia-episcopal-celebrara-la-asamblea-plenaria-del-2-al-6-de-marzo\/#primaryimage"},"thumbnailUrl":"https:\/\/www.diocesisciudadrodrigo.org\/blog4\/wp-content\/uploads\/2020\/03\/2019-asamblea-plenaria-noviembre-plenaria-sala-702x526-1.jpg","articleSection":["Noticias"],"inLanguage":"es"},{"@type":"WebPage","@id":"https:\/\/www.diocesisciudadrodrigo.org\/blog4\/la-conferencia-episcopal-celebrara-la-asamblea-plenaria-del-2-al-6-de-marzo\/","url":"https:\/\/www.diocesisciudadrodrigo.org\/blog4\/la-conferencia-episcopal-celebrara-la-asamblea-plenaria-del-2-al-6-de-marzo\/","name":"La Conferencia Episcopal celebrar\u00e1 la Asamblea Plenaria del 2 al 6 de marzo - Di\u00f3cesis de Ciudad Rodrigo","isPartOf":{"@id":"https:\/\/www.diocesisciudadrodrigo.org\/blog4\/#website"},"primaryImageOfPage":{"@id":"https:\/\/www.diocesisciudadrodrigo.org\/blog4\/la-conferencia-episcopal-celebrara-la-asamblea-plenaria-del-2-al-6-de-marzo\/#primaryimage"},"image":{"@id":"https:\/\/www.diocesisciudadrodrigo.org\/blog4\/la-conferencia-episcopal-celebrara-la-asamblea-plenaria-del-2-al-6-de-marzo\/#primaryimage"},"thumbnailUrl":"https:\/\/www.diocesisciudadrodrigo.org\/blog4\/wp-content\/uploads\/2020\/03\/2019-asamblea-plenaria-noviembre-plenaria-sala-702x526-1.jpg","datePublished":"2020-03-01T16:54:23+00:00","dateModified":"2020-03-01T16:58:05+00:00","breadcrumb":{"@id":"https:\/\/www.diocesisciudadrodrigo.org\/blog4\/la-conferencia-episcopal-celebrara-la-asamblea-plenaria-del-2-al-6-de-marzo\/#breadcrumb"},"inLanguage":"es","potentialAction":[{"@type":"ReadAction","target":["https:\/\/www.diocesisciudadrodrigo.org\/blog4\/la-conferencia-episcopal-celebrara-la-asamblea-plenaria-del-2-al-6-de-marzo\/"]}]},{"@type":"ImageObject","inLanguage":"es","@id":"https:\/\/www.diocesisciudadrodrigo.org\/blog4\/la-conferencia-episcopal-celebrara-la-asamblea-plenaria-del-2-al-6-de-marzo\/#primaryimage","url":"https:\/\/www.diocesisciudadrodrigo.org\/blog4\/wp-content\/uploads\/2020\/03\/2019-asamblea-plenaria-noviembre-plenaria-sala-702x526-1.jpg","contentUrl":"https:\/\/www.diocesisciudadrodrigo.org\/blog4\/wp-content\/uploads\/2020\/03\/2019-asamblea-plenaria-noviembre-plenaria-sala-702x526-1.jpg","width":702,"height":526,"caption":"Plenaria celebrada el pasado es de noviembre"},{"@type":"BreadcrumbList","@id":"https:\/\/www.diocesisciudadrodrigo.org\/blog4\/la-conferencia-episcopal-celebrara-la-asamblea-plenaria-del-2-al-6-de-marzo\/#breadcrumb","itemListElement":[{"@type":"ListItem","position":1,"name":"Portada","item":"https:\/\/www.diocesisciudadrodrigo.org\/blog4\/"},{"@type":"ListItem","position":2,"name":"La Conferencia Episcopal celebrar\u00e1 la Asamblea Plenaria del 2 al 6 de marzo"}]},{"@type":"WebSite","@id":"https:\/\/www.diocesisciudadrodrigo.org\/blog4\/#website","url":"https:\/\/www.diocesisciudadrodrigo.org\/blog4\/","name":"Di\u00f3cesis de Ciudad Rodrigo","description":"Sitio web oficial de la di\u00f3cesis civitatense","publisher":{"@id":"https:\/\/www.diocesisciudadrodrigo.org\/blog4\/#organization"},"potentialAction":[{"@type":"SearchAction","target":{"@type":"EntryPoint","urlTemplate":"https:\/\/www.diocesisciudadrodrigo.org\/blog4\/?s={search_term_string}"},"query-input":{"@type":"PropertyValueSpecification","valueRequired":true,"valueName":"search_term_string"}}],"inLanguage":"es"},{"@type":"Organization","@id":"https:\/\/www.diocesisciudadrodrigo.org\/blog4\/#organization","name":"Di\u00f3cesis de Ciudad Rodrigo","url":"https:\/\/www.diocesisciudadrodrigo.org\/blog4\/","logo":{"@type":"ImageObject","inLanguage":"es","@id":"https:\/\/www.diocesisciudadrodrigo.org\/blog4\/#\/schema\/logo\/image\/","url":"https:\/\/www.diocesisciudadrodrigo.org\/blog4\/wp-content\/uploads\/2024\/12\/Diocesis.CMYK_-768x480-1.jpg","contentUrl":"https:\/\/www.diocesisciudadrodrigo.org\/blog4\/wp-content\/uploads\/2024\/12\/Diocesis.CMYK_-768x480-1.jpg","width":768,"height":480,"caption":"Di\u00f3cesis de Ciudad Rodrigo"},"image":{"@id":"https:\/\/www.diocesisciudadrodrigo.org\/blog4\/#\/schema\/logo\/image\/"},"sameAs":["https:\/\/www.facebook.com\/people\/Dicesis-Ciudad-Rodrigo-MCS\/100076471923419\/#"]},{"@type":"Person","@id":"https:\/\/www.diocesisciudadrodrigo.org\/blog4\/#\/schema\/person\/5fcf0ca636a75766ff70e6417b6ed052","name":"medios CR","image":{"@type":"ImageObject","inLanguage":"es","@id":"https:\/\/secure.gravatar.com\/avatar\/4a619fd0c7e36bd570f4e6e15eb09a2191185d0f63d8dbfdffe848af141ab87e?s=96&d=mm&r=g","url":"https:\/\/secure.gravatar.com\/avatar\/4a619fd0c7e36bd570f4e6e15eb09a2191185d0f63d8dbfdffe848af141ab87e?s=96&d=mm&r=g","contentUrl":"https:\/\/secure.gravatar.com\/avatar\/4a619fd0c7e36bd570f4e6e15eb09a2191185d0f63d8dbfdffe848af141ab87e?s=96&d=mm&r=g","caption":"medios CR"},"url":"https:\/\/www.diocesisciudadrodrigo.org\/blog4\/author\/admin4\/"}]}},"_links":{"self":[{"href":"https:\/\/www.diocesisciudadrodrigo.org\/blog4\/wp-json\/wp\/v2\/posts\/11951","targetHints":{"allow":["GET"]}}],"collection":[{"href":"https:\/\/www.diocesisciudadrodrigo.org\/blog4\/wp-json\/wp\/v2\/posts"}],"about":[{"href":"https:\/\/www.diocesisciudadrodrigo.org\/blog4\/wp-json\/wp\/v2\/types\/post"}],"author":[{"embeddable":true,"href":"https:\/\/www.diocesisciudadrodrigo.org\/blog4\/wp-json\/wp\/v2\/users\/1"}],"replies":[{"embeddable":true,"href":"https:\/\/www.diocesisciudadrodrigo.org\/blog4\/wp-json\/wp\/v2\/comments?post=11951"}],"version-history":[{"count":3,"href":"https:\/\/www.diocesisciudadrodrigo.org\/blog4\/wp-json\/wp\/v2\/posts\/11951\/revisions"}],"predecessor-version":[{"id":11955,"href":"https:\/\/www.diocesisciudadrodrigo.org\/blog4\/wp-json\/wp\/v2\/posts\/11951\/revisions\/11955"}],"wp:featuredmedia":[{"embeddable":true,"href":"https:\/\/www.diocesisciudadrodrigo.org\/blog4\/wp-json\/wp\/v2\/media\/11952"}],"wp:attachment":[{"href":"https:\/\/www.diocesisciudadrodrigo.org\/blog4\/wp-json\/wp\/v2\/media?parent=11951"}],"wp:term":[{"taxonomy":"category","embeddable":true,"href":"https:\/\/www.diocesisciudadrodrigo.org\/blog4\/wp-json\/wp\/v2\/categories?post=11951"},{"taxonomy":"post_tag","embeddable":true,"href":"https:\/\/www.diocesisciudadrodrigo.org\/blog4\/wp-json\/wp\/v2\/tags?post=11951"}],"curies":[{"name":"wp","href":"https:\/\/api.w.org\/{rel}","templated":true}]}}