{"id":11712,"date":"2018-12-11T10:50:53","date_gmt":"2018-12-11T09:50:53","guid":{"rendered":"http:\/\/www.diocesisciudadrodrigo.org\/blog3\/?p=7456"},"modified":"2018-12-11T10:50:53","modified_gmt":"2018-12-11T09:50:53","slug":"festividad-4","status":"publish","type":"post","link":"https:\/\/www.diocesisciudadrodrigo.org\/blog4\/festividad-4\/","title":{"rendered":"Festividad"},"content":{"rendered":"<div id=\"testArtCol_a\" class=\"art-layout-a\">\n<p><span style=\"color: #3366ff; font-size: 14pt;\"><strong>El Administrador Apost\u00f3lico preside la Eucarist\u00eda en la Inmaculada Concepci\u00f3n<\/strong><\/span><\/p>\n<figure id=\"attachment_7457\" aria-describedby=\"caption-attachment-7457\" style=\"width: 290px\" class=\"wp-caption alignright\"><a href=\"http:\/\/www.diocesisciudadrodrigo.org\/blog3\/wp-content\/uploads\/2018\/12\/PHOTO-2018-12-08-12-07-28-1.jpg\"><img loading=\"lazy\" decoding=\"async\" class=\"size-medium wp-image-7457\" src=\"http:\/\/www.diocesisciudadrodrigo.org\/blog3\/wp-content\/uploads\/2018\/12\/PHOTO-2018-12-08-12-07-28-1-300x169.jpg\" alt=\"\" width=\"300\" height=\"169\" \/><\/a><figcaption id=\"caption-attachment-7457\" class=\"wp-caption-text\">Un momento de la celebraci\u00f3n.<\/figcaption><\/figure>\n<p>El administrador apost\u00f3lico de la Di\u00f3cesis de Ciudad Rodrigo, Monse\u00f1or Francisco Gil Hell\u00edn, fue el encargado de presidir la misa estacional en la Catedral de Santa Mar\u00eda con motivo de la festividad de la Inmaculada Concepci\u00f3n.<\/p>\n<\/div>\n<div id=\"testArtCol_b\" class=\"art-layout-b\">\n<p>Un buen n\u00famero de fieles se congregaron en el templo en el que el prelado estuvo acompa\u00f1ado por algunos de los can\u00f3nigos concelebrando esta eucarist\u00eda.<\/p>\n<p>En su homil\u00eda, entre otras cuestiones, el administrador destac\u00f3 que Dios honra a su madre Inmaculada desde el momento de la concepci\u00f3n. Marca una diferencia con el resto de la humanidad, que est\u00e1 marcada por el pecado de Ad\u00e1n y Eva, pues Mar\u00eda fue preservada del pecado de origen.<\/p>\n<p>El franciscano Juan Duns Escoto explic\u00f3 el dogma de la Inmaculada Concepci\u00f3n, seg\u00fan refiri\u00f3 Gil Hell\u00edn, que finaliz\u00f3 la homil\u00eda recordando que Mar\u00eda es la aurora (inicio de Adviento), es la Virgen de la esperanza y la alegr\u00eda.<\/p>\n<\/div>\n","protected":false},"excerpt":{"rendered":"<p>El Administrador Apost\u00f3lico preside la Eucarist\u00eda en la Inmaculada Concepci\u00f3n El administrador apost\u00f3lico de la Di\u00f3cesis de Ciudad Rodrigo, Monse\u00f1or Francisco Gil Hell\u00edn, fue el encargado de presidir la misa &#8230; <\/p>\n<p class=\"read-more-container\"><a title=\"Festividad\" class=\"read-more button\" href=\"https:\/\/www.diocesisciudadrodrigo.org\/blog4\/festividad-4\/#more-11712\" aria-label=\"M\u00e1s en Festividad\">Leer m\u00e1s &#8230;<\/a><\/p>\n","protected":false},"author":2,"featured_media":0,"comment_status":"closed","ping_status":"closed","sticky":false,"template":"","format":"standard","meta":{"footnotes":""},"categories":[6],"tags":[],"class_list":["post-11712","post","type-post","status-publish","format-standard","hentry","category-noticias","masonry-post","generate-columns","tablet-grid-50","mobile-grid-100","grid-parent","grid-50"],"yoast_head":"<!-- This site is optimized with the Yoast SEO plugin v27.3 - https:\/\/yoast.com\/product\/yoast-seo-wordpress\/ -->\n<title>Festividad - Di\u00f3cesis de Ciudad Rodrigo<\/title>\n<meta name=\"robots\" content=\"index, follow, max-snippet:-1, max-image-preview:large, max-video-preview:-1\" \/>\n<link rel=\"canonical\" href=\"https:\/\/www.diocesisciudadrodrigo.org\/blog4\/festividad-4\/\" \/>\n<meta property=\"og:locale\" content=\"es_ES\" \/>\n<meta property=\"og:type\" content=\"article\" \/>\n<meta property=\"og:title\" content=\"Festividad - Di\u00f3cesis de Ciudad Rodrigo\" \/>\n<meta property=\"og:description\" content=\"El Administrador Apost\u00f3lico preside la Eucarist\u00eda en la Inmaculada Concepci\u00f3n El administrador apost\u00f3lico de la Di\u00f3cesis de Ciudad Rodrigo, Monse\u00f1or Francisco Gil Hell\u00edn, fue el encargado de presidir la misa ... Leer m\u00e1s ...\" \/>\n<meta property=\"og:url\" content=\"https:\/\/www.diocesisciudadrodrigo.org\/blog4\/festividad-4\/\" \/>\n<meta property=\"og:site_name\" content=\"Di\u00f3cesis de Ciudad Rodrigo\" \/>\n<meta property=\"article:publisher\" content=\"https:\/\/www.facebook.com\/people\/Dicesis-Ciudad-Rodrigo-MCS\/100076471923419\/#\" \/>\n<meta property=\"article:published_time\" content=\"2018-12-11T09:50:53+00:00\" \/>\n<meta name=\"author\" content=\"Silvia Garc\u00eda Rojo\" \/>\n<meta name=\"twitter:card\" content=\"summary_large_image\" \/>\n<meta name=\"twitter:label1\" content=\"Escrito por\" \/>\n\t<meta name=\"twitter:data1\" content=\"Silvia Garc\u00eda Rojo\" \/>\n\t<meta name=\"twitter:label2\" content=\"Tiempo de lectura\" \/>\n\t<meta name=\"twitter:data2\" content=\"1 minuto\" \/>\n<script type=\"application\/ld+json\" class=\"yoast-schema-graph\">{\"@context\":\"https:\\\/\\\/schema.org\",\"@graph\":[{\"@type\":\"Article\",\"@id\":\"https:\\\/\\\/www.diocesisciudadrodrigo.org\\\/blog4\\\/festividad-4\\\/#article\",\"isPartOf\":{\"@id\":\"https:\\\/\\\/www.diocesisciudadrodrigo.org\\\/blog4\\\/festividad-4\\\/\"},\"author\":{\"name\":\"Silvia Garc\u00eda Rojo\",\"@id\":\"https:\\\/\\\/www.diocesisciudadrodrigo.org\\\/blog4\\\/#\\\/schema\\\/person\\\/584b0cf9de264bbc2436f8360898d6f5\"},\"headline\":\"Festividad\",\"datePublished\":\"2018-12-11T09:50:53+00:00\",\"mainEntityOfPage\":{\"@id\":\"https:\\\/\\\/www.diocesisciudadrodrigo.org\\\/blog4\\\/festividad-4\\\/\"},\"wordCount\":195,\"publisher\":{\"@id\":\"https:\\\/\\\/www.diocesisciudadrodrigo.org\\\/blog4\\\/#organization\"},\"image\":{\"@id\":\"https:\\\/\\\/www.diocesisciudadrodrigo.org\\\/blog4\\\/festividad-4\\\/#primaryimage\"},\"thumbnailUrl\":\"http:\\\/\\\/www.diocesisciudadrodrigo.org\\\/blog3\\\/wp-content\\\/uploads\\\/2018\\\/12\\\/PHOTO-2018-12-08-12-07-28-1-300x169.jpg\",\"articleSection\":[\"Noticias\"],\"inLanguage\":\"es\"},{\"@type\":\"WebPage\",\"@id\":\"https:\\\/\\\/www.diocesisciudadrodrigo.org\\\/blog4\\\/festividad-4\\\/\",\"url\":\"https:\\\/\\\/www.diocesisciudadrodrigo.org\\\/blog4\\\/festividad-4\\\/\",\"name\":\"Festividad - Di\u00f3cesis de Ciudad Rodrigo\",\"isPartOf\":{\"@id\":\"https:\\\/\\\/www.diocesisciudadrodrigo.org\\\/blog4\\\/#website\"},\"primaryImageOfPage\":{\"@id\":\"https:\\\/\\\/www.diocesisciudadrodrigo.org\\\/blog4\\\/festividad-4\\\/#primaryimage\"},\"image\":{\"@id\":\"https:\\\/\\\/www.diocesisciudadrodrigo.org\\\/blog4\\\/festividad-4\\\/#primaryimage\"},\"thumbnailUrl\":\"http:\\\/\\\/www.diocesisciudadrodrigo.org\\\/blog3\\\/wp-content\\\/uploads\\\/2018\\\/12\\\/PHOTO-2018-12-08-12-07-28-1-300x169.jpg\",\"datePublished\":\"2018-12-11T09:50:53+00:00\",\"breadcrumb\":{\"@id\":\"https:\\\/\\\/www.diocesisciudadrodrigo.org\\\/blog4\\\/festividad-4\\\/#breadcrumb\"},\"inLanguage\":\"es\",\"potentialAction\":[{\"@type\":\"ReadAction\",\"target\":[\"https:\\\/\\\/www.diocesisciudadrodrigo.org\\\/blog4\\\/festividad-4\\\/\"]}]},{\"@type\":\"ImageObject\",\"inLanguage\":\"es\",\"@id\":\"https:\\\/\\\/www.diocesisciudadrodrigo.org\\\/blog4\\\/festividad-4\\\/#primaryimage\",\"url\":\"http:\\\/\\\/www.diocesisciudadrodrigo.org\\\/blog3\\\/wp-content\\\/uploads\\\/2018\\\/12\\\/PHOTO-2018-12-08-12-07-28-1-300x169.jpg\",\"contentUrl\":\"http:\\\/\\\/www.diocesisciudadrodrigo.org\\\/blog3\\\/wp-content\\\/uploads\\\/2018\\\/12\\\/PHOTO-2018-12-08-12-07-28-1-300x169.jpg\"},{\"@type\":\"BreadcrumbList\",\"@id\":\"https:\\\/\\\/www.diocesisciudadrodrigo.org\\\/blog4\\\/festividad-4\\\/#breadcrumb\",\"itemListElement\":[{\"@type\":\"ListItem\",\"position\":1,\"name\":\"Portada\",\"item\":\"https:\\\/\\\/www.diocesisciudadrodrigo.org\\\/blog4\\\/\"},{\"@type\":\"ListItem\",\"position\":2,\"name\":\"Festividad\"}]},{\"@type\":\"WebSite\",\"@id\":\"https:\\\/\\\/www.diocesisciudadrodrigo.org\\\/blog4\\\/#website\",\"url\":\"https:\\\/\\\/www.diocesisciudadrodrigo.org\\\/blog4\\\/\",\"name\":\"Di\u00f3cesis de Ciudad Rodrigo\",\"description\":\"Sitio web oficial de la di\u00f3cesis civitatense\",\"publisher\":{\"@id\":\"https:\\\/\\\/www.diocesisciudadrodrigo.org\\\/blog4\\\/#organization\"},\"potentialAction\":[{\"@type\":\"SearchAction\",\"target\":{\"@type\":\"EntryPoint\",\"urlTemplate\":\"https:\\\/\\\/www.diocesisciudadrodrigo.org\\\/blog4\\\/?s={search_term_string}\"},\"query-input\":{\"@type\":\"PropertyValueSpecification\",\"valueRequired\":true,\"valueName\":\"search_term_string\"}}],\"inLanguage\":\"es\"},{\"@type\":\"Organization\",\"@id\":\"https:\\\/\\\/www.diocesisciudadrodrigo.org\\\/blog4\\\/#organization\",\"name\":\"Di\u00f3cesis de Ciudad Rodrigo\",\"url\":\"https:\\\/\\\/www.diocesisciudadrodrigo.org\\\/blog4\\\/\",\"logo\":{\"@type\":\"ImageObject\",\"inLanguage\":\"es\",\"@id\":\"https:\\\/\\\/www.diocesisciudadrodrigo.org\\\/blog4\\\/#\\\/schema\\\/logo\\\/image\\\/\",\"url\":\"https:\\\/\\\/www.diocesisciudadrodrigo.org\\\/blog4\\\/wp-content\\\/uploads\\\/2024\\\/12\\\/Diocesis.CMYK_-768x480-1.jpg\",\"contentUrl\":\"https:\\\/\\\/www.diocesisciudadrodrigo.org\\\/blog4\\\/wp-content\\\/uploads\\\/2024\\\/12\\\/Diocesis.CMYK_-768x480-1.jpg\",\"width\":768,\"height\":480,\"caption\":\"Di\u00f3cesis de Ciudad Rodrigo\"},\"image\":{\"@id\":\"https:\\\/\\\/www.diocesisciudadrodrigo.org\\\/blog4\\\/#\\\/schema\\\/logo\\\/image\\\/\"},\"sameAs\":[\"https:\\\/\\\/www.facebook.com\\\/people\\\/Dicesis-Ciudad-Rodrigo-MCS\\\/100076471923419\\\/#\"]},{\"@type\":\"Person\",\"@id\":\"https:\\\/\\\/www.diocesisciudadrodrigo.org\\\/blog4\\\/#\\\/schema\\\/person\\\/584b0cf9de264bbc2436f8360898d6f5\",\"name\":\"Silvia Garc\u00eda Rojo\",\"image\":{\"@type\":\"ImageObject\",\"inLanguage\":\"es\",\"@id\":\"https:\\\/\\\/secure.gravatar.com\\\/avatar\\\/ebf0674cba0b617b8f0f5bf916238f477a1e8ff44f739632f4365e95629b143b?s=96&d=mm&r=g\",\"url\":\"https:\\\/\\\/secure.gravatar.com\\\/avatar\\\/ebf0674cba0b617b8f0f5bf916238f477a1e8ff44f739632f4365e95629b143b?s=96&d=mm&r=g\",\"contentUrl\":\"https:\\\/\\\/secure.gravatar.com\\\/avatar\\\/ebf0674cba0b617b8f0f5bf916238f477a1e8ff44f739632f4365e95629b143b?s=96&d=mm&r=g\",\"caption\":\"Silvia Garc\u00eda Rojo\"},\"url\":\"https:\\\/\\\/www.diocesisciudadrodrigo.org\\\/blog4\\\/author\\\/administracion\\\/\"}]}<\/script>\n<!-- \/ Yoast SEO plugin. -->","yoast_head_json":{"title":"Festividad - Di\u00f3cesis de Ciudad Rodrigo","robots":{"index":"index","follow":"follow","max-snippet":"max-snippet:-1","max-image-preview":"max-image-preview:large","max-video-preview":"max-video-preview:-1"},"canonical":"https:\/\/www.diocesisciudadrodrigo.org\/blog4\/festividad-4\/","og_locale":"es_ES","og_type":"article","og_title":"Festividad - Di\u00f3cesis de Ciudad Rodrigo","og_description":"El Administrador Apost\u00f3lico preside la Eucarist\u00eda en la Inmaculada Concepci\u00f3n El administrador apost\u00f3lico de la Di\u00f3cesis de Ciudad Rodrigo, Monse\u00f1or Francisco Gil Hell\u00edn, fue el encargado de presidir la misa ... Leer m\u00e1s ...","og_url":"https:\/\/www.diocesisciudadrodrigo.org\/blog4\/festividad-4\/","og_site_name":"Di\u00f3cesis de Ciudad Rodrigo","article_publisher":"https:\/\/www.facebook.com\/people\/Dicesis-Ciudad-Rodrigo-MCS\/100076471923419\/#","article_published_time":"2018-12-11T09:50:53+00:00","author":"Silvia Garc\u00eda Rojo","twitter_card":"summary_large_image","twitter_misc":{"Escrito por":"Silvia Garc\u00eda Rojo","Tiempo de lectura":"1 minuto"},"schema":{"@context":"https:\/\/schema.org","@graph":[{"@type":"Article","@id":"https:\/\/www.diocesisciudadrodrigo.org\/blog4\/festividad-4\/#article","isPartOf":{"@id":"https:\/\/www.diocesisciudadrodrigo.org\/blog4\/festividad-4\/"},"author":{"name":"Silvia Garc\u00eda Rojo","@id":"https:\/\/www.diocesisciudadrodrigo.org\/blog4\/#\/schema\/person\/584b0cf9de264bbc2436f8360898d6f5"},"headline":"Festividad","datePublished":"2018-12-11T09:50:53+00:00","mainEntityOfPage":{"@id":"https:\/\/www.diocesisciudadrodrigo.org\/blog4\/festividad-4\/"},"wordCount":195,"publisher":{"@id":"https:\/\/www.diocesisciudadrodrigo.org\/blog4\/#organization"},"image":{"@id":"https:\/\/www.diocesisciudadrodrigo.org\/blog4\/festividad-4\/#primaryimage"},"thumbnailUrl":"http:\/\/www.diocesisciudadrodrigo.org\/blog3\/wp-content\/uploads\/2018\/12\/PHOTO-2018-12-08-12-07-28-1-300x169.jpg","articleSection":["Noticias"],"inLanguage":"es"},{"@type":"WebPage","@id":"https:\/\/www.diocesisciudadrodrigo.org\/blog4\/festividad-4\/","url":"https:\/\/www.diocesisciudadrodrigo.org\/blog4\/festividad-4\/","name":"Festividad - Di\u00f3cesis de Ciudad Rodrigo","isPartOf":{"@id":"https:\/\/www.diocesisciudadrodrigo.org\/blog4\/#website"},"primaryImageOfPage":{"@id":"https:\/\/www.diocesisciudadrodrigo.org\/blog4\/festividad-4\/#primaryimage"},"image":{"@id":"https:\/\/www.diocesisciudadrodrigo.org\/blog4\/festividad-4\/#primaryimage"},"thumbnailUrl":"http:\/\/www.diocesisciudadrodrigo.org\/blog3\/wp-content\/uploads\/2018\/12\/PHOTO-2018-12-08-12-07-28-1-300x169.jpg","datePublished":"2018-12-11T09:50:53+00:00","breadcrumb":{"@id":"https:\/\/www.diocesisciudadrodrigo.org\/blog4\/festividad-4\/#breadcrumb"},"inLanguage":"es","potentialAction":[{"@type":"ReadAction","target":["https:\/\/www.diocesisciudadrodrigo.org\/blog4\/festividad-4\/"]}]},{"@type":"ImageObject","inLanguage":"es","@id":"https:\/\/www.diocesisciudadrodrigo.org\/blog4\/festividad-4\/#primaryimage","url":"http:\/\/www.diocesisciudadrodrigo.org\/blog3\/wp-content\/uploads\/2018\/12\/PHOTO-2018-12-08-12-07-28-1-300x169.jpg","contentUrl":"http:\/\/www.diocesisciudadrodrigo.org\/blog3\/wp-content\/uploads\/2018\/12\/PHOTO-2018-12-08-12-07-28-1-300x169.jpg"},{"@type":"BreadcrumbList","@id":"https:\/\/www.diocesisciudadrodrigo.org\/blog4\/festividad-4\/#breadcrumb","itemListElement":[{"@type":"ListItem","position":1,"name":"Portada","item":"https:\/\/www.diocesisciudadrodrigo.org\/blog4\/"},{"@type":"ListItem","position":2,"name":"Festividad"}]},{"@type":"WebSite","@id":"https:\/\/www.diocesisciudadrodrigo.org\/blog4\/#website","url":"https:\/\/www.diocesisciudadrodrigo.org\/blog4\/","name":"Di\u00f3cesis de Ciudad Rodrigo","description":"Sitio web oficial de la di\u00f3cesis civitatense","publisher":{"@id":"https:\/\/www.diocesisciudadrodrigo.org\/blog4\/#organization"},"potentialAction":[{"@type":"SearchAction","target":{"@type":"EntryPoint","urlTemplate":"https:\/\/www.diocesisciudadrodrigo.org\/blog4\/?s={search_term_string}"},"query-input":{"@type":"PropertyValueSpecification","valueRequired":true,"valueName":"search_term_string"}}],"inLanguage":"es"},{"@type":"Organization","@id":"https:\/\/www.diocesisciudadrodrigo.org\/blog4\/#organization","name":"Di\u00f3cesis de Ciudad Rodrigo","url":"https:\/\/www.diocesisciudadrodrigo.org\/blog4\/","logo":{"@type":"ImageObject","inLanguage":"es","@id":"https:\/\/www.diocesisciudadrodrigo.org\/blog4\/#\/schema\/logo\/image\/","url":"https:\/\/www.diocesisciudadrodrigo.org\/blog4\/wp-content\/uploads\/2024\/12\/Diocesis.CMYK_-768x480-1.jpg","contentUrl":"https:\/\/www.diocesisciudadrodrigo.org\/blog4\/wp-content\/uploads\/2024\/12\/Diocesis.CMYK_-768x480-1.jpg","width":768,"height":480,"caption":"Di\u00f3cesis de Ciudad Rodrigo"},"image":{"@id":"https:\/\/www.diocesisciudadrodrigo.org\/blog4\/#\/schema\/logo\/image\/"},"sameAs":["https:\/\/www.facebook.com\/people\/Dicesis-Ciudad-Rodrigo-MCS\/100076471923419\/#"]},{"@type":"Person","@id":"https:\/\/www.diocesisciudadrodrigo.org\/blog4\/#\/schema\/person\/584b0cf9de264bbc2436f8360898d6f5","name":"Silvia Garc\u00eda Rojo","image":{"@type":"ImageObject","inLanguage":"es","@id":"https:\/\/secure.gravatar.com\/avatar\/ebf0674cba0b617b8f0f5bf916238f477a1e8ff44f739632f4365e95629b143b?s=96&d=mm&r=g","url":"https:\/\/secure.gravatar.com\/avatar\/ebf0674cba0b617b8f0f5bf916238f477a1e8ff44f739632f4365e95629b143b?s=96&d=mm&r=g","contentUrl":"https:\/\/secure.gravatar.com\/avatar\/ebf0674cba0b617b8f0f5bf916238f477a1e8ff44f739632f4365e95629b143b?s=96&d=mm&r=g","caption":"Silvia Garc\u00eda Rojo"},"url":"https:\/\/www.diocesisciudadrodrigo.org\/blog4\/author\/administracion\/"}]}},"_links":{"self":[{"href":"https:\/\/www.diocesisciudadrodrigo.org\/blog4\/wp-json\/wp\/v2\/posts\/11712","targetHints":{"allow":["GET"]}}],"collection":[{"href":"https:\/\/www.diocesisciudadrodrigo.org\/blog4\/wp-json\/wp\/v2\/posts"}],"about":[{"href":"https:\/\/www.diocesisciudadrodrigo.org\/blog4\/wp-json\/wp\/v2\/types\/post"}],"author":[{"embeddable":true,"href":"https:\/\/www.diocesisciudadrodrigo.org\/blog4\/wp-json\/wp\/v2\/users\/2"}],"replies":[{"embeddable":true,"href":"https:\/\/www.diocesisciudadrodrigo.org\/blog4\/wp-json\/wp\/v2\/comments?post=11712"}],"version-history":[{"count":0,"href":"https:\/\/www.diocesisciudadrodrigo.org\/blog4\/wp-json\/wp\/v2\/posts\/11712\/revisions"}],"wp:attachment":[{"href":"https:\/\/www.diocesisciudadrodrigo.org\/blog4\/wp-json\/wp\/v2\/media?parent=11712"}],"wp:term":[{"taxonomy":"category","embeddable":true,"href":"https:\/\/www.diocesisciudadrodrigo.org\/blog4\/wp-json\/wp\/v2\/categories?post=11712"},{"taxonomy":"post_tag","embeddable":true,"href":"https:\/\/www.diocesisciudadrodrigo.org\/blog4\/wp-json\/wp\/v2\/tags?post=11712"}],"curies":[{"name":"wp","href":"https:\/\/api.w.org\/{rel}","templated":true}]}}