{"id":11703,"date":"2018-12-22T19:13:11","date_gmt":"2018-12-22T18:13:11","guid":{"rendered":"http:\/\/www.diocesisciudadrodrigo.org\/blog3\/?p=7470"},"modified":"2020-02-16T14:46:30","modified_gmt":"2020-02-16T13:46:30","slug":"ciudad-rodrigo-y-retortillo","status":"publish","type":"post","link":"https:\/\/www.diocesisciudadrodrigo.org\/blog4\/ciudad-rodrigo-y-retortillo\/","title":{"rendered":"Ciudad Rodrigo y Retortillo"},"content":{"rendered":"\t\t<div data-elementor-type=\"wp-post\" data-elementor-id=\"11703\" class=\"elementor elementor-11703\" data-elementor-settings=\"[]\">\n\t\t\t\t\t\t<div class=\"elementor-inner\">\n\t\t\t\t\t\t\t<div class=\"elementor-section-wrap\">\n\t\t\t\t\t\t\t<section class=\"elementor-section elementor-top-section elementor-element elementor-element-4bf1a1f0 elementor-section-boxed elementor-section-height-default elementor-section-height-default\" data-id=\"4bf1a1f0\" data-element_type=\"section\">\n\t\t\t\t\t\t<div class=\"elementor-container elementor-column-gap-default\">\n\t\t\t\t\t\t\t<div class=\"elementor-row\">\n\t\t\t\t\t<div class=\"elementor-column elementor-col-50 elementor-top-column elementor-element elementor-element-598abcc3\" data-id=\"598abcc3\" data-element_type=\"column\">\n\t\t\t<div class=\"elementor-column-wrap elementor-element-populated\">\n\t\t\t\t\t\t\t<div class=\"elementor-widget-wrap\">\n\t\t\t\t\t\t<div class=\"elementor-element elementor-element-5afc5c40 elementor-widget elementor-widget-text-editor\" data-id=\"5afc5c40\" data-element_type=\"widget\" data-widget_type=\"text-editor.default\">\n\t\t\t\t<div class=\"elementor-widget-container\">\n\t\t\t\t\t\t\t\t<div class=\"elementor-text-editor elementor-clearfix\">\n\t\t\t\t<p><span style=\"font-size: 14pt; color: #3366ff;\"><strong>Los Sembradores de Estrellas llevan el mensaje misionero de la Navidad<\/strong><\/span><\/p><p>La di\u00f3cesis de Ciudad Rodrigo, a trav\u00e9s de la delegaci\u00f3n de Misiones, ha vuelto a inundar del esp\u00edritu navide\u00f1o las calles de Ciudad Rodrigo con \u00abSembradores de Estrellas\u00bb. A trav\u00e9s de esa iniciativa, los ni\u00f1os se convierten en peque\u00f1os misioneros que llevan la alegr\u00eda de la Navidad a las calles. Esta actividad est\u00e1 impulsada por la Obra Pontificia de Infancia Misionera que busca otorgar a los ni\u00f1os un papel activo en la Misi\u00f3n de la Iglesia. En el caso de la di\u00f3cesis de Ciudad Rodrigo, esta cita arranc\u00f3 del patio del Colegio de las Misioneras de la Providencia.<br \/>Posteriormente, salieron a las calles cantando villancicos y colocando esas pegatinas en forma de estrella a todo aquel que se encontraban.<br \/>Tanto ni\u00f1os como adultos se detuvieron en el Mercado de Abastos, en el mercadillo de los s\u00e1bados, o brevemente en la Plaza Mayor pero, sin duda, una de las partes m\u00e1s bonitas del recorrido fue la llegada a varias residencias de la localidad donde acompa\u00f1aron con villancicos a los ancianos.<\/p><p>En el caso de<strong> Retortillo<\/strong>, la actividad tuvo lugar el viernes por la tarde con la presencia de los representantes de la delegaci\u00f3n de Misiones, ni\u00f1os y adultos de la parroquia. En primer lugar, se celebr\u00f3 el env\u00edo en la iglesia y posteriormente recorrieron las calles del pueblo cantando villancicos. Hicieron parada en el Hogar del Jubilado y en la residencia de ancianos. Termin\u00f3 con una chocolatada en las antiguas escuelas.<\/p>\t\t\t\t\t<\/div>\n\t\t\t\t\t\t<\/div>\n\t\t\t\t<\/div>\n\t\t\t\t\t\t<\/div>\n\t\t\t\t\t<\/div>\n\t\t<\/div>\n\t\t\t\t<div class=\"elementor-column elementor-col-50 elementor-top-column elementor-element elementor-element-58d62db\" data-id=\"58d62db\" data-element_type=\"column\">\n\t\t\t<div class=\"elementor-column-wrap elementor-element-populated\">\n\t\t\t\t\t\t\t<div class=\"elementor-widget-wrap\">\n\t\t\t\t\t\t<div class=\"elementor-element elementor-element-169d739 elementor-widget elementor-widget-image-gallery\" data-id=\"169d739\" data-element_type=\"widget\" data-widget_type=\"image-gallery.default\">\n\t\t\t\t<div class=\"elementor-widget-container\">\n\t\t\t\t\t<div class=\"elementor-image-gallery\">\n\t\t\t<div id='gallery-1' class='gallery galleryid-11703 gallery-columns-1 gallery-size-full'><figure class='gallery-item'>\n\t\t\t<div class='gallery-icon landscape'>\n\t\t\t\t<a  href='https:\/\/www.diocesisciudadrodrigo.org\/blog4\/wp-content\/uploads\/2018\/12\/IMG_1384.jpg'><img loading=\"lazy\" decoding=\"async\" width=\"1600\" height=\"900\" src=\"https:\/\/www.diocesisciudadrodrigo.org\/blog4\/wp-content\/uploads\/2018\/12\/IMG_1384.jpg\" class=\"attachment-full size-full\" alt=\"\" srcset=\"https:\/\/www.diocesisciudadrodrigo.org\/blog4\/wp-content\/uploads\/2018\/12\/IMG_1384.jpg 1600w, https:\/\/www.diocesisciudadrodrigo.org\/blog4\/wp-content\/uploads\/2018\/12\/IMG_1384-300x169.jpg 300w, https:\/\/www.diocesisciudadrodrigo.org\/blog4\/wp-content\/uploads\/2018\/12\/IMG_1384-768x432.jpg 768w, https:\/\/www.diocesisciudadrodrigo.org\/blog4\/wp-content\/uploads\/2018\/12\/IMG_1384-1024x576.jpg 1024w, https:\/\/www.diocesisciudadrodrigo.org\/blog4\/wp-content\/uploads\/2018\/12\/IMG_1384-350x197.jpg 350w\" sizes=\"auto, (max-width: 1600px) 100vw, 1600px\" \/><\/a>\n\t\t\t<\/div><\/figure><figure class='gallery-item'>\n\t\t\t<div class='gallery-icon landscape'>\n\t\t\t\t<a  href='https:\/\/www.diocesisciudadrodrigo.org\/blog4\/wp-content\/uploads\/2018\/12\/IMG_1422.jpg'><img loading=\"lazy\" decoding=\"async\" width=\"1600\" height=\"900\" src=\"https:\/\/www.diocesisciudadrodrigo.org\/blog4\/wp-content\/uploads\/2018\/12\/IMG_1422.jpg\" class=\"attachment-full size-full\" alt=\"\" srcset=\"https:\/\/www.diocesisciudadrodrigo.org\/blog4\/wp-content\/uploads\/2018\/12\/IMG_1422.jpg 1600w, https:\/\/www.diocesisciudadrodrigo.org\/blog4\/wp-content\/uploads\/2018\/12\/IMG_1422-300x169.jpg 300w, https:\/\/www.diocesisciudadrodrigo.org\/blog4\/wp-content\/uploads\/2018\/12\/IMG_1422-768x432.jpg 768w, https:\/\/www.diocesisciudadrodrigo.org\/blog4\/wp-content\/uploads\/2018\/12\/IMG_1422-1024x576.jpg 1024w, https:\/\/www.diocesisciudadrodrigo.org\/blog4\/wp-content\/uploads\/2018\/12\/IMG_1422-350x197.jpg 350w\" sizes=\"auto, (max-width: 1600px) 100vw, 1600px\" \/><\/a>\n\t\t\t<\/div><\/figure>\n\t\t<\/div>\n\t\t<\/div>\n\t\t\t\t<\/div>\n\t\t\t\t<\/div>\n\t\t\t\t\t\t<\/div>\n\t\t\t\t\t<\/div>\n\t\t<\/div>\n\t\t\t\t\t\t\t\t<\/div>\n\t\t\t\t\t<\/div>\n\t\t<\/section>\n\t\t\t\t\t\t<\/div>\n\t\t\t\t\t\t<\/div>\n\t\t\t\t\t<\/div>\n\t\t","protected":false},"excerpt":{"rendered":"<p>Los Sembradores de Estrellas llevan el mensaje misionero de la Navidad La di\u00f3cesis de Ciudad Rodrigo, a trav\u00e9s de la delegaci\u00f3n de Misiones, ha vuelto a inundar del esp\u00edritu navide\u00f1o &#8230; <\/p>\n<p class=\"read-more-container\"><a title=\"Ciudad Rodrigo y Retortillo\" class=\"read-more button\" href=\"https:\/\/www.diocesisciudadrodrigo.org\/blog4\/ciudad-rodrigo-y-retortillo\/#more-11703\" aria-label=\"M\u00e1s en Ciudad Rodrigo y Retortillo\">Leer m\u00e1s &#8230;<\/a><\/p>\n","protected":false},"author":2,"featured_media":0,"comment_status":"closed","ping_status":"closed","sticky":false,"template":"","format":"standard","meta":{"footnotes":""},"categories":[6],"tags":[],"class_list":["post-11703","post","type-post","status-publish","format-standard","hentry","category-noticias","masonry-post","generate-columns","tablet-grid-50","mobile-grid-100","grid-parent","grid-50"],"yoast_head":"<!-- This site is optimized with the Yoast SEO plugin v27.3 - https:\/\/yoast.com\/product\/yoast-seo-wordpress\/ -->\n<title>Ciudad Rodrigo y Retortillo - Di\u00f3cesis de Ciudad Rodrigo<\/title>\n<meta name=\"robots\" content=\"index, follow, max-snippet:-1, max-image-preview:large, max-video-preview:-1\" \/>\n<link rel=\"canonical\" href=\"https:\/\/www.diocesisciudadrodrigo.org\/blog4\/ciudad-rodrigo-y-retortillo\/\" \/>\n<meta property=\"og:locale\" content=\"es_ES\" \/>\n<meta property=\"og:type\" content=\"article\" \/>\n<meta property=\"og:title\" content=\"Ciudad Rodrigo y Retortillo - Di\u00f3cesis de Ciudad Rodrigo\" \/>\n<meta property=\"og:description\" content=\"Los Sembradores de Estrellas llevan el mensaje misionero de la Navidad La di\u00f3cesis de Ciudad Rodrigo, a trav\u00e9s de la delegaci\u00f3n de Misiones, ha vuelto a inundar del esp\u00edritu navide\u00f1o ... Leer m\u00e1s ...\" \/>\n<meta property=\"og:url\" content=\"https:\/\/www.diocesisciudadrodrigo.org\/blog4\/ciudad-rodrigo-y-retortillo\/\" \/>\n<meta property=\"og:site_name\" content=\"Di\u00f3cesis de Ciudad Rodrigo\" \/>\n<meta property=\"article:publisher\" content=\"https:\/\/www.facebook.com\/people\/Dicesis-Ciudad-Rodrigo-MCS\/100076471923419\/#\" \/>\n<meta property=\"article:published_time\" content=\"2018-12-22T18:13:11+00:00\" \/>\n<meta property=\"article:modified_time\" content=\"2020-02-16T13:46:30+00:00\" \/>\n<meta property=\"og:image\" content=\"https:\/\/www.diocesisciudadrodrigo.org\/blog4\/wp-content\/uploads\/2018\/12\/IMG_1384.jpg\" \/>\n<meta name=\"author\" content=\"Silvia Garc\u00eda Rojo\" \/>\n<meta name=\"twitter:card\" content=\"summary_large_image\" \/>\n<meta name=\"twitter:label1\" content=\"Escrito por\" \/>\n\t<meta name=\"twitter:data1\" content=\"Silvia Garc\u00eda Rojo\" \/>\n\t<meta name=\"twitter:label2\" content=\"Tiempo de lectura\" \/>\n\t<meta name=\"twitter:data2\" content=\"1 minuto\" \/>\n<script type=\"application\/ld+json\" class=\"yoast-schema-graph\">{\"@context\":\"https:\\\/\\\/schema.org\",\"@graph\":[{\"@type\":\"Article\",\"@id\":\"https:\\\/\\\/www.diocesisciudadrodrigo.org\\\/blog4\\\/ciudad-rodrigo-y-retortillo\\\/#article\",\"isPartOf\":{\"@id\":\"https:\\\/\\\/www.diocesisciudadrodrigo.org\\\/blog4\\\/ciudad-rodrigo-y-retortillo\\\/\"},\"author\":{\"name\":\"Silvia Garc\u00eda Rojo\",\"@id\":\"https:\\\/\\\/www.diocesisciudadrodrigo.org\\\/blog4\\\/#\\\/schema\\\/person\\\/584b0cf9de264bbc2436f8360898d6f5\"},\"headline\":\"Ciudad Rodrigo y Retortillo\",\"datePublished\":\"2018-12-22T18:13:11+00:00\",\"dateModified\":\"2020-02-16T13:46:30+00:00\",\"mainEntityOfPage\":{\"@id\":\"https:\\\/\\\/www.diocesisciudadrodrigo.org\\\/blog4\\\/ciudad-rodrigo-y-retortillo\\\/\"},\"wordCount\":274,\"publisher\":{\"@id\":\"https:\\\/\\\/www.diocesisciudadrodrigo.org\\\/blog4\\\/#organization\"},\"image\":{\"@id\":\"https:\\\/\\\/www.diocesisciudadrodrigo.org\\\/blog4\\\/ciudad-rodrigo-y-retortillo\\\/#primaryimage\"},\"thumbnailUrl\":\"https:\\\/\\\/www.diocesisciudadrodrigo.org\\\/blog4\\\/wp-content\\\/uploads\\\/2018\\\/12\\\/IMG_1384.jpg\",\"articleSection\":[\"Noticias\"],\"inLanguage\":\"es\"},{\"@type\":\"WebPage\",\"@id\":\"https:\\\/\\\/www.diocesisciudadrodrigo.org\\\/blog4\\\/ciudad-rodrigo-y-retortillo\\\/\",\"url\":\"https:\\\/\\\/www.diocesisciudadrodrigo.org\\\/blog4\\\/ciudad-rodrigo-y-retortillo\\\/\",\"name\":\"Ciudad Rodrigo y Retortillo - Di\u00f3cesis de Ciudad Rodrigo\",\"isPartOf\":{\"@id\":\"https:\\\/\\\/www.diocesisciudadrodrigo.org\\\/blog4\\\/#website\"},\"primaryImageOfPage\":{\"@id\":\"https:\\\/\\\/www.diocesisciudadrodrigo.org\\\/blog4\\\/ciudad-rodrigo-y-retortillo\\\/#primaryimage\"},\"image\":{\"@id\":\"https:\\\/\\\/www.diocesisciudadrodrigo.org\\\/blog4\\\/ciudad-rodrigo-y-retortillo\\\/#primaryimage\"},\"thumbnailUrl\":\"https:\\\/\\\/www.diocesisciudadrodrigo.org\\\/blog4\\\/wp-content\\\/uploads\\\/2018\\\/12\\\/IMG_1384.jpg\",\"datePublished\":\"2018-12-22T18:13:11+00:00\",\"dateModified\":\"2020-02-16T13:46:30+00:00\",\"breadcrumb\":{\"@id\":\"https:\\\/\\\/www.diocesisciudadrodrigo.org\\\/blog4\\\/ciudad-rodrigo-y-retortillo\\\/#breadcrumb\"},\"inLanguage\":\"es\",\"potentialAction\":[{\"@type\":\"ReadAction\",\"target\":[\"https:\\\/\\\/www.diocesisciudadrodrigo.org\\\/blog4\\\/ciudad-rodrigo-y-retortillo\\\/\"]}]},{\"@type\":\"ImageObject\",\"inLanguage\":\"es\",\"@id\":\"https:\\\/\\\/www.diocesisciudadrodrigo.org\\\/blog4\\\/ciudad-rodrigo-y-retortillo\\\/#primaryimage\",\"url\":\"https:\\\/\\\/www.diocesisciudadrodrigo.org\\\/blog4\\\/wp-content\\\/uploads\\\/2018\\\/12\\\/IMG_1384.jpg\",\"contentUrl\":\"https:\\\/\\\/www.diocesisciudadrodrigo.org\\\/blog4\\\/wp-content\\\/uploads\\\/2018\\\/12\\\/IMG_1384.jpg\"},{\"@type\":\"BreadcrumbList\",\"@id\":\"https:\\\/\\\/www.diocesisciudadrodrigo.org\\\/blog4\\\/ciudad-rodrigo-y-retortillo\\\/#breadcrumb\",\"itemListElement\":[{\"@type\":\"ListItem\",\"position\":1,\"name\":\"Portada\",\"item\":\"https:\\\/\\\/www.diocesisciudadrodrigo.org\\\/blog4\\\/\"},{\"@type\":\"ListItem\",\"position\":2,\"name\":\"Ciudad Rodrigo y Retortillo\"}]},{\"@type\":\"WebSite\",\"@id\":\"https:\\\/\\\/www.diocesisciudadrodrigo.org\\\/blog4\\\/#website\",\"url\":\"https:\\\/\\\/www.diocesisciudadrodrigo.org\\\/blog4\\\/\",\"name\":\"Di\u00f3cesis de Ciudad Rodrigo\",\"description\":\"Sitio web oficial de la di\u00f3cesis civitatense\",\"publisher\":{\"@id\":\"https:\\\/\\\/www.diocesisciudadrodrigo.org\\\/blog4\\\/#organization\"},\"potentialAction\":[{\"@type\":\"SearchAction\",\"target\":{\"@type\":\"EntryPoint\",\"urlTemplate\":\"https:\\\/\\\/www.diocesisciudadrodrigo.org\\\/blog4\\\/?s={search_term_string}\"},\"query-input\":{\"@type\":\"PropertyValueSpecification\",\"valueRequired\":true,\"valueName\":\"search_term_string\"}}],\"inLanguage\":\"es\"},{\"@type\":\"Organization\",\"@id\":\"https:\\\/\\\/www.diocesisciudadrodrigo.org\\\/blog4\\\/#organization\",\"name\":\"Di\u00f3cesis de Ciudad Rodrigo\",\"url\":\"https:\\\/\\\/www.diocesisciudadrodrigo.org\\\/blog4\\\/\",\"logo\":{\"@type\":\"ImageObject\",\"inLanguage\":\"es\",\"@id\":\"https:\\\/\\\/www.diocesisciudadrodrigo.org\\\/blog4\\\/#\\\/schema\\\/logo\\\/image\\\/\",\"url\":\"https:\\\/\\\/www.diocesisciudadrodrigo.org\\\/blog4\\\/wp-content\\\/uploads\\\/2024\\\/12\\\/Diocesis.CMYK_-768x480-1.jpg\",\"contentUrl\":\"https:\\\/\\\/www.diocesisciudadrodrigo.org\\\/blog4\\\/wp-content\\\/uploads\\\/2024\\\/12\\\/Diocesis.CMYK_-768x480-1.jpg\",\"width\":768,\"height\":480,\"caption\":\"Di\u00f3cesis de Ciudad Rodrigo\"},\"image\":{\"@id\":\"https:\\\/\\\/www.diocesisciudadrodrigo.org\\\/blog4\\\/#\\\/schema\\\/logo\\\/image\\\/\"},\"sameAs\":[\"https:\\\/\\\/www.facebook.com\\\/people\\\/Dicesis-Ciudad-Rodrigo-MCS\\\/100076471923419\\\/#\"]},{\"@type\":\"Person\",\"@id\":\"https:\\\/\\\/www.diocesisciudadrodrigo.org\\\/blog4\\\/#\\\/schema\\\/person\\\/584b0cf9de264bbc2436f8360898d6f5\",\"name\":\"Silvia Garc\u00eda Rojo\",\"image\":{\"@type\":\"ImageObject\",\"inLanguage\":\"es\",\"@id\":\"https:\\\/\\\/secure.gravatar.com\\\/avatar\\\/ebf0674cba0b617b8f0f5bf916238f477a1e8ff44f739632f4365e95629b143b?s=96&d=mm&r=g\",\"url\":\"https:\\\/\\\/secure.gravatar.com\\\/avatar\\\/ebf0674cba0b617b8f0f5bf916238f477a1e8ff44f739632f4365e95629b143b?s=96&d=mm&r=g\",\"contentUrl\":\"https:\\\/\\\/secure.gravatar.com\\\/avatar\\\/ebf0674cba0b617b8f0f5bf916238f477a1e8ff44f739632f4365e95629b143b?s=96&d=mm&r=g\",\"caption\":\"Silvia Garc\u00eda Rojo\"},\"url\":\"https:\\\/\\\/www.diocesisciudadrodrigo.org\\\/blog4\\\/author\\\/administracion\\\/\"}]}<\/script>\n<!-- \/ Yoast SEO plugin. -->","yoast_head_json":{"title":"Ciudad Rodrigo y Retortillo - Di\u00f3cesis de Ciudad Rodrigo","robots":{"index":"index","follow":"follow","max-snippet":"max-snippet:-1","max-image-preview":"max-image-preview:large","max-video-preview":"max-video-preview:-1"},"canonical":"https:\/\/www.diocesisciudadrodrigo.org\/blog4\/ciudad-rodrigo-y-retortillo\/","og_locale":"es_ES","og_type":"article","og_title":"Ciudad Rodrigo y Retortillo - Di\u00f3cesis de Ciudad Rodrigo","og_description":"Los Sembradores de Estrellas llevan el mensaje misionero de la Navidad La di\u00f3cesis de Ciudad Rodrigo, a trav\u00e9s de la delegaci\u00f3n de Misiones, ha vuelto a inundar del esp\u00edritu navide\u00f1o ... Leer m\u00e1s ...","og_url":"https:\/\/www.diocesisciudadrodrigo.org\/blog4\/ciudad-rodrigo-y-retortillo\/","og_site_name":"Di\u00f3cesis de Ciudad Rodrigo","article_publisher":"https:\/\/www.facebook.com\/people\/Dicesis-Ciudad-Rodrigo-MCS\/100076471923419\/#","article_published_time":"2018-12-22T18:13:11+00:00","article_modified_time":"2020-02-16T13:46:30+00:00","og_image":[{"url":"https:\/\/www.diocesisciudadrodrigo.org\/blog4\/wp-content\/uploads\/2018\/12\/IMG_1384.jpg","type":"","width":"","height":""}],"author":"Silvia Garc\u00eda Rojo","twitter_card":"summary_large_image","twitter_misc":{"Escrito por":"Silvia Garc\u00eda Rojo","Tiempo de lectura":"1 minuto"},"schema":{"@context":"https:\/\/schema.org","@graph":[{"@type":"Article","@id":"https:\/\/www.diocesisciudadrodrigo.org\/blog4\/ciudad-rodrigo-y-retortillo\/#article","isPartOf":{"@id":"https:\/\/www.diocesisciudadrodrigo.org\/blog4\/ciudad-rodrigo-y-retortillo\/"},"author":{"name":"Silvia Garc\u00eda Rojo","@id":"https:\/\/www.diocesisciudadrodrigo.org\/blog4\/#\/schema\/person\/584b0cf9de264bbc2436f8360898d6f5"},"headline":"Ciudad Rodrigo y Retortillo","datePublished":"2018-12-22T18:13:11+00:00","dateModified":"2020-02-16T13:46:30+00:00","mainEntityOfPage":{"@id":"https:\/\/www.diocesisciudadrodrigo.org\/blog4\/ciudad-rodrigo-y-retortillo\/"},"wordCount":274,"publisher":{"@id":"https:\/\/www.diocesisciudadrodrigo.org\/blog4\/#organization"},"image":{"@id":"https:\/\/www.diocesisciudadrodrigo.org\/blog4\/ciudad-rodrigo-y-retortillo\/#primaryimage"},"thumbnailUrl":"https:\/\/www.diocesisciudadrodrigo.org\/blog4\/wp-content\/uploads\/2018\/12\/IMG_1384.jpg","articleSection":["Noticias"],"inLanguage":"es"},{"@type":"WebPage","@id":"https:\/\/www.diocesisciudadrodrigo.org\/blog4\/ciudad-rodrigo-y-retortillo\/","url":"https:\/\/www.diocesisciudadrodrigo.org\/blog4\/ciudad-rodrigo-y-retortillo\/","name":"Ciudad Rodrigo y Retortillo - Di\u00f3cesis de Ciudad Rodrigo","isPartOf":{"@id":"https:\/\/www.diocesisciudadrodrigo.org\/blog4\/#website"},"primaryImageOfPage":{"@id":"https:\/\/www.diocesisciudadrodrigo.org\/blog4\/ciudad-rodrigo-y-retortillo\/#primaryimage"},"image":{"@id":"https:\/\/www.diocesisciudadrodrigo.org\/blog4\/ciudad-rodrigo-y-retortillo\/#primaryimage"},"thumbnailUrl":"https:\/\/www.diocesisciudadrodrigo.org\/blog4\/wp-content\/uploads\/2018\/12\/IMG_1384.jpg","datePublished":"2018-12-22T18:13:11+00:00","dateModified":"2020-02-16T13:46:30+00:00","breadcrumb":{"@id":"https:\/\/www.diocesisciudadrodrigo.org\/blog4\/ciudad-rodrigo-y-retortillo\/#breadcrumb"},"inLanguage":"es","potentialAction":[{"@type":"ReadAction","target":["https:\/\/www.diocesisciudadrodrigo.org\/blog4\/ciudad-rodrigo-y-retortillo\/"]}]},{"@type":"ImageObject","inLanguage":"es","@id":"https:\/\/www.diocesisciudadrodrigo.org\/blog4\/ciudad-rodrigo-y-retortillo\/#primaryimage","url":"https:\/\/www.diocesisciudadrodrigo.org\/blog4\/wp-content\/uploads\/2018\/12\/IMG_1384.jpg","contentUrl":"https:\/\/www.diocesisciudadrodrigo.org\/blog4\/wp-content\/uploads\/2018\/12\/IMG_1384.jpg"},{"@type":"BreadcrumbList","@id":"https:\/\/www.diocesisciudadrodrigo.org\/blog4\/ciudad-rodrigo-y-retortillo\/#breadcrumb","itemListElement":[{"@type":"ListItem","position":1,"name":"Portada","item":"https:\/\/www.diocesisciudadrodrigo.org\/blog4\/"},{"@type":"ListItem","position":2,"name":"Ciudad Rodrigo y Retortillo"}]},{"@type":"WebSite","@id":"https:\/\/www.diocesisciudadrodrigo.org\/blog4\/#website","url":"https:\/\/www.diocesisciudadrodrigo.org\/blog4\/","name":"Di\u00f3cesis de Ciudad Rodrigo","description":"Sitio web oficial de la di\u00f3cesis civitatense","publisher":{"@id":"https:\/\/www.diocesisciudadrodrigo.org\/blog4\/#organization"},"potentialAction":[{"@type":"SearchAction","target":{"@type":"EntryPoint","urlTemplate":"https:\/\/www.diocesisciudadrodrigo.org\/blog4\/?s={search_term_string}"},"query-input":{"@type":"PropertyValueSpecification","valueRequired":true,"valueName":"search_term_string"}}],"inLanguage":"es"},{"@type":"Organization","@id":"https:\/\/www.diocesisciudadrodrigo.org\/blog4\/#organization","name":"Di\u00f3cesis de Ciudad Rodrigo","url":"https:\/\/www.diocesisciudadrodrigo.org\/blog4\/","logo":{"@type":"ImageObject","inLanguage":"es","@id":"https:\/\/www.diocesisciudadrodrigo.org\/blog4\/#\/schema\/logo\/image\/","url":"https:\/\/www.diocesisciudadrodrigo.org\/blog4\/wp-content\/uploads\/2024\/12\/Diocesis.CMYK_-768x480-1.jpg","contentUrl":"https:\/\/www.diocesisciudadrodrigo.org\/blog4\/wp-content\/uploads\/2024\/12\/Diocesis.CMYK_-768x480-1.jpg","width":768,"height":480,"caption":"Di\u00f3cesis de Ciudad Rodrigo"},"image":{"@id":"https:\/\/www.diocesisciudadrodrigo.org\/blog4\/#\/schema\/logo\/image\/"},"sameAs":["https:\/\/www.facebook.com\/people\/Dicesis-Ciudad-Rodrigo-MCS\/100076471923419\/#"]},{"@type":"Person","@id":"https:\/\/www.diocesisciudadrodrigo.org\/blog4\/#\/schema\/person\/584b0cf9de264bbc2436f8360898d6f5","name":"Silvia Garc\u00eda Rojo","image":{"@type":"ImageObject","inLanguage":"es","@id":"https:\/\/secure.gravatar.com\/avatar\/ebf0674cba0b617b8f0f5bf916238f477a1e8ff44f739632f4365e95629b143b?s=96&d=mm&r=g","url":"https:\/\/secure.gravatar.com\/avatar\/ebf0674cba0b617b8f0f5bf916238f477a1e8ff44f739632f4365e95629b143b?s=96&d=mm&r=g","contentUrl":"https:\/\/secure.gravatar.com\/avatar\/ebf0674cba0b617b8f0f5bf916238f477a1e8ff44f739632f4365e95629b143b?s=96&d=mm&r=g","caption":"Silvia Garc\u00eda Rojo"},"url":"https:\/\/www.diocesisciudadrodrigo.org\/blog4\/author\/administracion\/"}]}},"_links":{"self":[{"href":"https:\/\/www.diocesisciudadrodrigo.org\/blog4\/wp-json\/wp\/v2\/posts\/11703","targetHints":{"allow":["GET"]}}],"collection":[{"href":"https:\/\/www.diocesisciudadrodrigo.org\/blog4\/wp-json\/wp\/v2\/posts"}],"about":[{"href":"https:\/\/www.diocesisciudadrodrigo.org\/blog4\/wp-json\/wp\/v2\/types\/post"}],"author":[{"embeddable":true,"href":"https:\/\/www.diocesisciudadrodrigo.org\/blog4\/wp-json\/wp\/v2\/users\/2"}],"replies":[{"embeddable":true,"href":"https:\/\/www.diocesisciudadrodrigo.org\/blog4\/wp-json\/wp\/v2\/comments?post=11703"}],"version-history":[{"count":2,"href":"https:\/\/www.diocesisciudadrodrigo.org\/blog4\/wp-json\/wp\/v2\/posts\/11703\/revisions"}],"predecessor-version":[{"id":11744,"href":"https:\/\/www.diocesisciudadrodrigo.org\/blog4\/wp-json\/wp\/v2\/posts\/11703\/revisions\/11744"}],"wp:attachment":[{"href":"https:\/\/www.diocesisciudadrodrigo.org\/blog4\/wp-json\/wp\/v2\/media?parent=11703"}],"wp:term":[{"taxonomy":"category","embeddable":true,"href":"https:\/\/www.diocesisciudadrodrigo.org\/blog4\/wp-json\/wp\/v2\/categories?post=11703"},{"taxonomy":"post_tag","embeddable":true,"href":"https:\/\/www.diocesisciudadrodrigo.org\/blog4\/wp-json\/wp\/v2\/tags?post=11703"}],"curies":[{"name":"wp","href":"https:\/\/api.w.org\/{rel}","templated":true}]}}