{"id":10872,"date":"2019-11-19T12:19:35","date_gmt":"2019-11-19T11:19:35","guid":{"rendered":"https:\/\/www.diocesisciudadrodrigo.org\/blog4\/?p=10872"},"modified":"2019-11-19T12:24:45","modified_gmt":"2019-11-19T11:24:45","slug":"actos-del-seminario-en-el-dia-de-su-patron-y-250-aniversario-de-su-fundacion","status":"publish","type":"post","link":"https:\/\/www.diocesisciudadrodrigo.org\/blog4\/actos-del-seminario-en-el-dia-de-su-patron-y-250-aniversario-de-su-fundacion\/","title":{"rendered":"Actos del Seminario en el d\u00eda de su patr\u00f3n y 250 aniversario de su fundaci\u00f3n"},"content":{"rendered":"\t\t<div data-elementor-type=\"wp-post\" data-elementor-id=\"10872\" class=\"elementor elementor-10872\" data-elementor-settings=\"[]\">\n\t\t\t\t\t\t<div class=\"elementor-inner\">\n\t\t\t\t\t\t\t<div class=\"elementor-section-wrap\">\n\t\t\t\t\t\t\t<section class=\"elementor-section elementor-top-section elementor-element elementor-element-c39303a elementor-section-boxed elementor-section-height-default elementor-section-height-default\" data-id=\"c39303a\" data-element_type=\"section\">\n\t\t\t\t\t\t<div class=\"elementor-container elementor-column-gap-default\">\n\t\t\t\t\t\t\t<div class=\"elementor-row\">\n\t\t\t\t\t<div class=\"elementor-column elementor-col-100 elementor-top-column elementor-element elementor-element-36e32d5\" data-id=\"36e32d5\" data-element_type=\"column\">\n\t\t\t<div class=\"elementor-column-wrap elementor-element-populated\">\n\t\t\t\t\t\t\t<div class=\"elementor-widget-wrap\">\n\t\t\t\t\t\t<div class=\"elementor-element elementor-element-f371700 elementor-widget elementor-widget-text-editor\" data-id=\"f371700\" data-element_type=\"widget\" data-widget_type=\"text-editor.default\">\n\t\t\t\t<div class=\"elementor-widget-container\">\n\t\t\t\t\t\t\t\t<div class=\"elementor-text-editor elementor-clearfix\">\n\t\t\t\t<p>El pr\u00f3ximo 26 de noviembre se conmemoran los 250 a\u00f1os de la fundaci\u00f3n del Seminario por lo que en esta ocasi\u00f3n, si cabe, la fiesta de san Cayetano ser\u00e1 mucho m\u00e1s especial. Entre otras actividades, la programaci\u00f3n prevista incluye:<\/p><p>\u00a0<\/p><p>El <strong>lunes 25<\/strong> a las 19:30 horas, Solemnes v\u00edsperas en honor a san Cayetano, patr\u00f3n del Seminario y a las 22:00 horas, velada festiva.<\/p><p>\u00a0<\/p><p>El <strong>martes 26<\/strong> a las 12:00 horas, Eucarist\u00eda solemne en honor al patr\u00f3n presidida por Mons. Jes\u00fas Garc\u00eda Burillo, obispo administrador apost\u00f3lico de la Di\u00f3cesis y a las 13:00 horas, inauguraci\u00f3n de las obras del claustro del Seminario, realizadas en el marco del convenio de colaboraci\u00f3n entre la di\u00f3cesis y la Diputaci\u00f3n de Salamanca.<\/p><p>En este acto, se inaugurar\u00e1 el busto de don Cayetano Cuadrillero, fundador del Seminario, una obra sufragada por Lex Nova asesor\u00eda jur\u00eddica.<\/p><p>\u00a0<\/p><p><strong>Del 26 al 29<\/strong> de noviembre en el Teatro Fernando Arrabal se desarrollar\u00e1 el congreso <em>Duc in Altum. El Seminario San Cayetano: pasado, presente y futuro,<\/em> sobre la historia de la instituci\u00f3n. La conferencia de clausura tendr\u00e1 lugar el viernes 29 a las 18:00 horas a cargo de Mons. Joan-Enric Vives Sicilia, arzobispo de la Seu d\u2019Urgell y presidente de la Comisi\u00f3n Episcopal de Seminarios y Universidades de la Conferencia Episcopal Espa\u00f1ola.<\/p><p>A las 22:00 horas, concierto de clausura del congreso con el coro Tom\u00e1s Luis de Victoria de la Universidad Pontificia de Salamanca, en la Iglesia de El Sagrario.<\/p><p>\u00a0<\/p><p><strong>El s\u00e1bado 30 a las 12:30 horas, Eucarist\u00eda de clausura del 250 aniversario en la Catedral de Santa Mar\u00eda, presidida por Mons. Ricardo Bl\u00e1zquez<\/strong>, arzobispo de Valladolid y presidente de la Conferencia Episcopal.<\/p><p>A las 13:30 horas, \u00faltimo pase y clausura de la exposici\u00f3n <em>Gracias. 7000 historias y m\u00e1s <\/em>en la sala de exposiciones del Seminario. Se presentar\u00e1 el cat\u00e1logo de la exposici\u00f3n, publicaci\u00f3n que cuenta con el apoyo del Ayuntamiento de Ciudad Rodrigo. Intervendr\u00e1n en este acto: D. Jes\u00fas Garc\u00eda Burilllo; el alcalde de Ciudad Rodrigo, D. Marcos Iglesias; el rector del Seminario, D. Anselmo Matilla; el comisario de la exposici\u00f3n y anterior rector, D. Juan Carlos S\u00e1nchez y D. Manuel Barbero, presidente de la Fundaci\u00f3n Ciudad Rodrigo.<\/p><p>El domingo uno de diciembre continuar\u00e1n las actividades enfocadas a las familias de los seminaristas.<\/p><p>\u00a0<\/p>\t\t\t\t\t<\/div>\n\t\t\t\t\t\t<\/div>\n\t\t\t\t<\/div>\n\t\t\t\t\t\t<\/div>\n\t\t\t\t\t<\/div>\n\t\t<\/div>\n\t\t\t\t\t\t\t\t<\/div>\n\t\t\t\t\t<\/div>\n\t\t<\/section>\n\t\t\t\t<section class=\"elementor-section elementor-top-section elementor-element elementor-element-3a29b0d elementor-section-boxed elementor-section-height-default elementor-section-height-default\" data-id=\"3a29b0d\" data-element_type=\"section\">\n\t\t\t\t\t\t<div class=\"elementor-container elementor-column-gap-default\">\n\t\t\t\t\t\t\t<div class=\"elementor-row\">\n\t\t\t\t\t<div class=\"elementor-column elementor-col-100 elementor-top-column elementor-element elementor-element-a5b3fd2\" data-id=\"a5b3fd2\" data-element_type=\"column\">\n\t\t\t<div class=\"elementor-column-wrap elementor-element-populated\">\n\t\t\t\t\t\t\t<div class=\"elementor-widget-wrap\">\n\t\t\t\t\t\t<div class=\"elementor-element elementor-element-aa5db86 elementor-widget elementor-widget-image\" data-id=\"aa5db86\" data-element_type=\"widget\" data-widget_type=\"image.default\">\n\t\t\t\t<div class=\"elementor-widget-container\">\n\t\t\t\t\t\t\t\t<div class=\"elementor-image\">\n\t\t\t\t\t\t\t\t\t\t\t\t<img loading=\"lazy\" decoding=\"async\" width=\"1024\" height=\"768\" src=\"https:\/\/www.diocesisciudadrodrigo.org\/blog4\/wp-content\/uploads\/2019\/08\/20080619_120954-1024x768.jpg\" class=\"attachment-large size-large\" alt=\"\" srcset=\"https:\/\/www.diocesisciudadrodrigo.org\/blog4\/wp-content\/uploads\/2019\/08\/20080619_120954-1024x768.jpg 1024w, https:\/\/www.diocesisciudadrodrigo.org\/blog4\/wp-content\/uploads\/2019\/08\/20080619_120954-300x225.jpg 300w, https:\/\/www.diocesisciudadrodrigo.org\/blog4\/wp-content\/uploads\/2019\/08\/20080619_120954-768x576.jpg 768w, https:\/\/www.diocesisciudadrodrigo.org\/blog4\/wp-content\/uploads\/2019\/08\/20080619_120954-350x263.jpg 350w\" sizes=\"auto, (max-width: 1024px) 100vw, 1024px\" \/>\t\t\t\t\t\t\t\t\t\t\t\t\t\t<\/div>\n\t\t\t\t\t\t<\/div>\n\t\t\t\t<\/div>\n\t\t\t\t\t\t<\/div>\n\t\t\t\t\t<\/div>\n\t\t<\/div>\n\t\t\t\t\t\t\t\t<\/div>\n\t\t\t\t\t<\/div>\n\t\t<\/section>\n\t\t\t\t\t\t<\/div>\n\t\t\t\t\t\t<\/div>\n\t\t\t\t\t<\/div>\n\t\t","protected":false},"excerpt":{"rendered":"<p>El pr\u00f3ximo 26 de noviembre se conmemoran los 250 a\u00f1os de la fundaci\u00f3n del Seminario por lo que en esta ocasi\u00f3n, si cabe, la fiesta de san Cayetano ser\u00e1 mucho &#8230; <\/p>\n<p class=\"read-more-container\"><a title=\"Actos del Seminario en el d\u00eda de su patr\u00f3n y 250 aniversario de su fundaci\u00f3n\" class=\"read-more button\" href=\"https:\/\/www.diocesisciudadrodrigo.org\/blog4\/actos-del-seminario-en-el-dia-de-su-patron-y-250-aniversario-de-su-fundacion\/#more-10872\" aria-label=\"M\u00e1s en Actos del Seminario en el d\u00eda de su patr\u00f3n y 250 aniversario de su fundaci\u00f3n\">Leer m\u00e1s &#8230;<\/a><\/p>\n","protected":false},"author":1,"featured_media":10155,"comment_status":"closed","ping_status":"closed","sticky":false,"template":"","format":"standard","meta":{"footnotes":""},"categories":[6],"tags":[],"class_list":["post-10872","post","type-post","status-publish","format-standard","has-post-thumbnail","hentry","category-noticias","masonry-post","generate-columns","tablet-grid-50","mobile-grid-100","grid-parent","grid-50"],"yoast_head":"<!-- This site is optimized with the Yoast SEO plugin v27.3 - https:\/\/yoast.com\/product\/yoast-seo-wordpress\/ -->\n<title>Actos del Seminario en el d\u00eda de su patr\u00f3n y 250 aniversario de su fundaci\u00f3n - Di\u00f3cesis de Ciudad Rodrigo<\/title>\n<meta name=\"robots\" content=\"index, follow, max-snippet:-1, max-image-preview:large, max-video-preview:-1\" \/>\n<link rel=\"canonical\" href=\"https:\/\/www.diocesisciudadrodrigo.org\/blog4\/actos-del-seminario-en-el-dia-de-su-patron-y-250-aniversario-de-su-fundacion\/\" \/>\n<meta property=\"og:locale\" content=\"es_ES\" \/>\n<meta property=\"og:type\" content=\"article\" \/>\n<meta property=\"og:title\" content=\"Actos del Seminario en el d\u00eda de su patr\u00f3n y 250 aniversario de su fundaci\u00f3n - Di\u00f3cesis de Ciudad Rodrigo\" \/>\n<meta property=\"og:description\" content=\"El pr\u00f3ximo 26 de noviembre se conmemoran los 250 a\u00f1os de la fundaci\u00f3n del Seminario por lo que en esta ocasi\u00f3n, si cabe, la fiesta de san Cayetano ser\u00e1 mucho ... Leer m\u00e1s ...\" \/>\n<meta property=\"og:url\" content=\"https:\/\/www.diocesisciudadrodrigo.org\/blog4\/actos-del-seminario-en-el-dia-de-su-patron-y-250-aniversario-de-su-fundacion\/\" \/>\n<meta property=\"og:site_name\" content=\"Di\u00f3cesis de Ciudad Rodrigo\" \/>\n<meta property=\"article:publisher\" content=\"https:\/\/www.facebook.com\/people\/Dicesis-Ciudad-Rodrigo-MCS\/100076471923419\/#\" \/>\n<meta property=\"article:published_time\" content=\"2019-11-19T11:19:35+00:00\" \/>\n<meta property=\"article:modified_time\" content=\"2019-11-19T11:24:45+00:00\" \/>\n<meta property=\"og:image\" content=\"https:\/\/www.diocesisciudadrodrigo.org\/blog4\/wp-content\/uploads\/2019\/08\/20080619_120954-1024x768.jpg\" \/>\n\t<meta property=\"og:image:width\" content=\"1024\" \/>\n\t<meta property=\"og:image:height\" content=\"768\" \/>\n\t<meta property=\"og:image:type\" content=\"image\/jpeg\" \/>\n<meta name=\"author\" content=\"medios CR\" \/>\n<meta name=\"twitter:card\" content=\"summary_large_image\" \/>\n<meta name=\"twitter:label1\" content=\"Escrito por\" \/>\n\t<meta name=\"twitter:data1\" content=\"medios CR\" \/>\n\t<meta name=\"twitter:label2\" content=\"Tiempo de lectura\" \/>\n\t<meta name=\"twitter:data2\" content=\"2 minutos\" \/>\n<script type=\"application\/ld+json\" class=\"yoast-schema-graph\">{\"@context\":\"https:\\\/\\\/schema.org\",\"@graph\":[{\"@type\":\"Article\",\"@id\":\"https:\\\/\\\/www.diocesisciudadrodrigo.org\\\/blog4\\\/actos-del-seminario-en-el-dia-de-su-patron-y-250-aniversario-de-su-fundacion\\\/#article\",\"isPartOf\":{\"@id\":\"https:\\\/\\\/www.diocesisciudadrodrigo.org\\\/blog4\\\/actos-del-seminario-en-el-dia-de-su-patron-y-250-aniversario-de-su-fundacion\\\/\"},\"author\":{\"name\":\"medios CR\",\"@id\":\"https:\\\/\\\/www.diocesisciudadrodrigo.org\\\/blog4\\\/#\\\/schema\\\/person\\\/5fcf0ca636a75766ff70e6417b6ed052\"},\"headline\":\"Actos del Seminario en el d\u00eda de su patr\u00f3n y 250 aniversario de su fundaci\u00f3n\",\"datePublished\":\"2019-11-19T11:19:35+00:00\",\"dateModified\":\"2019-11-19T11:24:45+00:00\",\"mainEntityOfPage\":{\"@id\":\"https:\\\/\\\/www.diocesisciudadrodrigo.org\\\/blog4\\\/actos-del-seminario-en-el-dia-de-su-patron-y-250-aniversario-de-su-fundacion\\\/\"},\"wordCount\":413,\"publisher\":{\"@id\":\"https:\\\/\\\/www.diocesisciudadrodrigo.org\\\/blog4\\\/#organization\"},\"image\":{\"@id\":\"https:\\\/\\\/www.diocesisciudadrodrigo.org\\\/blog4\\\/actos-del-seminario-en-el-dia-de-su-patron-y-250-aniversario-de-su-fundacion\\\/#primaryimage\"},\"thumbnailUrl\":\"https:\\\/\\\/www.diocesisciudadrodrigo.org\\\/blog4\\\/wp-content\\\/uploads\\\/2019\\\/08\\\/20080619_120954.jpg\",\"articleSection\":[\"Noticias\"],\"inLanguage\":\"es\"},{\"@type\":\"WebPage\",\"@id\":\"https:\\\/\\\/www.diocesisciudadrodrigo.org\\\/blog4\\\/actos-del-seminario-en-el-dia-de-su-patron-y-250-aniversario-de-su-fundacion\\\/\",\"url\":\"https:\\\/\\\/www.diocesisciudadrodrigo.org\\\/blog4\\\/actos-del-seminario-en-el-dia-de-su-patron-y-250-aniversario-de-su-fundacion\\\/\",\"name\":\"Actos del Seminario en el d\u00eda de su patr\u00f3n y 250 aniversario de su fundaci\u00f3n - Di\u00f3cesis de Ciudad Rodrigo\",\"isPartOf\":{\"@id\":\"https:\\\/\\\/www.diocesisciudadrodrigo.org\\\/blog4\\\/#website\"},\"primaryImageOfPage\":{\"@id\":\"https:\\\/\\\/www.diocesisciudadrodrigo.org\\\/blog4\\\/actos-del-seminario-en-el-dia-de-su-patron-y-250-aniversario-de-su-fundacion\\\/#primaryimage\"},\"image\":{\"@id\":\"https:\\\/\\\/www.diocesisciudadrodrigo.org\\\/blog4\\\/actos-del-seminario-en-el-dia-de-su-patron-y-250-aniversario-de-su-fundacion\\\/#primaryimage\"},\"thumbnailUrl\":\"https:\\\/\\\/www.diocesisciudadrodrigo.org\\\/blog4\\\/wp-content\\\/uploads\\\/2019\\\/08\\\/20080619_120954.jpg\",\"datePublished\":\"2019-11-19T11:19:35+00:00\",\"dateModified\":\"2019-11-19T11:24:45+00:00\",\"breadcrumb\":{\"@id\":\"https:\\\/\\\/www.diocesisciudadrodrigo.org\\\/blog4\\\/actos-del-seminario-en-el-dia-de-su-patron-y-250-aniversario-de-su-fundacion\\\/#breadcrumb\"},\"inLanguage\":\"es\",\"potentialAction\":[{\"@type\":\"ReadAction\",\"target\":[\"https:\\\/\\\/www.diocesisciudadrodrigo.org\\\/blog4\\\/actos-del-seminario-en-el-dia-de-su-patron-y-250-aniversario-de-su-fundacion\\\/\"]}]},{\"@type\":\"ImageObject\",\"inLanguage\":\"es\",\"@id\":\"https:\\\/\\\/www.diocesisciudadrodrigo.org\\\/blog4\\\/actos-del-seminario-en-el-dia-de-su-patron-y-250-aniversario-de-su-fundacion\\\/#primaryimage\",\"url\":\"https:\\\/\\\/www.diocesisciudadrodrigo.org\\\/blog4\\\/wp-content\\\/uploads\\\/2019\\\/08\\\/20080619_120954.jpg\",\"contentUrl\":\"https:\\\/\\\/www.diocesisciudadrodrigo.org\\\/blog4\\\/wp-content\\\/uploads\\\/2019\\\/08\\\/20080619_120954.jpg\",\"width\":3264,\"height\":2448},{\"@type\":\"BreadcrumbList\",\"@id\":\"https:\\\/\\\/www.diocesisciudadrodrigo.org\\\/blog4\\\/actos-del-seminario-en-el-dia-de-su-patron-y-250-aniversario-de-su-fundacion\\\/#breadcrumb\",\"itemListElement\":[{\"@type\":\"ListItem\",\"position\":1,\"name\":\"Portada\",\"item\":\"https:\\\/\\\/www.diocesisciudadrodrigo.org\\\/blog4\\\/\"},{\"@type\":\"ListItem\",\"position\":2,\"name\":\"Actos del Seminario en el d\u00eda de su patr\u00f3n y 250 aniversario de su fundaci\u00f3n\"}]},{\"@type\":\"WebSite\",\"@id\":\"https:\\\/\\\/www.diocesisciudadrodrigo.org\\\/blog4\\\/#website\",\"url\":\"https:\\\/\\\/www.diocesisciudadrodrigo.org\\\/blog4\\\/\",\"name\":\"Di\u00f3cesis de Ciudad Rodrigo\",\"description\":\"Sitio web oficial de la di\u00f3cesis civitatense\",\"publisher\":{\"@id\":\"https:\\\/\\\/www.diocesisciudadrodrigo.org\\\/blog4\\\/#organization\"},\"potentialAction\":[{\"@type\":\"SearchAction\",\"target\":{\"@type\":\"EntryPoint\",\"urlTemplate\":\"https:\\\/\\\/www.diocesisciudadrodrigo.org\\\/blog4\\\/?s={search_term_string}\"},\"query-input\":{\"@type\":\"PropertyValueSpecification\",\"valueRequired\":true,\"valueName\":\"search_term_string\"}}],\"inLanguage\":\"es\"},{\"@type\":\"Organization\",\"@id\":\"https:\\\/\\\/www.diocesisciudadrodrigo.org\\\/blog4\\\/#organization\",\"name\":\"Di\u00f3cesis de Ciudad Rodrigo\",\"url\":\"https:\\\/\\\/www.diocesisciudadrodrigo.org\\\/blog4\\\/\",\"logo\":{\"@type\":\"ImageObject\",\"inLanguage\":\"es\",\"@id\":\"https:\\\/\\\/www.diocesisciudadrodrigo.org\\\/blog4\\\/#\\\/schema\\\/logo\\\/image\\\/\",\"url\":\"https:\\\/\\\/www.diocesisciudadrodrigo.org\\\/blog4\\\/wp-content\\\/uploads\\\/2024\\\/12\\\/Diocesis.CMYK_-768x480-1.jpg\",\"contentUrl\":\"https:\\\/\\\/www.diocesisciudadrodrigo.org\\\/blog4\\\/wp-content\\\/uploads\\\/2024\\\/12\\\/Diocesis.CMYK_-768x480-1.jpg\",\"width\":768,\"height\":480,\"caption\":\"Di\u00f3cesis de Ciudad Rodrigo\"},\"image\":{\"@id\":\"https:\\\/\\\/www.diocesisciudadrodrigo.org\\\/blog4\\\/#\\\/schema\\\/logo\\\/image\\\/\"},\"sameAs\":[\"https:\\\/\\\/www.facebook.com\\\/people\\\/Dicesis-Ciudad-Rodrigo-MCS\\\/100076471923419\\\/#\"]},{\"@type\":\"Person\",\"@id\":\"https:\\\/\\\/www.diocesisciudadrodrigo.org\\\/blog4\\\/#\\\/schema\\\/person\\\/5fcf0ca636a75766ff70e6417b6ed052\",\"name\":\"medios CR\",\"image\":{\"@type\":\"ImageObject\",\"inLanguage\":\"es\",\"@id\":\"https:\\\/\\\/secure.gravatar.com\\\/avatar\\\/4a619fd0c7e36bd570f4e6e15eb09a2191185d0f63d8dbfdffe848af141ab87e?s=96&d=mm&r=g\",\"url\":\"https:\\\/\\\/secure.gravatar.com\\\/avatar\\\/4a619fd0c7e36bd570f4e6e15eb09a2191185d0f63d8dbfdffe848af141ab87e?s=96&d=mm&r=g\",\"contentUrl\":\"https:\\\/\\\/secure.gravatar.com\\\/avatar\\\/4a619fd0c7e36bd570f4e6e15eb09a2191185d0f63d8dbfdffe848af141ab87e?s=96&d=mm&r=g\",\"caption\":\"medios CR\"},\"url\":\"https:\\\/\\\/www.diocesisciudadrodrigo.org\\\/blog4\\\/author\\\/admin4\\\/\"}]}<\/script>\n<!-- \/ Yoast SEO plugin. -->","yoast_head_json":{"title":"Actos del Seminario en el d\u00eda de su patr\u00f3n y 250 aniversario de su fundaci\u00f3n - Di\u00f3cesis de Ciudad Rodrigo","robots":{"index":"index","follow":"follow","max-snippet":"max-snippet:-1","max-image-preview":"max-image-preview:large","max-video-preview":"max-video-preview:-1"},"canonical":"https:\/\/www.diocesisciudadrodrigo.org\/blog4\/actos-del-seminario-en-el-dia-de-su-patron-y-250-aniversario-de-su-fundacion\/","og_locale":"es_ES","og_type":"article","og_title":"Actos del Seminario en el d\u00eda de su patr\u00f3n y 250 aniversario de su fundaci\u00f3n - Di\u00f3cesis de Ciudad Rodrigo","og_description":"El pr\u00f3ximo 26 de noviembre se conmemoran los 250 a\u00f1os de la fundaci\u00f3n del Seminario por lo que en esta ocasi\u00f3n, si cabe, la fiesta de san Cayetano ser\u00e1 mucho ... Leer m\u00e1s ...","og_url":"https:\/\/www.diocesisciudadrodrigo.org\/blog4\/actos-del-seminario-en-el-dia-de-su-patron-y-250-aniversario-de-su-fundacion\/","og_site_name":"Di\u00f3cesis de Ciudad Rodrigo","article_publisher":"https:\/\/www.facebook.com\/people\/Dicesis-Ciudad-Rodrigo-MCS\/100076471923419\/#","article_published_time":"2019-11-19T11:19:35+00:00","article_modified_time":"2019-11-19T11:24:45+00:00","og_image":[{"width":1024,"height":768,"url":"https:\/\/www.diocesisciudadrodrigo.org\/blog4\/wp-content\/uploads\/2019\/08\/20080619_120954-1024x768.jpg","type":"image\/jpeg"}],"author":"medios CR","twitter_card":"summary_large_image","twitter_misc":{"Escrito por":"medios CR","Tiempo de lectura":"2 minutos"},"schema":{"@context":"https:\/\/schema.org","@graph":[{"@type":"Article","@id":"https:\/\/www.diocesisciudadrodrigo.org\/blog4\/actos-del-seminario-en-el-dia-de-su-patron-y-250-aniversario-de-su-fundacion\/#article","isPartOf":{"@id":"https:\/\/www.diocesisciudadrodrigo.org\/blog4\/actos-del-seminario-en-el-dia-de-su-patron-y-250-aniversario-de-su-fundacion\/"},"author":{"name":"medios CR","@id":"https:\/\/www.diocesisciudadrodrigo.org\/blog4\/#\/schema\/person\/5fcf0ca636a75766ff70e6417b6ed052"},"headline":"Actos del Seminario en el d\u00eda de su patr\u00f3n y 250 aniversario de su fundaci\u00f3n","datePublished":"2019-11-19T11:19:35+00:00","dateModified":"2019-11-19T11:24:45+00:00","mainEntityOfPage":{"@id":"https:\/\/www.diocesisciudadrodrigo.org\/blog4\/actos-del-seminario-en-el-dia-de-su-patron-y-250-aniversario-de-su-fundacion\/"},"wordCount":413,"publisher":{"@id":"https:\/\/www.diocesisciudadrodrigo.org\/blog4\/#organization"},"image":{"@id":"https:\/\/www.diocesisciudadrodrigo.org\/blog4\/actos-del-seminario-en-el-dia-de-su-patron-y-250-aniversario-de-su-fundacion\/#primaryimage"},"thumbnailUrl":"https:\/\/www.diocesisciudadrodrigo.org\/blog4\/wp-content\/uploads\/2019\/08\/20080619_120954.jpg","articleSection":["Noticias"],"inLanguage":"es"},{"@type":"WebPage","@id":"https:\/\/www.diocesisciudadrodrigo.org\/blog4\/actos-del-seminario-en-el-dia-de-su-patron-y-250-aniversario-de-su-fundacion\/","url":"https:\/\/www.diocesisciudadrodrigo.org\/blog4\/actos-del-seminario-en-el-dia-de-su-patron-y-250-aniversario-de-su-fundacion\/","name":"Actos del Seminario en el d\u00eda de su patr\u00f3n y 250 aniversario de su fundaci\u00f3n - Di\u00f3cesis de Ciudad Rodrigo","isPartOf":{"@id":"https:\/\/www.diocesisciudadrodrigo.org\/blog4\/#website"},"primaryImageOfPage":{"@id":"https:\/\/www.diocesisciudadrodrigo.org\/blog4\/actos-del-seminario-en-el-dia-de-su-patron-y-250-aniversario-de-su-fundacion\/#primaryimage"},"image":{"@id":"https:\/\/www.diocesisciudadrodrigo.org\/blog4\/actos-del-seminario-en-el-dia-de-su-patron-y-250-aniversario-de-su-fundacion\/#primaryimage"},"thumbnailUrl":"https:\/\/www.diocesisciudadrodrigo.org\/blog4\/wp-content\/uploads\/2019\/08\/20080619_120954.jpg","datePublished":"2019-11-19T11:19:35+00:00","dateModified":"2019-11-19T11:24:45+00:00","breadcrumb":{"@id":"https:\/\/www.diocesisciudadrodrigo.org\/blog4\/actos-del-seminario-en-el-dia-de-su-patron-y-250-aniversario-de-su-fundacion\/#breadcrumb"},"inLanguage":"es","potentialAction":[{"@type":"ReadAction","target":["https:\/\/www.diocesisciudadrodrigo.org\/blog4\/actos-del-seminario-en-el-dia-de-su-patron-y-250-aniversario-de-su-fundacion\/"]}]},{"@type":"ImageObject","inLanguage":"es","@id":"https:\/\/www.diocesisciudadrodrigo.org\/blog4\/actos-del-seminario-en-el-dia-de-su-patron-y-250-aniversario-de-su-fundacion\/#primaryimage","url":"https:\/\/www.diocesisciudadrodrigo.org\/blog4\/wp-content\/uploads\/2019\/08\/20080619_120954.jpg","contentUrl":"https:\/\/www.diocesisciudadrodrigo.org\/blog4\/wp-content\/uploads\/2019\/08\/20080619_120954.jpg","width":3264,"height":2448},{"@type":"BreadcrumbList","@id":"https:\/\/www.diocesisciudadrodrigo.org\/blog4\/actos-del-seminario-en-el-dia-de-su-patron-y-250-aniversario-de-su-fundacion\/#breadcrumb","itemListElement":[{"@type":"ListItem","position":1,"name":"Portada","item":"https:\/\/www.diocesisciudadrodrigo.org\/blog4\/"},{"@type":"ListItem","position":2,"name":"Actos del Seminario en el d\u00eda de su patr\u00f3n y 250 aniversario de su fundaci\u00f3n"}]},{"@type":"WebSite","@id":"https:\/\/www.diocesisciudadrodrigo.org\/blog4\/#website","url":"https:\/\/www.diocesisciudadrodrigo.org\/blog4\/","name":"Di\u00f3cesis de Ciudad Rodrigo","description":"Sitio web oficial de la di\u00f3cesis civitatense","publisher":{"@id":"https:\/\/www.diocesisciudadrodrigo.org\/blog4\/#organization"},"potentialAction":[{"@type":"SearchAction","target":{"@type":"EntryPoint","urlTemplate":"https:\/\/www.diocesisciudadrodrigo.org\/blog4\/?s={search_term_string}"},"query-input":{"@type":"PropertyValueSpecification","valueRequired":true,"valueName":"search_term_string"}}],"inLanguage":"es"},{"@type":"Organization","@id":"https:\/\/www.diocesisciudadrodrigo.org\/blog4\/#organization","name":"Di\u00f3cesis de Ciudad Rodrigo","url":"https:\/\/www.diocesisciudadrodrigo.org\/blog4\/","logo":{"@type":"ImageObject","inLanguage":"es","@id":"https:\/\/www.diocesisciudadrodrigo.org\/blog4\/#\/schema\/logo\/image\/","url":"https:\/\/www.diocesisciudadrodrigo.org\/blog4\/wp-content\/uploads\/2024\/12\/Diocesis.CMYK_-768x480-1.jpg","contentUrl":"https:\/\/www.diocesisciudadrodrigo.org\/blog4\/wp-content\/uploads\/2024\/12\/Diocesis.CMYK_-768x480-1.jpg","width":768,"height":480,"caption":"Di\u00f3cesis de Ciudad Rodrigo"},"image":{"@id":"https:\/\/www.diocesisciudadrodrigo.org\/blog4\/#\/schema\/logo\/image\/"},"sameAs":["https:\/\/www.facebook.com\/people\/Dicesis-Ciudad-Rodrigo-MCS\/100076471923419\/#"]},{"@type":"Person","@id":"https:\/\/www.diocesisciudadrodrigo.org\/blog4\/#\/schema\/person\/5fcf0ca636a75766ff70e6417b6ed052","name":"medios CR","image":{"@type":"ImageObject","inLanguage":"es","@id":"https:\/\/secure.gravatar.com\/avatar\/4a619fd0c7e36bd570f4e6e15eb09a2191185d0f63d8dbfdffe848af141ab87e?s=96&d=mm&r=g","url":"https:\/\/secure.gravatar.com\/avatar\/4a619fd0c7e36bd570f4e6e15eb09a2191185d0f63d8dbfdffe848af141ab87e?s=96&d=mm&r=g","contentUrl":"https:\/\/secure.gravatar.com\/avatar\/4a619fd0c7e36bd570f4e6e15eb09a2191185d0f63d8dbfdffe848af141ab87e?s=96&d=mm&r=g","caption":"medios CR"},"url":"https:\/\/www.diocesisciudadrodrigo.org\/blog4\/author\/admin4\/"}]}},"_links":{"self":[{"href":"https:\/\/www.diocesisciudadrodrigo.org\/blog4\/wp-json\/wp\/v2\/posts\/10872","targetHints":{"allow":["GET"]}}],"collection":[{"href":"https:\/\/www.diocesisciudadrodrigo.org\/blog4\/wp-json\/wp\/v2\/posts"}],"about":[{"href":"https:\/\/www.diocesisciudadrodrigo.org\/blog4\/wp-json\/wp\/v2\/types\/post"}],"author":[{"embeddable":true,"href":"https:\/\/www.diocesisciudadrodrigo.org\/blog4\/wp-json\/wp\/v2\/users\/1"}],"replies":[{"embeddable":true,"href":"https:\/\/www.diocesisciudadrodrigo.org\/blog4\/wp-json\/wp\/v2\/comments?post=10872"}],"version-history":[{"count":3,"href":"https:\/\/www.diocesisciudadrodrigo.org\/blog4\/wp-json\/wp\/v2\/posts\/10872\/revisions"}],"predecessor-version":[{"id":10875,"href":"https:\/\/www.diocesisciudadrodrigo.org\/blog4\/wp-json\/wp\/v2\/posts\/10872\/revisions\/10875"}],"wp:featuredmedia":[{"embeddable":true,"href":"https:\/\/www.diocesisciudadrodrigo.org\/blog4\/wp-json\/wp\/v2\/media\/10155"}],"wp:attachment":[{"href":"https:\/\/www.diocesisciudadrodrigo.org\/blog4\/wp-json\/wp\/v2\/media?parent=10872"}],"wp:term":[{"taxonomy":"category","embeddable":true,"href":"https:\/\/www.diocesisciudadrodrigo.org\/blog4\/wp-json\/wp\/v2\/categories?post=10872"},{"taxonomy":"post_tag","embeddable":true,"href":"https:\/\/www.diocesisciudadrodrigo.org\/blog4\/wp-json\/wp\/v2\/tags?post=10872"}],"curies":[{"name":"wp","href":"https:\/\/api.w.org\/{rel}","templated":true}]}}