{"id":10201,"date":"2019-09-08T22:21:53","date_gmt":"2019-09-08T20:21:53","guid":{"rendered":"http:\/\/www.diocesisciudadrodrigo.org\/blog4\/?p=10201"},"modified":"2019-09-09T21:22:58","modified_gmt":"2019-09-09T19:22:58","slug":"santuario-de-la-pena-de-francia-y-parroquia-de-san-andres","status":"publish","type":"post","link":"https:\/\/www.diocesisciudadrodrigo.org\/blog4\/santuario-de-la-pena-de-francia-y-parroquia-de-san-andres\/","title":{"rendered":"Santuario de la Pe\u00f1a de Francia y Parroquia de San Andr\u00e9s"},"content":{"rendered":"\t\t<div data-elementor-type=\"wp-post\" data-elementor-id=\"10201\" class=\"elementor elementor-10201\" data-elementor-settings=\"[]\">\n\t\t\t\t\t\t<div class=\"elementor-inner\">\n\t\t\t\t\t\t\t<div class=\"elementor-section-wrap\">\n\t\t\t\t\t\t\t<section class=\"elementor-section elementor-top-section elementor-element elementor-element-c15eca1 elementor-section-boxed elementor-section-height-default elementor-section-height-default\" data-id=\"c15eca1\" data-element_type=\"section\">\n\t\t\t\t\t\t<div class=\"elementor-container elementor-column-gap-default\">\n\t\t\t\t\t\t\t<div class=\"elementor-row\">\n\t\t\t\t\t<div class=\"elementor-column elementor-col-100 elementor-top-column elementor-element elementor-element-5a7d713\" data-id=\"5a7d713\" data-element_type=\"column\">\n\t\t\t<div class=\"elementor-column-wrap elementor-element-populated\">\n\t\t\t\t\t\t\t<div class=\"elementor-widget-wrap\">\n\t\t\t\t\t\t<div class=\"elementor-element elementor-element-6dca59e elementor-widget elementor-widget-text-editor\" data-id=\"6dca59e\" data-element_type=\"widget\" data-widget_type=\"text-editor.default\">\n\t\t\t\t<div class=\"elementor-widget-container\">\n\t\t\t\t\t\t\t\t<div class=\"elementor-text-editor elementor-clearfix\">\n\t\t\t\t<p>El administrador apost\u00f3lico, Mons. Jes\u00fas Garc\u00eda Burillo, ha presidido en el d\u00eda de Nuestra Se\u00f1ora de la Pe\u00f1a de Francia la Eucarist\u00eda celebrada en el santuario mariano al que una a\u00f1o m\u00e1s, se han acercado miles de personas no solo de la di\u00f3cesis de Ciudad Rodrigo.<\/p><p>Por otra parte, Ciudad Rodrigo tambi\u00e9n festej\u00f3 a su patrona con la Eucarist\u00eda celebrada en la parroquia de San Andr\u00e9s y posterior procesi\u00f3n.<\/p><p>Por otra parte, los momentos previos a la celebraci\u00f3n de la Eucarist\u00eda se dedicaron a la toma de posesi\u00f3n del nuevo p\u00e1rroco de San Andr\u00e9s, don Tom\u00e1s Mu\u00f1oz.<\/p>\t\t\t\t\t<\/div>\n\t\t\t\t\t\t<\/div>\n\t\t\t\t<\/div>\n\t\t\t\t\t\t<\/div>\n\t\t\t\t\t<\/div>\n\t\t<\/div>\n\t\t\t\t\t\t\t\t<\/div>\n\t\t\t\t\t<\/div>\n\t\t<\/section>\n\t\t\t\t<section class=\"elementor-section elementor-top-section elementor-element elementor-element-2732bb8 elementor-section-boxed elementor-section-height-default elementor-section-height-default\" data-id=\"2732bb8\" data-element_type=\"section\">\n\t\t\t\t\t\t<div class=\"elementor-container elementor-column-gap-default\">\n\t\t\t\t\t\t\t<div class=\"elementor-row\">\n\t\t\t\t\t<div class=\"elementor-column elementor-col-100 elementor-top-column elementor-element elementor-element-9a062b9\" data-id=\"9a062b9\" data-element_type=\"column\">\n\t\t\t<div class=\"elementor-column-wrap elementor-element-populated\">\n\t\t\t\t\t\t\t<div class=\"elementor-widget-wrap\">\n\t\t\t\t\t\t<div class=\"elementor-element elementor-element-7090179 elementor-widget elementor-widget-image-gallery\" data-id=\"7090179\" data-element_type=\"widget\" data-widget_type=\"image-gallery.default\">\n\t\t\t\t<div class=\"elementor-widget-container\">\n\t\t\t\t\t<div class=\"elementor-image-gallery\">\n\t\t\t<div id='gallery-1' class='gallery galleryid-10201 gallery-columns-2 gallery-size-medium'><figure class='gallery-item'>\n\t\t\t<div class='gallery-icon landscape'>\n\t\t\t\t<a  href='https:\/\/www.diocesisciudadrodrigo.org\/blog4\/wp-content\/uploads\/2019\/09\/IMG_0720.jpg'><img loading=\"lazy\" decoding=\"async\" width=\"300\" height=\"225\" src=\"https:\/\/www.diocesisciudadrodrigo.org\/blog4\/wp-content\/uploads\/2019\/09\/IMG_0720-300x225.jpg\" class=\"attachment-medium size-medium\" alt=\"\" srcset=\"https:\/\/www.diocesisciudadrodrigo.org\/blog4\/wp-content\/uploads\/2019\/09\/IMG_0720-300x225.jpg 300w, https:\/\/www.diocesisciudadrodrigo.org\/blog4\/wp-content\/uploads\/2019\/09\/IMG_0720-350x263.jpg 350w, https:\/\/www.diocesisciudadrodrigo.org\/blog4\/wp-content\/uploads\/2019\/09\/IMG_0720.jpg 640w\" sizes=\"auto, (max-width: 300px) 100vw, 300px\" \/><\/a>\n\t\t\t<\/div><\/figure><figure class='gallery-item'>\n\t\t\t<div class='gallery-icon landscape'>\n\t\t\t\t<a  href='https:\/\/www.diocesisciudadrodrigo.org\/blog4\/wp-content\/uploads\/2019\/09\/IMG_0723.jpg'><img loading=\"lazy\" decoding=\"async\" width=\"300\" height=\"225\" src=\"https:\/\/www.diocesisciudadrodrigo.org\/blog4\/wp-content\/uploads\/2019\/09\/IMG_0723-300x225.jpg\" class=\"attachment-medium size-medium\" alt=\"\" srcset=\"https:\/\/www.diocesisciudadrodrigo.org\/blog4\/wp-content\/uploads\/2019\/09\/IMG_0723-300x225.jpg 300w, https:\/\/www.diocesisciudadrodrigo.org\/blog4\/wp-content\/uploads\/2019\/09\/IMG_0723-350x263.jpg 350w, https:\/\/www.diocesisciudadrodrigo.org\/blog4\/wp-content\/uploads\/2019\/09\/IMG_0723.jpg 640w\" sizes=\"auto, (max-width: 300px) 100vw, 300px\" \/><\/a>\n\t\t\t<\/div><\/figure><figure class='gallery-item'>\n\t\t\t<div class='gallery-icon landscape'>\n\t\t\t\t<a  href='https:\/\/www.diocesisciudadrodrigo.org\/blog4\/wp-content\/uploads\/2019\/09\/IMG_0743.jpg'><img loading=\"lazy\" decoding=\"async\" width=\"300\" height=\"225\" src=\"https:\/\/www.diocesisciudadrodrigo.org\/blog4\/wp-content\/uploads\/2019\/09\/IMG_0743-300x225.jpg\" class=\"attachment-medium size-medium\" alt=\"\" srcset=\"https:\/\/www.diocesisciudadrodrigo.org\/blog4\/wp-content\/uploads\/2019\/09\/IMG_0743-300x225.jpg 300w, https:\/\/www.diocesisciudadrodrigo.org\/blog4\/wp-content\/uploads\/2019\/09\/IMG_0743-350x263.jpg 350w, https:\/\/www.diocesisciudadrodrigo.org\/blog4\/wp-content\/uploads\/2019\/09\/IMG_0743.jpg 640w\" sizes=\"auto, (max-width: 300px) 100vw, 300px\" \/><\/a>\n\t\t\t<\/div><\/figure><figure class='gallery-item'>\n\t\t\t<div class='gallery-icon landscape'>\n\t\t\t\t<a  href='https:\/\/www.diocesisciudadrodrigo.org\/blog4\/wp-content\/uploads\/2019\/09\/IMG_0774.jpg'><img loading=\"lazy\" decoding=\"async\" width=\"300\" height=\"201\" src=\"https:\/\/www.diocesisciudadrodrigo.org\/blog4\/wp-content\/uploads\/2019\/09\/IMG_0774-300x201.jpg\" class=\"attachment-medium size-medium\" alt=\"\" aria-describedby=\"gallery-1-10207\" srcset=\"https:\/\/www.diocesisciudadrodrigo.org\/blog4\/wp-content\/uploads\/2019\/09\/IMG_0774-300x201.jpg 300w, https:\/\/www.diocesisciudadrodrigo.org\/blog4\/wp-content\/uploads\/2019\/09\/IMG_0774-350x234.jpg 350w, https:\/\/www.diocesisciudadrodrigo.org\/blog4\/wp-content\/uploads\/2019\/09\/IMG_0774.jpg 640w\" sizes=\"auto, (max-width: 300px) 100vw, 300px\" \/><\/a>\n\t\t\t<\/div>\n\t\t\t\t<figcaption class='wp-caption-text gallery-caption' id='gallery-1-10207'>\n\t\t\t\tD. Jes\u00fas durante la Eucarist\u00eda en el Santuario de la Pe\u00f1a de Francia\n\t\t\t\t<\/figcaption><\/figure>\n\t\t<\/div>\n\t\t<\/div>\n\t\t\t\t<\/div>\n\t\t\t\t<\/div>\n\t\t\t\t\t\t<\/div>\n\t\t\t\t\t<\/div>\n\t\t<\/div>\n\t\t\t\t\t\t\t\t<\/div>\n\t\t\t\t\t<\/div>\n\t\t<\/section>\n\t\t\t\t\t\t<\/div>\n\t\t\t\t\t\t<\/div>\n\t\t\t\t\t<\/div>\n\t\t","protected":false},"excerpt":{"rendered":"<p>El administrador apost\u00f3lico, Mons. Jes\u00fas Garc\u00eda Burillo, ha presidido en el d\u00eda de Nuestra Se\u00f1ora de la Pe\u00f1a de Francia la Eucarist\u00eda celebrada en el santuario mariano al que una &#8230; <\/p>\n<p class=\"read-more-container\"><a title=\"Santuario de la Pe\u00f1a de Francia y Parroquia de San Andr\u00e9s\" class=\"read-more button\" href=\"https:\/\/www.diocesisciudadrodrigo.org\/blog4\/santuario-de-la-pena-de-francia-y-parroquia-de-san-andres\/#more-10201\" aria-label=\"M\u00e1s en Santuario de la Pe\u00f1a de Francia y Parroquia de San Andr\u00e9s\">Leer m\u00e1s &#8230;<\/a><\/p>\n","protected":false},"author":2,"featured_media":10207,"comment_status":"closed","ping_status":"closed","sticky":false,"template":"","format":"standard","meta":{"footnotes":""},"categories":[6],"tags":[],"class_list":["post-10201","post","type-post","status-publish","format-standard","has-post-thumbnail","hentry","category-noticias","masonry-post","generate-columns","tablet-grid-50","mobile-grid-100","grid-parent","grid-50"],"yoast_head":"<!-- This site is optimized with the Yoast SEO plugin v27.3 - https:\/\/yoast.com\/product\/yoast-seo-wordpress\/ -->\n<title>Santuario de la Pe\u00f1a de Francia y Parroquia de San Andr\u00e9s - Di\u00f3cesis de Ciudad Rodrigo<\/title>\n<meta name=\"robots\" content=\"index, follow, max-snippet:-1, max-image-preview:large, max-video-preview:-1\" \/>\n<link rel=\"canonical\" href=\"https:\/\/www.diocesisciudadrodrigo.org\/blog4\/santuario-de-la-pena-de-francia-y-parroquia-de-san-andres\/\" \/>\n<meta property=\"og:locale\" content=\"es_ES\" \/>\n<meta property=\"og:type\" content=\"article\" \/>\n<meta property=\"og:title\" content=\"Santuario de la Pe\u00f1a de Francia y Parroquia de San Andr\u00e9s - Di\u00f3cesis de Ciudad Rodrigo\" \/>\n<meta property=\"og:description\" content=\"El administrador apost\u00f3lico, Mons. Jes\u00fas Garc\u00eda Burillo, ha presidido en el d\u00eda de Nuestra Se\u00f1ora de la Pe\u00f1a de Francia la Eucarist\u00eda celebrada en el santuario mariano al que una ... Leer m\u00e1s ...\" \/>\n<meta property=\"og:url\" content=\"https:\/\/www.diocesisciudadrodrigo.org\/blog4\/santuario-de-la-pena-de-francia-y-parroquia-de-san-andres\/\" \/>\n<meta property=\"og:site_name\" content=\"Di\u00f3cesis de Ciudad Rodrigo\" \/>\n<meta property=\"article:publisher\" content=\"https:\/\/www.facebook.com\/people\/Dicesis-Ciudad-Rodrigo-MCS\/100076471923419\/#\" \/>\n<meta property=\"article:published_time\" content=\"2019-09-08T20:21:53+00:00\" \/>\n<meta property=\"article:modified_time\" content=\"2019-09-09T19:22:58+00:00\" \/>\n<meta property=\"og:image\" content=\"https:\/\/www.diocesisciudadrodrigo.org\/blog4\/wp-content\/uploads\/2019\/09\/IMG_0774.jpg\" \/>\n\t<meta property=\"og:image:width\" content=\"640\" \/>\n\t<meta property=\"og:image:height\" content=\"428\" \/>\n\t<meta property=\"og:image:type\" content=\"image\/jpeg\" \/>\n<meta name=\"author\" content=\"Silvia Garc\u00eda Rojo\" \/>\n<meta name=\"twitter:card\" content=\"summary_large_image\" \/>\n<meta name=\"twitter:label1\" content=\"Escrito por\" \/>\n\t<meta name=\"twitter:data1\" content=\"Silvia Garc\u00eda Rojo\" \/>\n\t<meta name=\"twitter:label2\" content=\"Tiempo de lectura\" \/>\n\t<meta name=\"twitter:data2\" content=\"1 minuto\" \/>\n<script type=\"application\/ld+json\" class=\"yoast-schema-graph\">{\"@context\":\"https:\\\/\\\/schema.org\",\"@graph\":[{\"@type\":\"Article\",\"@id\":\"https:\\\/\\\/www.diocesisciudadrodrigo.org\\\/blog4\\\/santuario-de-la-pena-de-francia-y-parroquia-de-san-andres\\\/#article\",\"isPartOf\":{\"@id\":\"https:\\\/\\\/www.diocesisciudadrodrigo.org\\\/blog4\\\/santuario-de-la-pena-de-francia-y-parroquia-de-san-andres\\\/\"},\"author\":{\"name\":\"Silvia Garc\u00eda Rojo\",\"@id\":\"https:\\\/\\\/www.diocesisciudadrodrigo.org\\\/blog4\\\/#\\\/schema\\\/person\\\/584b0cf9de264bbc2436f8360898d6f5\"},\"headline\":\"Santuario de la Pe\u00f1a de Francia y Parroquia de San Andr\u00e9s\",\"datePublished\":\"2019-09-08T20:21:53+00:00\",\"dateModified\":\"2019-09-09T19:22:58+00:00\",\"mainEntityOfPage\":{\"@id\":\"https:\\\/\\\/www.diocesisciudadrodrigo.org\\\/blog4\\\/santuario-de-la-pena-de-francia-y-parroquia-de-san-andres\\\/\"},\"wordCount\":147,\"publisher\":{\"@id\":\"https:\\\/\\\/www.diocesisciudadrodrigo.org\\\/blog4\\\/#organization\"},\"image\":{\"@id\":\"https:\\\/\\\/www.diocesisciudadrodrigo.org\\\/blog4\\\/santuario-de-la-pena-de-francia-y-parroquia-de-san-andres\\\/#primaryimage\"},\"thumbnailUrl\":\"https:\\\/\\\/www.diocesisciudadrodrigo.org\\\/blog4\\\/wp-content\\\/uploads\\\/2019\\\/09\\\/IMG_0774.jpg\",\"articleSection\":[\"Noticias\"],\"inLanguage\":\"es\"},{\"@type\":\"WebPage\",\"@id\":\"https:\\\/\\\/www.diocesisciudadrodrigo.org\\\/blog4\\\/santuario-de-la-pena-de-francia-y-parroquia-de-san-andres\\\/\",\"url\":\"https:\\\/\\\/www.diocesisciudadrodrigo.org\\\/blog4\\\/santuario-de-la-pena-de-francia-y-parroquia-de-san-andres\\\/\",\"name\":\"Santuario de la Pe\u00f1a de Francia y Parroquia de San Andr\u00e9s - Di\u00f3cesis de Ciudad Rodrigo\",\"isPartOf\":{\"@id\":\"https:\\\/\\\/www.diocesisciudadrodrigo.org\\\/blog4\\\/#website\"},\"primaryImageOfPage\":{\"@id\":\"https:\\\/\\\/www.diocesisciudadrodrigo.org\\\/blog4\\\/santuario-de-la-pena-de-francia-y-parroquia-de-san-andres\\\/#primaryimage\"},\"image\":{\"@id\":\"https:\\\/\\\/www.diocesisciudadrodrigo.org\\\/blog4\\\/santuario-de-la-pena-de-francia-y-parroquia-de-san-andres\\\/#primaryimage\"},\"thumbnailUrl\":\"https:\\\/\\\/www.diocesisciudadrodrigo.org\\\/blog4\\\/wp-content\\\/uploads\\\/2019\\\/09\\\/IMG_0774.jpg\",\"datePublished\":\"2019-09-08T20:21:53+00:00\",\"dateModified\":\"2019-09-09T19:22:58+00:00\",\"breadcrumb\":{\"@id\":\"https:\\\/\\\/www.diocesisciudadrodrigo.org\\\/blog4\\\/santuario-de-la-pena-de-francia-y-parroquia-de-san-andres\\\/#breadcrumb\"},\"inLanguage\":\"es\",\"potentialAction\":[{\"@type\":\"ReadAction\",\"target\":[\"https:\\\/\\\/www.diocesisciudadrodrigo.org\\\/blog4\\\/santuario-de-la-pena-de-francia-y-parroquia-de-san-andres\\\/\"]}]},{\"@type\":\"ImageObject\",\"inLanguage\":\"es\",\"@id\":\"https:\\\/\\\/www.diocesisciudadrodrigo.org\\\/blog4\\\/santuario-de-la-pena-de-francia-y-parroquia-de-san-andres\\\/#primaryimage\",\"url\":\"https:\\\/\\\/www.diocesisciudadrodrigo.org\\\/blog4\\\/wp-content\\\/uploads\\\/2019\\\/09\\\/IMG_0774.jpg\",\"contentUrl\":\"https:\\\/\\\/www.diocesisciudadrodrigo.org\\\/blog4\\\/wp-content\\\/uploads\\\/2019\\\/09\\\/IMG_0774.jpg\",\"width\":640,\"height\":428,\"caption\":\"D. Jes\u00fas durante la Eucarist\u00eda en el Santuario de la Pe\u00f1a de Francia\"},{\"@type\":\"BreadcrumbList\",\"@id\":\"https:\\\/\\\/www.diocesisciudadrodrigo.org\\\/blog4\\\/santuario-de-la-pena-de-francia-y-parroquia-de-san-andres\\\/#breadcrumb\",\"itemListElement\":[{\"@type\":\"ListItem\",\"position\":1,\"name\":\"Portada\",\"item\":\"https:\\\/\\\/www.diocesisciudadrodrigo.org\\\/blog4\\\/\"},{\"@type\":\"ListItem\",\"position\":2,\"name\":\"Santuario de la Pe\u00f1a de Francia y Parroquia de San Andr\u00e9s\"}]},{\"@type\":\"WebSite\",\"@id\":\"https:\\\/\\\/www.diocesisciudadrodrigo.org\\\/blog4\\\/#website\",\"url\":\"https:\\\/\\\/www.diocesisciudadrodrigo.org\\\/blog4\\\/\",\"name\":\"Di\u00f3cesis de Ciudad Rodrigo\",\"description\":\"Sitio web oficial de la di\u00f3cesis civitatense\",\"publisher\":{\"@id\":\"https:\\\/\\\/www.diocesisciudadrodrigo.org\\\/blog4\\\/#organization\"},\"potentialAction\":[{\"@type\":\"SearchAction\",\"target\":{\"@type\":\"EntryPoint\",\"urlTemplate\":\"https:\\\/\\\/www.diocesisciudadrodrigo.org\\\/blog4\\\/?s={search_term_string}\"},\"query-input\":{\"@type\":\"PropertyValueSpecification\",\"valueRequired\":true,\"valueName\":\"search_term_string\"}}],\"inLanguage\":\"es\"},{\"@type\":\"Organization\",\"@id\":\"https:\\\/\\\/www.diocesisciudadrodrigo.org\\\/blog4\\\/#organization\",\"name\":\"Di\u00f3cesis de Ciudad Rodrigo\",\"url\":\"https:\\\/\\\/www.diocesisciudadrodrigo.org\\\/blog4\\\/\",\"logo\":{\"@type\":\"ImageObject\",\"inLanguage\":\"es\",\"@id\":\"https:\\\/\\\/www.diocesisciudadrodrigo.org\\\/blog4\\\/#\\\/schema\\\/logo\\\/image\\\/\",\"url\":\"https:\\\/\\\/www.diocesisciudadrodrigo.org\\\/blog4\\\/wp-content\\\/uploads\\\/2024\\\/12\\\/Diocesis.CMYK_-768x480-1.jpg\",\"contentUrl\":\"https:\\\/\\\/www.diocesisciudadrodrigo.org\\\/blog4\\\/wp-content\\\/uploads\\\/2024\\\/12\\\/Diocesis.CMYK_-768x480-1.jpg\",\"width\":768,\"height\":480,\"caption\":\"Di\u00f3cesis de Ciudad Rodrigo\"},\"image\":{\"@id\":\"https:\\\/\\\/www.diocesisciudadrodrigo.org\\\/blog4\\\/#\\\/schema\\\/logo\\\/image\\\/\"},\"sameAs\":[\"https:\\\/\\\/www.facebook.com\\\/people\\\/Dicesis-Ciudad-Rodrigo-MCS\\\/100076471923419\\\/#\"]},{\"@type\":\"Person\",\"@id\":\"https:\\\/\\\/www.diocesisciudadrodrigo.org\\\/blog4\\\/#\\\/schema\\\/person\\\/584b0cf9de264bbc2436f8360898d6f5\",\"name\":\"Silvia Garc\u00eda Rojo\",\"image\":{\"@type\":\"ImageObject\",\"inLanguage\":\"es\",\"@id\":\"https:\\\/\\\/secure.gravatar.com\\\/avatar\\\/ebf0674cba0b617b8f0f5bf916238f477a1e8ff44f739632f4365e95629b143b?s=96&d=mm&r=g\",\"url\":\"https:\\\/\\\/secure.gravatar.com\\\/avatar\\\/ebf0674cba0b617b8f0f5bf916238f477a1e8ff44f739632f4365e95629b143b?s=96&d=mm&r=g\",\"contentUrl\":\"https:\\\/\\\/secure.gravatar.com\\\/avatar\\\/ebf0674cba0b617b8f0f5bf916238f477a1e8ff44f739632f4365e95629b143b?s=96&d=mm&r=g\",\"caption\":\"Silvia Garc\u00eda Rojo\"},\"url\":\"https:\\\/\\\/www.diocesisciudadrodrigo.org\\\/blog4\\\/author\\\/administracion\\\/\"}]}<\/script>\n<!-- \/ Yoast SEO plugin. -->","yoast_head_json":{"title":"Santuario de la Pe\u00f1a de Francia y Parroquia de San Andr\u00e9s - Di\u00f3cesis de Ciudad Rodrigo","robots":{"index":"index","follow":"follow","max-snippet":"max-snippet:-1","max-image-preview":"max-image-preview:large","max-video-preview":"max-video-preview:-1"},"canonical":"https:\/\/www.diocesisciudadrodrigo.org\/blog4\/santuario-de-la-pena-de-francia-y-parroquia-de-san-andres\/","og_locale":"es_ES","og_type":"article","og_title":"Santuario de la Pe\u00f1a de Francia y Parroquia de San Andr\u00e9s - Di\u00f3cesis de Ciudad Rodrigo","og_description":"El administrador apost\u00f3lico, Mons. Jes\u00fas Garc\u00eda Burillo, ha presidido en el d\u00eda de Nuestra Se\u00f1ora de la Pe\u00f1a de Francia la Eucarist\u00eda celebrada en el santuario mariano al que una ... Leer m\u00e1s ...","og_url":"https:\/\/www.diocesisciudadrodrigo.org\/blog4\/santuario-de-la-pena-de-francia-y-parroquia-de-san-andres\/","og_site_name":"Di\u00f3cesis de Ciudad Rodrigo","article_publisher":"https:\/\/www.facebook.com\/people\/Dicesis-Ciudad-Rodrigo-MCS\/100076471923419\/#","article_published_time":"2019-09-08T20:21:53+00:00","article_modified_time":"2019-09-09T19:22:58+00:00","og_image":[{"width":640,"height":428,"url":"https:\/\/www.diocesisciudadrodrigo.org\/blog4\/wp-content\/uploads\/2019\/09\/IMG_0774.jpg","type":"image\/jpeg"}],"author":"Silvia Garc\u00eda Rojo","twitter_card":"summary_large_image","twitter_misc":{"Escrito por":"Silvia Garc\u00eda Rojo","Tiempo de lectura":"1 minuto"},"schema":{"@context":"https:\/\/schema.org","@graph":[{"@type":"Article","@id":"https:\/\/www.diocesisciudadrodrigo.org\/blog4\/santuario-de-la-pena-de-francia-y-parroquia-de-san-andres\/#article","isPartOf":{"@id":"https:\/\/www.diocesisciudadrodrigo.org\/blog4\/santuario-de-la-pena-de-francia-y-parroquia-de-san-andres\/"},"author":{"name":"Silvia Garc\u00eda Rojo","@id":"https:\/\/www.diocesisciudadrodrigo.org\/blog4\/#\/schema\/person\/584b0cf9de264bbc2436f8360898d6f5"},"headline":"Santuario de la Pe\u00f1a de Francia y Parroquia de San Andr\u00e9s","datePublished":"2019-09-08T20:21:53+00:00","dateModified":"2019-09-09T19:22:58+00:00","mainEntityOfPage":{"@id":"https:\/\/www.diocesisciudadrodrigo.org\/blog4\/santuario-de-la-pena-de-francia-y-parroquia-de-san-andres\/"},"wordCount":147,"publisher":{"@id":"https:\/\/www.diocesisciudadrodrigo.org\/blog4\/#organization"},"image":{"@id":"https:\/\/www.diocesisciudadrodrigo.org\/blog4\/santuario-de-la-pena-de-francia-y-parroquia-de-san-andres\/#primaryimage"},"thumbnailUrl":"https:\/\/www.diocesisciudadrodrigo.org\/blog4\/wp-content\/uploads\/2019\/09\/IMG_0774.jpg","articleSection":["Noticias"],"inLanguage":"es"},{"@type":"WebPage","@id":"https:\/\/www.diocesisciudadrodrigo.org\/blog4\/santuario-de-la-pena-de-francia-y-parroquia-de-san-andres\/","url":"https:\/\/www.diocesisciudadrodrigo.org\/blog4\/santuario-de-la-pena-de-francia-y-parroquia-de-san-andres\/","name":"Santuario de la Pe\u00f1a de Francia y Parroquia de San Andr\u00e9s - Di\u00f3cesis de Ciudad Rodrigo","isPartOf":{"@id":"https:\/\/www.diocesisciudadrodrigo.org\/blog4\/#website"},"primaryImageOfPage":{"@id":"https:\/\/www.diocesisciudadrodrigo.org\/blog4\/santuario-de-la-pena-de-francia-y-parroquia-de-san-andres\/#primaryimage"},"image":{"@id":"https:\/\/www.diocesisciudadrodrigo.org\/blog4\/santuario-de-la-pena-de-francia-y-parroquia-de-san-andres\/#primaryimage"},"thumbnailUrl":"https:\/\/www.diocesisciudadrodrigo.org\/blog4\/wp-content\/uploads\/2019\/09\/IMG_0774.jpg","datePublished":"2019-09-08T20:21:53+00:00","dateModified":"2019-09-09T19:22:58+00:00","breadcrumb":{"@id":"https:\/\/www.diocesisciudadrodrigo.org\/blog4\/santuario-de-la-pena-de-francia-y-parroquia-de-san-andres\/#breadcrumb"},"inLanguage":"es","potentialAction":[{"@type":"ReadAction","target":["https:\/\/www.diocesisciudadrodrigo.org\/blog4\/santuario-de-la-pena-de-francia-y-parroquia-de-san-andres\/"]}]},{"@type":"ImageObject","inLanguage":"es","@id":"https:\/\/www.diocesisciudadrodrigo.org\/blog4\/santuario-de-la-pena-de-francia-y-parroquia-de-san-andres\/#primaryimage","url":"https:\/\/www.diocesisciudadrodrigo.org\/blog4\/wp-content\/uploads\/2019\/09\/IMG_0774.jpg","contentUrl":"https:\/\/www.diocesisciudadrodrigo.org\/blog4\/wp-content\/uploads\/2019\/09\/IMG_0774.jpg","width":640,"height":428,"caption":"D. Jes\u00fas durante la Eucarist\u00eda en el Santuario de la Pe\u00f1a de Francia"},{"@type":"BreadcrumbList","@id":"https:\/\/www.diocesisciudadrodrigo.org\/blog4\/santuario-de-la-pena-de-francia-y-parroquia-de-san-andres\/#breadcrumb","itemListElement":[{"@type":"ListItem","position":1,"name":"Portada","item":"https:\/\/www.diocesisciudadrodrigo.org\/blog4\/"},{"@type":"ListItem","position":2,"name":"Santuario de la Pe\u00f1a de Francia y Parroquia de San Andr\u00e9s"}]},{"@type":"WebSite","@id":"https:\/\/www.diocesisciudadrodrigo.org\/blog4\/#website","url":"https:\/\/www.diocesisciudadrodrigo.org\/blog4\/","name":"Di\u00f3cesis de Ciudad Rodrigo","description":"Sitio web oficial de la di\u00f3cesis civitatense","publisher":{"@id":"https:\/\/www.diocesisciudadrodrigo.org\/blog4\/#organization"},"potentialAction":[{"@type":"SearchAction","target":{"@type":"EntryPoint","urlTemplate":"https:\/\/www.diocesisciudadrodrigo.org\/blog4\/?s={search_term_string}"},"query-input":{"@type":"PropertyValueSpecification","valueRequired":true,"valueName":"search_term_string"}}],"inLanguage":"es"},{"@type":"Organization","@id":"https:\/\/www.diocesisciudadrodrigo.org\/blog4\/#organization","name":"Di\u00f3cesis de Ciudad Rodrigo","url":"https:\/\/www.diocesisciudadrodrigo.org\/blog4\/","logo":{"@type":"ImageObject","inLanguage":"es","@id":"https:\/\/www.diocesisciudadrodrigo.org\/blog4\/#\/schema\/logo\/image\/","url":"https:\/\/www.diocesisciudadrodrigo.org\/blog4\/wp-content\/uploads\/2024\/12\/Diocesis.CMYK_-768x480-1.jpg","contentUrl":"https:\/\/www.diocesisciudadrodrigo.org\/blog4\/wp-content\/uploads\/2024\/12\/Diocesis.CMYK_-768x480-1.jpg","width":768,"height":480,"caption":"Di\u00f3cesis de Ciudad Rodrigo"},"image":{"@id":"https:\/\/www.diocesisciudadrodrigo.org\/blog4\/#\/schema\/logo\/image\/"},"sameAs":["https:\/\/www.facebook.com\/people\/Dicesis-Ciudad-Rodrigo-MCS\/100076471923419\/#"]},{"@type":"Person","@id":"https:\/\/www.diocesisciudadrodrigo.org\/blog4\/#\/schema\/person\/584b0cf9de264bbc2436f8360898d6f5","name":"Silvia Garc\u00eda Rojo","image":{"@type":"ImageObject","inLanguage":"es","@id":"https:\/\/secure.gravatar.com\/avatar\/ebf0674cba0b617b8f0f5bf916238f477a1e8ff44f739632f4365e95629b143b?s=96&d=mm&r=g","url":"https:\/\/secure.gravatar.com\/avatar\/ebf0674cba0b617b8f0f5bf916238f477a1e8ff44f739632f4365e95629b143b?s=96&d=mm&r=g","contentUrl":"https:\/\/secure.gravatar.com\/avatar\/ebf0674cba0b617b8f0f5bf916238f477a1e8ff44f739632f4365e95629b143b?s=96&d=mm&r=g","caption":"Silvia Garc\u00eda Rojo"},"url":"https:\/\/www.diocesisciudadrodrigo.org\/blog4\/author\/administracion\/"}]}},"_links":{"self":[{"href":"https:\/\/www.diocesisciudadrodrigo.org\/blog4\/wp-json\/wp\/v2\/posts\/10201","targetHints":{"allow":["GET"]}}],"collection":[{"href":"https:\/\/www.diocesisciudadrodrigo.org\/blog4\/wp-json\/wp\/v2\/posts"}],"about":[{"href":"https:\/\/www.diocesisciudadrodrigo.org\/blog4\/wp-json\/wp\/v2\/types\/post"}],"author":[{"embeddable":true,"href":"https:\/\/www.diocesisciudadrodrigo.org\/blog4\/wp-json\/wp\/v2\/users\/2"}],"replies":[{"embeddable":true,"href":"https:\/\/www.diocesisciudadrodrigo.org\/blog4\/wp-json\/wp\/v2\/comments?post=10201"}],"version-history":[{"count":4,"href":"https:\/\/www.diocesisciudadrodrigo.org\/blog4\/wp-json\/wp\/v2\/posts\/10201\/revisions"}],"predecessor-version":[{"id":10226,"href":"https:\/\/www.diocesisciudadrodrigo.org\/blog4\/wp-json\/wp\/v2\/posts\/10201\/revisions\/10226"}],"wp:featuredmedia":[{"embeddable":true,"href":"https:\/\/www.diocesisciudadrodrigo.org\/blog4\/wp-json\/wp\/v2\/media\/10207"}],"wp:attachment":[{"href":"https:\/\/www.diocesisciudadrodrigo.org\/blog4\/wp-json\/wp\/v2\/media?parent=10201"}],"wp:term":[{"taxonomy":"category","embeddable":true,"href":"https:\/\/www.diocesisciudadrodrigo.org\/blog4\/wp-json\/wp\/v2\/categories?post=10201"},{"taxonomy":"post_tag","embeddable":true,"href":"https:\/\/www.diocesisciudadrodrigo.org\/blog4\/wp-json\/wp\/v2\/tags?post=10201"}],"curies":[{"name":"wp","href":"https:\/\/api.w.org\/{rel}","templated":true}]}}