{"id":8182,"date":"2011-12-09T15:18:27","date_gmt":"2011-12-09T14:18:27","guid":{"rendered":"http:\/\/www.diocesisciudadrodrigo.org\/blog3\/?p=8182"},"modified":"2019-05-18T15:19:57","modified_gmt":"2019-05-18T14:19:57","slug":"sembradores-de-estrellas-2011","status":"publish","type":"post","link":"https:\/\/www.diocesisciudadrodrigo.org\/blog3\/sembradores-de-estrellas-2011\/","title":{"rendered":"Sembradores de Estrellas 2011"},"content":{"rendered":"\n<h3><br>17 de diciembre<\/h3>\n\n\n\n<p>El d\u00eda 17 de diciembre la Delegaci\u00f3n diocesana de Misiones celebra fiesta de SEMBRADORES DE ESTRELLAS. Es una celebraci\u00f3n de env\u00edo en la que los ni\u00f1os son mensajeros de la Navidad repartiendo una estrella a cada persona con la que se encuentran. Se trata de compartir, cuando el Adviento est\u00e1 terminando, la alegr\u00eda de la Buena noticia del Nacimiento de Jes\u00fas. Animan a participar a todos los ni\u00f1os de las diferentes parroquias y colegios. Y tambi\u00e9n est\u00e1n invitados los padres y los abuelos para acompa\u00f1ar a todos los ni\u00f1os y ni\u00f1as.<\/p>\n\n\n\n<p>Este a\u00f1o saldr\u00e1n de la parroquia de El Salvador, d\u00f3nde ser\u00e1 el acto de env\u00edo a las 11:30 h de la ma\u00f1ana. A continuaci\u00f3n recorrer\u00e1n las calles de Ciudad Rodrigo, para terminar en la Plaza Mayor con un gesto misionero.<\/p>\n","protected":false},"excerpt":{"rendered":"<p>17 de diciembre El d\u00eda 17 de diciembre la Delegaci\u00f3n diocesana de Misiones celebra fiesta de SEMBRADORES DE ESTRELLAS. Es una celebraci\u00f3n de env\u00edo en la que los ni\u00f1os son mensajeros de la Navidad repartiendo una estrella a cada persona con la que se encuentran. Se trata de compartir, cuando el Adviento est\u00e1 terminando, la &#8230; <a title=\"Sembradores de Estrellas 2011\" class=\"read-more\" href=\"https:\/\/www.diocesisciudadrodrigo.org\/blog3\/sembradores-de-estrellas-2011\/\" aria-label=\"M\u00e1s en Sembradores de Estrellas 2011\">Leer m\u00e1s<\/a><\/p>\n","protected":false},"author":1,"featured_media":0,"comment_status":"closed","ping_status":"closed","sticky":false,"template":"","format":"standard","meta":[],"categories":[3],"tags":[],"_links":{"self":[{"href":"https:\/\/www.diocesisciudadrodrigo.org\/blog3\/wp-json\/wp\/v2\/posts\/8182"}],"collection":[{"href":"https:\/\/www.diocesisciudadrodrigo.org\/blog3\/wp-json\/wp\/v2\/posts"}],"about":[{"href":"https:\/\/www.diocesisciudadrodrigo.org\/blog3\/wp-json\/wp\/v2\/types\/post"}],"author":[{"embeddable":true,"href":"https:\/\/www.diocesisciudadrodrigo.org\/blog3\/wp-json\/wp\/v2\/users\/1"}],"replies":[{"embeddable":true,"href":"https:\/\/www.diocesisciudadrodrigo.org\/blog3\/wp-json\/wp\/v2\/comments?post=8182"}],"version-history":[{"count":1,"href":"https:\/\/www.diocesisciudadrodrigo.org\/blog3\/wp-json\/wp\/v2\/posts\/8182\/revisions"}],"predecessor-version":[{"id":8183,"href":"https:\/\/www.diocesisciudadrodrigo.org\/blog3\/wp-json\/wp\/v2\/posts\/8182\/revisions\/8183"}],"wp:attachment":[{"href":"https:\/\/www.diocesisciudadrodrigo.org\/blog3\/wp-json\/wp\/v2\/media?parent=8182"}],"wp:term":[{"taxonomy":"category","embeddable":true,"href":"https:\/\/www.diocesisciudadrodrigo.org\/blog3\/wp-json\/wp\/v2\/categories?post=8182"},{"taxonomy":"post_tag","embeddable":true,"href":"https:\/\/www.diocesisciudadrodrigo.org\/blog3\/wp-json\/wp\/v2\/tags?post=8182"}],"curies":[{"name":"wp","href":"https:\/\/api.w.org\/{rel}","templated":true}]}}