{"id":8167,"date":"2011-09-07T14:54:48","date_gmt":"2011-09-07T13:54:48","guid":{"rendered":"http:\/\/www.diocesisciudadrodrigo.org\/blog3\/?p=8167"},"modified":"2019-05-18T14:57:08","modified_gmt":"2019-05-18T13:57:08","slug":"curso-pastoral-2011-2012","status":"publish","type":"post","link":"https:\/\/www.diocesisciudadrodrigo.org\/blog3\/curso-pastoral-2011-2012\/","title":{"rendered":"Curso Pastoral 2011-2012"},"content":{"rendered":"\n<h2>Las Unidades Parroquiales: objetivo del Curso Pastoral <\/h2>\n\n\n\n<h3>Ser\u00e1  inaugurado el s\u00e1bado 24 de septiembre<\/h3>\n\n\n\n<p>El Curso Pastoral 2011\/12 ser\u00e1 inaugurado con una Eucarist\u00eda en la S. I. Catedral el pr\u00f3ximo s\u00e1bado 24 de septiembre a las 7,30 de la tarde. A la celebraci\u00f3n, presidida por el Sr. Obispo, est\u00e1n invitados  los delegados diocesanos, arciprestes, catequistas, distintos agentes de pastoral as\u00ed como los profesores de religi\u00f3n que la imparten en los centros docentes de Ciudad Rodrigo. <br>\nAl final de la misa se realizar\u00e1 un \u201cacto de env\u00edo\u201d de dichos agentes de evangelizaci\u00f3n. <\/p>\n\n\n\n<p>El Curso que se inaugura tiene como Objetivo Pastoral: \u201cCompartir la alegr\u00eda del camino hecho en la acci\u00f3n pastoral durante los cinco \u00faltimos a\u00f1os\u201d. Alude al proyecto que se trabaj\u00f3 en los cinco cursos anteriores que estuvieron centrados en las Unidades Parroquiales. <\/p>\n\n\n\n<p>Con este motivo el Sr. Obispo ha escrito una Carta Pastoral titulada \u201cLas Unidades parroquiales en una Iglesia evangelizadora\u201d. En ella habla de ellas como \u201cuna necesidad sentida en nuestra Di\u00f3cesis como en muchas otras Di\u00f3cesis espa\u00f1olas\u201d. Y se refiere a las citadas afirmando que \u201cno son fines en s\u00ed mismas ni soluciones definitivas, sino mediaciones evangelizadoras y pastorales\u2026 dentro de la nueva evangelizaci\u00f3n a la que estamos llamados\u201d. <\/p>\n\n\n\n<p>La Carta Pastoral tiene tres partes. En la primera, el obispo asume material de Mons. Atilano, el anterior prelado, y hace una sucinta y breve valoraci\u00f3n de la andadura diocesana de los \u00faltimos cinco a\u00f1os. En la segunda parte se aborda el tema de las Unidades Parroquiales dentro del marco m\u00e1s amplio de la nueva evangelizaci\u00f3n. Y, finalmente, se se\u00f1alan algunas propuestas pastorales concretas. <\/p>\n\n\n\n<p>Para presentar esta carta y programar la acci\u00f3n pastoral en cada arciprestazgo tendr\u00e1n lugar las convivencias arciprestales de comienzo de curso. En todas se sigue el mismo esquema: por la ma\u00f1ana retiro espiritual y presentaci\u00f3n de la Carta Pastoral. Despu\u00e9s comida de fraternidad y por la tarde programaci\u00f3n. Est\u00e1n invitados los sacerdotes, las religiosas y los laicos m\u00e1s comprometidos en la acci\u00f3n pastoral. <\/p>\n\n\n\n<p>Se celebrar\u00e1n siguiendo el siguiente calendario: <\/p>\n\n\n\n<ul><li> Arga\u00f1\u00e1n: martes 20 de septiembre <\/li><li> Abadengo: viernes 23 de septiembre <\/li><li> Ciudad Rodrigo: s\u00e1bado 24 de septiembre <\/li><li> Campo Charro: mi\u00e9rcoles 28 de septiembre <\/li><li> Yeltes: viernes 30 de septiembre <\/li><li> La Ribera: s\u00e1bado 1 de octubre <\/li><li> \u00c1gueda: s\u00e1bado 8 de octubre <\/li><\/ul>\n\n\n\n<ul class=\"wp-block-gallery columns-1 is-cropped\"><li class=\"blocks-gallery-item\"><figure><img loading=\"lazy\" width=\"545\" height=\"800\" src=\"http:\/\/www.diocesisciudadrodrigo.org\/blog3\/wp-content\/uploads\/2019\/05\/curso2011_2012-545x800.png\" alt=\"\" data-id=\"8169\" data-link=\"http:\/\/www.diocesisciudadrodrigo.org\/blog3\/?attachment_id=8169#main\" class=\"wp-image-8169\" srcset=\"https:\/\/www.diocesisciudadrodrigo.org\/blog3\/wp-content\/uploads\/2019\/05\/curso2011_2012-545x800.png 545w, https:\/\/www.diocesisciudadrodrigo.org\/blog3\/wp-content\/uploads\/2019\/05\/curso2011_2012-204x300.png 204w, https:\/\/www.diocesisciudadrodrigo.org\/blog3\/wp-content\/uploads\/2019\/05\/curso2011_2012-768x1128.png 768w, https:\/\/www.diocesisciudadrodrigo.org\/blog3\/wp-content\/uploads\/2019\/05\/curso2011_2012.png 1430w\" sizes=\"(max-width: 545px) 100vw, 545px\" \/><\/figure><\/li><\/ul>\n","protected":false},"excerpt":{"rendered":"<p>Las Unidades Parroquiales: objetivo del Curso Pastoral Ser\u00e1 inaugurado el s\u00e1bado 24 de septiembre El Curso Pastoral 2011\/12 ser\u00e1 inaugurado con una Eucarist\u00eda en la S. I. Catedral el pr\u00f3ximo s\u00e1bado 24 de septiembre a las 7,30 de la tarde. A la celebraci\u00f3n, presidida por el Sr. Obispo, est\u00e1n invitados los delegados diocesanos, arciprestes, catequistas, &#8230; <a title=\"Curso Pastoral 2011-2012\" class=\"read-more\" href=\"https:\/\/www.diocesisciudadrodrigo.org\/blog3\/curso-pastoral-2011-2012\/\" aria-label=\"M\u00e1s en Curso Pastoral 2011-2012\">Leer m\u00e1s<\/a><\/p>\n","protected":false},"author":1,"featured_media":0,"comment_status":"closed","ping_status":"closed","sticky":false,"template":"","format":"standard","meta":[],"categories":[3],"tags":[],"_links":{"self":[{"href":"https:\/\/www.diocesisciudadrodrigo.org\/blog3\/wp-json\/wp\/v2\/posts\/8167"}],"collection":[{"href":"https:\/\/www.diocesisciudadrodrigo.org\/blog3\/wp-json\/wp\/v2\/posts"}],"about":[{"href":"https:\/\/www.diocesisciudadrodrigo.org\/blog3\/wp-json\/wp\/v2\/types\/post"}],"author":[{"embeddable":true,"href":"https:\/\/www.diocesisciudadrodrigo.org\/blog3\/wp-json\/wp\/v2\/users\/1"}],"replies":[{"embeddable":true,"href":"https:\/\/www.diocesisciudadrodrigo.org\/blog3\/wp-json\/wp\/v2\/comments?post=8167"}],"version-history":[{"count":1,"href":"https:\/\/www.diocesisciudadrodrigo.org\/blog3\/wp-json\/wp\/v2\/posts\/8167\/revisions"}],"predecessor-version":[{"id":8170,"href":"https:\/\/www.diocesisciudadrodrigo.org\/blog3\/wp-json\/wp\/v2\/posts\/8167\/revisions\/8170"}],"wp:attachment":[{"href":"https:\/\/www.diocesisciudadrodrigo.org\/blog3\/wp-json\/wp\/v2\/media?parent=8167"}],"wp:term":[{"taxonomy":"category","embeddable":true,"href":"https:\/\/www.diocesisciudadrodrigo.org\/blog3\/wp-json\/wp\/v2\/categories?post=8167"},{"taxonomy":"post_tag","embeddable":true,"href":"https:\/\/www.diocesisciudadrodrigo.org\/blog3\/wp-json\/wp\/v2\/tags?post=8167"}],"curies":[{"name":"wp","href":"https:\/\/api.w.org\/{rel}","templated":true}]}}