{"id":8155,"date":"2011-11-12T14:16:19","date_gmt":"2011-11-12T13:16:19","guid":{"rendered":"http:\/\/www.diocesisciudadrodrigo.org\/blog3\/?p=8155"},"modified":"2019-05-18T14:28:57","modified_gmt":"2019-05-18T13:28:57","slug":"mensaje-del-papa","status":"publish","type":"post","link":"https:\/\/www.diocesisciudadrodrigo.org\/blog3\/mensaje-del-papa\/","title":{"rendered":"Mensaje del Papa"},"content":{"rendered":"\n<h2>SU SANTIDAD BENEDICTO XVI <\/h2>\n\n\n\n<p>Saluda con todo afecto al Excmo. y Rvdmo. Mons. Ra\u00fal Berzosa, al Clero a los religiosos, religiosas y fieles cristianos de la Di\u00f3cesis de Ciudad Rodrigo, con ocasi\u00f3n del 850 Centenario de la Fundaci\u00f3n de esa Iglesia particular y se une a su acci\u00f3n de gracias al Se\u00f1or por tantos dones de gracia y santidad recibidos de su infinita bondad en su dilatada historia. <\/p>\n\n\n\n<p>En tan feliz ocasi\u00f3n, el Sumo Pont\u00edfice les alienta a crecer en la fe, la esperanza y la caridad como miembros vivos de Cristo, fortalecidos por la oraci\u00f3n constante, iluminados por la divina Palabra, acompa\u00f1ados por la gracia de los Santos Sacramentos y deseosos de construir, con esp\u00edritu de servicio, una sociedad cada vez m\u00e1s fraterna arraigada en Jesucristo, para ser as\u00ed fiel reflejo de la Iglesia plantada por los Ap\u00f3stoles, en estrecha comuni\u00f3n con el Sucesor de Pedro. <\/p>\n\n\n\n<p>Con estos sentimientos, mientras invoca la protecci\u00f3n de la Sant\u00edsima Virgen Mar\u00eda, Madre de Dios y Madre nuestra, el Santo Padre les impaiie la implorada Bendici\u00f3n Apost\u00f3lica, prenda de copiosas gracias celestiales, la cual extiende, con particular afecto, a los miembros de esta querida Di\u00f3cesis que participan del misterio de la Cruz en la enfermedad, en la necesidad espiritual o material y en las diversas contradicciones de la vida, las cuales, aunque afligen, nunca apartan del amor de Cristo ( cf. Rom 8, 35).<\/p>\n\n\n\n<p>Madrid, 12 de noviembre de 2011 <\/p>\n\n\n\n<p>Mons. Renzo Fratini<br>\nNuncio Apost\u00f3lico<\/p>\n\n\n\n<ul class=\"wp-block-gallery columns-1 is-cropped\"><li class=\"blocks-gallery-item\"><figure><img loading=\"lazy\" width=\"540\" height=\"800\" src=\"http:\/\/www.diocesisciudadrodrigo.org\/blog3\/wp-content\/uploads\/2019\/05\/saludo_papa_850_cr-540x800.png\" alt=\"\" data-id=\"8156\" data-link=\"http:\/\/www.diocesisciudadrodrigo.org\/blog3\/?attachment_id=8156#main\" class=\"wp-image-8156\" srcset=\"https:\/\/www.diocesisciudadrodrigo.org\/blog3\/wp-content\/uploads\/2019\/05\/saludo_papa_850_cr-540x800.png 540w, https:\/\/www.diocesisciudadrodrigo.org\/blog3\/wp-content\/uploads\/2019\/05\/saludo_papa_850_cr-202x300.png 202w, https:\/\/www.diocesisciudadrodrigo.org\/blog3\/wp-content\/uploads\/2019\/05\/saludo_papa_850_cr-768x1138.png 768w, https:\/\/www.diocesisciudadrodrigo.org\/blog3\/wp-content\/uploads\/2019\/05\/saludo_papa_850_cr.png 1273w\" sizes=\"(max-width: 540px) 100vw, 540px\" \/><\/figure><\/li><\/ul>\n","protected":false},"excerpt":{"rendered":"<p>SU SANTIDAD BENEDICTO XVI Saluda con todo afecto al Excmo. y Rvdmo. Mons. Ra\u00fal Berzosa, al Clero a los religiosos, religiosas y fieles cristianos de la Di\u00f3cesis de Ciudad Rodrigo, con ocasi\u00f3n del 850 Centenario de la Fundaci\u00f3n de esa Iglesia particular y se une a su acci\u00f3n de gracias al Se\u00f1or por tantos dones &#8230; <a title=\"Mensaje del Papa\" class=\"read-more\" href=\"https:\/\/www.diocesisciudadrodrigo.org\/blog3\/mensaje-del-papa\/\" aria-label=\"M\u00e1s en Mensaje del Papa\">Leer m\u00e1s<\/a><\/p>\n","protected":false},"author":1,"featured_media":0,"comment_status":"closed","ping_status":"closed","sticky":false,"template":"","format":"standard","meta":[],"categories":[3],"tags":[],"_links":{"self":[{"href":"https:\/\/www.diocesisciudadrodrigo.org\/blog3\/wp-json\/wp\/v2\/posts\/8155"}],"collection":[{"href":"https:\/\/www.diocesisciudadrodrigo.org\/blog3\/wp-json\/wp\/v2\/posts"}],"about":[{"href":"https:\/\/www.diocesisciudadrodrigo.org\/blog3\/wp-json\/wp\/v2\/types\/post"}],"author":[{"embeddable":true,"href":"https:\/\/www.diocesisciudadrodrigo.org\/blog3\/wp-json\/wp\/v2\/users\/1"}],"replies":[{"embeddable":true,"href":"https:\/\/www.diocesisciudadrodrigo.org\/blog3\/wp-json\/wp\/v2\/comments?post=8155"}],"version-history":[{"count":1,"href":"https:\/\/www.diocesisciudadrodrigo.org\/blog3\/wp-json\/wp\/v2\/posts\/8155\/revisions"}],"predecessor-version":[{"id":8157,"href":"https:\/\/www.diocesisciudadrodrigo.org\/blog3\/wp-json\/wp\/v2\/posts\/8155\/revisions\/8157"}],"wp:attachment":[{"href":"https:\/\/www.diocesisciudadrodrigo.org\/blog3\/wp-json\/wp\/v2\/media?parent=8155"}],"wp:term":[{"taxonomy":"category","embeddable":true,"href":"https:\/\/www.diocesisciudadrodrigo.org\/blog3\/wp-json\/wp\/v2\/categories?post=8155"},{"taxonomy":"post_tag","embeddable":true,"href":"https:\/\/www.diocesisciudadrodrigo.org\/blog3\/wp-json\/wp\/v2\/tags?post=8155"}],"curies":[{"name":"wp","href":"https:\/\/api.w.org\/{rel}","templated":true}]}}