{"id":6765,"date":"2018-02-19T19:35:45","date_gmt":"2018-02-19T18:35:45","guid":{"rendered":"http:\/\/www.diocesisciudadrodrigo.org\/blog3\/?p=6765"},"modified":"2018-02-19T19:35:45","modified_gmt":"2018-02-19T18:35:45","slug":"el-acompanamiento-en-la-familia","status":"publish","type":"post","link":"https:\/\/www.diocesisciudadrodrigo.org\/blog3\/el-acompanamiento-en-la-familia\/","title":{"rendered":"El acompa\u00f1amiento en la familia"},"content":{"rendered":"<p><span style=\"font-size: 14pt; color: #3366ff;\"><strong>Contin\u00faa celebr\u00e1ndose el encuentro de Iglesia en Castilla en Villagarc\u00eda\u00a0<\/strong><\/span><\/p>\n<figure id=\"attachment_6766\" aria-describedby=\"caption-attachment-6766\" style=\"width: 290px\" class=\"wp-caption alignright\"><a href=\"http:\/\/www.diocesisciudadrodrigo.org\/blog3\/wp-content\/uploads\/2018\/02\/2018-02-19-PHOTO-00001629.jpg\"><img loading=\"lazy\" class=\"size-medium wp-image-6766\" src=\"http:\/\/www.diocesisciudadrodrigo.org\/blog3\/wp-content\/uploads\/2018\/02\/2018-02-19-PHOTO-00001629-300x225.jpg\" alt=\"\" width=\"300\" height=\"225\" srcset=\"https:\/\/www.diocesisciudadrodrigo.org\/blog3\/wp-content\/uploads\/2018\/02\/2018-02-19-PHOTO-00001629-300x225.jpg 300w, https:\/\/www.diocesisciudadrodrigo.org\/blog3\/wp-content\/uploads\/2018\/02\/2018-02-19-PHOTO-00001629-768x576.jpg 768w, https:\/\/www.diocesisciudadrodrigo.org\/blog3\/wp-content\/uploads\/2018\/02\/2018-02-19-PHOTO-00001629-800x600.jpg 800w, https:\/\/www.diocesisciudadrodrigo.org\/blog3\/wp-content\/uploads\/2018\/02\/2018-02-19-PHOTO-00001629.jpg 1600w\" sizes=\"(max-width: 300px) 100vw, 300px\" \/><\/a><figcaption id=\"caption-attachment-6766\" class=\"wp-caption-text\">Foto de familia de los participantes, entre los que se encuentran los representantes de la di\u00f3cesis civitatense.<\/figcaption><\/figure>\n<p>El impulso de los dos S\u00ednodos sobre la familia y la Exhortaci\u00f3n apost\u00f3lica postsinodal Amoris laetitia sigue vivo en la acci\u00f3n pastoral de la Iglesia, por eso, despu\u00e9s del trabajo del a\u00f1o pasado, centrado en el camino hacia el matrimonio,\u00a0en el encuentro de obispos, vicarios y arciprestes que se est\u00e1 celebrando en Villagarc\u00eda de Campos, se reflexiona\u00a0sobre el acompa\u00f1amiento a matrimonios y familias en sus diversas situaciones. El acompa\u00f1amiento es un tema transversal y punto significativo del giro que pide la conversi\u00f3n pastoral. \u00abReflexionar sobre nuestra forma de acompa\u00f1ar a familias nos ayudar\u00e1 en el acompa\u00f1amiento a cada uno de sus miembros especialmente a los j\u00f3venes en este a\u00f1o sinodal sobre los j\u00f3venes, la fe y el discernimiento.<\/p>\n<p>Entre otras cuestiones hoy se ha desarrollado la ponencia:&#8217; La belleza y la verdad del matrimonio&#8217;, un don sacramental que se derrama en una vasija de barro que precisa ser cuidado y acompa\u00f1ado. El matrimonio es un amor que se da. El dinamismo de la libertad y la gracia en la vida matrimonial. \u201cEl matrimonio no puede entenderse como algo acabado\u201d. Ha sido impartida por el matrimonio D. Antonio Crespo S\u00e1nchez y D\u00f1a. Celia Mar\u00eda Cuevas \u00c1lvarez. Coordinadores de Pastoral Familiar de la Vicar\u00eda VIII\u00aa-Noroeste de Madrid.<\/p>\n","protected":false},"excerpt":{"rendered":"<p>Contin\u00faa celebr\u00e1ndose el encuentro de Iglesia en Castilla en Villagarc\u00eda\u00a0 El impulso de los dos S\u00ednodos sobre la familia y la Exhortaci\u00f3n apost\u00f3lica postsinodal Amoris laetitia sigue vivo en la acci\u00f3n pastoral de la Iglesia, por eso, despu\u00e9s del trabajo del a\u00f1o pasado, centrado en el camino hacia el matrimonio,\u00a0en el encuentro de obispos, vicarios &#8230; <a title=\"El acompa\u00f1amiento en la familia\" class=\"read-more\" href=\"https:\/\/www.diocesisciudadrodrigo.org\/blog3\/el-acompanamiento-en-la-familia\/\" aria-label=\"M\u00e1s en El acompa\u00f1amiento en la familia\">Leer m\u00e1s<\/a><\/p>\n","protected":false},"author":4,"featured_media":0,"comment_status":"closed","ping_status":"closed","sticky":false,"template":"","format":"standard","meta":[],"categories":[3],"tags":[],"_links":{"self":[{"href":"https:\/\/www.diocesisciudadrodrigo.org\/blog3\/wp-json\/wp\/v2\/posts\/6765"}],"collection":[{"href":"https:\/\/www.diocesisciudadrodrigo.org\/blog3\/wp-json\/wp\/v2\/posts"}],"about":[{"href":"https:\/\/www.diocesisciudadrodrigo.org\/blog3\/wp-json\/wp\/v2\/types\/post"}],"author":[{"embeddable":true,"href":"https:\/\/www.diocesisciudadrodrigo.org\/blog3\/wp-json\/wp\/v2\/users\/4"}],"replies":[{"embeddable":true,"href":"https:\/\/www.diocesisciudadrodrigo.org\/blog3\/wp-json\/wp\/v2\/comments?post=6765"}],"version-history":[{"count":1,"href":"https:\/\/www.diocesisciudadrodrigo.org\/blog3\/wp-json\/wp\/v2\/posts\/6765\/revisions"}],"predecessor-version":[{"id":6767,"href":"https:\/\/www.diocesisciudadrodrigo.org\/blog3\/wp-json\/wp\/v2\/posts\/6765\/revisions\/6767"}],"wp:attachment":[{"href":"https:\/\/www.diocesisciudadrodrigo.org\/blog3\/wp-json\/wp\/v2\/media?parent=6765"}],"wp:term":[{"taxonomy":"category","embeddable":true,"href":"https:\/\/www.diocesisciudadrodrigo.org\/blog3\/wp-json\/wp\/v2\/categories?post=6765"},{"taxonomy":"post_tag","embeddable":true,"href":"https:\/\/www.diocesisciudadrodrigo.org\/blog3\/wp-json\/wp\/v2\/tags?post=6765"}],"curies":[{"name":"wp","href":"https:\/\/api.w.org\/{rel}","templated":true}]}}