{"id":6760,"date":"2018-02-18T22:39:05","date_gmt":"2018-02-18T21:39:05","guid":{"rendered":"http:\/\/www.diocesisciudadrodrigo.org\/blog3\/?p=6760"},"modified":"2018-02-18T22:40:15","modified_gmt":"2018-02-18T21:40:15","slug":"villagarcia-2018-iglesia-en-castilla","status":"publish","type":"post","link":"https:\/\/www.diocesisciudadrodrigo.org\/blog3\/villagarcia-2018-iglesia-en-castilla\/","title":{"rendered":"Villagarc\u00eda 2018. Iglesia en Castilla"},"content":{"rendered":"<p><span style=\"color: #3366ff; font-size: 14pt;\"><strong>REFORZAR LA COMUNI\u00d3N PARA LA MISI\u00d3N <em>(\u201c\u00a1QUE NO SE ENFR\u00edE EL CORAZ\u00d3N!\u201d)<\/em><\/strong><\/span><\/p>\n<p><span style=\"color: #3366ff;\"><strong>(Comentario en la V\u00edsperas del Domingo I de Cuaresma, en el encuentro de Obispos, Vicarios y Arciprestes, 18-2-2018)<\/strong><\/span><\/p>\n<figure id=\"attachment_6761\" aria-describedby=\"caption-attachment-6761\" style=\"width: 290px\" class=\"wp-caption alignleft\"><a href=\"http:\/\/www.diocesisciudadrodrigo.org\/blog3\/wp-content\/uploads\/2018\/02\/2018-02-18-PHOTO-00000062-1.jpg\"><img loading=\"lazy\" class=\"size-medium wp-image-6761\" src=\"http:\/\/www.diocesisciudadrodrigo.org\/blog3\/wp-content\/uploads\/2018\/02\/2018-02-18-PHOTO-00000062-1-300x225.jpg\" alt=\"\" width=\"300\" height=\"225\" srcset=\"https:\/\/www.diocesisciudadrodrigo.org\/blog3\/wp-content\/uploads\/2018\/02\/2018-02-18-PHOTO-00000062-1-300x225.jpg 300w, https:\/\/www.diocesisciudadrodrigo.org\/blog3\/wp-content\/uploads\/2018\/02\/2018-02-18-PHOTO-00000062-1-768x576.jpg 768w, https:\/\/www.diocesisciudadrodrigo.org\/blog3\/wp-content\/uploads\/2018\/02\/2018-02-18-PHOTO-00000062-1-800x600.jpg 800w, https:\/\/www.diocesisciudadrodrigo.org\/blog3\/wp-content\/uploads\/2018\/02\/2018-02-18-PHOTO-00000062-1.jpg 1600w\" sizes=\"(max-width: 300px) 100vw, 300px\" \/><\/a><figcaption id=\"caption-attachment-6761\" class=\"wp-caption-text\">El obispo junto a algunos de los participantes de la di\u00f3cesis en el encuentro que ha comenzado hoy.<\/figcaption><\/figure>\n<p>Entramos en un nuevo Encuentro de Villagarc\u00eda, el n. 37. Como es habitual, en tiempo de Cuaresma. Este a\u00f1o con un mensaje muy atractivo<em>: \u201cAl crecer la maldad, se enfriar\u00e1 el amor en la mayor\u00eda\u201d<\/em> (Mt 24,12). Es una frase pronunciada por Jes\u00fas, en el Monte de los Olivos, respondiendo a una pregunta de sus disc\u00edpulos: <em>\u201c\u00bfCu\u00e1l ser\u00e1 la se\u00f1al de tu venida al final de los tiempos?\u201d\u2026<\/em> Avisa de la situaci\u00f3n de la comunidad frente a acontecimientos dolorosos y a falsos profetas.<\/p>\n<p><em>\u00bfQu\u00e9 rostros asumen los falsos profetas de hoy?.<\/em>.. \u2013 Algunos son como \u201cencantadores de serpientes\u201d que esclavizan a las personas, aprovech\u00e1ndose de sus emociones. Otros falsos profetas son \u201clos charlatanes\u201d que ofrecen soluciones sencillas e inmediatas a los sufrimientos o remedios, y que resultan completamente in\u00fatiles; por ejemplo, la droga a los j\u00f3venes, unas relaciones <em>\u201cde usar y tirar\u201d,<\/em> o ganancias f\u00e1ciles deshonestas. Otros falsos profetas no s\u00f3lo ofrecen cosas sin valor sino que nos quitan lo m\u00e1s valioso: la dignidad, la libertad o la capacidad para amar. \u00a1Cada uno tenemos que discernir y examinar nuestro coraz\u00f3n para descubrir las amenazas e influjos de los falsos profetas! No podemos tener un <em>coraz\u00f3n fr\u00edo y apagado. \u00bfQu\u00e9 se\u00f1ales nos indican que el amor del coraz\u00f3n se est\u00e1 apagando?&#8230;<\/em> \u2013 Ante todo, la avidez por el dinero, <em>\u201cra\u00edz de todos los males\u201d<\/em> (1 Tim 6,10); a \u00e9sta, le sigue el rechazo de Dios, prefiriendo quedarnos en nuestra desolaci\u00f3n antes que sentirnos confortados por su Palabra y los Sacramentos.<\/p>\n<p><em>\u00bfQu\u00e9 podemos hacer en la Cuaresma?&#8230;- <\/em>Recobrar el dulce remedio de la oraci\u00f3n, la limosna y el ayuno. Por <em>la oraci\u00f3n<\/em>, descubrimos en el coraz\u00f3n las mentiras que nos enga\u00f1an y buscamos el consuelo de Dios y de su Vida. Por <em>la limosna<\/em>, nos liberamos de la avidez, redescubrimos al hermano necesitado, y experimentamos una certeza: <em>\u201cque lo m\u00edo nunca es s\u00f3lo m\u00edo\u201d<\/em>. \u00a1La limosna, como se lee en <em>Los Hechos,<\/em> debe ser un aut\u00e9ntico estilo de vida! \u00a1Dar limosna es colaborar con la Providencia de Dios para con sus hijos, con la certeza de que \u00c9l tambi\u00e9n me ayudar\u00e1, porque nadie gana a Dios en generosidad! <em>El ayuno,<\/em> debilita nuestra violencia y nos desarma, nos ayuda a crecer, a experimentar el hambre y sed Dios, y nos permite sufrir lo que los hambrientos sufren\u2026<em> \u00a1La Pascua es fuego nuevo para calentar el coraz\u00f3n en el coraz\u00f3n de Dios que nunca se apaga!<\/em><\/p>\n<p>Y, todo lo anterior, \u00bfqu\u00e9 tiene que ver con nuestro encuentro de Villagarc\u00eda?&#8230; Me quedo con el slogan propuesto por el Papa Francisco: <em>\u201c\u00a1Que no se enfr\u00ede el coraz\u00f3n!\u201d\u2026<\/em> A\u00f1ado: <em>\u201cNi el coraz\u00f3n personal, ni el comunitario!\u201d.<\/em> \u00bfPara qu\u00e9?&#8230; Para redescubrir, en profundidad lo que es Villagarc\u00eda, para nuestras personas, nuestros ministerio y nuestras Di\u00f3cesis: 1.- Villagarc\u00eda es <em>Esp\u00edritu Santo y \u201cpasi\u00f3n de esp\u00edritu\u201d, que hace posible la\u00a0 comuni\u00f3n evangelizadora y misionera\u2026.<\/em><\/p>\n<p>2.- Villagarc\u00eda es <em>\u201caliento (esp\u00edritu) de comuni\u00f3n para la misi\u00f3n\u201d. <\/em>No es una superestructura eclesial, por encima, al margen o condicionando negativamente las Di\u00f3cesis; sino potenci\u00e1ndolas y ayud\u00e1ndolas.<\/p>\n<p>3.- Es <em>escuela <\/em>(donde todos aprendemos de todos), <em>hogar<\/em> (donde nos sentimos a gusto), <em>taller<\/em> (donde proyectamos y experimentamos estrategias evangelizadoras), y <em>p\u00f3rtico <\/em>(para hacer realidad el atrio de los gentiles y el di\u00e1logo con los alejados).<\/p>\n<p>4.- Es expresi\u00f3n de <em>comuni\u00f3n-sinodalidad<\/em> (todos corresponsables), de <em>espiritualidad apost\u00f3lica <\/em>(cen\u00e1culo donde fraguan y se consolidan las fraternidades sacerdotales y los\u00a0 equipos apost\u00f3licos), y de <em>permanente conversi\u00f3n pastoral <\/em>(reconversi\u00f3n de estructuras), al hilo de la lectura creyente de los nuevos signos de los tiempos.<\/p>\n<p>5.- Es espacio de libertad \u201cvertical y horizontal\u201d:<em> altura<\/em> (el Se\u00f1or), <em>hondura <\/em>(eclesialidad), <em>anchura<\/em> (los hermanos), <em>largura <\/em>(la catolicidad).<\/p>\n<p>6.- Es <em>Betania,<\/em> donde descansamos con el Maestro y con los hermanos, para fortalecernos en la misi\u00f3n. Y donde la Palabra y las Celebraciones resuenan de otra manera (con <em>\u201creposo y en alcoba\u201d).<\/em><\/p>\n<p>7.- Es <em>hospital de campa\u00f1a<\/em>, para curar a los m\u00e1s heridos, cansados y desanimados.<\/p>\n<p>8.- Es necesaria <em>plataforma de encuentro<\/em> entre los agentes de pastoral cualificados (Obispos-Vicarios-Arciprestes-Delegados-responsables de dinamismos\u2026).<\/p>\n<p>9.- Es <em>referente necesario<\/em> para caminar en las dos orillas: la <em>cultura<\/em> (hoy como \u201ctierra de misi\u00f3n\u201d) y el <em>samaritarismo (<\/em>respuesta a las pobrezas cl\u00e1sicas y a las nuevas pobrezas).<\/p>\n<p>10.- Es <em>laboratorio privilegiado <\/em>para comprender, amar, y gastar la vida por este Pueblo y en esta Tierra; y para discernir, en comuni\u00f3n, sus urgencias y necesidades socio-eclesiales. En esta ocasi\u00f3n, sobre <em>\u201cEl acompa\u00f1amiento en la familia\u201d\u2026<\/em><\/p>\n<p>Pedimos al Esp\u00edritu Santo el poder y saber vivir este encuentro con gran intensidad y entrega como si fuera el primero, el \u00fanico, o el \u00faltimo.<\/p>\n<p>+ Cecilio Ra\u00fal, Obispo de Ciudad Rodrigo<\/p>\n","protected":false},"excerpt":{"rendered":"<p>REFORZAR LA COMUNI\u00d3N PARA LA MISI\u00d3N (\u201c\u00a1QUE NO SE ENFR\u00edE EL CORAZ\u00d3N!\u201d) (Comentario en la V\u00edsperas del Domingo I de Cuaresma, en el encuentro de Obispos, Vicarios y Arciprestes, 18-2-2018) Entramos en un nuevo Encuentro de Villagarc\u00eda, el n. 37. Como es habitual, en tiempo de Cuaresma. Este a\u00f1o con un mensaje muy atractivo: \u201cAl &#8230; <a title=\"Villagarc\u00eda 2018. Iglesia en Castilla\" class=\"read-more\" href=\"https:\/\/www.diocesisciudadrodrigo.org\/blog3\/villagarcia-2018-iglesia-en-castilla\/\" aria-label=\"M\u00e1s en Villagarc\u00eda 2018. Iglesia en Castilla\">Leer m\u00e1s<\/a><\/p>\n","protected":false},"author":4,"featured_media":0,"comment_status":"closed","ping_status":"closed","sticky":false,"template":"","format":"standard","meta":[],"categories":[3],"tags":[],"_links":{"self":[{"href":"https:\/\/www.diocesisciudadrodrigo.org\/blog3\/wp-json\/wp\/v2\/posts\/6760"}],"collection":[{"href":"https:\/\/www.diocesisciudadrodrigo.org\/blog3\/wp-json\/wp\/v2\/posts"}],"about":[{"href":"https:\/\/www.diocesisciudadrodrigo.org\/blog3\/wp-json\/wp\/v2\/types\/post"}],"author":[{"embeddable":true,"href":"https:\/\/www.diocesisciudadrodrigo.org\/blog3\/wp-json\/wp\/v2\/users\/4"}],"replies":[{"embeddable":true,"href":"https:\/\/www.diocesisciudadrodrigo.org\/blog3\/wp-json\/wp\/v2\/comments?post=6760"}],"version-history":[{"count":2,"href":"https:\/\/www.diocesisciudadrodrigo.org\/blog3\/wp-json\/wp\/v2\/posts\/6760\/revisions"}],"predecessor-version":[{"id":6763,"href":"https:\/\/www.diocesisciudadrodrigo.org\/blog3\/wp-json\/wp\/v2\/posts\/6760\/revisions\/6763"}],"wp:attachment":[{"href":"https:\/\/www.diocesisciudadrodrigo.org\/blog3\/wp-json\/wp\/v2\/media?parent=6760"}],"wp:term":[{"taxonomy":"category","embeddable":true,"href":"https:\/\/www.diocesisciudadrodrigo.org\/blog3\/wp-json\/wp\/v2\/categories?post=6760"},{"taxonomy":"post_tag","embeddable":true,"href":"https:\/\/www.diocesisciudadrodrigo.org\/blog3\/wp-json\/wp\/v2\/tags?post=6760"}],"curies":[{"name":"wp","href":"https:\/\/api.w.org\/{rel}","templated":true}]}}