{"id":6756,"date":"2018-02-14T17:25:04","date_gmt":"2018-02-14T16:25:04","guid":{"rendered":"http:\/\/www.diocesisciudadrodrigo.org\/blog3\/?p=6756"},"modified":"2018-02-14T17:25:04","modified_gmt":"2018-02-14T16:25:04","slug":"carta-del-obispo-10","status":"publish","type":"post","link":"https:\/\/www.diocesisciudadrodrigo.org\/blog3\/carta-del-obispo-10\/","title":{"rendered":"Carta del Obispo"},"content":{"rendered":"<p><strong><span style=\"font-size: 14pt; color: #3366ff;\">\u00a1QUE NO SE ENFR\u00edE EL CORAZON!\u00a0<\/span><\/strong><\/p>\n<figure id=\"attachment_6757\" aria-describedby=\"caption-attachment-6757\" style=\"width: 290px\" class=\"wp-caption alignleft\"><a href=\"http:\/\/www.diocesisciudadrodrigo.org\/blog3\/wp-content\/uploads\/2018\/02\/2018-02-14-PHOTO-00001192-1.jpg\"><img loading=\"lazy\" class=\"size-medium wp-image-6757\" src=\"http:\/\/www.diocesisciudadrodrigo.org\/blog3\/wp-content\/uploads\/2018\/02\/2018-02-14-PHOTO-00001192-1-300x200.jpg\" alt=\"\" width=\"300\" height=\"200\" srcset=\"https:\/\/www.diocesisciudadrodrigo.org\/blog3\/wp-content\/uploads\/2018\/02\/2018-02-14-PHOTO-00001192-1-300x200.jpg 300w, https:\/\/www.diocesisciudadrodrigo.org\/blog3\/wp-content\/uploads\/2018\/02\/2018-02-14-PHOTO-00001192-1-768x512.jpg 768w, https:\/\/www.diocesisciudadrodrigo.org\/blog3\/wp-content\/uploads\/2018\/02\/2018-02-14-PHOTO-00001192-1-800x534.jpg 800w, https:\/\/www.diocesisciudadrodrigo.org\/blog3\/wp-content\/uploads\/2018\/02\/2018-02-14-PHOTO-00001192-1.jpg 1280w\" sizes=\"(max-width: 300px) 100vw, 300px\" \/><\/a><figcaption id=\"caption-attachment-6757\" class=\"wp-caption-text\">El obispo impone la ceniza en la catedral.<\/figcaption><\/figure>\n<p>Entramos en la Cuaresma. Este a\u00f1o con un mensaje muy atractivo<em>: \u201cAl crecer la maldad, se enfriar\u00e1 el amor en la mayor\u00eda\u201d<\/em> (Mt 24,12)<\/p>\n<p>Es una frase pronunciada por Jes\u00fas, en el Monte de los Olivos, respondiendo a una pregunta de sus disc\u00edpulos: <em>\u201c\u00bfCu\u00e1l ser\u00e1 la se\u00f1al de tu venida al final de los tiempos?\u201d\u2026<\/em> Avisa de la situaci\u00f3n de la comunidad frente a acontecimientos dolorosos y a falsos profetas.<\/p>\n<p><em>\u00bfQu\u00e9 rostros asumen los falsos profetas de hoy?.<\/em>.. \u2013 Algunos son como \u201cencantadores de serpientes\u201d que esclavizan a las personas, aprovech\u00e1ndose de sus emociones. Otros falsos profetas son \u201clos charlatanes\u201d que ofrecen soluciones sencillas e inmediatas a los sufrimientos o remedios, y que resultan completamente in\u00fatiles; por ejemplo, la droga a los j\u00f3venes, unas relaciones <em>\u201cde usar y tirar\u201d,<\/em> o ganancias f\u00e1ciles deshonestas. Otros falsos profetas no s\u00f3lo ofrecen cosas sin valor sino que nos quitan lo m\u00e1s valioso: la dignidad, la libertad o la capacidad para amar. \u00a1Cada uno tenemos que discernir y examinar nuestro coraz\u00f3n para ver si estamos amenazados por los falsos profetas!<\/p>\n<p>No podemos tener un <em>coraz\u00f3n fr\u00edo y apagado. \u00bfQu\u00e9 se\u00f1ales nos indican que el amor del coraz\u00f3n se est\u00e1 apagando?&#8230;<\/em> \u2013 Ante todo, la avidez por el dinero, <em>\u201cra\u00edz de todos los males\u201d<\/em> (1 Tim 6,10); a \u00e9sta, le sigue el rechazo de Dios, prefiriendo quedarnos en nuestra desolaci\u00f3n antes que sentirnos confortados por su Palabra y los Sacramentos.<\/p>\n<p><em>\u00bfQu\u00e9 podemos hacer en la Cuaresma?&#8230;- <\/em>Recobrar el dulce remedio de la oraci\u00f3n, la limosna y el ayuno.<\/p>\n<p>Por <em>la oraci\u00f3n<\/em>, descubrimos en el coraz\u00f3n las mentiras que nos enga\u00f1an y buscamos el consuelo de Dios y de su Vida.<\/p>\n<p>Por <em>la limosna<\/em>, nos liberamos de la avidez, redescubrimos al hermano necesitado, y experimentamos una certeza: <em>\u201cque lo m\u00edo nunca es s\u00f3lo m\u00edo\u201d<\/em>. \u00a1La limosna, como se lee en <em>Los Hechos,<\/em> debe ser un aut\u00e9ntico estilo de vida! \u00a1Dar limosna es colaborar con la Providencia de Dios para con sus hijos, con la certeza de que \u00c9l tambi\u00e9n me ayudar\u00e1, porque nadie gana a Dios en generosidad!<\/p>\n<p><em>El ayuno,<\/em> debilita nuestra violencia y nos desarma, nos ayuda a crecer, a experimentar el hambre y sed Dios, y nos permite sufrir lo que los hambrientos sufren\u2026<em> \u00a1La Pascua es fuego nuevo para calentar el coraz\u00f3n en el coraz\u00f3n de Dios que nunca se apaga!<\/em><\/p>\n<p>En esta Cuaresma apoyaremos una iniciativa del Papa Francisco: Entre el viernes 9 y s\u00e1bado 10 de marzo, celebraremos \u201c24 horas para el Se\u00f1or\u201d. En Ciudad Rodrigo, permanecer\u00e1 abierto el templo de la Residencia de San Jos\u00e9 24 horas, para la adoraci\u00f3n y la confesi\u00f3n sacramental. Y para rezar al Due\u00f1o de la Mies que nos conceda nuevas y santas vocaciones sacerdotales, consagradas y de laicos comprometidos.<\/p>\n<p>+ Cecilio Ra\u00fal, Obispo de Ciudad Rod<\/p>\n","protected":false},"excerpt":{"rendered":"<p>\u00a1QUE NO SE ENFR\u00edE EL CORAZON!\u00a0 Entramos en la Cuaresma. Este a\u00f1o con un mensaje muy atractivo: \u201cAl crecer la maldad, se enfriar\u00e1 el amor en la mayor\u00eda\u201d (Mt 24,12) Es una frase pronunciada por Jes\u00fas, en el Monte de los Olivos, respondiendo a una pregunta de sus disc\u00edpulos: \u201c\u00bfCu\u00e1l ser\u00e1 la se\u00f1al de tu &#8230; <a title=\"Carta del Obispo\" class=\"read-more\" href=\"https:\/\/www.diocesisciudadrodrigo.org\/blog3\/carta-del-obispo-10\/\" aria-label=\"M\u00e1s en Carta del Obispo\">Leer m\u00e1s<\/a><\/p>\n","protected":false},"author":4,"featured_media":0,"comment_status":"closed","ping_status":"closed","sticky":false,"template":"","format":"standard","meta":[],"categories":[62],"tags":[],"_links":{"self":[{"href":"https:\/\/www.diocesisciudadrodrigo.org\/blog3\/wp-json\/wp\/v2\/posts\/6756"}],"collection":[{"href":"https:\/\/www.diocesisciudadrodrigo.org\/blog3\/wp-json\/wp\/v2\/posts"}],"about":[{"href":"https:\/\/www.diocesisciudadrodrigo.org\/blog3\/wp-json\/wp\/v2\/types\/post"}],"author":[{"embeddable":true,"href":"https:\/\/www.diocesisciudadrodrigo.org\/blog3\/wp-json\/wp\/v2\/users\/4"}],"replies":[{"embeddable":true,"href":"https:\/\/www.diocesisciudadrodrigo.org\/blog3\/wp-json\/wp\/v2\/comments?post=6756"}],"version-history":[{"count":1,"href":"https:\/\/www.diocesisciudadrodrigo.org\/blog3\/wp-json\/wp\/v2\/posts\/6756\/revisions"}],"predecessor-version":[{"id":6758,"href":"https:\/\/www.diocesisciudadrodrigo.org\/blog3\/wp-json\/wp\/v2\/posts\/6756\/revisions\/6758"}],"wp:attachment":[{"href":"https:\/\/www.diocesisciudadrodrigo.org\/blog3\/wp-json\/wp\/v2\/media?parent=6756"}],"wp:term":[{"taxonomy":"category","embeddable":true,"href":"https:\/\/www.diocesisciudadrodrigo.org\/blog3\/wp-json\/wp\/v2\/categories?post=6756"},{"taxonomy":"post_tag","embeddable":true,"href":"https:\/\/www.diocesisciudadrodrigo.org\/blog3\/wp-json\/wp\/v2\/tags?post=6756"}],"curies":[{"name":"wp","href":"https:\/\/api.w.org\/{rel}","templated":true}]}}