{"id":6714,"date":"2018-01-31T17:53:05","date_gmt":"2018-01-31T16:53:05","guid":{"rendered":"http:\/\/www.diocesisciudadrodrigo.org\/blog3\/?p=6714"},"modified":"2018-01-31T17:53:05","modified_gmt":"2018-01-31T16:53:05","slug":"funeral-de-la-hna-dolores-acevedo-colegio-de-las-misioneras-de-la-providencia-salamanca","status":"publish","type":"post","link":"https:\/\/www.diocesisciudadrodrigo.org\/blog3\/funeral-de-la-hna-dolores-acevedo-colegio-de-las-misioneras-de-la-providencia-salamanca\/","title":{"rendered":"Funeral de la Hna. Dolores Acevedo (Colegio de las Misioneras de la Providencia, Salamanca)"},"content":{"rendered":"<p><span style=\"color: #3366ff; font-size: 14pt;\"><b>Ra\u00fal Berzosa: \u00abFue una mujer aut\u00e9ntica, de una gran vida espiritual; Dios era su centro, con una gran entrega a los dem\u00e1s, sobre todo a sus alumnos, escuchando, comprendiendo y tendiendo la mano siempre a quien lo necesitara\u00bb\u00a0<\/b><\/span><\/p>\n<p>Queridos hermanos sacerdotes, queridas Hermanas Religiosas Misioneras de la Providencia, queridos familiares de la Hna. Dolores, queridos todos, profesores, alumnos y padres:<\/p>\n<p>Justamente el Domingo pasado, en el Patio del Colegio de Ciudad Rodrigo, antes de emprender la marcha de la Santa Infancia, me comentaron que la Hna. Dolores hab\u00eda empeorado mucho en su salud. Rec\u00e9 en silencio por ella y me atrev\u00ed a decir esta oraci\u00f3n en mi interior: <em>\u201cNosotros hoy caminaremos hacia Ivanrey y ella, Se\u00f1or, muy pronto caminar\u00e1 a tu presencia. Ay\u00fadala y ac\u00f3gela como lo que siempre fue: sierva buena y fiel\u201d.<\/em><\/p>\n<p>\u00a1Qu\u00e9 suerte, la de la Hna. Dolores, a pesar de la cruz de los \u00faltimos a\u00f1os! Desde muy joven, supo elegir el tesoro m\u00e1s precioso y preciado de la Vida: al Se\u00f1or, como Esposo. Y se consagr\u00f3 a \u00c9l y, en \u00c9l, a los dem\u00e1s, especialmente con este carisma de la Ense\u00f1anza.<\/p>\n<p>Esta misma ma\u00f1ana, sus Hnas. de comunidad me enviaban una breve rese\u00f1a de la vida de Hna. Dolores, que deseo compartir con todos los presentes:<\/p>\n<p>La Hermana M\u00aa Dolores Acevedo Llopis naci\u00f3 en La Granja (C\u00e1ceres), el 18 de marzo de 1932. Muy peque\u00f1a se traslad\u00f3 con su familia a Salamanca donde permaneci\u00f3 toda su infancia y juventud.<\/p>\n<p>Realiz\u00f3 sus estudios en el Colegio de las Siervas de San Jos\u00e9 hasta comenzar la carrera de Magisterio en la Normal. Perteneci\u00f3 a la Acci\u00f3n Cat\u00f3lica femenina, y frecuentaba las reuniones de j\u00f3venes dirigidas por el\u00a0 Fundador de la Congregaci\u00f3n, Don Joaqu\u00edn Alonso, que era en aquellos momentos el consiliario de la Acci\u00f3n Cat\u00f3lica femenina.<\/p>\n<p>En estas reuniones comenz\u00f3 a sentir la llamada del Se\u00f1or y, dirigida por Don Joaqu\u00edn, hizo la opci\u00f3n m\u00e1s importante de su vida: entregarse a Dios por entero en la vida de especial comnsagraci\u00f3n.<!--more--><\/p>\n<p>Entr\u00f3 en la Congregaci\u00f3n de Misioneras de la Providencia, reci\u00e9n fundada, a los 21 a\u00f1os, en el a\u00f1o 1953. Fue su vida, como religiosa, muy\u00a0 fecunda, aportando su fortaleza espiritual, su gran capacidad intelectual y humana. Se la nombr\u00f3 \u00a0Superiora y Directora en Talavera de la Reina y Ciudad Rodrigo, formando parte varios a\u00f1os del Consejo General de la Congregaci\u00f3n.<\/p>\n<p>Como Misionera de la Providencia sirvi\u00f3 en Salamanca, Calzada de Calatrava (Ciudad Real), Ciudad Rodrigo (ella fue la que comenz\u00f3 con otras 2 hermanas esta fundaci\u00f3n), Talavera de la Reina (donde pas\u00f3 la mayor parte de su vida), Palencia, finalmente, de nuevo, Ciudad Rodrigo hasta sus \u00faltimos d\u00edas.<\/p>\n<p>\u00bfQu\u00e9 rasgos destacamos de la Hna. Dolores?&#8230; \u2013 Que fue una mujer aut\u00e9ntica, de una gran vida espiritual. Dios era su centro, con una gran entrega a los dem\u00e1s, sobre todo a sus alumnos, escuchando, comprendiendo y tendiendo la mano siempre a quien lo necesitara. Todos ellos la recuerdan como gran profesora de Matem\u00e1ticas, s\u00ed, pero sobre todo como gran persona.<\/p>\n<p>De una gran personalidad, de car\u00e1cter recio pero muy alegre, y con una chispa de humor siempre. Dios la ha probado en el crisol del dolor, al final, con una dura enfermedad. \u00a1Con qu\u00e9 paciencia, con qu\u00e9 esp\u00edritu de fe, con y qu\u00e9 donaci\u00f3n, la ha sabido llevar!<\/p>\n<p>Fiel hasta el final de sus d\u00edas; rezando hasta incluso cuando ya casi no pod\u00eda ni pronunciar palabras; mov\u00eda sus labios y se santiguaba lentamente, como si le dijera a Dios: <em>\u201cCuando T\u00fa quieras, estoy preparada y dispuesta a partir de este mundo para gozar ya contigo de la felicidad eterna\u201d.<\/em><\/p>\n<p>Hasta aqu\u00ed la bella rese\u00f1a de sus hermanas de Congregaci\u00f3n. No es casualidad, sino Providencia, que estemos celebrando esta Misa-Funeral, en la memoria de San Juan Bosco, educador por excelencia.<\/p>\n<p>Entre la Hna. Dolores y \u00e9l, me atrevo a hacer estas semejanzas: los dos eran simp\u00e1ticos, agudos, inteligentes, trabajadores y muy ma\u00f1osos en sus trabajos. Para la Hna. Dolores tambi\u00e9n sirven las mismas palabras que mam\u00e1 Margarita dijo a su hijo Juan: <em>\u201cNo deshonres nunca el h\u00e1bito que vistes\u2026 Est\u00e1s consagrado a Mar\u00eda, La Virgen. Amala y propaga siempre su devoci\u00f3n\u201d<\/em>\u2026 Igualmente, los dos grandes amores de San Juan Bosco como de la Hna. Dolores fueron la Eucarist\u00eda y los ni\u00f1os.<\/p>\n<p>Precisamente, en esta Eucarist\u00eda hemos escuchado la Palabra de Dios que nos ilumina en este evento. As\u00ed, en la Primera Lectura, del Segundo libro de Samuel, el rey y David reconoce que no ha hecho bien las cosas delante de Dios, que es pecador. Y pide que las responsabilidades recaigan sobre \u00e9l y no sobre las ovejas del Pueblo de Israel. Y, el Se\u00f1or, Clemente y Misericordioso, tiene compasi\u00f3n de David y de su familia, y le perdon\u00f3. Estamos rezando por la Hna. Dolores, para que necesitase de nuestra oraci\u00f3n, Dios se la aplique. De lo contrario, generosamente, repercutir\u00e1 en nuestro bien. Ella, mientras peregrinaba, se sinti\u00f3, como David, pecadora; y, como \u00e9l, quiso reparar el mal en ella misma, sin culpar o cargar contra los dem\u00e1s. En el Salmo 31 hemos repetido <em>\u201cPerdona Se\u00f1or mi culpa y mi pecado\u201d<\/em>. Es propio de un coraz\u00f3n humilde y santo asumir el mal propio y\u00a0 ajeno. David, San Juan Bosco y la Hna. Dolores, hicieron lo propio delante de Dios. Y el Se\u00f1or se lo recompens\u00f3.<\/p>\n<p>El Evangelio, tomado de San Marcos, presenta una de las dos caras que comporta muchas veces la Evangelizaci\u00f3n, y que puede tambi\u00e9n ser aplicado a San Juan Bosco y \u00a0a la Hna. Dolores: <em>\u201cNo desprecian a un profeta m\u00e1s que en su tierra, entre sus parientes y en su casa\u201d<\/em>. \u00a1Qu\u00e9 duda cabe que la vida en comunidad y la misi\u00f3n comportan sufrimientos! Pero, como repite el Papa Fracisco, <em>\u201cdonde no hay cruz no hay Evangelio ni amor por las ovejas\u201d.<\/em> Seguro que el Buen Maestro, Jesucristo, a la Hna. Dolores como a San Juan Bosco, los habr\u00e1 compensado generosamente\u2026<\/p>\n<p>Mis \u00faltimas palabras son para las misioneras de la Providencia: \u00a1Gracias hermanas por los exquisitos y delicados cuidados con los que hab\u00e9is atendido a la Hna. Dolores! Dios os pague lo que, humanamente, ni sabemos ni podemos hacer. Sab\u00e9is que no hemos perdido a la Hna. Dolores; al contrario, hemos ganado una intercesora. Rezad por ella, s\u00ed, pero, al mismo tiempo, encomendaros a ella. Velar\u00e1, desde el cielo, por los ni\u00f1os y j\u00f3venes que os han sido encomendados y, \u00a1c\u00f3mo no!, para que el Due\u00f1o de la Mies env\u00ede nuevas y santas vocaciones.<\/p>\n<p>Por mi parte, en mi nombre y en el de toda la Di\u00f3cesis <em>Civitatense,<\/em> mi agradecimiento m\u00e1s sincero a la Hna. Dolores y a todas vosotras, queridas Hermanas, por vuestra entrega y generosidad. \u00a1Estamos muy orgullosos de vosotras! \u00a1Sois todo un lujo en el campo educativo!<\/p>\n<p>Pedimos al Esp\u00edritu Santo, que en breve transformar\u00e1 el Pan y el Vino en el Cuerpo y en la Sangre del Se\u00f1or, que nunca os falte su Luz y su Fuerza, y su Gracia, para hacer, d\u00eda a d\u00eda, hombres y mujeres nuevos para una Sociedad y una Iglesia nueva. Que Santa Mar\u00eda de la Providencia y el Padre Joaqu\u00edn nos acompa\u00f1en siempre. As\u00ed sea.<\/p>\n<p>+ Cecilio Ra\u00fal Berzosa, Obispo de Ciudad Rodrigo<\/p>\n<p>&nbsp;<\/p>\n<p>&nbsp;<\/p>\n<p><strong>\u00a0<\/strong><\/p>\n","protected":false},"excerpt":{"rendered":"<p>Ra\u00fal Berzosa: \u00abFue una mujer aut\u00e9ntica, de una gran vida espiritual; Dios era su centro, con una gran entrega a los dem\u00e1s, sobre todo a sus alumnos, escuchando, comprendiendo y tendiendo la mano siempre a quien lo necesitara\u00bb\u00a0 Queridos hermanos sacerdotes, queridas Hermanas Religiosas Misioneras de la Providencia, queridos familiares de la Hna. Dolores, queridos &#8230; <a title=\"Funeral de la Hna. Dolores Acevedo (Colegio de las Misioneras de la Providencia, Salamanca)\" class=\"read-more\" href=\"https:\/\/www.diocesisciudadrodrigo.org\/blog3\/funeral-de-la-hna-dolores-acevedo-colegio-de-las-misioneras-de-la-providencia-salamanca\/\" aria-label=\"M\u00e1s en Funeral de la Hna. Dolores Acevedo (Colegio de las Misioneras de la Providencia, Salamanca)\">Leer m\u00e1s<\/a><\/p>\n","protected":false},"author":4,"featured_media":0,"comment_status":"closed","ping_status":"closed","sticky":false,"template":"","format":"standard","meta":[],"categories":[63],"tags":[],"_links":{"self":[{"href":"https:\/\/www.diocesisciudadrodrigo.org\/blog3\/wp-json\/wp\/v2\/posts\/6714"}],"collection":[{"href":"https:\/\/www.diocesisciudadrodrigo.org\/blog3\/wp-json\/wp\/v2\/posts"}],"about":[{"href":"https:\/\/www.diocesisciudadrodrigo.org\/blog3\/wp-json\/wp\/v2\/types\/post"}],"author":[{"embeddable":true,"href":"https:\/\/www.diocesisciudadrodrigo.org\/blog3\/wp-json\/wp\/v2\/users\/4"}],"replies":[{"embeddable":true,"href":"https:\/\/www.diocesisciudadrodrigo.org\/blog3\/wp-json\/wp\/v2\/comments?post=6714"}],"version-history":[{"count":1,"href":"https:\/\/www.diocesisciudadrodrigo.org\/blog3\/wp-json\/wp\/v2\/posts\/6714\/revisions"}],"predecessor-version":[{"id":6715,"href":"https:\/\/www.diocesisciudadrodrigo.org\/blog3\/wp-json\/wp\/v2\/posts\/6714\/revisions\/6715"}],"wp:attachment":[{"href":"https:\/\/www.diocesisciudadrodrigo.org\/blog3\/wp-json\/wp\/v2\/media?parent=6714"}],"wp:term":[{"taxonomy":"category","embeddable":true,"href":"https:\/\/www.diocesisciudadrodrigo.org\/blog3\/wp-json\/wp\/v2\/categories?post=6714"},{"taxonomy":"post_tag","embeddable":true,"href":"https:\/\/www.diocesisciudadrodrigo.org\/blog3\/wp-json\/wp\/v2\/tags?post=6714"}],"curies":[{"name":"wp","href":"https:\/\/api.w.org\/{rel}","templated":true}]}}