{"id":6683,"date":"2018-01-21T17:27:58","date_gmt":"2018-01-21T16:27:58","guid":{"rendered":"http:\/\/www.diocesisciudadrodrigo.org\/blog3\/?p=6683"},"modified":"2018-01-21T17:59:31","modified_gmt":"2018-01-21T16:59:31","slug":"el-salvador","status":"publish","type":"post","link":"https:\/\/www.diocesisciudadrodrigo.org\/blog3\/el-salvador\/","title":{"rendered":"El Salvador"},"content":{"rendered":"<p><span style=\"font-size: 14pt;\"><strong><span style=\"color: #3366ff;\">Entregados los diplomas del concurso de c\u00f3mic de Infancia Misionera<\/span><\/strong><\/span><\/p>\n<p>La parroquia de El Salvador de Ciudad Rodrigo ha acogido al entrega de diplomas del concurso de c\u00f3mic de Infancia Misionera. Medio centenera de ni\u00f1os de la di\u00f3cesis participaron en esta certamen que estaba dividido en varias categor\u00edas. La entrega se ha realizado en esta parroquia ya que la mayor\u00eda de ni\u00f1os participantes pertenec\u00edan a la misma.<\/p>\n<p>Por otra parte, la eucarist\u00eda del domingo ha estado presidida por el misionero Daniel Mateos, que desciende de Ciudad Rodrigo, y que ha contado parte de su trabajo en Angola.<\/p>\n<figure id=\"attachment_6688\" aria-describedby=\"caption-attachment-6688\" style=\"width: 290px\" class=\"wp-caption aligncenter\"><a href=\"http:\/\/www.diocesisciudadrodrigo.org\/blog3\/wp-content\/uploads\/2018\/01\/FullSizeRender-21.jpg\"><img loading=\"lazy\" class=\"size-medium wp-image-6688\" src=\"http:\/\/www.diocesisciudadrodrigo.org\/blog3\/wp-content\/uploads\/2018\/01\/FullSizeRender-21-300x294.jpg\" alt=\"\" width=\"300\" height=\"294\" srcset=\"https:\/\/www.diocesisciudadrodrigo.org\/blog3\/wp-content\/uploads\/2018\/01\/FullSizeRender-21-300x294.jpg 300w, https:\/\/www.diocesisciudadrodrigo.org\/blog3\/wp-content\/uploads\/2018\/01\/FullSizeRender-21-45x45.jpg 45w, https:\/\/www.diocesisciudadrodrigo.org\/blog3\/wp-content\/uploads\/2018\/01\/FullSizeRender-21.jpg 720w\" sizes=\"(max-width: 300px) 100vw, 300px\" \/><\/a><figcaption id=\"caption-attachment-6688\" class=\"wp-caption-text\">Los ni\u00f1os muestran sus diplomas junto al misionero, Daniel Mateos.<\/figcaption><\/figure>\n","protected":false},"excerpt":{"rendered":"<p>Entregados los diplomas del concurso de c\u00f3mic de Infancia Misionera La parroquia de El Salvador de Ciudad Rodrigo ha acogido al entrega de diplomas del concurso de c\u00f3mic de Infancia Misionera. Medio centenera de ni\u00f1os de la di\u00f3cesis participaron en esta certamen que estaba dividido en varias categor\u00edas. La entrega se ha realizado en esta &#8230; <a title=\"El Salvador\" class=\"read-more\" href=\"https:\/\/www.diocesisciudadrodrigo.org\/blog3\/el-salvador\/\" aria-label=\"M\u00e1s en El Salvador\">Leer m\u00e1s<\/a><\/p>\n","protected":false},"author":4,"featured_media":0,"comment_status":"closed","ping_status":"closed","sticky":false,"template":"","format":"standard","meta":[],"categories":[3],"tags":[],"_links":{"self":[{"href":"https:\/\/www.diocesisciudadrodrigo.org\/blog3\/wp-json\/wp\/v2\/posts\/6683"}],"collection":[{"href":"https:\/\/www.diocesisciudadrodrigo.org\/blog3\/wp-json\/wp\/v2\/posts"}],"about":[{"href":"https:\/\/www.diocesisciudadrodrigo.org\/blog3\/wp-json\/wp\/v2\/types\/post"}],"author":[{"embeddable":true,"href":"https:\/\/www.diocesisciudadrodrigo.org\/blog3\/wp-json\/wp\/v2\/users\/4"}],"replies":[{"embeddable":true,"href":"https:\/\/www.diocesisciudadrodrigo.org\/blog3\/wp-json\/wp\/v2\/comments?post=6683"}],"version-history":[{"count":4,"href":"https:\/\/www.diocesisciudadrodrigo.org\/blog3\/wp-json\/wp\/v2\/posts\/6683\/revisions"}],"predecessor-version":[{"id":6689,"href":"https:\/\/www.diocesisciudadrodrigo.org\/blog3\/wp-json\/wp\/v2\/posts\/6683\/revisions\/6689"}],"wp:attachment":[{"href":"https:\/\/www.diocesisciudadrodrigo.org\/blog3\/wp-json\/wp\/v2\/media?parent=6683"}],"wp:term":[{"taxonomy":"category","embeddable":true,"href":"https:\/\/www.diocesisciudadrodrigo.org\/blog3\/wp-json\/wp\/v2\/categories?post=6683"},{"taxonomy":"post_tag","embeddable":true,"href":"https:\/\/www.diocesisciudadrodrigo.org\/blog3\/wp-json\/wp\/v2\/tags?post=6683"}],"curies":[{"name":"wp","href":"https:\/\/api.w.org\/{rel}","templated":true}]}}