{"id":6673,"date":"2018-01-20T13:45:27","date_gmt":"2018-01-20T12:45:27","guid":{"rendered":"http:\/\/www.diocesisciudadrodrigo.org\/blog3\/?p=6673"},"modified":"2018-01-20T13:45:27","modified_gmt":"2018-01-20T12:45:27","slug":"dia-de-san-sebastian-patron-de-ciudad-rodrigo","status":"publish","type":"post","link":"https:\/\/www.diocesisciudadrodrigo.org\/blog3\/dia-de-san-sebastian-patron-de-ciudad-rodrigo\/","title":{"rendered":"D\u00eda de San Sebasti\u00e1n. Patr\u00f3n de Ciudad Rodrigo"},"content":{"rendered":"<p><span style=\"color: #3366ff; font-size: 14pt;\"><strong>Ra\u00fal Berzosa: \u00abSan Sebasti\u00e1n nos muestra con su vida, y es el segundo mensaje para todos los presentes, que quienes hemos descubierto la alegr\u00eda de la fe, del amor cristiano y de la esperanza, no podemos permanecer de brazos cruzados ante nuestros hermanos sufrientes\u00bb<\/strong><\/span><\/p>\n<figure id=\"attachment_6674\" aria-describedby=\"caption-attachment-6674\" style=\"width: 290px\" class=\"wp-caption alignright\"><a href=\"http:\/\/www.diocesisciudadrodrigo.org\/blog3\/wp-content\/uploads\/2018\/01\/IMG_8126.jpg\"><img loading=\"lazy\" class=\"size-medium wp-image-6674\" src=\"http:\/\/www.diocesisciudadrodrigo.org\/blog3\/wp-content\/uploads\/2018\/01\/IMG_8126-300x225.jpg\" alt=\"\" width=\"300\" height=\"225\" srcset=\"https:\/\/www.diocesisciudadrodrigo.org\/blog3\/wp-content\/uploads\/2018\/01\/IMG_8126-300x225.jpg 300w, https:\/\/www.diocesisciudadrodrigo.org\/blog3\/wp-content\/uploads\/2018\/01\/IMG_8126-768x576.jpg 768w, https:\/\/www.diocesisciudadrodrigo.org\/blog3\/wp-content\/uploads\/2018\/01\/IMG_8126-800x600.jpg 800w, https:\/\/www.diocesisciudadrodrigo.org\/blog3\/wp-content\/uploads\/2018\/01\/IMG_8126.jpg 2016w\" sizes=\"(max-width: 300px) 100vw, 300px\" \/><\/a><figcaption id=\"caption-attachment-6674\" class=\"wp-caption-text\">El obispo en el momento de pronunciar la homil\u00eda<\/figcaption><\/figure>\n<p>Queridos hermanos sacerdotes, estimado Sr. Alcalde y autoridades pol\u00edticas y sociales, queridos mayordomos y Cofrades de San Sebasti\u00e1n, queridos todos:<\/p>\n<p>Un a\u00f1o m\u00e1s nos re\u00fane en este templo catedralicio la memoria viva de San Sebasti\u00e1n. Y, un a\u00f1o m\u00e1s deseo, a la luz de su vida recobrar y subrayar, brevemente, un mensaje v\u00e1lido y actual que nos sirva para todos los mirobrigenses; un mensaje de fe y de esperanza en nuestro futuro.<\/p>\n<p>Durante los a\u00f1os anteriores he venido subrayando que estamos en un cambio de \u00e9poca social, y que necesitamos nuevas actitudes y nuevas claves para resituarnos, como cristianos y como ciudadanos, en el momento presente. San Sebasti\u00e1n nos ense\u00f1a, en primer lugar, que una verdadera y fecunda transformaci\u00f3n tiene que comenzar cambiando en profundidad el coraz\u00f3n humano. Algunas revoluciones intentaron dar la vuelta a sistemas socio-pol\u00edticos y econ\u00f3micos, pero fracasaron porque no cambiaron realmente el coraz\u00f3n del hombre. La verdadera transformaci\u00f3n, personal y social, comienza en el coraz\u00f3n de cada uno, como nos ense\u00f1\u00f3 e hizo posible Jesucristo y su Buena Noticia del Evangelio.<\/p>\n<p>Esta fue tambi\u00e9n la experiencia que vivi\u00f3 San Sebasti\u00e1n; s\u00f3lo un coraz\u00f3n nuevo, regenerado por el Esp\u00edritu, crea un mundo nuevo, porque es un coraz\u00f3n que sabe valorar la vida con horizontes, sin dejarse atrapar por lo inmediato; es un coraz\u00f3n que ama, sufre y se alegra con los dem\u00e1s; y es un coraz\u00f3n lleno de ternura y de misericordia para quienes est\u00e1n en las periferias y en los \u00faltimos lugares de nuestra sociedad. Un coraz\u00f3n lleno de amor de Dios, es la fuerza m\u00e1s grande de transformaci\u00f3n de la realidad, capaz de hacer hombres y mujeres nuevos, de derrumbar las murallas del ego\u00edsmo y de la violencia, y capaz de rellenar las zanjas y separaciones que nos alejan \u00a0los unos de los otros.<\/p>\n<p>No hay que ir muy lejos. Tambi\u00e9n aqu\u00ed, en Ciudad Rodrigo, hay personas que viven diferentes \u00a0pobrezas: culturales, de vulnerabilidad y marginaci\u00f3n social, econ\u00f3micas, espirituales y, por desgracia y a veces, sin esperanza; otras est\u00e1n inmersas en la soledad y en la tristeza; otras, sufriendo una ruptura matrimonial o la divisi\u00f3n familiar; otras, sumidas en una profunda crisis de sentido vital y de desencanto, de los que intentan salir infructuosamente por el alcohol, las drogas, los juegos de azar, enga\u00f1osa relaciones, o una sexualidad sin \u00e9tica\u2026 Son corazones fr\u00edos, desencantados y paralizados, \u201cinfartados existencialmente\u201d, muertos prematuramente. \u00bfQu\u00e9 podemos hacer?&#8230;<\/p>\n<figure id=\"attachment_6675\" aria-describedby=\"caption-attachment-6675\" style=\"width: 290px\" class=\"wp-caption aligncenter\"><a href=\"http:\/\/www.diocesisciudadrodrigo.org\/blog3\/wp-content\/uploads\/2018\/01\/DSC_0939.jpg\"><img loading=\"lazy\" class=\"size-medium wp-image-6675\" src=\"http:\/\/www.diocesisciudadrodrigo.org\/blog3\/wp-content\/uploads\/2018\/01\/DSC_0939-300x200.jpg\" alt=\"\" width=\"300\" height=\"200\" srcset=\"https:\/\/www.diocesisciudadrodrigo.org\/blog3\/wp-content\/uploads\/2018\/01\/DSC_0939-300x200.jpg 300w, https:\/\/www.diocesisciudadrodrigo.org\/blog3\/wp-content\/uploads\/2018\/01\/DSC_0939-768x512.jpg 768w, https:\/\/www.diocesisciudadrodrigo.org\/blog3\/wp-content\/uploads\/2018\/01\/DSC_0939-800x533.jpg 800w\" sizes=\"(max-width: 300px) 100vw, 300px\" \/><\/a><figcaption id=\"caption-attachment-6675\" class=\"wp-caption-text\">La procesi\u00f3n a su paso por la plaza Mayor.<\/figcaption><\/figure>\n<p><!--more--><\/p>\n<p>San Sebasti\u00e1n nos muestra con su vida, y es el segundo mensaje para todos los presentes, que quienes hemos descubierto la alegr\u00eda de la fe, del amor cristiano y de la esperanza, no podemos permanecer de brazos cruzados ante nuestros hermanos sufrientes. \u00a1No solamente somos ciudadanos; somos cristianos y somos disc\u00edpulos de Jes\u00fas, no para encerrarnos en nosotros mismos, sino para estar abiertos a los dem\u00e1s, para ayudarnos, para dar no s\u00f3lo de lo que nos sobra sino incluso de lo que necesitamos y, c\u00f3mo no, para llevarnos unos a otros a Cristo, sentido y plenitud de nuestras vidas!<\/p>\n<p>San Sebasti\u00e1n fue consciente de que Jes\u00fas &#8211; como indica su nombre &#8211; es el \u201cSalvador de toda la humanidad\u201d, no s\u00f3lo de los hombres de una determinada \u00e9poca, de una limitada \u00e1rea geogr\u00e1fica, o de un concreto status social y econ\u00f3mico&#8230; Jes\u00fas y su Evangelio son muy actuales y lo son para todos y para todos los tiempos. La sabidur\u00eda y el buen hacer que provienen de Jesucristo no s\u00f3lo no se oponen a lo humano o est\u00e1n desfasados, sino que por el contrario, lo purifican, lo elevan y lo plenifican.<\/p>\n<p>El tercer mensaje de San Sebasti\u00e1n, hoy y aqu\u00ed, es el siguiente: La Iglesia, tambi\u00e9n la nuestra diocesana, siempre ha querido estar presente en dos orillas: por un lado, en los lugares donde se mueve el coraz\u00f3n de la sociedad y donde se crea una cultura propia. Y, por otro lado, con los m\u00e1s necesitados. Nuestra Iglesia no es para ella misma, no vive encerrada en s\u00ed misma ni en otro mundo o sociedad, ajenos a los del siglo XXI, o dando la espalda a este pueblo <em>mirobrigense y civitatense<\/em>. Como Iglesia Diocesana, acompa\u00f1amos las grandezas y las miserias de nuestras gentes; sus tristezas y sus gozos; \u00a0y, a veces sufriendo, como un buen pastor que no s\u00f3lo ha perdido una oveja sino un buen n\u00famero de ellas. Nuestra Iglesia, con este pastor que humildemente os habla, es consciente de lo repetido por el Papa Francisco: que en ocasiones, tendremos que ir por delante; la mayor parte de las veces, en medio del reba\u00f1o; y, en no pocas ocasiones, detr\u00e1s, recogiendo y curando a las ovejas heridas y maltratadas. Siempre, proponiendo y no imponiendo, con respeto pero sin complejos, anunciando la Buena Noticia de Jesucristo; con su mismo estilo y el de nuestro San Sebasti\u00e1n.<\/p>\n<p>Como Iglesia Viva y muy de hoy, los cristianos tenemos que desarrollar la audacia de salir de nosotros mismos, y de nuestras comodidades e instalaciones, para ir all\u00ed donde se palpan tantas heridas humanas, cercanas y lejanas\u2026 Para anunciar, con credibilidad y con hechos, no s\u00f3lo con palabras, la misericordia del Buen Padre Dios y el perd\u00f3n y la reconciliaci\u00f3n, que se hicieron tan palpables y tangibles en la vida y en el amor Jes\u00fas de Nazaret y en tantos santos, como San Sebasti\u00e1n.<\/p>\n<p>En este sentido, apoyamos y nos unimos cordialmente a cualquier iniciativa de verdadera promoci\u00f3n asistencial y social. El Papa Francisco, con motivo del D\u00eda Mundial de la Paz, el 1 de Enero, nos invitaba a poner en pr\u00e1ctica, con los m\u00e1s necesitados, cuatro verbos: <em>acoger, proteger, promover\u00a0 e integrar.<\/em> Los retomamos para nuestra convivencia mirobrigense: acogernos siempre, porque todos tenemos la misma dignidad; proteger, especialmente a los m\u00e1s vulnerables; promover y creer en las capacidades de los dem\u00e1s y darnos siempre una nueva oportunidad, sin cansarnos de confiar unos en otros; y, finalmente, integrar a todos en una \u00fanica y la misma sociedad, fraterna y solidaria.<\/p>\n<p>Finalmente, San Sebasti\u00e1n nos recuerda que el mal y la violencia siguen existiendo y quieren mantenernos separados de Dios y divididos entre nosotros. Junto a la Gracia de Dios, todos los d\u00edas, el Maligno y los malignos, siembran en nuestros corazones semillas de pesimismo, de agresividad, de insolidaridad, de rupturas, de cr\u00edticas despiadadas, de desesperanza y de amargura. Para romper este laberinto diab\u00f3lico, abr\u00e1monos al soplo del Esp\u00edritu Santo que no deja de esparcir en nuestros corazones las semillas de la unidad, del perd\u00f3n, de la esperanza, de la fraternidad, de la solidaridad y de \u00a0la confianza.<\/p>\n<p>Como experiment\u00f3 San Sebasti\u00e1n, el Dios Vivo es mucho m\u00e1s fuerte que el mal y que los malvados; si le dejamos entrar en nuestras vidas nada ni nadie podr\u00e1 oponerse a su acci\u00f3n. No nos dejemos vencer por las dificultades. \u00a1Nunca cedamos a la tentaci\u00f3n de pensar y sentir que nuestra ciudad y nuestras gentes ya no tienen futuro! A Dios, personal y colectivamente, le importamos mucho: la gloria y la felicidad de Dios es que cada hombre Viva la Vida que realmente merece la pena, la que so\u00f1\u00f3 Dios mismo para cada uno de nosotros, como repet\u00eda S. Ireneo. \u00a1Sint\u00e1monos amados por Dios! El nos ama tal y como somos. Experimentar esta realidad hace la vida m\u00e1s bella y m\u00e1s digna de ser vivida! \u00a1No tengamos miedo al amor de Dios y al de los dem\u00e1s! \u00a1No tengamos miedo a amar y a ser amados!<\/p>\n<p>Nada m\u00e1s. Que sepamos imitar a Santa Mar\u00eda, Madre del Amor y de la ternura, a San Sebasti\u00e1n, ejemplo de resistencia y hero\u00edsmo ante las adversidades, y a\u00a0 nuestros santos patronos, que tanto amor supieron derramar para cambiar la sociedad en la que vivieron. Que as\u00ed sea, con la Luz y la Fuerza del Esp\u00edritu.<\/p>\n<p>&nbsp;<\/p>\n<p>+ Cecilio Ra\u00fal, Obispo<\/p>\n<p>&nbsp;<\/p>\n","protected":false},"excerpt":{"rendered":"<p>Ra\u00fal Berzosa: \u00abSan Sebasti\u00e1n nos muestra con su vida, y es el segundo mensaje para todos los presentes, que quienes hemos descubierto la alegr\u00eda de la fe, del amor cristiano y de la esperanza, no podemos permanecer de brazos cruzados ante nuestros hermanos sufrientes\u00bb Queridos hermanos sacerdotes, estimado Sr. Alcalde y autoridades pol\u00edticas y sociales, &#8230; <a title=\"D\u00eda de San Sebasti\u00e1n. Patr\u00f3n de Ciudad Rodrigo\" class=\"read-more\" href=\"https:\/\/www.diocesisciudadrodrigo.org\/blog3\/dia-de-san-sebastian-patron-de-ciudad-rodrigo\/\" aria-label=\"M\u00e1s en D\u00eda de San Sebasti\u00e1n. Patr\u00f3n de Ciudad Rodrigo\">Leer m\u00e1s<\/a><\/p>\n","protected":false},"author":4,"featured_media":0,"comment_status":"closed","ping_status":"closed","sticky":false,"template":"","format":"standard","meta":[],"categories":[63],"tags":[],"_links":{"self":[{"href":"https:\/\/www.diocesisciudadrodrigo.org\/blog3\/wp-json\/wp\/v2\/posts\/6673"}],"collection":[{"href":"https:\/\/www.diocesisciudadrodrigo.org\/blog3\/wp-json\/wp\/v2\/posts"}],"about":[{"href":"https:\/\/www.diocesisciudadrodrigo.org\/blog3\/wp-json\/wp\/v2\/types\/post"}],"author":[{"embeddable":true,"href":"https:\/\/www.diocesisciudadrodrigo.org\/blog3\/wp-json\/wp\/v2\/users\/4"}],"replies":[{"embeddable":true,"href":"https:\/\/www.diocesisciudadrodrigo.org\/blog3\/wp-json\/wp\/v2\/comments?post=6673"}],"version-history":[{"count":1,"href":"https:\/\/www.diocesisciudadrodrigo.org\/blog3\/wp-json\/wp\/v2\/posts\/6673\/revisions"}],"predecessor-version":[{"id":6676,"href":"https:\/\/www.diocesisciudadrodrigo.org\/blog3\/wp-json\/wp\/v2\/posts\/6673\/revisions\/6676"}],"wp:attachment":[{"href":"https:\/\/www.diocesisciudadrodrigo.org\/blog3\/wp-json\/wp\/v2\/media?parent=6673"}],"wp:term":[{"taxonomy":"category","embeddable":true,"href":"https:\/\/www.diocesisciudadrodrigo.org\/blog3\/wp-json\/wp\/v2\/categories?post=6673"},{"taxonomy":"post_tag","embeddable":true,"href":"https:\/\/www.diocesisciudadrodrigo.org\/blog3\/wp-json\/wp\/v2\/tags?post=6673"}],"curies":[{"name":"wp","href":"https:\/\/api.w.org\/{rel}","templated":true}]}}