{"id":6670,"date":"2018-01-17T15:43:52","date_gmt":"2018-01-17T14:43:52","guid":{"rendered":"http:\/\/www.diocesisciudadrodrigo.org\/blog3\/?p=6670"},"modified":"2018-01-17T15:43:52","modified_gmt":"2018-01-17T14:43:52","slug":"san-anton-en-la-parroquia-de-san-andres","status":"publish","type":"post","link":"https:\/\/www.diocesisciudadrodrigo.org\/blog3\/san-anton-en-la-parroquia-de-san-andres\/","title":{"rendered":"San Ant\u00f3n en la parroquia de San Andr\u00e9s"},"content":{"rendered":"<figure id=\"attachment_6671\" aria-describedby=\"caption-attachment-6671\" style=\"width: 215px\" class=\"wp-caption alignright\"><a href=\"http:\/\/www.diocesisciudadrodrigo.org\/blog3\/wp-content\/uploads\/2018\/01\/IMG_8027.jpg\"><img loading=\"lazy\" class=\"wp-image-6671 size-medium\" src=\"http:\/\/www.diocesisciudadrodrigo.org\/blog3\/wp-content\/uploads\/2018\/01\/IMG_8027-e1516200182769-225x300.jpg\" alt=\"\" width=\"225\" height=\"300\" srcset=\"https:\/\/www.diocesisciudadrodrigo.org\/blog3\/wp-content\/uploads\/2018\/01\/IMG_8027-e1516200182769-225x300.jpg 225w, https:\/\/www.diocesisciudadrodrigo.org\/blog3\/wp-content\/uploads\/2018\/01\/IMG_8027-e1516200182769-768x1024.jpg 768w, https:\/\/www.diocesisciudadrodrigo.org\/blog3\/wp-content\/uploads\/2018\/01\/IMG_8027-e1516200182769-600x800.jpg 600w, https:\/\/www.diocesisciudadrodrigo.org\/blog3\/wp-content\/uploads\/2018\/01\/IMG_8027-e1516200182769.jpg 1512w\" sizes=\"(max-width: 225px) 100vw, 225px\" \/><\/a><figcaption id=\"caption-attachment-6671\" class=\"wp-caption-text\">Numerosos fieles celebraron el d\u00eda de San Ant\u00f3n en San Andr\u00e9s.<\/figcaption><\/figure>\n<p><span style=\"font-size: 14pt; color: #3366ff;\"><strong>Ra\u00fal Berzosa: \u00abOs pido imitar al Santo en los siguientes rasgos, a modo de br\u00fajula: experiencia de oraci\u00f3n; sencillez y austeridad en nuestras vidas; amor y respeto a los animales; y cuidado de nuestro enfermos, f\u00edsica y espiritualmente\u00bb<\/strong><\/span><\/p>\n<p>Queridos hermanos sacerdotes; queridos Mayordomos y Cofrades de San Ant\u00f3n; queridos ganaderos y agricultores; queridos todos:<\/p>\n<p>Un a\u00f1o m\u00e1s nos re\u00fane el Se\u00f1or en este templo de San Andr\u00e9s para celebrar la memoria de San Ant\u00f3n. Comienzo recordando algunos datos de su vida, en atenci\u00f3n, especialmente, a los m\u00e1s j\u00f3venes. Adem\u00e1s, consciente de que los mayores, aunque lo hayan escuchado m\u00e1s veces, tambi\u00e9n se alegrar\u00e1n.<\/p>\n<p>San Ant\u00f3n o San Antonio Abad, naci\u00f3 en el S.III en Egipto. A los 20 a\u00f1os vendi\u00f3 sus propiedades, se las entreg\u00f3 a los pobres, y se fue a vivir a una cueva sepulcral, como eremita. Dedicado a la oraci\u00f3n incesante, fue muy tentado por el diablo. De ah\u00ed que, en su iconograf\u00eda, aparezca con un cerdo a sus pies, s\u00edmbolo del diablo vencido.<\/p>\n<p>A pesar de ser eremita, fue padre espiritual de otros monjes y hasta se dirigi\u00f3 a Alejandr\u00eda para predicar contra los arrianos.<\/p>\n<p>Cuenta la historia que, un d\u00eda, fue visitado por Pablo el ermita\u00f1o y \u00e9ste presenci\u00f3 como un cuervo le llevaba a San Ant\u00f3n la hogaza de pan cotidiana. En aquel d\u00eda fueron dos. De ah\u00ed la tradici\u00f3n de la bendici\u00f3n de los panecillos.<\/p>\n<p>Cuando muri\u00f3 Pablo, lo enterr\u00f3 con ayuda de dos leones y otros animales. Por lo que San Ant\u00f3n es patr\u00f3n de los sepultureros y de los animales.<\/p>\n<p>En relaci\u00f3n a esto \u00faltimo, cuentan que un d\u00eda se le acerc\u00f3 una jabalina con sus jabatillos ciegos, en actitud de s\u00faplica para que los curara. As\u00ed lo hizo San Ant\u00f3n y, desde entonces, la madre no se separ\u00f3 de \u00e9l y le cuid\u00f3 contra todas la alima\u00f1as.<\/p>\n<p>Dicen que vivi\u00f3 hasta los 105 a\u00f1os. De su ejemplo, nacen los religiosos Antonianos, especializados en curar enfermedades contagiosas como la peste, la lepra, las enfermedades ven\u00e9reas y el ergotismo o fuego de San Ant\u00f3n o culebrilla. Estaban en las afueras de las ciudades del Camino de Santiago para curar a los peregrinos. Tambi\u00e9n nacieron los Foseros de la Misericordia para enterrar a los m\u00e1s pobres y necesitados.<\/p>\n<p>Siempre fue un santo muy popular y querido. Hasta el refranero se hace eco de \u00e9l:<\/p>\n<p>El 20 de Enero, San Sebasti\u00e1n primero. Detente, var\u00f3n, que primero es San Ant\u00f3n. Hombre, mira lo que dices, que es primero San Felices; y, si vamos a las leyes, antes son los reyes.<\/p>\n<p>Hasta San Ant\u00f3n, Pascuas son y, si quieres m\u00e1s, hasta la Virgen de la Paz.<\/p>\n<p>Por San Ant\u00f3n, se acab\u00f3 el turr\u00f3n.<\/p>\n<p>Por San Antonio, hace un fr\u00edo del demonio<\/p>\n<p>Por San Antonio de Enero, la mitad del pajar y la mitad del granero.<\/p>\n<p>San Ant\u00f3n mete las mozas en un rinc\u00f3n y San Sebasti\u00e1n las saca a pasear.<\/p>\n<p>San Ant\u00f3n, fr\u00edo y trist\u00f3n, barre las nieblas a un rinc\u00f3n. Por San Ant\u00f3n, la niebla no llega a las dos.<\/p>\n<p>Por San Ant\u00f3n, media hora m\u00e1s de sol.<\/p>\n<p>Las cinco dan con sol el d\u00eda de San Ant\u00f3n; s\u00ed en Valencia pero no en Arag\u00f3n.<\/p>\n<p>Por San Ant\u00f3n \u201cel huevero\u201d, ponen las gallinas hasta en el suelo. Por San Ant\u00f3n, las gallinas ponen huevos a mont\u00f3n.<\/p>\n<p>Por San Ant\u00f3n, busca la perdiz el perdig\u00f3n.<\/p>\n<p>Por San Ant\u00f3n, pocos cerdos ven el sol.<\/p>\n<p>Hasta aqu\u00ed, algunos rasgos de la memoria de San Ant\u00f3n. Hablando m\u00e1s en serio, y con esto finalizo, este Obispo, que tanto os quiere, os pide imitar al Santo en los siguientes rasgos, a modo de br\u00fajula: experiencia de oraci\u00f3n; sencillez y austeridad en nuestras vidas; amor y respeto a los animales; y cuidado de nuestro enfermos, f\u00edsica y espiritualmente, y, si les llega la hora, orar por nuestros\u00a0 difuntos. Que el santo nos lo conceda y podamos celebrarlo un a\u00f1o m\u00e1s. As\u00ed sea.<\/p>\n<p>+ Ra\u00fal, Obispo de Ciudad Rodrigo<\/p>\n","protected":false},"excerpt":{"rendered":"<p>Ra\u00fal Berzosa: \u00abOs pido imitar al Santo en los siguientes rasgos, a modo de br\u00fajula: experiencia de oraci\u00f3n; sencillez y austeridad en nuestras vidas; amor y respeto a los animales; y cuidado de nuestro enfermos, f\u00edsica y espiritualmente\u00bb Queridos hermanos sacerdotes; queridos Mayordomos y Cofrades de San Ant\u00f3n; queridos ganaderos y agricultores; queridos todos: Un &#8230; <a title=\"San Ant\u00f3n en la parroquia de San Andr\u00e9s\" class=\"read-more\" href=\"https:\/\/www.diocesisciudadrodrigo.org\/blog3\/san-anton-en-la-parroquia-de-san-andres\/\" aria-label=\"M\u00e1s en San Ant\u00f3n en la parroquia de San Andr\u00e9s\">Leer m\u00e1s<\/a><\/p>\n","protected":false},"author":4,"featured_media":0,"comment_status":"closed","ping_status":"closed","sticky":false,"template":"","format":"standard","meta":[],"categories":[63],"tags":[],"_links":{"self":[{"href":"https:\/\/www.diocesisciudadrodrigo.org\/blog3\/wp-json\/wp\/v2\/posts\/6670"}],"collection":[{"href":"https:\/\/www.diocesisciudadrodrigo.org\/blog3\/wp-json\/wp\/v2\/posts"}],"about":[{"href":"https:\/\/www.diocesisciudadrodrigo.org\/blog3\/wp-json\/wp\/v2\/types\/post"}],"author":[{"embeddable":true,"href":"https:\/\/www.diocesisciudadrodrigo.org\/blog3\/wp-json\/wp\/v2\/users\/4"}],"replies":[{"embeddable":true,"href":"https:\/\/www.diocesisciudadrodrigo.org\/blog3\/wp-json\/wp\/v2\/comments?post=6670"}],"version-history":[{"count":1,"href":"https:\/\/www.diocesisciudadrodrigo.org\/blog3\/wp-json\/wp\/v2\/posts\/6670\/revisions"}],"predecessor-version":[{"id":6672,"href":"https:\/\/www.diocesisciudadrodrigo.org\/blog3\/wp-json\/wp\/v2\/posts\/6670\/revisions\/6672"}],"wp:attachment":[{"href":"https:\/\/www.diocesisciudadrodrigo.org\/blog3\/wp-json\/wp\/v2\/media?parent=6670"}],"wp:term":[{"taxonomy":"category","embeddable":true,"href":"https:\/\/www.diocesisciudadrodrigo.org\/blog3\/wp-json\/wp\/v2\/categories?post=6670"},{"taxonomy":"post_tag","embeddable":true,"href":"https:\/\/www.diocesisciudadrodrigo.org\/blog3\/wp-json\/wp\/v2\/tags?post=6670"}],"curies":[{"name":"wp","href":"https:\/\/api.w.org\/{rel}","templated":true}]}}