{"id":6654,"date":"2018-01-02T21:42:09","date_gmt":"2018-01-02T20:42:09","guid":{"rendered":"http:\/\/www.diocesisciudadrodrigo.org\/blog3\/?p=6654"},"modified":"2018-01-02T21:42:09","modified_gmt":"2018-01-02T20:42:09","slug":"en-cifras","status":"publish","type":"post","link":"https:\/\/www.diocesisciudadrodrigo.org\/blog3\/en-cifras\/","title":{"rendered":"En cifras"},"content":{"rendered":"<p><span style=\"color: #3366ff; font-size: 14pt;\"><strong>La di\u00f3cesis cuenta con un total de 56 presb\u00edteros\u00a0<\/strong><\/span><\/p>\n<p>La di\u00f3cesis de Ciudad Rodrigo cuenta con un total de 56 presb\u00edteros seg\u00fan los datos facilitados por la Vicar\u00eda de Pastoral, al cierre del ejercicio 2017. En concreto, son 34 los p\u00e1rrocos, 9 los colaboradores parroquiales, 3 capellanes y el resto, est\u00e1n enfermos o son ya muy mayores.<\/p>\n<p>La media de edad del presbiterio es de 69,43 a\u00f1os \u201clo que da una idea de la realidad de nuestra Iglesia Diocesana: Envejecimiento progresivo de los fieles y del presbiterio\u201d, afirma el Vicario de Pastoral, Jos\u00e9 Manuel Vidriales.<\/p>\n<p>La di\u00f3cesis suma un total de 121 parroquias y \u201calgunas est\u00e1n en peligro de quedar despobladas\u201d, indica el vicario, dado que se trata de \u201cuna di\u00f3cesis peque\u00f1a y muy despoblada\u201d.<\/p>\n<p>Ante esta situaci\u00f3n, la distribuci\u00f3n de los presb\u00edteros al servicio de las\u00a0comunidades parroquiales requiere nuevos criterios y la pr\u00e1ctica totalidad de los sacerdotes atienden m\u00e1s de una parroquia o el arciprestazgo completo a trav\u00e9s de un \u201cequipo apost\u00f3lico\u201d o \u201cequipo pastoral\u201d formado por los tres grandes carismas de la Iglesia: laicos, religiosos y presb\u00edteros.<\/p>\n<p>La di\u00f3cesis cuenta con siete arciprestazgos y \u201ctratamos de que en cada uno de ellos, al menos haya dos sacerdotes que no superen los 50 a\u00f1os\u201d, por eso, Jos\u00e9 Manuel se refiere a \u201cla disponibilidad de todos, especialmente los m\u00e1s j\u00f3venes, para ir all\u00ed donde la Iglesia y su obispo los necesite\u201d.<\/p>\n<p>Sobre esa cuesti\u00f3n concreta de los arciprestazgos, \u201cse busca que cada uno sea una unidad de pastoral del conjunto\u201d y se persigue, \u201cir dando pasos desde las delegaciones para crear equipos que atiendan a las cuatro dimensiones de la pastoral: Equipos de catequistas, equipos de animadores de liturgia, consejos de econom\u00eda, cuidado de los templos, consejos de pastoral y servicio a los pobres a trav\u00e9s de C\u00e1ritas\u201d.<\/p>\n","protected":false},"excerpt":{"rendered":"<p>La di\u00f3cesis cuenta con un total de 56 presb\u00edteros\u00a0 La di\u00f3cesis de Ciudad Rodrigo cuenta con un total de 56 presb\u00edteros seg\u00fan los datos facilitados por la Vicar\u00eda de Pastoral, al cierre del ejercicio 2017. En concreto, son 34 los p\u00e1rrocos, 9 los colaboradores parroquiales, 3 capellanes y el resto, est\u00e1n enfermos o son ya &#8230; <a title=\"En cifras\" class=\"read-more\" href=\"https:\/\/www.diocesisciudadrodrigo.org\/blog3\/en-cifras\/\" aria-label=\"M\u00e1s en En cifras\">Leer m\u00e1s<\/a><\/p>\n","protected":false},"author":4,"featured_media":0,"comment_status":"closed","ping_status":"closed","sticky":false,"template":"","format":"standard","meta":[],"categories":[3],"tags":[],"_links":{"self":[{"href":"https:\/\/www.diocesisciudadrodrigo.org\/blog3\/wp-json\/wp\/v2\/posts\/6654"}],"collection":[{"href":"https:\/\/www.diocesisciudadrodrigo.org\/blog3\/wp-json\/wp\/v2\/posts"}],"about":[{"href":"https:\/\/www.diocesisciudadrodrigo.org\/blog3\/wp-json\/wp\/v2\/types\/post"}],"author":[{"embeddable":true,"href":"https:\/\/www.diocesisciudadrodrigo.org\/blog3\/wp-json\/wp\/v2\/users\/4"}],"replies":[{"embeddable":true,"href":"https:\/\/www.diocesisciudadrodrigo.org\/blog3\/wp-json\/wp\/v2\/comments?post=6654"}],"version-history":[{"count":1,"href":"https:\/\/www.diocesisciudadrodrigo.org\/blog3\/wp-json\/wp\/v2\/posts\/6654\/revisions"}],"predecessor-version":[{"id":6655,"href":"https:\/\/www.diocesisciudadrodrigo.org\/blog3\/wp-json\/wp\/v2\/posts\/6654\/revisions\/6655"}],"wp:attachment":[{"href":"https:\/\/www.diocesisciudadrodrigo.org\/blog3\/wp-json\/wp\/v2\/media?parent=6654"}],"wp:term":[{"taxonomy":"category","embeddable":true,"href":"https:\/\/www.diocesisciudadrodrigo.org\/blog3\/wp-json\/wp\/v2\/categories?post=6654"},{"taxonomy":"post_tag","embeddable":true,"href":"https:\/\/www.diocesisciudadrodrigo.org\/blog3\/wp-json\/wp\/v2\/tags?post=6654"}],"curies":[{"name":"wp","href":"https:\/\/api.w.org\/{rel}","templated":true}]}}