{"id":6652,"date":"2018-01-01T11:35:56","date_gmt":"2018-01-01T10:35:56","guid":{"rendered":"http:\/\/www.diocesisciudadrodrigo.org\/blog3\/?p=6652"},"modified":"2018-01-01T11:35:56","modified_gmt":"2018-01-01T10:35:56","slug":"jornada-mundial-de-la-paz-3","status":"publish","type":"post","link":"https:\/\/www.diocesisciudadrodrigo.org\/blog3\/jornada-mundial-de-la-paz-3\/","title":{"rendered":"Jornada Mundial de la Paz"},"content":{"rendered":"<p><span style=\"font-size: 14pt; color: #3366ff;\"><strong>Ra\u00fal Berzosa: \u00abEl Papa nos recuerda que existen en el mundo m\u00e1s de 250 millones de migrantes, de los que 22,5 son refugiados\u00bb<\/strong><\/span><\/p>\n<p>Queridos hermanos sacerdotes, queridas consagradas, queridos todos:<\/p>\n<p>En este d\u00eda, primero del A\u00f1o, celebramos a Santa Mar\u00eda Madre de Dios, la que nos trajo la novedad m\u00e1s radical: Jesucristo, nuestro Se\u00f1or. Tambi\u00e9n se celebra la Jornada Mundial de la Paz, a ra\u00edz de lo solicitado por el Concilio Vaticano II. Estamos ya en su 51 edici\u00f3n.<\/p>\n<p>Con motivo de esta Jornada, los Papas escriben un mensaje cada a\u00f1o. Hoy, el Papa Francisco lo ha titulado: <em>\u201cMigrantes y refugiados: hombres y mujeres que buscan la paz\u201d.<\/em><\/p>\n<p>El Papa nos recuerda que existen en el mundo m\u00e1s de 250 millones de migrantes, de los que 22 y medio son refugiados, es decir, hombres y mujeres, adultos, ni\u00f1os y ancianos, que buscan d\u00f3nde vivir en paz y con paz. Son personas que arriesgan sus vidas para ello y que esperan ser abrazados con generosidad y misericordia.<\/p>\n<p>El Papa se pregunta, y nos pregunta, \u201c\u00bfpor qu\u00e9 hay tantos refugiados y migrantes?.\u201d.. Sin duda, y en primer lugar, por las guerras y los conflictos violentos; y en segundo lugar y principalmente, porque las personas anhelan un futuro mejor huyendo de la miseria y de la pobreza. El Papa subraya que las migraciones globales seguir\u00e1n marcando el futuro del mundo en los pr\u00f3ximos a\u00f1os\u2026<\/p>\n<p>\u00bfC\u00f3mo mirarlos como cristianos?&#8230; &#8211; El Papa recuerda que los bienes de la tierra son para todos; que la paz y la justicia deben guiar las actuaciones de los gobernantes; y, que desde la fe, como hijos de dios, tenemos que fomentar la solidaridad y la fraternidad universales. S\u00f3lo as\u00ed lograremos el bien com\u00fan de todos\u2026<\/p>\n<p>Finalmente, a modo de br\u00fajula, el Papa Francisco nos recuerda cuatro piedras angulares o cuatro l\u00edneas de actuaci\u00f3n con los migrantes y refugiados<em>: acoger, proteger, promover e integrar.<\/em> Las resumo.<\/p>\n<p>Lo Primero, <em>acoger <\/em>en la l\u00ednea de lo que nos dice la Biblia: <em>\u201cNo olvid\u00e9is la hospitalidad; por ella, algunos, sin saberlo hospedaron \u00e1ngeles\u201d <\/em>(Hb 13,2)<\/p>\n<p>Lo segundo<em>, proteger<\/em> y garantizar la dignidad inviolable de cada persona, especialmente la de los ni\u00f1os y las mujeres. Dios nos hace discriminaciones: <em>\u201cEl Se\u00f1or guarda a los peregrinos y sustenta al hu\u00e9rfano y a la viuda\u201d<\/em> (Sal 146,9).<\/p>\n<p>Lo tercero, <em>promover<\/em> y apoyar el desarrollo humano integral de los migrantes y refugiados, desde darlos de comer hasta proporcionarlos educaci\u00f3n. La Biblia ense\u00f1a que <em>\u201cDios ama al emigrante porque todos somos peregrinos\u201d<\/em> (Dt 10,18).<\/p>\n<p>Finalmente, lo cuarto, <em>integrar<\/em> para que migrantes y refugiados participen plenamente en la vida social. Como escribe San Pablo: <em>\u201cYa no sois extra\u00f1os ni forasteros, sino conciudadanos de los santos y familiares de Dios\u201d<\/em> (Ef 2,19).<\/p>\n<p>El Papa concluye su mensaje animando a la ONU a llevar a cabo una doble propuesta internacional en el a\u00f1o 2018: por un lado, un pacto mundial para una migraci\u00f3n segura, ordenada y regulada; y, por otro lado, un pacto para la adecuada atenci\u00f3n de los refugiados.<\/p>\n<p><strong>\u00a0\u00a0\u00a0\u00a0\u00a0\u00a0\u00a0 <\/strong>El mundo en el que vivimos tiene que ser lo que afirmaba San Juan Pablo II: <em>\u201cuna casa com\u00fan, una familia\u201d. <\/em>As\u00ed se lo pedimos a tantos santos que ayudaron a migrantes y refugiados, como Francisca Javier Cabrini. El Papa agradece la labor de todos los profesionales y voluntarios\u00a0 que se dedican a este campo tan dif\u00edcil y reza por ellos.<\/p>\n<p>Por nuestra parte, lo ponemos en manos de Santa Mar\u00eda de la Paz, y se lo pedimos al Esp\u00edritu Santo capaz de hacer realidad los mejores sue\u00f1os de Dios para nuestra humanidad. Pedimos tambi\u00e9n, especialmente, por todos nuestros misioneros y misioneras que tanto hacen por los migrantes y refugiados en los cinco continentes.<\/p>\n<p><strong>\u00a0\u00a0\u00a0\u00a0\u00a0\u00a0\u00a0 + <\/strong>Ra\u00fal, Obispo de Ciudad Rodrigo<\/p>\n","protected":false},"excerpt":{"rendered":"<p>Ra\u00fal Berzosa: \u00abEl Papa nos recuerda que existen en el mundo m\u00e1s de 250 millones de migrantes, de los que 22,5 son refugiados\u00bb Queridos hermanos sacerdotes, queridas consagradas, queridos todos: En este d\u00eda, primero del A\u00f1o, celebramos a Santa Mar\u00eda Madre de Dios, la que nos trajo la novedad m\u00e1s radical: Jesucristo, nuestro Se\u00f1or. Tambi\u00e9n &#8230; <a title=\"Jornada Mundial de la Paz\" class=\"read-more\" href=\"https:\/\/www.diocesisciudadrodrigo.org\/blog3\/jornada-mundial-de-la-paz-3\/\" aria-label=\"M\u00e1s en Jornada Mundial de la Paz\">Leer m\u00e1s<\/a><\/p>\n","protected":false},"author":4,"featured_media":0,"comment_status":"closed","ping_status":"closed","sticky":false,"template":"","format":"standard","meta":[],"categories":[63],"tags":[],"_links":{"self":[{"href":"https:\/\/www.diocesisciudadrodrigo.org\/blog3\/wp-json\/wp\/v2\/posts\/6652"}],"collection":[{"href":"https:\/\/www.diocesisciudadrodrigo.org\/blog3\/wp-json\/wp\/v2\/posts"}],"about":[{"href":"https:\/\/www.diocesisciudadrodrigo.org\/blog3\/wp-json\/wp\/v2\/types\/post"}],"author":[{"embeddable":true,"href":"https:\/\/www.diocesisciudadrodrigo.org\/blog3\/wp-json\/wp\/v2\/users\/4"}],"replies":[{"embeddable":true,"href":"https:\/\/www.diocesisciudadrodrigo.org\/blog3\/wp-json\/wp\/v2\/comments?post=6652"}],"version-history":[{"count":1,"href":"https:\/\/www.diocesisciudadrodrigo.org\/blog3\/wp-json\/wp\/v2\/posts\/6652\/revisions"}],"predecessor-version":[{"id":6653,"href":"https:\/\/www.diocesisciudadrodrigo.org\/blog3\/wp-json\/wp\/v2\/posts\/6652\/revisions\/6653"}],"wp:attachment":[{"href":"https:\/\/www.diocesisciudadrodrigo.org\/blog3\/wp-json\/wp\/v2\/media?parent=6652"}],"wp:term":[{"taxonomy":"category","embeddable":true,"href":"https:\/\/www.diocesisciudadrodrigo.org\/blog3\/wp-json\/wp\/v2\/categories?post=6652"},{"taxonomy":"post_tag","embeddable":true,"href":"https:\/\/www.diocesisciudadrodrigo.org\/blog3\/wp-json\/wp\/v2\/tags?post=6652"}],"curies":[{"name":"wp","href":"https:\/\/api.w.org\/{rel}","templated":true}]}}