{"id":6646,"date":"2017-12-27T16:09:23","date_gmt":"2017-12-27T15:09:23","guid":{"rendered":"http:\/\/www.diocesisciudadrodrigo.org\/blog3\/?p=6646"},"modified":"2017-12-27T16:09:23","modified_gmt":"2017-12-27T15:09:23","slug":"convivencia-presbiteral-navidena","status":"publish","type":"post","link":"https:\/\/www.diocesisciudadrodrigo.org\/blog3\/convivencia-presbiteral-navidena\/","title":{"rendered":"Convivencia presbiteral navide\u00f1a"},"content":{"rendered":"<p><span style=\"font-size: 14pt;\"><strong><span style=\"color: #3366ff;\">Ra\u00fal Berzosa:\u00bbLa comuni\u00f3n o fraternidad sacerdotal no s\u00f3lo ayudan a hacer m\u00e1s eficaz nuestra misi\u00f3n, sino que nos ayudan a vivir la caridad pastoral\u00bb<a href=\"http:\/\/www.diocesisciudadrodrigo.org\/blog3\/wp-content\/uploads\/2017\/12\/FullSizeRender-8.jpg\"><img loading=\"lazy\" class=\"alignright size-medium wp-image-6647\" src=\"http:\/\/www.diocesisciudadrodrigo.org\/blog3\/wp-content\/uploads\/2017\/12\/FullSizeRender-8-300x164.jpg\" alt=\"\" width=\"300\" height=\"164\" srcset=\"https:\/\/www.diocesisciudadrodrigo.org\/blog3\/wp-content\/uploads\/2017\/12\/FullSizeRender-8-300x164.jpg 300w, https:\/\/www.diocesisciudadrodrigo.org\/blog3\/wp-content\/uploads\/2017\/12\/FullSizeRender-8-768x420.jpg 768w, https:\/\/www.diocesisciudadrodrigo.org\/blog3\/wp-content\/uploads\/2017\/12\/FullSizeRender-8-800x438.jpg 800w, https:\/\/www.diocesisciudadrodrigo.org\/blog3\/wp-content\/uploads\/2017\/12\/FullSizeRender-8.jpg 2016w\" sizes=\"(max-width: 300px) 100vw, 300px\" \/><\/a><\/span><\/strong><\/span><\/p>\n<p>Querido D. Jos\u00e9, amigo y hermano obispo, muy queridos hermanos sacerdotes:<\/p>\n<p>Much\u00edsimas gracias, un a\u00f1o m\u00e1s, por el esfuerzo grande de acudir a esta convivencia fraternal navide\u00f1a. Navidad es tiempo de reforzar la fraternidad y la familia. Tambi\u00e9n para el presbiterio diocesano. En este curso, con m\u00e1s raz\u00f3n: os recuerdo que el objetivo es reforzar la comunidad, la familia cristiana. Tambi\u00e9n, como presbiterio, somos una sola y la misma familia.<\/p>\n<p>Dejo el comentario a las ricas y sugerentes lecturas de la Liturgia de hoy y os regalo lo que, d\u00edas atr\u00e1s, sent\u00eda en mi coraz\u00f3n. No sin antes desear que ojal\u00e1 se hiciera realidad lo escuchado en la primera lectura: <em>\u201cLo que hemos visto y o\u00eddo, os lo anunciamos\u201d.<\/em> Para poder cantar como hemos repetido con el salmo 96,<em> \u201cque estamos alegres con el Se\u00f1or\u201d; <\/em>y, con el Evangelio, <em>\u201cque somos testigos, hoy y aqu\u00ed de la presencia del Resucitado\u201d. <\/em>El nos ha llamado.<\/p>\n<p>Los \u00faltimos Papas han venido subrayando la importancia de la fraternidad sacerdotal. Cuyo fundamento, teol\u00f3gicamente hablando, se encuentra en una triple e inseparable comuni\u00f3n: comuni\u00f3n viva y real con Jesucristo; comuni\u00f3n afectiva y efectiva con el obispo y el presbiterio; y comuni\u00f3n con todo el Pueblo de Dios que peregrina en cada iglesia particular. Esta comuni\u00f3n no es algo superficial o meramente externo, sino que radica en la misma identidad sacerdotal, en su ser. As\u00ed leemos en <em>Presbiterorum Ordinis (<\/em>n. 8): <em>\u201cLos presb\u00edteros, constituidos por la ordenaci\u00f3n en el orden del presbiterado, se unen entre s\u00ed por una \u00edntima fraternidad sacramental; especialmente en las di\u00f3cesis, a cuyo servicio se consagran bajo el propio obispo, formando un solo presbiterio\u201d. <\/em>Leemos, igualmente, en <em>Lumen Gentium<\/em> (n. 28): <em>\u201cEn virtud de la com\u00fan ordenaci\u00f3n sagrada y de la com\u00fan misi\u00f3n, todos los presb\u00edteros se unen entre s\u00ed en \u00edntima fraternidad, y esta comuni\u00f3n debe manifestarse en espont\u00e1nea y gustosa ayuda mutua en las reuniones, en la comuni\u00f3n de vida, de trabajo y de caridad, tanto en lo espiritual como en lo material, tanto en lo pastoral como en lo personal\u201d.<\/em><\/p>\n<p>Aunque lo m\u00e1s decisivo, en la comuni\u00f3n fraterna, es la fundamentaci\u00f3n sacramental, nos centramos ahora en la exigencia de la misi\u00f3n com\u00fan, que hace visible una iglesia sinodal y corresponsable y que exige una verdadera pastoral de conjunto. Nos recordaba, tambi\u00e9n, <em>Presbiterorum Ordinis <\/em>(n.8) que, aunque la actividad pastoral sea diversa y plural, en realidad <em>\u201cejercemos un solo ministerio sacerdotal en favor de los hombres\u201d,<\/em> como consecuencia de la \u00fanica y fundamenta misi\u00f3n de toda la Iglesia <em>(AG, 6)<\/em>. Lo subrayo: la variedad de actividades pastorales, y de circunstancias concretas de cada presb\u00edtero diocesano, no pueden hacernos olvidar ni ocultar que existe una real y sola comuni\u00f3n con los dem\u00e1s presb\u00edteros. En otras palabras: la unidad de misi\u00f3n pastoral postula y supone, existencialmente, unidad presbiteral. Y no s\u00f3lo por la eficacia pastoral o por conservar un falso <em>irenismo,<\/em> sino por exigencia teol\u00f3gica y eclesial.<a href=\"http:\/\/www.diocesisciudadrodrigo.org\/blog3\/wp-content\/uploads\/2017\/12\/FullSizeRender-7.jpg\"><img loading=\"lazy\" class=\"aligncenter size-medium wp-image-6648\" src=\"http:\/\/www.diocesisciudadrodrigo.org\/blog3\/wp-content\/uploads\/2017\/12\/FullSizeRender-7-300x171.jpg\" alt=\"\" width=\"300\" height=\"171\" srcset=\"https:\/\/www.diocesisciudadrodrigo.org\/blog3\/wp-content\/uploads\/2017\/12\/FullSizeRender-7-300x171.jpg 300w, https:\/\/www.diocesisciudadrodrigo.org\/blog3\/wp-content\/uploads\/2017\/12\/FullSizeRender-7-768x438.jpg 768w, https:\/\/www.diocesisciudadrodrigo.org\/blog3\/wp-content\/uploads\/2017\/12\/FullSizeRender-7-800x456.jpg 800w, https:\/\/www.diocesisciudadrodrigo.org\/blog3\/wp-content\/uploads\/2017\/12\/FullSizeRender-7.jpg 2004w\" sizes=\"(max-width: 300px) 100vw, 300px\" \/><\/a><!--more--><\/p>\n<p>Mas a\u00fan: si todos y cada uno de los obispos tenemos que proclamar y celebrar el mismo Misterio <em>(LG 23, AG, 38),<\/em> de modo an\u00e1logo, lo tienen que hacer todos aquellos que participan, como colaboradores, en la misma Iglesia diocesana. As\u00ed se har\u00e1 visible que es Jesucristo mismo quien edifica, santifica y gobierna a su cuerpo y a su Pueblo <em>(PO, 2; AG 39).<\/em> De esta manera, cada presb\u00edtero no s\u00f3lo se siente corresponsable en la Iglesia donde est\u00e1 incardinado, sino corresponsable de toda y \u00fanica Iglesia cat\u00f3lica y universal <em>(PO, 10).<\/em><\/p>\n<p>Todo lo anterior comporta actitudes concretas en cada presb\u00edtero, a saber: sentir como propias las preocupaciones y urgencias pastorales de toda la Iglesia; suscitar vocaciones al sacerdocio ministerial; y acoger y socorrer a los m\u00e1s hermanos m\u00e1s necesitados. Los sacerdotes no trabajamos s\u00f3lo nuestras \u201cparcelas eclesiales-parroquiales\u201d sino que formamos parte de un todo diocesano, y edificamos \u00a0un mismo tejido eclesial amplio y universal.<\/p>\n<p>Avanzo en otro dimensi\u00f3n: la comuni\u00f3n o fraternidad sacerdotal no s\u00f3lo ayudan a hacer m\u00e1s eficaz nuestra misi\u00f3n, sino que nos ayudan a vivir la caridad pastoral. Recordamos que la santidad y santificaci\u00f3n del presb\u00edtero diocesano es el hero\u00edsmo de la caridad <em>(PO, 14). <\/em>Por todo lo anteriormente expuesto, la comuni\u00f3n y fraternidad sacerdotal, han de fortalecerse y deben crecer d\u00eda a d\u00eda. San Juan Pablo II, en el discurso a los sacerdotes de Quito (a\u00f1o 1985) subrayaba: <em>\u201cNo pod\u00e9is vivir ni actuar de forma aislada. Con la ayuda de todos los sacerdotes, diocesanos y religiosos, deb\u00e9is construir un \u00fanico presbiterio, como si fuera una verdadera familia o fraternidad sacramental; un presbiterio como lugar donde cada sacerdote encuentre todos los medios espec\u00edficos para su santificaci\u00f3n y evangelizaci\u00f3n. Vuestro presbiterio llegar\u00e1 a ser signo eficaz de santificaci\u00f3n y evangelizaci\u00f3n cuando se reproduzcan en \u00e9l las caracter\u00edsticas del Cen\u00e1culo, es decir, la oraci\u00f3n y la fraternidad apost\u00f3lica entre nosotros y con Mar\u00eda, la Madre de Jes\u00fas\u201d. <\/em>D. Antonio Ceballos repet\u00eda con raz\u00f3n: <em>\u201cvolvamos siempre al Cen\u00e1culo\u00bb. <\/em>Y me atrevo a a\u00f1adir: ser y vivir la comuni\u00f3n y fraternidad sacerdotal implican experimentar, entre nosotros, las virtudes y actitudes que nos recuerda tambi\u00e9n y con tanta claridad, de nuevo, <em>Presbiterorum Ordinis (<\/em>n. 8): la hospitalidad, la beneficencia, la comuni\u00f3n de bienes, la solidaridad con los enfermos, la ayuda a los afligidos y solitarios\u2026<\/p>\n<p>No nos enga\u00f1emos: la gracia de la comuni\u00f3n y de la fraternidad sacerdotal exigen ser cultivadas, desarrolladas y fortalecidas por una intensa vida espiritual. Es cierto que somos responsables, ante Dios, y ante el Pueblo de Dios, de nuestra propia santificaci\u00f3n, pero no lo somos menos de ayudarnos a la santificaci\u00f3n de los hermanos sacerdotes <em>(PO, 12).<\/em> El pasaje de Mt. 25, en el examen final, tambi\u00e9n se nos aplicar\u00e1 a los presb\u00edteros en cuanto presbiterio. Y esto conlleva, orar unos por otros, la pr\u00e1ctica de la correcci\u00f3n fraterna y fraternal, la ayuda en la direcci\u00f3n espiritual y en el recibir el sacramento de la reconciliaci\u00f3n y de la penitencia, los encuentros conjuntos de formaci\u00f3n y de convivencia l\u00fadica, y la ayuda concreta en aquellos oficios y encomiendas que el Obispo y la Iglesia nos ha confiado.<\/p>\n<p>Concluyo: <em>fortalecer , corregir y potenciar.<\/em> Tenemos que fortalecer todo aquello que ayude a la comuni\u00f3n y fraternidad presbiteral; tenemos que corregir lo que rompa o menoscabe dicha comuni\u00f3n y fraternidad; y tenemos que asumir y potenciar, con coraje y creatividad, las nuevas formas cotidianas y diocesanas de comuni\u00f3n y fraternidad.<\/p>\n<p>Como obispo, os pido perd\u00f3n sinceramente, por aquello que no sea ejemplo de comuni\u00f3n y de fraternidad sacerdotal, y por las veces que, sin quererlo, no me he mostrado como padre y amigo de todos y cada uno de vosotros, sin acepci\u00f3n de personas. Seguir ayud\u00e1ndome a ser obispo, particularmente en este campo de la comuni\u00f3n y fraternidad sacerdotal. Quiero decididamente ayudar a que nuestro presbiterio sea verdadero Cen\u00e1culo, familia, hogar, escuela y taller.<\/p>\n<p>En este d\u00eda, como acostumbramos a hacer siempre, tenemos un recuerdo muy especial para nuestros misioneros y para nuestros sacerdotes enfermos, algunos de gravedad, y una oraci\u00f3n muy sincera por nuestros sacerdotes difuntos. Damos gracias, por la ordenaci\u00f3n del nuevo di\u00e1cono, D. Miguel \u00c1ngel, y seguimos rogando al Dios de la llamada, que nos conceda nuevas y santas vocaciones.<\/p>\n<p>As\u00ed se lo pido al Esp\u00edritu que har\u00e1 posible, un d\u00eda m\u00e1s, la conversi\u00f3n del pan y del vino en el Cuerpo y la Sangre de Nuestro Se\u00f1or. Santa Mar\u00eda Virgen, Madre de los sacerdotes, y Santos Presb\u00edteros de Jesucristo, rogad por este Obispo y por este muy querido presbiterio <em>civitatense.<\/em><\/p>\n<p>+ Ra\u00fal, Obispo de Ciudad Rodrigo<\/p>\n","protected":false},"excerpt":{"rendered":"<p>Ra\u00fal Berzosa:\u00bbLa comuni\u00f3n o fraternidad sacerdotal no s\u00f3lo ayudan a hacer m\u00e1s eficaz nuestra misi\u00f3n, sino que nos ayudan a vivir la caridad pastoral\u00bb Querido D. Jos\u00e9, amigo y hermano obispo, muy queridos hermanos sacerdotes: Much\u00edsimas gracias, un a\u00f1o m\u00e1s, por el esfuerzo grande de acudir a esta convivencia fraternal navide\u00f1a. Navidad es tiempo de &#8230; <a title=\"Convivencia presbiteral navide\u00f1a\" class=\"read-more\" href=\"https:\/\/www.diocesisciudadrodrigo.org\/blog3\/convivencia-presbiteral-navidena\/\" aria-label=\"M\u00e1s en Convivencia presbiteral navide\u00f1a\">Leer m\u00e1s<\/a><\/p>\n","protected":false},"author":4,"featured_media":0,"comment_status":"closed","ping_status":"closed","sticky":false,"template":"","format":"standard","meta":[],"categories":[63],"tags":[],"_links":{"self":[{"href":"https:\/\/www.diocesisciudadrodrigo.org\/blog3\/wp-json\/wp\/v2\/posts\/6646"}],"collection":[{"href":"https:\/\/www.diocesisciudadrodrigo.org\/blog3\/wp-json\/wp\/v2\/posts"}],"about":[{"href":"https:\/\/www.diocesisciudadrodrigo.org\/blog3\/wp-json\/wp\/v2\/types\/post"}],"author":[{"embeddable":true,"href":"https:\/\/www.diocesisciudadrodrigo.org\/blog3\/wp-json\/wp\/v2\/users\/4"}],"replies":[{"embeddable":true,"href":"https:\/\/www.diocesisciudadrodrigo.org\/blog3\/wp-json\/wp\/v2\/comments?post=6646"}],"version-history":[{"count":1,"href":"https:\/\/www.diocesisciudadrodrigo.org\/blog3\/wp-json\/wp\/v2\/posts\/6646\/revisions"}],"predecessor-version":[{"id":6649,"href":"https:\/\/www.diocesisciudadrodrigo.org\/blog3\/wp-json\/wp\/v2\/posts\/6646\/revisions\/6649"}],"wp:attachment":[{"href":"https:\/\/www.diocesisciudadrodrigo.org\/blog3\/wp-json\/wp\/v2\/media?parent=6646"}],"wp:term":[{"taxonomy":"category","embeddable":true,"href":"https:\/\/www.diocesisciudadrodrigo.org\/blog3\/wp-json\/wp\/v2\/categories?post=6646"},{"taxonomy":"post_tag","embeddable":true,"href":"https:\/\/www.diocesisciudadrodrigo.org\/blog3\/wp-json\/wp\/v2\/tags?post=6646"}],"curies":[{"name":"wp","href":"https:\/\/api.w.org\/{rel}","templated":true}]}}