{"id":6639,"date":"2017-12-25T12:51:07","date_gmt":"2017-12-25T11:51:07","guid":{"rendered":"http:\/\/www.diocesisciudadrodrigo.org\/blog3\/?p=6639"},"modified":"2017-12-25T12:52:23","modified_gmt":"2017-12-25T11:52:23","slug":"6639","status":"publish","type":"post","link":"https:\/\/www.diocesisciudadrodrigo.org\/blog3\/6639\/","title":{"rendered":"Navidad"},"content":{"rendered":"<p><span style=\"font-size: 14pt;\"><strong><span style=\"color: #3366ff;\">Los Sembradores de Estrellas recorren las calles de Sancti Sp\u00edritus<a href=\"http:\/\/www.diocesisciudadrodrigo.org\/blog3\/wp-content\/uploads\/2017\/12\/2017-12-23-PHOTO-00000393.jpg\"><img loading=\"lazy\" class=\"alignright size-medium wp-image-6640\" src=\"http:\/\/www.diocesisciudadrodrigo.org\/blog3\/wp-content\/uploads\/2017\/12\/2017-12-23-PHOTO-00000393-225x300.jpg\" alt=\"\" width=\"225\" height=\"300\" srcset=\"https:\/\/www.diocesisciudadrodrigo.org\/blog3\/wp-content\/uploads\/2017\/12\/2017-12-23-PHOTO-00000393-225x300.jpg 225w, https:\/\/www.diocesisciudadrodrigo.org\/blog3\/wp-content\/uploads\/2017\/12\/2017-12-23-PHOTO-00000393-768x1024.jpg 768w, https:\/\/www.diocesisciudadrodrigo.org\/blog3\/wp-content\/uploads\/2017\/12\/2017-12-23-PHOTO-00000393-600x800.jpg 600w, https:\/\/www.diocesisciudadrodrigo.org\/blog3\/wp-content\/uploads\/2017\/12\/2017-12-23-PHOTO-00000393.jpg 1200w\" sizes=\"(max-width: 225px) 100vw, 225px\" \/><\/a><\/span><\/strong><\/span><\/p>\n<p>Los ni\u00f1os de catequesis de Sancti Sp\u00edritus han participado en la celebradi\u00f3n de &#8216;Sembradores de Estrellas&#8217; acompa\u00f1ados de us catequistas, madres, p\u00e1rroco y otras personas de la parroquia.<\/p>\n<p>Tras una celebraci\u00f3n en la Iglesia recorrieron el pueblo cantando villancicos y felicitando estas fiestas. Terminaron en la Plaza Mayor donde se unieron a la inauguraci\u00f3n de la decoraci\u00f3n navide\u00f1a. Tambi\u00e9n estuvieron acompa\u00f1ados por voluntarios de la Delegaci\u00f3n de Misiones de la di\u00f3cesis.<\/p>\n<p><a href=\"http:\/\/www.diocesisciudadrodrigo.org\/blog3\/wp-content\/uploads\/2017\/12\/2017-12-23-PHOTO-00000397-1.jpg\"><img loading=\"lazy\" class=\"alignleft size-medium wp-image-6641\" src=\"http:\/\/www.diocesisciudadrodrigo.org\/blog3\/wp-content\/uploads\/2017\/12\/2017-12-23-PHOTO-00000397-1-225x300.jpg\" alt=\"\" width=\"225\" height=\"300\" srcset=\"https:\/\/www.diocesisciudadrodrigo.org\/blog3\/wp-content\/uploads\/2017\/12\/2017-12-23-PHOTO-00000397-1-225x300.jpg 225w, https:\/\/www.diocesisciudadrodrigo.org\/blog3\/wp-content\/uploads\/2017\/12\/2017-12-23-PHOTO-00000397-1-768x1024.jpg 768w, https:\/\/www.diocesisciudadrodrigo.org\/blog3\/wp-content\/uploads\/2017\/12\/2017-12-23-PHOTO-00000397-1-600x800.jpg 600w, https:\/\/www.diocesisciudadrodrigo.org\/blog3\/wp-content\/uploads\/2017\/12\/2017-12-23-PHOTO-00000397-1.jpg 1200w\" sizes=\"(max-width: 225px) 100vw, 225px\" \/><\/a><a href=\"http:\/\/www.diocesisciudadrodrigo.org\/blog3\/wp-content\/uploads\/2017\/12\/2017-12-23-PHOTO-00000395.jpg\"><img loading=\"lazy\" class=\"alignleft size-medium wp-image-6642\" src=\"http:\/\/www.diocesisciudadrodrigo.org\/blog3\/wp-content\/uploads\/2017\/12\/2017-12-23-PHOTO-00000395-225x300.jpg\" alt=\"\" width=\"225\" height=\"300\" srcset=\"https:\/\/www.diocesisciudadrodrigo.org\/blog3\/wp-content\/uploads\/2017\/12\/2017-12-23-PHOTO-00000395-225x300.jpg 225w, https:\/\/www.diocesisciudadrodrigo.org\/blog3\/wp-content\/uploads\/2017\/12\/2017-12-23-PHOTO-00000395-768x1024.jpg 768w, https:\/\/www.diocesisciudadrodrigo.org\/blog3\/wp-content\/uploads\/2017\/12\/2017-12-23-PHOTO-00000395-600x800.jpg 600w, https:\/\/www.diocesisciudadrodrigo.org\/blog3\/wp-content\/uploads\/2017\/12\/2017-12-23-PHOTO-00000395.jpg 1200w\" sizes=\"(max-width: 225px) 100vw, 225px\" \/><\/a><\/p>\n","protected":false},"excerpt":{"rendered":"<p>Los Sembradores de Estrellas recorren las calles de Sancti Sp\u00edritus Los ni\u00f1os de catequesis de Sancti Sp\u00edritus han participado en la celebradi\u00f3n de &#8216;Sembradores de Estrellas&#8217; acompa\u00f1ados de us catequistas, madres, p\u00e1rroco y otras personas de la parroquia. Tras una celebraci\u00f3n en la Iglesia recorrieron el pueblo cantando villancicos y felicitando estas fiestas. Terminaron en &#8230; <a title=\"Navidad\" class=\"read-more\" href=\"https:\/\/www.diocesisciudadrodrigo.org\/blog3\/6639\/\" aria-label=\"M\u00e1s en Navidad\">Leer m\u00e1s<\/a><\/p>\n","protected":false},"author":4,"featured_media":0,"comment_status":"closed","ping_status":"closed","sticky":false,"template":"","format":"standard","meta":[],"categories":[3],"tags":[],"_links":{"self":[{"href":"https:\/\/www.diocesisciudadrodrigo.org\/blog3\/wp-json\/wp\/v2\/posts\/6639"}],"collection":[{"href":"https:\/\/www.diocesisciudadrodrigo.org\/blog3\/wp-json\/wp\/v2\/posts"}],"about":[{"href":"https:\/\/www.diocesisciudadrodrigo.org\/blog3\/wp-json\/wp\/v2\/types\/post"}],"author":[{"embeddable":true,"href":"https:\/\/www.diocesisciudadrodrigo.org\/blog3\/wp-json\/wp\/v2\/users\/4"}],"replies":[{"embeddable":true,"href":"https:\/\/www.diocesisciudadrodrigo.org\/blog3\/wp-json\/wp\/v2\/comments?post=6639"}],"version-history":[{"count":2,"href":"https:\/\/www.diocesisciudadrodrigo.org\/blog3\/wp-json\/wp\/v2\/posts\/6639\/revisions"}],"predecessor-version":[{"id":6644,"href":"https:\/\/www.diocesisciudadrodrigo.org\/blog3\/wp-json\/wp\/v2\/posts\/6639\/revisions\/6644"}],"wp:attachment":[{"href":"https:\/\/www.diocesisciudadrodrigo.org\/blog3\/wp-json\/wp\/v2\/media?parent=6639"}],"wp:term":[{"taxonomy":"category","embeddable":true,"href":"https:\/\/www.diocesisciudadrodrigo.org\/blog3\/wp-json\/wp\/v2\/categories?post=6639"},{"taxonomy":"post_tag","embeddable":true,"href":"https:\/\/www.diocesisciudadrodrigo.org\/blog3\/wp-json\/wp\/v2\/tags?post=6639"}],"curies":[{"name":"wp","href":"https:\/\/api.w.org\/{rel}","templated":true}]}}