{"id":6369,"date":"2017-12-03T21:20:49","date_gmt":"2017-12-03T20:20:49","guid":{"rendered":"http:\/\/www.diocesisciudadrodrigo.org\/blog3\/?p=6369"},"modified":"2017-12-03T21:23:50","modified_gmt":"2017-12-03T20:23:50","slug":"primera-semana-de-adviento","status":"publish","type":"post","link":"https:\/\/www.diocesisciudadrodrigo.org\/blog3\/primera-semana-de-adviento\/","title":{"rendered":"Primera semana de Adviento"},"content":{"rendered":"<p><span style=\"font-size: 14pt; color: #3366ff;\"><strong>Pastoral para el Adviento<\/strong><\/span><\/p>\n<p>En el marco de Adviento desde la la Delegaci\u00f3n de Catequesis plantean estas sugerencias pastorales que est\u00e1n concebidas como celebraciones, Eucar\u00edsticas o no, que pueden celebrarse cualquier d\u00eda de la semana. Siguen este itinerario: VER &#8211; ESCUCHAR &#8211; MOVERSE &#8211; ENCUENTRO Y ACCI\u00d3N DE GRACIAS.<\/p>\n<p><strong>Ver y escuchar al \u00e1ngel. &#8216;Las gafas del amor&#8217;<\/strong><\/p>\n<h1><span style=\"font-size: 12pt;\">1. Entrada<\/span><\/h1>\n<p>Buenos d\u00edas y bienvenidos a esta peque\u00f1a celebraci\u00f3n. Hemos venido aqu\u00ed en grupo, nos conocemos, nos vemos y nos hablamos, compartimos (catequesis, colegio, deportes Normal, no es ning\u00fan secreto. Pero a lo mejor, s\u00ed es un secreto que entre nosotros hay alguien aqu\u00ed que nos acompa\u00f1a (Mueve y mueven la cabeza buscando con la vista). \u00bfLo veis7 \u00bfs\u00ed, no? &#8230; (Pueden decir Jes\u00fas o no saber qu\u00e9 decir). iClaro! Se trata de Jes\u00fas&#8230; Pero unas veces lo vemos y\u00a0sabemos que est\u00e1 con nosotros, y otras veces no&#8230; (Sale un ni\u00f1o con un cartel con el texto de Juan)<\/p>\n<p>\u00abDentro de poco ya no me ver\u00e9is, pero dentro de otro poco me volver\u00e9is a ver\u00bb. Entonces comentaron algunos: \u00bfQu\u00e9 significa \u00abdentro de poco ya no me ver\u00e9is, pero dentro de otro poco me volver\u00e9is a ver?\u00bb\u00bb ( Jn 16,16-17)<\/p>\n<p>A ver&#8230; \u00bfqu\u00e9 dice este cartel&#8230; ? \u00bfQui\u00e9n sabe explicarlo?&#8230; (Di\u00e1logo sobre el verle y no verle. Luego se coloca el cartel en lugar c\u00e9ntrico para que se pueda leer bien).<\/p>\n<h1><span style=\"font-size: 12pt;\">2. Ejercicio de ver a Jes\u00fas presente<\/span><\/h1>\n<p>Os voy a pedir a todos que, al comenzar esta celebraci\u00f3n, hagamos un esfuerzo por ver a Jes\u00fas aqu\u00ed, presente entre nosotros. No est\u00e1 arriba ni abajo, ni dentro ni fuera. Est\u00e1 en todo y en todos de manera misteriosa. Nos lo prometi\u00f3. Es tiempo de \u00abverle\u00bb de manera misteriosa pero real. Nos colocamos bien sentados y relajados&#8230; cerramos los ojos&#8230; intentamos verle con los ojos del coraz\u00f3n&#8230; (Momento de silencio)&#8230; Abrimos los ojos y sin movernos intentamos verle y sentirle presente de nuevo en todo y en todos&#8230; (Momento de silencio). .. No s\u00e9 en cu\u00e1l de los dos momentos estamos cada uno de nosotros, en el de \u00abme ver\u00e9is\u00bb o en el de \u00abno me ver\u00e9is\u00bb. La vida es as\u00ed: unas veces vemos y otras no vemos a Jes\u00fas presente en nuestra vida. Os voy a presentar dos escenas: en una de ella habla Jes\u00fas. En la otra habla otro personaje. (Las escenas pueden ser le\u00eddas o representadas, cada una de ellas en un extremo).<!--more--><\/p>\n<table>\n<tbody>\n<tr>\n<td width=\"507\">Primera escena:<\/p>\n<p>\u00abVelad entonces, pues no sab\u00e9is cu\u00e1ndo vendr\u00e1 el due\u00f1o de la casa, si al atardecer, o a medianoche, o al canto del gallo, o al amanecer; no sea que venga inesperadamente y os encuentre dormidos. Lo que os digo a vosotros lo digo a todos: velad!\u00bb (Mc 13, 35-37)<\/p>\n<p>Segunda escena<\/p>\n<p>\u00abOs anuncio una buena noticia que ser\u00e1 de gran alegr\u00eda para todo el pueblo. Hoy, en la ciudad de David, os ha nacido un Salvador,&#8230; Y aqu\u00ed ten\u00e9is la se\u00f1al: Ver\u00e9is a un ni\u00f1o envuelto en pa\u00f1ales. (LC 2, 10-13)<\/td>\n<\/tr>\n<\/tbody>\n<\/table>\n<h1><span style=\"font-size: 12pt;\">3. Di\u00e1logo<\/span><\/h1>\n<ul>\n<li>\u00bfQui\u00e9n habla en cada escena?<\/li>\n<li>\u00bfEn qu\u00e9 se parecen las dos escenas?<\/li>\n<li>(En la primera habla Jes\u00fas y en la segunda el \u00e1ngel. Se parecen en que en las dos ocasiones est\u00e1n atentos para verle y escucharle. El sirviente de la casa y los pastores est\u00e1n velando y ven llegar al due\u00f1o y al \u00e1ngel. i Velar para ver y encontrar a Jes\u00fas! iHay que estar atentos y vigilantes para verle y encontrarle! h est\u00e1, viene, pero&#8230; muchas veces pasamos de largo sin verle ni escucharle).\n<ul>\n<li>Hay dos tipos de \u00e1ngeles: Unos son \u00ab\u00e1ngeles con alas\u00bb, como el de los pastores de Bel\u00e9n. Lo representamos con alas, y conocemos su mensaje porque nos lo cuenta la Biblia. \u00bfCu\u00e1l es el mensaje del \u00e1ngel de los pastores?&#8230; (Ense\u00f1ar la imagen del \u00e1ngel con alas, o una simple cartulina con la palabra PAZ)<\/li>\n<\/ul>\n<p>NOTA: Puede pedirse el Power Point con las im\u00e1genes y el di\u00e1logo a la direcci\u00f3n de la revista: jlsabo@salterrae.es<\/p>\n<ul>\n<li>Otros son \u00ab\u00e1ngeles con vaqueros\u00bb, es decir, cualquier persona puede ser un \u00e1ngel, un enviado de Dios. (Ense\u00f1ar la imagen del \u00e1ngel con vaqueros, o una simple cartulina en blanco) \u00bfCu\u00e1l es el mensaje del \u00e1ngel con vaqueros? iPara leer y conocer su mensaje, necesitamos unas gafas especiales! \u00bfQu\u00e9 gafas necesitamos? (Las gafas del amor)\n<ul>\n<li>Estamos en Adviento, tiempo de velar como los pastores, tiempo de escuchar la voz del \u00e1ngel para poder ir al \u00abportal\u00bb. Tiempo de ver los \u00ab\u00e1ngeles con vaqueros\u00bb, es decir cualquier persona que nos rodea, y leer en ellos su mensaje. (Varios ni\u00f1os se colocan de frente sujetando cartulinas en blanco)<\/li>\n<li>\u00bfQu\u00e9 mensaje nos pueden estar transmitiendo esta personas sin palabras? O, dicho de otra manera, \u00bfcu\u00e1ndo tenemos esas gafas especiales para ver y escuchar mensajes que otros no ven ni escuchan?<\/li>\n<\/ul>\n<\/li>\n<li>(Di\u00e1logo con ejemplos: un compa\u00f1ero solitario,. etc.)&nbsp;<br \/>\n<h1><span style=\"font-size: 12pt;\">4. Oraci\u00f3n en silencio<\/span><\/h1>\n<p>Ahora, procuramos colocarnos en postura relajada, para rezar en silencio ante esta cartulina en blanco. Esta cartulina en blanco es el signo de la primera semana de Adviento. Tenemos que descubrir su contenido. Si miramos con las gafas del amor, no est\u00e1 vac\u00eda, sino llena de vida, de personas y de situaciones, que hay que aprender a descubrir. (Se invita a mirarla fijamente en silencio y a decir lo que ven cuando vean algo: \u00abyo veo gente pasando hambre\u00bb; \u00abyo veo un ni\u00f1o llorando por miedo\u00bb; etc. Posiblemente necesiten un poco de ayuda, aunque los ni\u00f1os suelen ser muy imaginativos)<\/p>\n<p>&#8211; Muy bien: estamos viendo una realidad con los ojos del amor, y estamos escuchando su mensaje. \u00bfQu\u00e9 mensaje nos est\u00e1n transmitiendo? (Se invita a seguir mirando y escuchar mensajes y llamadas: \u00abay\u00fadame\u00bb no pases de largo\u00bb&#8230; etc.)<\/li>\n<li>\n<h1><span style=\"font-size: 12pt;\">5. Lectura de peticiones (con pausas) Ens\u00e9\u00f1anos a mirar con las gafas del amor<\/span><\/h1>\n<p>Ens\u00e9\u00f1anos a ver como T\u00fa<\/p>\n<p>Ens\u00e9\u00f1anos a no pasar de largo<\/p>\n<p>Ens\u00e9\u00f1anos a ponernos en el lugar del otro<\/p>\n<p>Ens\u00e9\u00f1anos a romper las barreras que nos impiden ver<\/p>\n<p>Ens\u00e9\u00f1anos a no cerrarnos en nuestro ego\u00edsmo<\/p>\n<p>Ens\u00e9\u00f1anos a leer con el coraz\u00f3n<\/p>\n<p>Ens\u00e9\u00f1anos a escucharte, verte y seguirte.<\/p>\n<h1><span style=\"font-size: 12pt;\">6. Entrega de signo y despedida<\/span><\/h1>\n<p>Para finalizar la celebraci\u00f3n, os entregamos un signo: una pegatina con las gafas del amor, para que nos recuerde que esta semana nos vamos a esforzar en \u00absaber mirar la realidad\u00bb (Seg\u00fan la edad y la ocasi\u00f3n, se puede invitar a pegarla en una ficha, para apuntar las veces que se ha mirado con las gafas del amora lo largo de la semana).<\/li>\n<\/ul>\n<\/li>\n<\/ul>\n","protected":false},"excerpt":{"rendered":"<p>Pastoral para el Adviento En el marco de Adviento desde la la Delegaci\u00f3n de Catequesis plantean estas sugerencias pastorales que est\u00e1n concebidas como celebraciones, Eucar\u00edsticas o no, que pueden celebrarse cualquier d\u00eda de la semana. Siguen este itinerario: VER &#8211; ESCUCHAR &#8211; MOVERSE &#8211; ENCUENTRO Y ACCI\u00d3N DE GRACIAS. Ver y escuchar al \u00e1ngel. &#8216;Las &#8230; <a title=\"Primera semana de Adviento\" class=\"read-more\" href=\"https:\/\/www.diocesisciudadrodrigo.org\/blog3\/primera-semana-de-adviento\/\" aria-label=\"M\u00e1s en Primera semana de Adviento\">Leer m\u00e1s<\/a><\/p>\n","protected":false},"author":4,"featured_media":0,"comment_status":"closed","ping_status":"closed","sticky":false,"template":"","format":"standard","meta":[],"categories":[3],"tags":[],"_links":{"self":[{"href":"https:\/\/www.diocesisciudadrodrigo.org\/blog3\/wp-json\/wp\/v2\/posts\/6369"}],"collection":[{"href":"https:\/\/www.diocesisciudadrodrigo.org\/blog3\/wp-json\/wp\/v2\/posts"}],"about":[{"href":"https:\/\/www.diocesisciudadrodrigo.org\/blog3\/wp-json\/wp\/v2\/types\/post"}],"author":[{"embeddable":true,"href":"https:\/\/www.diocesisciudadrodrigo.org\/blog3\/wp-json\/wp\/v2\/users\/4"}],"replies":[{"embeddable":true,"href":"https:\/\/www.diocesisciudadrodrigo.org\/blog3\/wp-json\/wp\/v2\/comments?post=6369"}],"version-history":[{"count":3,"href":"https:\/\/www.diocesisciudadrodrigo.org\/blog3\/wp-json\/wp\/v2\/posts\/6369\/revisions"}],"predecessor-version":[{"id":6372,"href":"https:\/\/www.diocesisciudadrodrigo.org\/blog3\/wp-json\/wp\/v2\/posts\/6369\/revisions\/6372"}],"wp:attachment":[{"href":"https:\/\/www.diocesisciudadrodrigo.org\/blog3\/wp-json\/wp\/v2\/media?parent=6369"}],"wp:term":[{"taxonomy":"category","embeddable":true,"href":"https:\/\/www.diocesisciudadrodrigo.org\/blog3\/wp-json\/wp\/v2\/categories?post=6369"},{"taxonomy":"post_tag","embeddable":true,"href":"https:\/\/www.diocesisciudadrodrigo.org\/blog3\/wp-json\/wp\/v2\/tags?post=6369"}],"curies":[{"name":"wp","href":"https:\/\/api.w.org\/{rel}","templated":true}]}}