{"id":6358,"date":"2017-12-03T17:25:26","date_gmt":"2017-12-03T16:25:26","guid":{"rendered":"http:\/\/www.diocesisciudadrodrigo.org\/blog3\/?p=6358"},"modified":"2017-12-03T17:25:26","modified_gmt":"2017-12-03T16:25:26","slug":"consejo-presbiteral","status":"publish","type":"post","link":"https:\/\/www.diocesisciudadrodrigo.org\/blog3\/consejo-presbiteral\/","title":{"rendered":"Consejo Presbiteral"},"content":{"rendered":"<p><span style=\"font-size: 14pt;\"><strong><span style=\"color: #3366ff;\">Aprobado la revisi\u00f3n del directorio sobre la iniciaci\u00f3n cristiana<\/span><\/strong><\/span><\/p>\n<p>La \u00faltima reuni\u00f3n del Consejo Presbiteral de la di\u00f3cesis de Ciudad Rodrigo ha servido para aprobar la revisi\u00f3n del directorio sobre la iniciaci\u00f3n cristiana. A lo largo del pasado curso se hab\u00eda estudiado y llegado el momento, pas\u00f3 al Consejo Pastoral y las conclusiones a los grupos presbiterales. Finalmente, el \u00faltimo paso es el Consejo Presbiteral para su votaci\u00f3n y aprobaci\u00f3n.<\/p>\n<figure id=\"attachment_6359\" aria-describedby=\"caption-attachment-6359\" style=\"width: 290px\" class=\"wp-caption alignright\"><a href=\"http:\/\/www.diocesisciudadrodrigo.org\/blog3\/wp-content\/uploads\/2017\/12\/2017-12-03-PHOTO-00000881-1.jpg\"><img loading=\"lazy\" class=\"size-medium wp-image-6359\" src=\"http:\/\/www.diocesisciudadrodrigo.org\/blog3\/wp-content\/uploads\/2017\/12\/2017-12-03-PHOTO-00000881-1-300x169.jpg\" alt=\"\" width=\"300\" height=\"169\" srcset=\"https:\/\/www.diocesisciudadrodrigo.org\/blog3\/wp-content\/uploads\/2017\/12\/2017-12-03-PHOTO-00000881-1-300x169.jpg 300w, https:\/\/www.diocesisciudadrodrigo.org\/blog3\/wp-content\/uploads\/2017\/12\/2017-12-03-PHOTO-00000881-1-768x432.jpg 768w, https:\/\/www.diocesisciudadrodrigo.org\/blog3\/wp-content\/uploads\/2017\/12\/2017-12-03-PHOTO-00000881-1-800x450.jpg 800w, https:\/\/www.diocesisciudadrodrigo.org\/blog3\/wp-content\/uploads\/2017\/12\/2017-12-03-PHOTO-00000881-1.jpg 1552w\" sizes=\"(max-width: 300px) 100vw, 300px\" \/><\/a><figcaption id=\"caption-attachment-6359\" class=\"wp-caption-text\">Celebraci\u00f3n del Consejo Presbiteral.<\/figcaption><\/figure>\n","protected":false},"excerpt":{"rendered":"<p>Aprobado la revisi\u00f3n del directorio sobre la iniciaci\u00f3n cristiana La \u00faltima reuni\u00f3n del Consejo Presbiteral de la di\u00f3cesis de Ciudad Rodrigo ha servido para aprobar la revisi\u00f3n del directorio sobre la iniciaci\u00f3n cristiana. A lo largo del pasado curso se hab\u00eda estudiado y llegado el momento, pas\u00f3 al Consejo Pastoral y las conclusiones a los &#8230; <a title=\"Consejo Presbiteral\" class=\"read-more\" href=\"https:\/\/www.diocesisciudadrodrigo.org\/blog3\/consejo-presbiteral\/\" aria-label=\"M\u00e1s en Consejo Presbiteral\">Leer m\u00e1s<\/a><\/p>\n","protected":false},"author":4,"featured_media":0,"comment_status":"closed","ping_status":"closed","sticky":false,"template":"","format":"standard","meta":[],"categories":[3],"tags":[],"_links":{"self":[{"href":"https:\/\/www.diocesisciudadrodrigo.org\/blog3\/wp-json\/wp\/v2\/posts\/6358"}],"collection":[{"href":"https:\/\/www.diocesisciudadrodrigo.org\/blog3\/wp-json\/wp\/v2\/posts"}],"about":[{"href":"https:\/\/www.diocesisciudadrodrigo.org\/blog3\/wp-json\/wp\/v2\/types\/post"}],"author":[{"embeddable":true,"href":"https:\/\/www.diocesisciudadrodrigo.org\/blog3\/wp-json\/wp\/v2\/users\/4"}],"replies":[{"embeddable":true,"href":"https:\/\/www.diocesisciudadrodrigo.org\/blog3\/wp-json\/wp\/v2\/comments?post=6358"}],"version-history":[{"count":1,"href":"https:\/\/www.diocesisciudadrodrigo.org\/blog3\/wp-json\/wp\/v2\/posts\/6358\/revisions"}],"predecessor-version":[{"id":6360,"href":"https:\/\/www.diocesisciudadrodrigo.org\/blog3\/wp-json\/wp\/v2\/posts\/6358\/revisions\/6360"}],"wp:attachment":[{"href":"https:\/\/www.diocesisciudadrodrigo.org\/blog3\/wp-json\/wp\/v2\/media?parent=6358"}],"wp:term":[{"taxonomy":"category","embeddable":true,"href":"https:\/\/www.diocesisciudadrodrigo.org\/blog3\/wp-json\/wp\/v2\/categories?post=6358"},{"taxonomy":"post_tag","embeddable":true,"href":"https:\/\/www.diocesisciudadrodrigo.org\/blog3\/wp-json\/wp\/v2\/tags?post=6358"}],"curies":[{"name":"wp","href":"https:\/\/api.w.org\/{rel}","templated":true}]}}