{"id":6344,"date":"2017-11-27T18:44:00","date_gmt":"2017-11-27T17:44:00","guid":{"rendered":"http:\/\/www.diocesisciudadrodrigo.org\/blog3\/?p=6344"},"modified":"2017-11-27T21:28:33","modified_gmt":"2017-11-27T20:28:33","slug":"conmemoracion-de-la-virgen-de-la-medalla-milagrosa","status":"publish","type":"post","link":"https:\/\/www.diocesisciudadrodrigo.org\/blog3\/conmemoracion-de-la-virgen-de-la-medalla-milagrosa\/","title":{"rendered":"Conmemoraci\u00f3n de la Virgen de la Medalla Milagrosa"},"content":{"rendered":"<figure id=\"attachment_6352\" aria-describedby=\"caption-attachment-6352\" style=\"width: 290px\" class=\"wp-caption alignleft\"><a href=\"http:\/\/www.diocesisciudadrodrigo.org\/blog3\/wp-content\/uploads\/2017\/11\/2017-11-27-PHOTO-00001011.jpg\"><img loading=\"lazy\" class=\"size-medium wp-image-6352\" src=\"http:\/\/www.diocesisciudadrodrigo.org\/blog3\/wp-content\/uploads\/2017\/11\/2017-11-27-PHOTO-00001011-300x200.jpg\" alt=\"\" width=\"300\" height=\"200\" srcset=\"https:\/\/www.diocesisciudadrodrigo.org\/blog3\/wp-content\/uploads\/2017\/11\/2017-11-27-PHOTO-00001011-300x200.jpg 300w, https:\/\/www.diocesisciudadrodrigo.org\/blog3\/wp-content\/uploads\/2017\/11\/2017-11-27-PHOTO-00001011-768x512.jpg 768w, https:\/\/www.diocesisciudadrodrigo.org\/blog3\/wp-content\/uploads\/2017\/11\/2017-11-27-PHOTO-00001011-800x533.jpg 800w, https:\/\/www.diocesisciudadrodrigo.org\/blog3\/wp-content\/uploads\/2017\/11\/2017-11-27-PHOTO-00001011.jpg 1200w\" sizes=\"(max-width: 300px) 100vw, 300px\" \/><\/a><figcaption id=\"caption-attachment-6352\" class=\"wp-caption-text\">Inicio de la celebraci\u00f3n en la residencia.<\/figcaption><\/figure>\n<p><span style=\"color: #3366ff; font-size: 14pt;\"><strong>Ra\u00fal Berzosa: \u00abEl misterio mariano queda incre\u00edblemente plasmado en la medalla\u00bb<\/strong><\/span><\/p>\n<p>Queridos hermanos sacerdotes, queridas Hijas de la Caridad, queridos Residentes, trabajadores y familiares:<\/p>\n<p>Hoy recordamos las apariciones de la Virgen Mar\u00eda a Santa Catalina Labour\u00e9, acontecidas el 27 de noviembre de 1830, en Par\u00eds, en la capilla de la casa madre de la Hijas de la Caridad. Esta aparici\u00f3n dio origen a la Medalla Milagrosa, cuya fiesta fue instituida por Le\u00f3n XIII, en 1894.<\/p>\n<p>\u00bfC\u00f3mo fue la historia de las apariciones?&#8230;<em> &#8211; <\/em>Catalina,\u00a0 estaba en oraci\u00f3n y ve la aparici\u00f3n de la Virgen en un sill\u00f3n. La entonces novicia de las Hijas de la Caridad <em>\u00abse arrodilla sobre las gradas del altar, con las manos apoyadas en las rodillas de la Virgen\u00bb, <\/em>\u00a0y Mar\u00eda abri\u00f3 su coraz\u00f3n angustiado a Catalina, justamente una semana antes del inicio de la revoluci\u00f3n que padece Francia en el mes de julio, donde se atac\u00f3 a la Iglesia, se destruyeronn varios seminarios, se persigui\u00f3 a las \u00f3rdenes religiosas, se saquearon iglesias y el mismo palacio arzobispal.<\/p>\n<p>Catalina conf\u00eda a su confesor esta visi\u00f3n y guarda silencio. El 27 de noviembre de 1830, en la oraci\u00f3n de la tarde, ve una especie de medalla en movimiento con la Virgen Mar\u00eda en el anverso y una serie de signos en el reverso.<\/p>\n<p>\u00bfQu\u00e9 vio Catalina en el anverso y en el reverso de la medalla?&#8230; &#8211; Seg\u00fan sus escritos, la Sant\u00edsima Virgen llevaba un vestido liso de seda blanco-aurora sin costura; un velo blanco que le cubr\u00eda la cabeza y le descend\u00eda por ambos lados hasta los pies; sobre su cabello liso, una especie de pa\u00f1oleta terminada en un peque\u00f1o encaje aproximadamente de dos dedos de ancho. Ten\u00eda el rostro bastante descubierto y sus ojos tan pronto se elevaban al cielo como miraban a la tierra; en sus manos elevadas a la altura del est\u00f3mago de una manera muy natural llevaba una esfera o globo, con una crucecita de oro encima, que representaba al mundo, ofrecido por ella a Nuestro Se\u00f1or, y sus pies se apoyaban en la mitad de otro globo sobre la cabeza de una serpiente de color verdoso con manchas amarillas (&#8230;) De pronto, los dedos de aquellas manos que sosten\u00edan y ofrec\u00edan al mundo se llenaron de anillos y piedras preciosas, de las que sal\u00edan rayos de luz, siempre extendi\u00e9ndose hasta llenar la parte baja, de modo que ya no se pod\u00edan ver sus pies; en lo alto del cuadro, un poco ovalado, hab\u00eda estas palabras: \u201c<em>Oh Mar\u00eda, sin pecado concebida, ruega por nosotros que recurrimos a Vos\u201d. <\/em>Al mismo tiempo, Catalina escuch\u00f3 tambi\u00e9n: <em>\u00abEste globo que ves representa al mundo entero y a cada persona en particular; estos rayos de luz son el s\u00edmbolo de las gracias que distribuyo a las personas que me las piden\u00bb.<\/em><!--more--><\/p>\n<p>Despu\u00e9s el cuadro dio la vuelta. Catalina vio el reverso, pero no supo describirlo, hasta que, un d\u00eda, en la meditaci\u00f3n, oy\u00f3 una voz que le dec\u00eda: <sup>\u00ab<\/sup><em>La letra M y los dos corazones dicen lo suficiente\u00bb. <\/em>Lo comunica a su confesor, el padre Aladel, y, con su ayuda, descubre los elementos del reverso de la medalla: arriba el signo m\u00e1s importante, la cruz, como naciendo de la letra M e \u00edntimamente entrelazado con ella. Debajo los dos corazones, unidos por los signos del amor: espinas, espada y llamas. Y en torno las doce estrellas del Apocalipsis. Catalina tambi\u00e9n escucha una voz que le dec\u00eda: \u201c<em>Di que acu\u00f1en una medalla seg\u00fan este modelo: todas las personas que la lleven recibir\u00e1n grandes gracias\u201d. <\/em>De esta forma nace, la conocida en todo el mundo, como Medalla Milagrosa.<\/p>\n<p>\u00bfC\u00f3mo entender el mensaje profundo de la Medalla?&#8230; \u2013 En verdad es todo un tratado de mariolog\u00eda. El misterio mariano queda incre\u00edblemente plasmado en la medalla. Vemos en el anverso su mediaci\u00f3n, su realeza, su inmaculada concepci\u00f3n. Vemos en el reverso su maternidad divina, su \u00edntima uni\u00f3n con el Hijo, su cooperaci\u00f3n a la redenci\u00f3n, su maternidad espiritual, su calidad de miembro-modelo-madre de la Iglesia, y hasta su asunci\u00f3n&#8230;<\/p>\n<p>Un resumen del contenido doctrinal de la Medalla Milagrosa puede ser \u00e9ste: por una parte se expresa el papel de Mar\u00eda en el conjunto de la historia de salvaci\u00f3n, desde el principio \u2013expresado en el G\u00e9nesis\u2013 hasta el final \u2013visto en el Apocalipsis\u2013. Contemplamos el proto-Evangelio: la mujer que manifiesta su victoria sobre la serpiente, es decir, sobre el mal que es victoria ante todo de Jesucristo, pero tambi\u00e9n de Mar\u00eda. Las doce estrellas, simbolizan las doce tribus de Israel y la Iglesia. El todo de la medalla nos muestra la \u00edntima uni\u00f3n con Jesucristo. Por eso, nadie como ella ha gozado de los grandes privilegios como son el de la Inmaculada, el ser intercesora de todas las gracias, el ser corredentora y, sobre todo, ser Madre natural de Jesucristo y madre espiritual de todos los hombres.<\/p>\n<p>\u00bfPor qu\u00e9 se llama Medalla Milagrosa?&#8230; &#8211; El nombre de \u00abMilagrosa\u00bb lo dio el pueblo a la misma medalla. Fueron las personas necesitadas, los pobres, los que la llamaron Medalla Milagrosa. Ellos se fiaron del lema que la adorna: <em>\u00abOh Mar\u00eda&#8230;, ruega por nosotros que recurrimos a Vos<sup>\u00bb<\/sup>. <\/em>Antes de la muerte de sor Catalina, el 31 de diciembre de 1876, se hab\u00edan distribuido por todo el mundo m\u00e1s de mil millones de medallas.<\/p>\n<p><em>\u00bfQu\u00e9 nos pide hoy la Virgen Milagrosa?&#8230; \u2013 <\/em>Poner en pr\u00e1ctica las tres verdaderas actitudes de una verdadera devoci\u00f3n:<em> conocimiento, amor e imitaci\u00f3n. Conocimiento: <\/em>porque lo que no se conoce no se ama. <em>Amor: <\/em>que es e\u00f1 coraz\u00f3n de toda devoci\u00f3n. E <em>Imitaci\u00f3n: <\/em>de las virtudes de la Virgen, principalmente Fe, Esperanza y Caridad.<\/p>\n<p>Como <em>modelo de fe, la Virgen <\/em>acoge la palabra de Dios, la custodia en su coraz\u00f3n, y le sirve de Luz y Gu\u00eda en su vida.<\/p>\n<p>Como <em>modelo de esperanza, <\/em>Mar\u00eda es imagen y adelanto de nuestra vida futura, glorificada y plenificada, en el cielo.<\/p>\n<p>Como <em>modelo de amor a <\/em>Jes\u00fas, Mar\u00eda se identific\u00f3 totalmente con \u00c9l, desde el momento de su concepci\u00f3n hasta que expir\u00f3 en la Cruz.<\/p>\n<p>Nada m\u00e1s. Ante tanta maravilla, mirando a la Virgen Milagrosa, s\u00f3lo podemos exclamar y repetir, una y mil veces: <em>\u201c\u00a1Oh Mar\u00eda sin pecado concebida!, rogad por nosotros que recurrimos a Vos\u201d.<\/em><\/p>\n<p>+ Ra\u00fal, Obispo de Ciudad Rodrigo<\/p>\n","protected":false},"excerpt":{"rendered":"<p>Ra\u00fal Berzosa: \u00abEl misterio mariano queda incre\u00edblemente plasmado en la medalla\u00bb Queridos hermanos sacerdotes, queridas Hijas de la Caridad, queridos Residentes, trabajadores y familiares: Hoy recordamos las apariciones de la Virgen Mar\u00eda a Santa Catalina Labour\u00e9, acontecidas el 27 de noviembre de 1830, en Par\u00eds, en la capilla de la casa madre de la Hijas &#8230; <a title=\"Conmemoraci\u00f3n de la Virgen de la Medalla Milagrosa\" class=\"read-more\" href=\"https:\/\/www.diocesisciudadrodrigo.org\/blog3\/conmemoracion-de-la-virgen-de-la-medalla-milagrosa\/\" aria-label=\"M\u00e1s en Conmemoraci\u00f3n de la Virgen de la Medalla Milagrosa\">Leer m\u00e1s<\/a><\/p>\n","protected":false},"author":4,"featured_media":0,"comment_status":"closed","ping_status":"closed","sticky":false,"template":"","format":"standard","meta":[],"categories":[63],"tags":[],"_links":{"self":[{"href":"https:\/\/www.diocesisciudadrodrigo.org\/blog3\/wp-json\/wp\/v2\/posts\/6344"}],"collection":[{"href":"https:\/\/www.diocesisciudadrodrigo.org\/blog3\/wp-json\/wp\/v2\/posts"}],"about":[{"href":"https:\/\/www.diocesisciudadrodrigo.org\/blog3\/wp-json\/wp\/v2\/types\/post"}],"author":[{"embeddable":true,"href":"https:\/\/www.diocesisciudadrodrigo.org\/blog3\/wp-json\/wp\/v2\/users\/4"}],"replies":[{"embeddable":true,"href":"https:\/\/www.diocesisciudadrodrigo.org\/blog3\/wp-json\/wp\/v2\/comments?post=6344"}],"version-history":[{"count":3,"href":"https:\/\/www.diocesisciudadrodrigo.org\/blog3\/wp-json\/wp\/v2\/posts\/6344\/revisions"}],"predecessor-version":[{"id":6354,"href":"https:\/\/www.diocesisciudadrodrigo.org\/blog3\/wp-json\/wp\/v2\/posts\/6344\/revisions\/6354"}],"wp:attachment":[{"href":"https:\/\/www.diocesisciudadrodrigo.org\/blog3\/wp-json\/wp\/v2\/media?parent=6344"}],"wp:term":[{"taxonomy":"category","embeddable":true,"href":"https:\/\/www.diocesisciudadrodrigo.org\/blog3\/wp-json\/wp\/v2\/categories?post=6344"},{"taxonomy":"post_tag","embeddable":true,"href":"https:\/\/www.diocesisciudadrodrigo.org\/blog3\/wp-json\/wp\/v2\/tags?post=6344"}],"curies":[{"name":"wp","href":"https:\/\/api.w.org\/{rel}","templated":true}]}}