{"id":6320,"date":"2017-11-23T20:15:52","date_gmt":"2017-11-23T19:15:52","guid":{"rendered":"http:\/\/www.diocesisciudadrodrigo.org\/blog3\/?p=6320"},"modified":"2017-11-23T20:34:06","modified_gmt":"2017-11-23T19:34:06","slug":"gala-solidaria-3","status":"publish","type":"post","link":"https:\/\/www.diocesisciudadrodrigo.org\/blog3\/gala-solidaria-3\/","title":{"rendered":"Gala solidaria"},"content":{"rendered":"<p><span style=\"color: #3366ff; font-size: 14pt;\"><strong>\u00a0La di\u00f3cesis promueve un musical ben\u00e9fico para el p\u00fablico familiar el 23 de diciembre<\/strong><\/span><\/p>\n<figure id=\"attachment_6327\" aria-describedby=\"caption-attachment-6327\" style=\"width: 290px\" class=\"wp-caption alignright\"><a href=\"http:\/\/www.diocesisciudadrodrigo.org\/blog3\/wp-content\/uploads\/2017\/11\/DSC_0546.jpg\"><img loading=\"lazy\" class=\"wp-image-6327 size-medium\" src=\"http:\/\/www.diocesisciudadrodrigo.org\/blog3\/wp-content\/uploads\/2017\/11\/DSC_0546-300x200.jpg\" alt=\"\" width=\"300\" height=\"200\" srcset=\"https:\/\/www.diocesisciudadrodrigo.org\/blog3\/wp-content\/uploads\/2017\/11\/DSC_0546-300x200.jpg 300w, https:\/\/www.diocesisciudadrodrigo.org\/blog3\/wp-content\/uploads\/2017\/11\/DSC_0546-768x512.jpg 768w, https:\/\/www.diocesisciudadrodrigo.org\/blog3\/wp-content\/uploads\/2017\/11\/DSC_0546-800x533.jpg 800w\" sizes=\"(max-width: 300px) 100vw, 300px\" \/><\/a><figcaption id=\"caption-attachment-6327\" class=\"wp-caption-text\">Representantes de las diferentes entidades y del Departamento de Evangelizaci\u00f3n.<\/figcaption><\/figure>\n<p>La di\u00f3cesis de Ciudad Rodrigo, a trav\u00e9s del Departamento de Evangelizaci\u00f3n y Nuevas Tecnolog\u00edas, ha decidido dar un giro a la tradicional gala ben\u00e9fica de Navidad y este a\u00f1o se ha decantado por un musical, el titulado &#8216;Contigo, el musical de la Misericordia&#8217; que se llevar\u00e1 a escena el 23 de diciembre a las 17:00 horas en el Teatro Nuevo Fernando Arrabal.[gview file=\u00bbhttp:\/\/www.diocesisciudadrodrigo.org\/blog3\/wp-content\/uploads\/2017\/11\/cartel.jpg-1.pdf\u00bb]<\/p>\n<p>El musical ha salido adelante gracias al patrocinio de 30 particulares, parroquias y casas religiosas y todo lo recaudado con la entrada ir\u00e1 a parar a manos de\u00a0C\u00e1ritas, Manos Unidas, Conferencias de San Vicente de Pa\u00fal, Hijos del Ma\u00edz e Infancia Misionera. La entrada tiene un precio de seis euros para mayores de 21 a\u00f1os y de cuatro euros para todos los que est\u00e9n por debajo de esa edad. Tambi\u00e9n habr\u00e1 una fila cero.<\/p>\n<p>El musical est\u00e1 ideado por el Movimiento Santa Mar\u00eda y las alrededor de 60 personas que participan en el mismo lo hacen de manera altruista, con el dinero\u00a0de los patrocinadores\u00a0se cubrir\u00e1n los gastos de alojamiento, gastos t\u00e9cnicos y de alquiler del Teatro por lo que todo lo dem\u00e1s ir\u00e1 a las entidades citadas.<br \/>\nJuan Carlos S\u00e1nchez, responsable de ese Departamento de Evangelizaci\u00f3n, valor\u00f3 que el musical encaja perfectamente en los objetivos que tienen marcados y que es una manera de acercarse a los creyentes y a los menos creyentes.<\/p>\n<p>En representaci\u00f3n del Movimiento Santa Mar\u00eda, Jos\u00e9 Javier Cuadrado, ofreci\u00f3 algunas explicaciones sobre el musical que se ide\u00f3 en el a\u00f1o 2016 con motivo del Jubileo Extraordinario de la Misericordia con la intenci\u00f3n de poner m\u00fasica e historia a las 14 obras de misericordia y entre las que est\u00e1n &#8216;Dar de comer al hambriento&#8217; o &#8216;Dar posada al peregrino&#8217;. El hilo conductor es la historia de una familia con un padre afectado por el Alzheimer, que siente la ausencia de su hijo al que no puede olvidar en el marco de la narraci\u00f3n. Todo comienza, precisamente, en el contexto de la Navidad y es un musical, escrito y dirigido y protagonizado por miembros del Movimiento y pensado para todo el p\u00fablico familiar.<br \/>\nEl espect\u00e1culo incluye\u00a0canciones nuevas, originales e interpretadas por gente aficionada, como maestros, contables, profesores de m\u00fasica, universitarios y familias.<\/p>\n<p>El objetivo del Musical es que\u00bb asistan las familias, lo pasen bien y se lleven un buen sabor, con el coraz\u00f3n lleno\u00bb, manifest\u00f3 Cuadrado.<\/p>\n<p>Los representantes de las entidades beneficiarias, Fernando S\u00e1nchez Tendero,\u00a0Maribel Yugueros,\u00a0M\u00aa Paz Diago,\u00a0Jos\u00e9 \u00c1ngel y\u00a0Ana Luca<strong>s <\/strong>quisieron agradecer el gesto y el trabajo conjunto.<\/p>\n<p>Las entradas ya se pueden adquirir en las parroquias, Seminario, C\u00e1ritas y Farmacia de Fuentes de O\u00f1oro y en Salamanca, en la Residencia Universitaria Tom\u00e1s Morales.<a href=\"http:\/\/www.diocesisciudadrodrigo.org\/blog3\/wp-content\/uploads\/2017\/11\/IMG_5420.jpg\"><img loading=\"lazy\" class=\"alignright size-medium wp-image-6321\" src=\"http:\/\/www.diocesisciudadrodrigo.org\/blog3\/wp-content\/uploads\/2017\/11\/IMG_5420-300x225.jpg\" alt=\"\" width=\"300\" height=\"225\" srcset=\"https:\/\/www.diocesisciudadrodrigo.org\/blog3\/wp-content\/uploads\/2017\/11\/IMG_5420-300x225.jpg 300w, https:\/\/www.diocesisciudadrodrigo.org\/blog3\/wp-content\/uploads\/2017\/11\/IMG_5420-768x576.jpg 768w, https:\/\/www.diocesisciudadrodrigo.org\/blog3\/wp-content\/uploads\/2017\/11\/IMG_5420-800x600.jpg 800w, https:\/\/www.diocesisciudadrodrigo.org\/blog3\/wp-content\/uploads\/2017\/11\/IMG_5420.jpg 2016w\" sizes=\"(max-width: 300px) 100vw, 300px\" \/><\/a><\/p>\n","protected":false},"excerpt":{"rendered":"<p>\u00a0La di\u00f3cesis promueve un musical ben\u00e9fico para el p\u00fablico familiar el 23 de diciembre La di\u00f3cesis de Ciudad Rodrigo, a trav\u00e9s del Departamento de Evangelizaci\u00f3n y Nuevas Tecnolog\u00edas, ha decidido dar un giro a la tradicional gala ben\u00e9fica de Navidad y este a\u00f1o se ha decantado por un musical, el titulado &#8216;Contigo, el musical de &#8230; <a title=\"Gala solidaria\" class=\"read-more\" href=\"https:\/\/www.diocesisciudadrodrigo.org\/blog3\/gala-solidaria-3\/\" aria-label=\"M\u00e1s en Gala solidaria\">Leer m\u00e1s<\/a><\/p>\n","protected":false},"author":4,"featured_media":0,"comment_status":"closed","ping_status":"closed","sticky":false,"template":"","format":"standard","meta":[],"categories":[3],"tags":[],"_links":{"self":[{"href":"https:\/\/www.diocesisciudadrodrigo.org\/blog3\/wp-json\/wp\/v2\/posts\/6320"}],"collection":[{"href":"https:\/\/www.diocesisciudadrodrigo.org\/blog3\/wp-json\/wp\/v2\/posts"}],"about":[{"href":"https:\/\/www.diocesisciudadrodrigo.org\/blog3\/wp-json\/wp\/v2\/types\/post"}],"author":[{"embeddable":true,"href":"https:\/\/www.diocesisciudadrodrigo.org\/blog3\/wp-json\/wp\/v2\/users\/4"}],"replies":[{"embeddable":true,"href":"https:\/\/www.diocesisciudadrodrigo.org\/blog3\/wp-json\/wp\/v2\/comments?post=6320"}],"version-history":[{"count":3,"href":"https:\/\/www.diocesisciudadrodrigo.org\/blog3\/wp-json\/wp\/v2\/posts\/6320\/revisions"}],"predecessor-version":[{"id":6328,"href":"https:\/\/www.diocesisciudadrodrigo.org\/blog3\/wp-json\/wp\/v2\/posts\/6320\/revisions\/6328"}],"wp:attachment":[{"href":"https:\/\/www.diocesisciudadrodrigo.org\/blog3\/wp-json\/wp\/v2\/media?parent=6320"}],"wp:term":[{"taxonomy":"category","embeddable":true,"href":"https:\/\/www.diocesisciudadrodrigo.org\/blog3\/wp-json\/wp\/v2\/categories?post=6320"},{"taxonomy":"post_tag","embeddable":true,"href":"https:\/\/www.diocesisciudadrodrigo.org\/blog3\/wp-json\/wp\/v2\/tags?post=6320"}],"curies":[{"name":"wp","href":"https:\/\/api.w.org\/{rel}","templated":true}]}}