{"id":6316,"date":"2017-11-22T15:43:20","date_gmt":"2017-11-22T14:43:20","guid":{"rendered":"http:\/\/www.diocesisciudadrodrigo.org\/blog3\/?p=6316"},"modified":"2017-11-22T15:43:20","modified_gmt":"2017-11-22T14:43:20","slug":"fiesta","status":"publish","type":"post","link":"https:\/\/www.diocesisciudadrodrigo.org\/blog3\/fiesta\/","title":{"rendered":"Fiesta"},"content":{"rendered":"<p><span style=\"font-size: 14pt;\"><strong><span style=\"color: #3366ff;\">El Seminario dar\u00e1 a conocer los actos del 250 aniversario en la conmemoraci\u00f3n de San Cayetano<\/span><\/strong><\/span><\/p>\n<p>Entre los d\u00edas 25 y 27 de noviembre el seminario celebrar\u00e1 la conmemoraci\u00f3n de San Cayetano con diferentes actos. Como es habitual, en esta casa festejan la inauguraci\u00f3n del primer curso acad\u00e9mico el 26 de noviembre de 1769.<\/p>\n<p>Dentro de las actividades, se ha incluido la presentaci\u00f3n de los actos conmemorativos del 250 aniversario de la fundaci\u00f3n del Seminario que se dar\u00e1n a conocer en un acto que tendr\u00e1 lugar el lunes 27 a las 13:00 horas en el sal\u00f3n Obispo Mazarrasa. Intervendr\u00e1n: Mons. Ra\u00fal Berzosa, D. Tom\u00e1s Mu\u00f1oz, D. Javier Alonso, D. Juan Jos\u00e9 Carreto, D. Anselmo Matilla y D. Juan Carlos S\u00e1nchez.<\/p>\n<p>Ese mismo d\u00eda, a las 12:00 horas, celebraci\u00f3n de la Eucarist\u00eda presidia por Mons. Ra\u00fal Berzosa y a las 17:00 horas, proyecci\u00f3n de la pel\u00edcula \u2018Si Dios quiere\u2019, del director Edoardo Mar\u00eda Falcone, en el cine Juventud. Se trata de una comedia italiana que fue una de las pel\u00edculas m\u00e1s taquilleras en Italia en el a\u00f1o 2015. El precio de la entrada es de 2,50 euros y la actividad est\u00e1 abierta a todo el mundo.\u00a0<a href=\"http:\/\/www.diocesisciudadrodrigo.org\/blog3\/wp-content\/uploads\/2017\/11\/2017-11-22-PHOTO-00006323.jpg\"><img loading=\"lazy\" class=\"alignright size-medium wp-image-6317\" src=\"http:\/\/www.diocesisciudadrodrigo.org\/blog3\/wp-content\/uploads\/2017\/11\/2017-11-22-PHOTO-00006323-300x300.jpg\" alt=\"\" width=\"300\" height=\"300\" srcset=\"https:\/\/www.diocesisciudadrodrigo.org\/blog3\/wp-content\/uploads\/2017\/11\/2017-11-22-PHOTO-00006323-300x300.jpg 300w, https:\/\/www.diocesisciudadrodrigo.org\/blog3\/wp-content\/uploads\/2017\/11\/2017-11-22-PHOTO-00006323-150x150.jpg 150w, https:\/\/www.diocesisciudadrodrigo.org\/blog3\/wp-content\/uploads\/2017\/11\/2017-11-22-PHOTO-00006323-768x768.jpg 768w, https:\/\/www.diocesisciudadrodrigo.org\/blog3\/wp-content\/uploads\/2017\/11\/2017-11-22-PHOTO-00006323-45x45.jpg 45w, https:\/\/www.diocesisciudadrodrigo.org\/blog3\/wp-content\/uploads\/2017\/11\/2017-11-22-PHOTO-00006323.jpg 800w\" sizes=\"(max-width: 300px) 100vw, 300px\" \/><\/a><\/p>\n<p>Pero esta conmemoraci\u00f3n incluye citas mucho m\u00e1s l\u00fadicas como la excursi\u00f3n con alumnos, padres y madres de alumnos a la Comunidad Iesu Comunio en La Aguilera y Aranda de Duero el s\u00e1bado 25 de noviembre.<\/p>\n<p>El domingo 26 de noviembre se celebrar\u00e1, igualmente, una velada interna a las 22:00 horas.<\/p>\n","protected":false},"excerpt":{"rendered":"<p>El Seminario dar\u00e1 a conocer los actos del 250 aniversario en la conmemoraci\u00f3n de San Cayetano Entre los d\u00edas 25 y 27 de noviembre el seminario celebrar\u00e1 la conmemoraci\u00f3n de San Cayetano con diferentes actos. Como es habitual, en esta casa festejan la inauguraci\u00f3n del primer curso acad\u00e9mico el 26 de noviembre de 1769. Dentro &#8230; <a title=\"Fiesta\" class=\"read-more\" href=\"https:\/\/www.diocesisciudadrodrigo.org\/blog3\/fiesta\/\" aria-label=\"M\u00e1s en Fiesta\">Leer m\u00e1s<\/a><\/p>\n","protected":false},"author":4,"featured_media":0,"comment_status":"closed","ping_status":"closed","sticky":false,"template":"","format":"standard","meta":[],"categories":[3],"tags":[],"_links":{"self":[{"href":"https:\/\/www.diocesisciudadrodrigo.org\/blog3\/wp-json\/wp\/v2\/posts\/6316"}],"collection":[{"href":"https:\/\/www.diocesisciudadrodrigo.org\/blog3\/wp-json\/wp\/v2\/posts"}],"about":[{"href":"https:\/\/www.diocesisciudadrodrigo.org\/blog3\/wp-json\/wp\/v2\/types\/post"}],"author":[{"embeddable":true,"href":"https:\/\/www.diocesisciudadrodrigo.org\/blog3\/wp-json\/wp\/v2\/users\/4"}],"replies":[{"embeddable":true,"href":"https:\/\/www.diocesisciudadrodrigo.org\/blog3\/wp-json\/wp\/v2\/comments?post=6316"}],"version-history":[{"count":1,"href":"https:\/\/www.diocesisciudadrodrigo.org\/blog3\/wp-json\/wp\/v2\/posts\/6316\/revisions"}],"predecessor-version":[{"id":6318,"href":"https:\/\/www.diocesisciudadrodrigo.org\/blog3\/wp-json\/wp\/v2\/posts\/6316\/revisions\/6318"}],"wp:attachment":[{"href":"https:\/\/www.diocesisciudadrodrigo.org\/blog3\/wp-json\/wp\/v2\/media?parent=6316"}],"wp:term":[{"taxonomy":"category","embeddable":true,"href":"https:\/\/www.diocesisciudadrodrigo.org\/blog3\/wp-json\/wp\/v2\/categories?post=6316"},{"taxonomy":"post_tag","embeddable":true,"href":"https:\/\/www.diocesisciudadrodrigo.org\/blog3\/wp-json\/wp\/v2\/tags?post=6316"}],"curies":[{"name":"wp","href":"https:\/\/api.w.org\/{rel}","templated":true}]}}